{"id":36112,"date":"2024-10-22T11:40:11","date_gmt":"2024-10-22T15:40:11","guid":{"rendered":"http:\/\/blogdalucianaoliveira.com.br\/blog\/?p=36112"},"modified":"2024-10-22T11:40:11","modified_gmt":"2024-10-22T15:40:11","slug":"levante-feminista-pede-providencias-a-entidades-sindicais-contra-violencia-institucional-de-genero","status":"publish","type":"post","link":"http:\/\/blogdalucianaoliveira.com.br\/blog\/2024\/10\/22\/levante-feminista-pede-providencias-a-entidades-sindicais-contra-violencia-institucional-de-genero\/","title":{"rendered":"Levante Feminista pede provid\u00eancias a entidades sindicais contra viol\u00eancia institucional de g\u00eanero"},"content":{"rendered":"<p><img data-recalc-dims=\"1\" loading=\"lazy\" decoding=\"async\" data-attachment-id=\"36113\" data-permalink=\"http:\/\/blogdalucianaoliveira.com.br\/blog\/2024\/10\/22\/levante-feminista-pede-providencias-a-entidades-sindicais-contra-violencia-institucional-de-genero\/img_1855\/\" data-orig-file=\"https:\/\/i0.wp.com\/blogdalucianaoliveira.com.br\/blog\/wp-content\/uploads\/2024\/10\/IMG_1855-scaled.jpeg?fit=2560%2C1440\" data-orig-size=\"2560,1440\" data-comments-opened=\"0\" data-image-meta=\"{&quot;aperture&quot;:&quot;1.6&quot;,&quot;credit&quot;:&quot;&quot;,&quot;camera&quot;:&quot;iPhone 13&quot;,&quot;caption&quot;:&quot;&quot;,&quot;created_timestamp&quot;:&quot;1729590847&quot;,&quot;copyright&quot;:&quot;&quot;,&quot;focal_length&quot;:&quot;5.1&quot;,&quot;iso&quot;:&quot;160&quot;,&quot;shutter_speed&quot;:&quot;0.016666666666667&quot;,&quot;title&quot;:&quot;&quot;,&quot;orientation&quot;:&quot;1&quot;}\" data-image-title=\"IMG_1855\" data-image-description=\"\" data-image-caption=\"\" data-medium-file=\"https:\/\/i0.wp.com\/blogdalucianaoliveira.com.br\/blog\/wp-content\/uploads\/2024\/10\/IMG_1855-scaled.jpeg?fit=300%2C169\" data-large-file=\"https:\/\/i0.wp.com\/blogdalucianaoliveira.com.br\/blog\/wp-content\/uploads\/2024\/10\/IMG_1855-scaled.jpeg?fit=600%2C338\" class=\"alignnone size-full wp-image-36113\" src=\"https:\/\/i0.wp.com\/blogdalucianaoliveira.com.br\/blog\/wp-content\/uploads\/2024\/10\/IMG_1855-scaled.jpeg?resize=600%2C338\" alt=\"\" width=\"600\" height=\"338\" srcset=\"https:\/\/i0.wp.com\/blogdalucianaoliveira.com.br\/blog\/wp-content\/uploads\/2024\/10\/IMG_1855-scaled.jpeg?w=2560 2560w, https:\/\/i0.wp.com\/blogdalucianaoliveira.com.br\/blog\/wp-content\/uploads\/2024\/10\/IMG_1855-scaled.jpeg?resize=300%2C169 300w, https:\/\/i0.wp.com\/blogdalucianaoliveira.com.br\/blog\/wp-content\/uploads\/2024\/10\/IMG_1855-scaled.jpeg?resize=1024%2C576 1024w, https:\/\/i0.wp.com\/blogdalucianaoliveira.com.br\/blog\/wp-content\/uploads\/2024\/10\/IMG_1855-scaled.jpeg?resize=768%2C432 768w, https:\/\/i0.wp.com\/blogdalucianaoliveira.com.br\/blog\/wp-content\/uploads\/2024\/10\/IMG_1855-scaled.jpeg?resize=1536%2C864 1536w, https:\/\/i0.wp.com\/blogdalucianaoliveira.com.br\/blog\/wp-content\/uploads\/2024\/10\/IMG_1855-scaled.jpeg?resize=2048%2C1152 2048w, https:\/\/i0.wp.com\/blogdalucianaoliveira.com.br\/blog\/wp-content\/uploads\/2024\/10\/IMG_1855-scaled.jpeg?resize=533%2C300 533w, https:\/\/i0.wp.com\/blogdalucianaoliveira.com.br\/blog\/wp-content\/uploads\/2024\/10\/IMG_1855-scaled.jpeg?w=1200 1200w, https:\/\/i0.wp.com\/blogdalucianaoliveira.com.br\/blog\/wp-content\/uploads\/2024\/10\/IMG_1855-scaled.jpeg?w=1800 1800w\" sizes=\"auto, (max-width: 600px) 100vw, 600px\" \/><\/p>\n<p>O documento protocolado nesta ter\u00e7a-feira, 22, \u00e9 dirigido a tr\u00eas importantes entidades sindicais, o Sindicato dos Trabalhadores em Educa\u00e7\u00e3o do Estado de Rond\u00f4nia, a Central \u00danica dos Trabalhadores e a Confedera\u00e7\u00e3o Nacional dos Trabalhadores em Educa\u00e7\u00e3o.<!--more--><\/p>\n<p>Uma comiss\u00e3o do Levante Feminista de Rond\u00f4nia entregou o pedido de provid\u00eancias \u00e0s representantes das entidades, ressaltando a import\u00e2ncia de cada uma delas na conquista e prote\u00e7\u00e3o dos direitos das mulheres.<br \/>\nO documento destaca que \u201ca fam\u00edlia sindical sempre caminhou junto as organiza\u00e7\u00f5es sociais e coletivos feministas na luta em defesa dos<br \/>\nDireitos Humanos das Mulheres\u201d e que tais parcerias fortalecem a luta por uma sociedade mais igualit\u00e1ria e justa.<\/p>\n<p><img data-recalc-dims=\"1\" loading=\"lazy\" decoding=\"async\" data-attachment-id=\"36114\" data-permalink=\"http:\/\/blogdalucianaoliveira.com.br\/blog\/2024\/10\/22\/levante-feminista-pede-providencias-a-entidades-sindicais-contra-violencia-institucional-de-genero\/img_1840\/\" data-orig-file=\"https:\/\/i0.wp.com\/blogdalucianaoliveira.com.br\/blog\/wp-content\/uploads\/2024\/10\/IMG_1840-scaled.jpeg?fit=2560%2C1440\" data-orig-size=\"2560,1440\" data-comments-opened=\"0\" data-image-meta=\"{&quot;aperture&quot;:&quot;2.4&quot;,&quot;credit&quot;:&quot;&quot;,&quot;camera&quot;:&quot;iPhone 13&quot;,&quot;caption&quot;:&quot;&quot;,&quot;created_timestamp&quot;:&quot;1729590233&quot;,&quot;copyright&quot;:&quot;&quot;,&quot;focal_length&quot;:&quot;1.54&quot;,&quot;iso&quot;:&quot;500&quot;,&quot;shutter_speed&quot;:&quot;0.016666666666667&quot;,&quot;title&quot;:&quot;&quot;,&quot;orientation&quot;:&quot;1&quot;}\" data-image-title=\"IMG_1840\" data-image-description=\"\" data-image-caption=\"\" data-medium-file=\"https:\/\/i0.wp.com\/blogdalucianaoliveira.com.br\/blog\/wp-content\/uploads\/2024\/10\/IMG_1840-scaled.jpeg?fit=300%2C169\" data-large-file=\"https:\/\/i0.wp.com\/blogdalucianaoliveira.com.br\/blog\/wp-content\/uploads\/2024\/10\/IMG_1840-scaled.jpeg?fit=600%2C338\" class=\"alignnone size-full wp-image-36114\" src=\"https:\/\/i0.wp.com\/blogdalucianaoliveira.com.br\/blog\/wp-content\/uploads\/2024\/10\/IMG_1840-scaled.jpeg?resize=600%2C338\" alt=\"\" width=\"600\" height=\"338\" srcset=\"https:\/\/i0.wp.com\/blogdalucianaoliveira.com.br\/blog\/wp-content\/uploads\/2024\/10\/IMG_1840-scaled.jpeg?w=2560 2560w, https:\/\/i0.wp.com\/blogdalucianaoliveira.com.br\/blog\/wp-content\/uploads\/2024\/10\/IMG_1840-scaled.jpeg?resize=300%2C169 300w, https:\/\/i0.wp.com\/blogdalucianaoliveira.com.br\/blog\/wp-content\/uploads\/2024\/10\/IMG_1840-scaled.jpeg?resize=1024%2C576 1024w, https:\/\/i0.wp.com\/blogdalucianaoliveira.com.br\/blog\/wp-content\/uploads\/2024\/10\/IMG_1840-scaled.jpeg?resize=768%2C432 768w, https:\/\/i0.wp.com\/blogdalucianaoliveira.com.br\/blog\/wp-content\/uploads\/2024\/10\/IMG_1840-scaled.jpeg?resize=1536%2C864 1536w, https:\/\/i0.wp.com\/blogdalucianaoliveira.com.br\/blog\/wp-content\/uploads\/2024\/10\/IMG_1840-scaled.jpeg?resize=2048%2C1152 2048w, https:\/\/i0.wp.com\/blogdalucianaoliveira.com.br\/blog\/wp-content\/uploads\/2024\/10\/IMG_1840-scaled.jpeg?resize=533%2C300 533w, https:\/\/i0.wp.com\/blogdalucianaoliveira.com.br\/blog\/wp-content\/uploads\/2024\/10\/IMG_1840-scaled.jpeg?w=1200 1200w, https:\/\/i0.wp.com\/blogdalucianaoliveira.com.br\/blog\/wp-content\/uploads\/2024\/10\/IMG_1840-scaled.jpeg?w=1800 1800w\" sizes=\"auto, (max-width: 600px) 100vw, 600px\" \/><br \/>\nA iniciativa do Levante Feminista \u00e9 em raz\u00e3o do aumento de den\u00fancias de mulheres v\u00edtimas de viol\u00eancia no \u00e2mbito institucional, algumas com medidas protetivas j\u00e1 concedidas.<br \/>\nNo documento, pedem as seguintes provid\u00eancias:<br \/>\n1. Apoio irrestrito a todas as mulheres v\u00edtimas de viol\u00eancia baseada em g\u00eanero, ocorridas no \u00e2mbito das entidades de classe de sua compet\u00eancia;<br \/>\n2. Implementa\u00e7\u00e3o de um Programa de Assist\u00eancia Psicossocial \u00e0s v\u00edtimas e suas fam\u00edlias, com acompanhamento imediato, sist\u00eamico e humanizado;<br \/>\n3. Abertura de processo administrativo disciplinar, com o consequente afastamento do agressor, para que se proceda \u00e0 devida apura\u00e7\u00e3o das condutas assediosas e regular, formula\u00e7\u00e3o de den\u00fancia nas inst\u00e2ncias afins;<br \/>\n4. Cobertura jur\u00eddica e assistencial \u00e0s v\u00edtimas;<br \/>\n5. Cria\u00e7\u00e3o e efetiva\u00e7\u00e3o de protocolos de assist\u00eancia \u00e0 v\u00edtima, com repara\u00e7\u00e3o de danos;<br \/>\n6. Implementa\u00e7\u00e3o de campanhas educativas com execu\u00e7\u00e3o nas agendas de atividades das institui\u00e7\u00f5es.<\/p>\n<p><strong>Hist\u00f3rico da viol\u00eancia de g\u00eanero em Rond\u00f4nia <\/strong><\/p>\n<p>Segundo o 18\u00ba Anu\u00e1rio Brasileiro de Seguran\u00e7a P\u00fablica, 74.930 pessoas foram estupradas no Brasil em 2022. Dessas, 88,7% das v\u00edtimas eram do sexo feminino e cerca 60% tinham no m\u00e1ximo 13 anos de idade. Ainda conforme aponta o F\u00f3rum Brasileiro de Seguran\u00e7a P\u00fablica, al\u00e9m do aumento nos casos de estupro, o estudo indica o aumento em todas as tipifica\u00e7\u00f5es de viol\u00eancia contra a mulher no pa\u00eds.<br \/>\nO Brasil registrou um crime de estupro a cada seis minutos em 2023, totalizando 83.988 casos, incluindo estupro de vulner\u00e1veis, com aumento de 6,5% comparado ao ano de 2022.<br \/>\nOs estados com as maiores taxas isoladas por 100 mil habitantes, foram Roraima, com 112,5; Rond\u00f4nia com 107,8; Acre com 196,9, Mato Grosso do Sul com 94,4 e o Amap\u00e1 com 91,7.<br \/>\nEm rela\u00e7\u00e3o aos Munic\u00edpios, Sorriso (MT) aparece em primeiros no ranking com 113,9 e o segundo Porto Velho (RO). O Crime de importuna\u00e7\u00e3o sexual foi um dos que mais cresceu em um ano, com<br \/>\n48,7%. Em n\u00fameros absolutos, foram 41.371 ocorr\u00eancias, seguido pelo crime de ass\u00e9dio sexual que aumentou cerca de 28,5%, totalizando 8.135 casos (FBSP\/2023).<br \/>\nAlguns dos fatores que t\u00eam alimentado a pr\u00e1tica de viol\u00eancia sobre os corpos femininos, al\u00e9m das desigualdades de g\u00eanero, da cultura do machismo estruturado sob a l\u00f3gica do patriarcado, que naturaliza e normaliza a viol\u00eancia de g\u00eanero na sociedade, tem sido o silenciamento das v\u00edtimas (quando estas n\u00e3o encontram uma rede de apoio), e a n\u00e3o puni\u00e7\u00e3o do agressor.<br \/>\nEm novembro ocorre em Bras\u00edlia, o I Levante Nacional Feminista contra a viol\u00eancia baseada em g\u00eanero e o pedido de provid\u00eancias protocolado hoje estar\u00e1 na pauta de discuss\u00f5es e encaminhamentos.<\/p>\n<p><img data-recalc-dims=\"1\" loading=\"lazy\" decoding=\"async\" data-attachment-id=\"36115\" data-permalink=\"http:\/\/blogdalucianaoliveira.com.br\/blog\/2024\/10\/22\/levante-feminista-pede-providencias-a-entidades-sindicais-contra-violencia-institucional-de-genero\/img_1844\/\" data-orig-file=\"https:\/\/i0.wp.com\/blogdalucianaoliveira.com.br\/blog\/wp-content\/uploads\/2024\/10\/IMG_1844-scaled.jpeg?fit=2560%2C1440\" data-orig-size=\"2560,1440\" data-comments-opened=\"0\" data-image-meta=\"{&quot;aperture&quot;:&quot;1.6&quot;,&quot;credit&quot;:&quot;&quot;,&quot;camera&quot;:&quot;iPhone 13&quot;,&quot;caption&quot;:&quot;&quot;,&quot;created_timestamp&quot;:&quot;1729590261&quot;,&quot;copyright&quot;:&quot;&quot;,&quot;focal_length&quot;:&quot;5.1&quot;,&quot;iso&quot;:&quot;200&quot;,&quot;shutter_speed&quot;:&quot;0.016666666666667&quot;,&quot;title&quot;:&quot;&quot;,&quot;orientation&quot;:&quot;1&quot;}\" data-image-title=\"IMG_1844\" data-image-description=\"\" data-image-caption=\"\" data-medium-file=\"https:\/\/i0.wp.com\/blogdalucianaoliveira.com.br\/blog\/wp-content\/uploads\/2024\/10\/IMG_1844-scaled.jpeg?fit=300%2C169\" data-large-file=\"https:\/\/i0.wp.com\/blogdalucianaoliveira.com.br\/blog\/wp-content\/uploads\/2024\/10\/IMG_1844-scaled.jpeg?fit=600%2C338\" class=\"alignnone size-full wp-image-36115\" src=\"https:\/\/i0.wp.com\/blogdalucianaoliveira.com.br\/blog\/wp-content\/uploads\/2024\/10\/IMG_1844-scaled.jpeg?resize=600%2C338\" alt=\"\" width=\"600\" height=\"338\" srcset=\"https:\/\/i0.wp.com\/blogdalucianaoliveira.com.br\/blog\/wp-content\/uploads\/2024\/10\/IMG_1844-scaled.jpeg?w=2560 2560w, https:\/\/i0.wp.com\/blogdalucianaoliveira.com.br\/blog\/wp-content\/uploads\/2024\/10\/IMG_1844-scaled.jpeg?resize=300%2C169 300w, https:\/\/i0.wp.com\/blogdalucianaoliveira.com.br\/blog\/wp-content\/uploads\/2024\/10\/IMG_1844-scaled.jpeg?resize=1024%2C576 1024w, https:\/\/i0.wp.com\/blogdalucianaoliveira.com.br\/blog\/wp-content\/uploads\/2024\/10\/IMG_1844-scaled.jpeg?resize=768%2C432 768w, https:\/\/i0.wp.com\/blogdalucianaoliveira.com.br\/blog\/wp-content\/uploads\/2024\/10\/IMG_1844-scaled.jpeg?resize=1536%2C864 1536w, https:\/\/i0.wp.com\/blogdalucianaoliveira.com.br\/blog\/wp-content\/uploads\/2024\/10\/IMG_1844-scaled.jpeg?resize=2048%2C1152 2048w, https:\/\/i0.wp.com\/blogdalucianaoliveira.com.br\/blog\/wp-content\/uploads\/2024\/10\/IMG_1844-scaled.jpeg?resize=533%2C300 533w, https:\/\/i0.wp.com\/blogdalucianaoliveira.com.br\/blog\/wp-content\/uploads\/2024\/10\/IMG_1844-scaled.jpeg?w=1200 1200w, https:\/\/i0.wp.com\/blogdalucianaoliveira.com.br\/blog\/wp-content\/uploads\/2024\/10\/IMG_1844-scaled.jpeg?w=1800 1800w\" sizes=\"auto, (max-width: 600px) 100vw, 600px\" \/><\/p>\n","protected":false},"excerpt":{"rendered":"<p>O documento protocolado nesta ter\u00e7a-feira, 22, \u00e9 dirigido a tr\u00eas importantes entidades sindicais, o Sindicato dos Trabalhadores em Educa\u00e7\u00e3o do Estado de Rond\u00f4nia, a Central \u00danica dos Trabalhadores e a Confedera\u00e7\u00e3o Nacional dos Trabalhadores em Educa\u00e7\u00e3o.<\/p>\n","protected":false},"author":1,"featured_media":0,"comment_status":"closed","ping_status":"open","sticky":false,"template":"","format":"standard","meta":{"_exactmetrics_skip_tracking":false,"_exactmetrics_sitenote_active":false,"_exactmetrics_sitenote_note":"","_exactmetrics_sitenote_category":0,"jetpack_post_was_ever_published":false,"_jetpack_newsletter_access":"","_jetpack_dont_email_post_to_subs":false,"_jetpack_newsletter_tier_id":0,"_jetpack_memberships_contains_paywalled_content":false,"_jetpack_memberships_contains_paid_content":false,"footnotes":"","jetpack_publicize_message":"","jetpack_publicize_feature_enabled":true,"jetpack_social_post_already_shared":true,"jetpack_social_options":{"image_generator_settings":{"template":"highway","enabled":false},"version":2}},"categories":[1],"tags":[1075,7,1055],"class_list":["post-36112","post","type-post","status-publish","format-standard","hentry","category-notas","tag-levante-feminista","tag-rondonia","tag-violencia-contra-a-mulher"],"jetpack_publicize_connections":[],"jetpack_sharing_enabled":true,"jetpack_featured_media_url":"","jetpack_shortlink":"https:\/\/wp.me\/p7wKYW-9os","jetpack-related-posts":[],"_links":{"self":[{"href":"http:\/\/blogdalucianaoliveira.com.br\/blog\/wp-json\/wp\/v2\/posts\/36112","targetHints":{"allow":["GET"]}}],"collection":[{"href":"http:\/\/blogdalucianaoliveira.com.br\/blog\/wp-json\/wp\/v2\/posts"}],"about":[{"href":"http:\/\/blogdalucianaoliveira.com.br\/blog\/wp-json\/wp\/v2\/types\/post"}],"author":[{"embeddable":true,"href":"http:\/\/blogdalucianaoliveira.com.br\/blog\/wp-json\/wp\/v2\/users\/1"}],"replies":[{"embeddable":true,"href":"http:\/\/blogdalucianaoliveira.com.br\/blog\/wp-json\/wp\/v2\/comments?post=36112"}],"version-history":[{"count":1,"href":"http:\/\/blogdalucianaoliveira.com.br\/blog\/wp-json\/wp\/v2\/posts\/36112\/revisions"}],"predecessor-version":[{"id":36116,"href":"http:\/\/blogdalucianaoliveira.com.br\/blog\/wp-json\/wp\/v2\/posts\/36112\/revisions\/36116"}],"wp:attachment":[{"href":"http:\/\/blogdalucianaoliveira.com.br\/blog\/wp-json\/wp\/v2\/media?parent=36112"}],"wp:term":[{"taxonomy":"category","embeddable":true,"href":"http:\/\/blogdalucianaoliveira.com.br\/blog\/wp-json\/wp\/v2\/categories?post=36112"},{"taxonomy":"post_tag","embeddable":true,"href":"http:\/\/blogdalucianaoliveira.com.br\/blog\/wp-json\/wp\/v2\/tags?post=36112"}],"curies":[{"name":"wp","href":"https:\/\/api.w.org\/{rel}","templated":true}]}}