{"id":36118,"date":"2024-10-22T17:16:52","date_gmt":"2024-10-22T21:16:52","guid":{"rendered":"http:\/\/blogdalucianaoliveira.com.br\/blog\/?p=36118"},"modified":"2024-10-22T17:16:52","modified_gmt":"2024-10-22T21:16:52","slug":"intensificando-protecao-ecologica-mp-recomenda-suspensao-ou-cancelamento-de-cadastros-rurais-presentes-em-unidades-de-conservacao-e-areas-publicas","status":"publish","type":"post","link":"http:\/\/blogdalucianaoliveira.com.br\/blog\/2024\/10\/22\/intensificando-protecao-ecologica-mp-recomenda-suspensao-ou-cancelamento-de-cadastros-rurais-presentes-em-unidades-de-conservacao-e-areas-publicas\/","title":{"rendered":"Intensificando prote\u00e7\u00e3o ecol\u00f3gica, MP recomenda suspens\u00e3o ou cancelamento de cadastros rurais presentes em unidades de conserva\u00e7\u00e3o e \u00e1reas p\u00fablicas"},"content":{"rendered":"<p><img data-recalc-dims=\"1\" loading=\"lazy\" decoding=\"async\" data-attachment-id=\"36119\" data-permalink=\"http:\/\/blogdalucianaoliveira.com.br\/blog\/2024\/10\/22\/intensificando-protecao-ecologica-mp-recomenda-suspensao-ou-cancelamento-de-cadastros-rurais-presentes-em-unidades-de-conservacao-e-areas-publicas\/img_1879\/\" data-orig-file=\"https:\/\/i0.wp.com\/blogdalucianaoliveira.com.br\/blog\/wp-content\/uploads\/2024\/10\/IMG_1879.jpeg?fit=784%2C450\" data-orig-size=\"784,450\" data-comments-opened=\"0\" data-image-meta=\"{&quot;aperture&quot;:&quot;0&quot;,&quot;credit&quot;:&quot;&quot;,&quot;camera&quot;:&quot;&quot;,&quot;caption&quot;:&quot;&quot;,&quot;created_timestamp&quot;:&quot;0&quot;,&quot;copyright&quot;:&quot;&quot;,&quot;focal_length&quot;:&quot;0&quot;,&quot;iso&quot;:&quot;0&quot;,&quot;shutter_speed&quot;:&quot;0&quot;,&quot;title&quot;:&quot;&quot;,&quot;orientation&quot;:&quot;0&quot;}\" data-image-title=\"IMG_1879\" data-image-description=\"\" data-image-caption=\"\" data-medium-file=\"https:\/\/i0.wp.com\/blogdalucianaoliveira.com.br\/blog\/wp-content\/uploads\/2024\/10\/IMG_1879.jpeg?fit=300%2C172\" data-large-file=\"https:\/\/i0.wp.com\/blogdalucianaoliveira.com.br\/blog\/wp-content\/uploads\/2024\/10\/IMG_1879.jpeg?fit=600%2C344\" class=\"alignnone size-full wp-image-36119\" src=\"https:\/\/i0.wp.com\/blogdalucianaoliveira.com.br\/blog\/wp-content\/uploads\/2024\/10\/IMG_1879.jpeg?resize=600%2C344\" alt=\"\" width=\"600\" height=\"344\" srcset=\"https:\/\/i0.wp.com\/blogdalucianaoliveira.com.br\/blog\/wp-content\/uploads\/2024\/10\/IMG_1879.jpeg?w=784 784w, https:\/\/i0.wp.com\/blogdalucianaoliveira.com.br\/blog\/wp-content\/uploads\/2024\/10\/IMG_1879.jpeg?resize=300%2C172 300w, https:\/\/i0.wp.com\/blogdalucianaoliveira.com.br\/blog\/wp-content\/uploads\/2024\/10\/IMG_1879.jpeg?resize=768%2C441 768w, https:\/\/i0.wp.com\/blogdalucianaoliveira.com.br\/blog\/wp-content\/uploads\/2024\/10\/IMG_1879.jpeg?resize=523%2C300 523w\" sizes=\"auto, (max-width: 600px) 100vw, 600px\" \/><\/p>\n<div class=\"news__summary\">\n<p>Para garantir preserva\u00e7\u00e3o ecol\u00f3gica e fazer cessar eventuais irregularidades, o Minist\u00e9rio P\u00fablico de Rond\u00f4nia (MPRO) recomendou \u00e0 Secretaria de Estado de Desenvolvimento Ambiental (Sedam) que cancele ou suspenda, imediatamente, o Cadastro Ambiental Rural (CAR) de im\u00f3veis rurais que estejam total ou parcialmente presentes em unidades de conserva\u00e7\u00e3o, seja de prote\u00e7\u00e3o integral ou de uso sustent\u00e1vel, e das \u00e1reas p\u00fablicas estaduais ainda n\u00e3o destinadas.<\/p>\n<\/div>\n<p><!--more--><\/p>\n<div class=\"news__text ck-content\">\n<p>O CAR \u00e9 um registro p\u00fablico eletr\u00f4nico de \u00e2mbito nacional que integra as informa\u00e7\u00f5es ambientais das propriedades e posses rurais, compondo base de dados para controle, monitoramento, planejamento ambiental, econ\u00f4mico e combate ao desmatamento. O documento \u00e9 destinado a regularizar terras privadas e \u00e1reas que est\u00e3o sob posse espec\u00edfica, n\u00e3o se aplicando, portanto, a \u00e1reas p\u00fablicas.<\/p>\n<p>A recomenda\u00e7\u00e3o que trata da suspens\u00e3o e cancelamento do registro \u00e9 iniciativa do Grupo de Atua\u00e7\u00e3o Especial do Meio Ambiente (Gaema) e foi assinada pelo coordenador do \u00f3rg\u00e3o, Promotor de Justi\u00e7a Pablo Hernandez Viscardi.<\/p>\n<p>O MP pede que, ap\u00f3s a suspens\u00e3o do cadastro, a secretaria notifique o propriet\u00e1rio da terra para manifesta\u00e7\u00e3o, sendo realizado, em seguida, o cancelamento do documento, em caso de inexist\u00eancia de justificativa para a sobreposi\u00e7\u00e3o ou na hip\u00f3tese de n\u00e3o regulariza\u00e7\u00e3o do registro, quando isso for poss\u00edvel.<\/p>\n<p>A pasta dever\u00e1 adotar medidas cab\u00edveis, preferencialmente por portaria ou ato normativo equivalente, a fim de institucionalizar o procedimento de suspens\u00e3o e cancelamento do CAR, em caso da sobreposi\u00e7\u00e3o irregular, relatada na recomenda\u00e7\u00e3o.<\/p>\n<p>Outra medida apontada \u00e9 a de providenciar meios para impedir novos cadastros de im\u00f3veis rurais presentes em qualquer \u00e1rea p\u00fablica, principalmente em unidades de conserva\u00e7\u00e3o de prote\u00e7\u00e3o integral, em todo o territ\u00f3rio do Estado de Rond\u00f4nia.<\/p>\n<p>Desmatamento &#8211; A recomenda\u00e7\u00e3o expedida pelo Gaema considera o aumento nos \u00edndices de desmatamento e inc\u00eandios florestais na Amaz\u00f4nia, o que tem causado perda da resili\u00eancia da floresta, aproximando-a de um ponto de n\u00e3o retorno.<\/p>\n<p>Direito \u2013 O direito ao meio ambiente ecologicamente equilibrado \u00e9 garantido pela Constitui\u00e7\u00e3o Federal e cabe ao MPRO atuar na defesa desse direito. A institui\u00e7\u00e3o trabalha para que as leis sejam cumpridas e para proteger os recursos naturais, visando garantir um futuro saud\u00e1vel para a sociedade.<\/p>\n<p>Para fazer den\u00fancias, acione a Ouvidoria do MPRO pelos telefones (69) 999.770.127 (WhatsApp) e 127.<\/p>\n<\/div>\n","protected":false},"excerpt":{"rendered":"<p>Para garantir preserva\u00e7\u00e3o ecol\u00f3gica e fazer cessar eventuais irregularidades, o Minist\u00e9rio P\u00fablico de Rond\u00f4nia (MPRO) recomendou \u00e0 Secretaria de Estado de Desenvolvimento Ambiental (Sedam) que cancele ou suspenda, imediatamente, o Cadastro Ambiental Rural (CAR) de im\u00f3veis rurais que estejam total ou parcialmente presentes em unidades de conserva\u00e7\u00e3o, seja de prote\u00e7\u00e3o integral ou de uso sustent\u00e1vel,&#8230;<a class=\"more-link\" href=\"http:\/\/blogdalucianaoliveira.com.br\/blog\/2024\/10\/22\/intensificando-protecao-ecologica-mp-recomenda-suspensao-ou-cancelamento-de-cadastros-rurais-presentes-em-unidades-de-conservacao-e-areas-publicas\/\">Continue a leitura <span class=\"meta-nav\">&raquo;<\/span><\/a><\/p>\n","protected":false},"author":1,"featured_media":0,"comment_status":"closed","ping_status":"open","sticky":false,"template":"","format":"standard","meta":{"_exactmetrics_skip_tracking":false,"_exactmetrics_sitenote_active":false,"_exactmetrics_sitenote_note":"","_exactmetrics_sitenote_category":0,"jetpack_post_was_ever_published":false,"_jetpack_newsletter_access":"","_jetpack_dont_email_post_to_subs":false,"_jetpack_newsletter_tier_id":0,"_jetpack_memberships_contains_paywalled_content":false,"_jetpack_memberships_contains_paid_content":false,"footnotes":"","jetpack_publicize_message":"","jetpack_publicize_feature_enabled":true,"jetpack_social_post_already_shared":true,"jetpack_social_options":{"image_generator_settings":{"template":"highway","enabled":false},"version":2}},"categories":[1],"tags":[1163,1162,386],"class_list":["post-36118","post","type-post","status-publish","format-standard","hentry","category-notas","tag-area-publica","tag-car","tag-meio-ambiente"],"jetpack_publicize_connections":[],"jetpack_sharing_enabled":true,"jetpack_featured_media_url":"","jetpack_shortlink":"https:\/\/wp.me\/p7wKYW-9oy","jetpack-related-posts":[],"_links":{"self":[{"href":"http:\/\/blogdalucianaoliveira.com.br\/blog\/wp-json\/wp\/v2\/posts\/36118","targetHints":{"allow":["GET"]}}],"collection":[{"href":"http:\/\/blogdalucianaoliveira.com.br\/blog\/wp-json\/wp\/v2\/posts"}],"about":[{"href":"http:\/\/blogdalucianaoliveira.com.br\/blog\/wp-json\/wp\/v2\/types\/post"}],"author":[{"embeddable":true,"href":"http:\/\/blogdalucianaoliveira.com.br\/blog\/wp-json\/wp\/v2\/users\/1"}],"replies":[{"embeddable":true,"href":"http:\/\/blogdalucianaoliveira.com.br\/blog\/wp-json\/wp\/v2\/comments?post=36118"}],"version-history":[{"count":1,"href":"http:\/\/blogdalucianaoliveira.com.br\/blog\/wp-json\/wp\/v2\/posts\/36118\/revisions"}],"predecessor-version":[{"id":36120,"href":"http:\/\/blogdalucianaoliveira.com.br\/blog\/wp-json\/wp\/v2\/posts\/36118\/revisions\/36120"}],"wp:attachment":[{"href":"http:\/\/blogdalucianaoliveira.com.br\/blog\/wp-json\/wp\/v2\/media?parent=36118"}],"wp:term":[{"taxonomy":"category","embeddable":true,"href":"http:\/\/blogdalucianaoliveira.com.br\/blog\/wp-json\/wp\/v2\/categories?post=36118"},{"taxonomy":"post_tag","embeddable":true,"href":"http:\/\/blogdalucianaoliveira.com.br\/blog\/wp-json\/wp\/v2\/tags?post=36118"}],"curies":[{"name":"wp","href":"https:\/\/api.w.org\/{rel}","templated":true}]}}