{"id":36121,"date":"2024-10-23T15:49:36","date_gmt":"2024-10-23T19:49:36","guid":{"rendered":"https:\/\/blogdalucianaoliveira.com.br\/blog\/?p=36121"},"modified":"2024-10-23T15:49:36","modified_gmt":"2024-10-23T19:49:36","slug":"quanto-ganha-um-prefeito","status":"publish","type":"post","link":"http:\/\/blogdalucianaoliveira.com.br\/blog\/2024\/10\/23\/quanto-ganha-um-prefeito\/","title":{"rendered":"Quanto ganha um prefeito?"},"content":{"rendered":"<div class=\"bbc-19j92fr ebmt73l0\" dir=\"ltr\">\n<p dir=\"ltr\"><img data-recalc-dims=\"1\" loading=\"lazy\" decoding=\"async\" data-attachment-id=\"36122\" data-permalink=\"http:\/\/blogdalucianaoliveira.com.br\/blog\/2024\/10\/23\/quanto-ganha-um-prefeito\/a0fa60b0-9171-11ef-8e6d-e3e64e16c628-jpg\/\" data-orig-file=\"https:\/\/i0.wp.com\/blogdalucianaoliveira.com.br\/blog\/wp-content\/uploads\/2024\/10\/a0fa60b0-9171-11ef-8e6d-e3e64e16c628.jpg.webp?fit=800%2C450\" data-orig-size=\"800,450\" data-comments-opened=\"0\" data-image-meta=\"{&quot;aperture&quot;:&quot;0&quot;,&quot;credit&quot;:&quot;&quot;,&quot;camera&quot;:&quot;&quot;,&quot;caption&quot;:&quot;&quot;,&quot;created_timestamp&quot;:&quot;0&quot;,&quot;copyright&quot;:&quot;&quot;,&quot;focal_length&quot;:&quot;0&quot;,&quot;iso&quot;:&quot;0&quot;,&quot;shutter_speed&quot;:&quot;0&quot;,&quot;title&quot;:&quot;&quot;,&quot;orientation&quot;:&quot;0&quot;}\" data-image-title=\"a0fa60b0-9171-11ef-8e6d-e3e64e16c628.jpg\" data-image-description=\"\" data-image-caption=\"\" data-medium-file=\"https:\/\/i0.wp.com\/blogdalucianaoliveira.com.br\/blog\/wp-content\/uploads\/2024\/10\/a0fa60b0-9171-11ef-8e6d-e3e64e16c628.jpg.webp?fit=300%2C169\" data-large-file=\"https:\/\/i0.wp.com\/blogdalucianaoliveira.com.br\/blog\/wp-content\/uploads\/2024\/10\/a0fa60b0-9171-11ef-8e6d-e3e64e16c628.jpg.webp?fit=600%2C338\" class=\"alignnone size-full wp-image-36122\" src=\"https:\/\/i0.wp.com\/blogdalucianaoliveira.com.br\/blog\/wp-content\/uploads\/2024\/10\/a0fa60b0-9171-11ef-8e6d-e3e64e16c628.jpg.webp?resize=600%2C338\" alt=\"\" width=\"600\" height=\"338\" srcset=\"https:\/\/i0.wp.com\/blogdalucianaoliveira.com.br\/blog\/wp-content\/uploads\/2024\/10\/a0fa60b0-9171-11ef-8e6d-e3e64e16c628.jpg.webp?w=800 800w, https:\/\/i0.wp.com\/blogdalucianaoliveira.com.br\/blog\/wp-content\/uploads\/2024\/10\/a0fa60b0-9171-11ef-8e6d-e3e64e16c628.jpg.webp?resize=300%2C169 300w, https:\/\/i0.wp.com\/blogdalucianaoliveira.com.br\/blog\/wp-content\/uploads\/2024\/10\/a0fa60b0-9171-11ef-8e6d-e3e64e16c628.jpg.webp?resize=768%2C432 768w, https:\/\/i0.wp.com\/blogdalucianaoliveira.com.br\/blog\/wp-content\/uploads\/2024\/10\/a0fa60b0-9171-11ef-8e6d-e3e64e16c628.jpg.webp?resize=533%2C300 533w\" sizes=\"auto, (max-width: 600px) 100vw, 600px\" \/><\/p>\n<p class=\"bbc-hhl7in e17g058b0\" dir=\"ltr\">O sal\u00e1rio dos prefeitos nas 26 capitais brasileiras apresenta grande varia\u00e7\u00e3o. Em\u00a0<a class=\"focusIndicatorReducedWidth bbc-n8oauk e1p3sufg0\" href=\"https:\/\/www.bbc.com\/portuguese\/topics\/c2dwqdkxj8yt\">S\u00e3o Paulo<\/a>\u00a0(SP), onde a remunera\u00e7\u00e3o \u00e9 a mais alta, o valor \u00e9 cerca de 170% superior ao registrado em Rio Branco (<a class=\"focusIndicatorReducedWidth bbc-n8oauk e1p3sufg0\" href=\"https:\/\/www.bbc.com\/portuguese\/articles\/cj7dy535m82o\">AC<\/a>).<\/p>\n<\/div>\n<p><!--more--><\/p>\n<div class=\"bbc-19j92fr ebmt73l0\" dir=\"ltr\">\n<p class=\"bbc-hhl7in e17g058b0\" dir=\"ltr\">A BBC News Brasil realizou uma pesquisa sobre os sal\u00e1rios l\u00edquidos dos prefeitos em julho de 2024, levando em considera\u00e7\u00e3o as capitais. Vale destacar que\u00a0<a class=\"focusIndicatorReducedWidth bbc-n8oauk e1p3sufg0\" href=\"https:\/\/www.bbc.com\/portuguese\/articles\/c98y1zl1n7zo\">Bras\u00edlia, por ser um distrito federal e n\u00e3o um munic\u00edpio, n\u00e3o possui prefeito<\/a>\u00a0e, portanto, n\u00e3o foi inclu\u00edda no levantamento.<\/p>\n<\/div>\n<div class=\"bbc-19j92fr ebmt73l0\" dir=\"ltr\">\n<p class=\"bbc-hhl7in e17g058b0\" dir=\"ltr\">Nas elei\u00e7\u00f5es municipais de 2024, 15 das capitais brasileiras ainda est\u00e3o sem representante definido, e devem votar no pr\u00f3ximo domingo (27 de outubro). Os sal\u00e1rios para 2025 depende das poss\u00edveis mudan\u00e7as qu cada munic\u00edpio pode propor.<\/p>\n<\/div>\n<div class=\"bbc-19j92fr ebmt73l0\" dir=\"ltr\">\n<p class=\"bbc-hhl7in e17g058b0\" dir=\"ltr\">Em Bel\u00e9m (PA), por exemplo, a C\u00e2mara Municipal aprovou nesta semana um projeto de lei que prop\u00f5e aumento salarial para prefeito, vice-prefeito, secret\u00e1rios e vereadores da capital, para o ano seguinte.<\/p>\n<\/div>\n<section class=\"bbc-geybui\" role=\"region\" aria-label=\"Publicidade 2\" aria-hidden=\"true\" data-e2e=\"advertisement\"><\/section>\n<div class=\"bbc-19j92fr ebmt73l0\" dir=\"ltr\">\n<p class=\"bbc-hhl7in e17g058b0\" dir=\"ltr\">De acordo com reportagem do G1, o projeto aprovado em tempo recorde n\u00e3o foi enviado \u00e0 Comiss\u00e3o de Economia e Finan\u00e7as da C\u00e2mara, e nem est\u00e1 dispon\u00edvel em plataformas da casa, por isso n\u00e3o se sabe o valor proposto do aumento para os sal\u00e1rios de parlamentares, prefeito, vice e secret\u00e1rios municipais.<\/p>\n<\/div>\n<p><iframe loading=\"lazy\" id=\"flourish-id-fccd07f8\" class=\"bbc-axsk9o\" title=\"Interactive or visual content\" src=\"https:\/\/flo.uri.sh\/visualisation\/19812930\/embed?auto=1\" width=\"700\" height=\"575\" frameborder=\"0\" scrolling=\"no\" data-mce-fragment=\"1\"><\/iframe><\/p>\n<div class=\"bbc-19j92fr ebmt73l0\" dir=\"ltr\">\n<p class=\"bbc-hhl7in e17g058b0\" dir=\"ltr\">Mas o que define o sal\u00e1rio de um prefeito? Segundo especialistas consultados pela BBC News Brasil, fatores como o or\u00e7amento de cada munic\u00edpio e uma regra importante entram em jogo: o sal\u00e1rio do prefeito serve como um teto para os demais funcion\u00e1rios p\u00fablicos municipais, ou seja, nenhum servidor do munic\u00edpio pode receber mais que o prefeito.<\/p>\n<\/div>\n<div class=\"bbc-19j92fr ebmt73l0\" dir=\"ltr\">\n<p class=\"bbc-hhl7in e17g058b0\" dir=\"ltr\">Embora o tamanho das cidades e a complexidade da gest\u00e3o municipal sejam relevantes, esses aspectos costumam ser considerados de maneira mais indireta na defini\u00e7\u00e3o dos sal\u00e1rios, influenciando fatores como o or\u00e7amento e as demandas administrativas, que acabam por refletir na remunera\u00e7\u00e3o dos prefeitos.<\/p>\n<\/div>\n<div class=\"etpldq00 bbc-oa9drk ebmt73l0\" dir=\"ltr\">\n<ul class=\"bbc-1lxq1jn\" role=\"list\">\n<li class=\"bbc-1maxgwy\" role=\"listitem\"><a class=\"focusIndicatorReducedWidth bbc-n8oauk e1p3sufg0\" href=\"https:\/\/www.bbc.com\/portuguese\/articles\/c79wpgl72y3o\">Quanto ganha um vereador?<\/a><\/li>\n<\/ul>\n<\/div>\n<div class=\"bbc-19j92fr ebmt73l0\" dir=\"ltr\">\n<h2 id=\"O-que-determina-o-sal\u00e1rio-de-um-prefeito\" class=\"bbc-1f03ibc eglt09e0\" tabindex=\"-1\">O que determina o sal\u00e1rio de um prefeito<\/h2>\n<\/div>\n<div class=\"bbc-4quw3x e1rfboeq7\" dir=\"ltr\">\n<section class=\"e1rfboeq6 bbc-12e4ke4 e1s8ztj50\" role=\"region\" aria-labelledby=\"podcast-promo\">\n<div class=\"bbc-bjn8wh eveec6k2\"><main class=\"bbc-fa0wmp\" role=\"main\"><\/p>\n<div class=\"bbc-19j92fr ebmt73l0\" dir=\"ltr\">\n<p class=\"bbc-hhl7in e17g058b0\" dir=\"ltr\">O sal\u00e1rio do prefeito \u00e9 determinado por meio de lei municipal.<\/p>\n<\/div>\n<div class=\"bbc-19j92fr ebmt73l0\" dir=\"ltr\">\n<p class=\"bbc-hhl7in e17g058b0\" dir=\"ltr\">\u00c9 o pr\u00f3prio munic\u00edpio que define os valores que todos os seus servidores, incluindo os agentes pol\u00edticos, receber\u00e3o como bonifica\u00e7\u00e3o.<\/p>\n<\/div>\n<div class=\"bbc-19j92fr ebmt73l0\" dir=\"ltr\">\n<p class=\"bbc-hhl7in e17g058b0\" dir=\"ltr\">A proposta de remunera\u00e7\u00e3o \u00e9 elaborada pelo Executivo (a administra\u00e7\u00e3o municipal), mas s\u00f3 pode entrar em vigor se for aprovada pela C\u00e2mara Municipal, composta pelos\u00a0<a class=\"focusIndicatorReducedWidth bbc-n8oauk e1p3sufg0\" href=\"https:\/\/www.bbc.com\/portuguese\/articles\/cd0zy4l7vr1o\">vereadores<\/a>, que formam o \u00f3rg\u00e3o do Legislativo local respons\u00e1vel por deliberar e autorizar sua implementa\u00e7\u00e3o.<\/p>\n<\/div>\n<div class=\"bbc-19j92fr ebmt73l0\" dir=\"ltr\">\n<p class=\"bbc-hhl7in e17g058b0\" dir=\"ltr\">Para aumento salarial, a lei segue o mesmo caminho.<\/p>\n<\/div>\n<div class=\"bbc-19j92fr ebmt73l0\" dir=\"ltr\">\n<p class=\"bbc-hhl7in e17g058b0\" dir=\"ltr\">&#8220;O que determina esse valor, em grande parte, \u00e9 o poder que o prefeito tem ao contar com uma maioria na C\u00e2mara para conseguir reajustar o pr\u00f3prio\u00a0<a class=\"focusIndicatorReducedWidth bbc-n8oauk e1p3sufg0\" href=\"https:\/\/www.bbc.com\/portuguese\/brasil-57909632\">sal\u00e1rio<\/a>&#8220;, diz Marcelo Marchesini, professor e coordenador executivo do Centro de Gest\u00e3o e Pol\u00edticas P\u00fablicas do Insper.<\/p>\n<\/div>\n<div class=\"bbc-19j92fr ebmt73l0\" dir=\"ltr\">\n<p class=\"bbc-hhl7in e17g058b0\" dir=\"ltr\">&#8220;Em alguns casos, a aprova\u00e7\u00e3o pode ser muito r\u00e1pida, e dependendo do tamanho do munic\u00edpio e da cobertura midi\u00e1tica que aquele lugar recebe, parte da popula\u00e7\u00e3o pode nem ficar sabendo que houve aumento do sal\u00e1rio.&#8221;<\/p>\n<\/div>\n<div class=\"bbc-19j92fr ebmt73l0\" dir=\"ltr\">\n<p class=\"bbc-hhl7in e17g058b0\" dir=\"ltr\">E h\u00e1 limites para o qu\u00e3o alto o valor pode ser.<\/p>\n<\/div>\n<div class=\"bbc-19j92fr ebmt73l0\" dir=\"ltr\">\n<p class=\"bbc-hhl7in e17g058b0\" dir=\"ltr\">&#8220;Entre eles, o teto do funcionalismo p\u00fablico, que corresponde ao sal\u00e1rio dos ministros do Supremo Tribunal Federal, o mesmo valor recebido pelo presidente da Rep\u00fablica. Esse \u00e9 o teto m\u00e1ximo. Dentro desse limite, cabe ao munic\u00edpio definir o valor que considera adequado&#8221;, explica Cibele Franzese, professora de administra\u00e7\u00e3o p\u00fablica da Escola de Administra\u00e7\u00e3o de Empresas de S\u00e3o Paulo, da Funda\u00e7\u00e3o Get\u00falio Vargas (FGV\/EAESP).<\/p>\n<\/div>\n<div class=\"bbc-19j92fr ebmt73l0\" dir=\"ltr\">\n<p class=\"bbc-hhl7in e17g058b0\" dir=\"ltr\">O sal\u00e1rio do prefeito tamb\u00e9m define o teto para os outros funcion\u00e1rios p\u00fablicos municipais, ou seja, ningu\u00e9m pode ganhar mais do que ele.<\/p>\n<\/div>\n<div class=\"bbc-19j92fr ebmt73l0\" dir=\"ltr\">\n<p class=\"bbc-hhl7in e17g058b0\" dir=\"ltr\">Marchesini, professor do Insper, afirma questionar se o atual meio de definir o sal\u00e1rio do prefeito, exclusivamente por meio de negocia\u00e7\u00f5es com a C\u00e2mara, \u00e9 a melhor alternativa para os munic\u00edpios.<\/p>\n<\/div>\n<div class=\"bbc-19j92fr ebmt73l0\" dir=\"ltr\">\n<p class=\"bbc-hhl7in e17g058b0\" dir=\"ltr\">&#8220;Os par\u00e2metros atuais, que estabelecem que essa remunera\u00e7\u00e3o n\u00e3o pode ser superior \u00e0 dos ministros do Supremo Tribunal Federal, oferecem uma margem ampla, mas talvez a legisla\u00e7\u00e3o devesse considerar outros crit\u00e9rios. Mas, atualmente, essa exig\u00eancia n\u00e3o existe, o que resulta em uma flexibilidade enorme na defini\u00e7\u00e3o dos sal\u00e1rios.&#8221;<\/p>\n<\/div>\n<div class=\"bbc-19j92fr ebmt73l0\" dir=\"ltr\">\n<p class=\"bbc-hhl7in e17g058b0\" dir=\"ltr\">&#8220;Seria interessante ter um par\u00e2metro relacionado ao tamanho da popula\u00e7\u00e3o e complexidade do mun\u00edcipio, j\u00e1 que at\u00e9 pequenos munic\u00edpios t\u00eam grandes responsabilidades para o Executivo Municipal. Portanto, uma remunera\u00e7\u00e3o justa e adequada \u00e9 essencial.&#8221;<\/p>\n<\/div>\n<figure class=\"bbc-1qn0xuy\">\n<div class=\"bbc-18ywsw9\"><img data-recalc-dims=\"1\" loading=\"lazy\" decoding=\"async\" class=\"bbc-139onq\" src=\"https:\/\/i0.wp.com\/ichef.bbci.co.uk\/ace\/ws\/640\/cpsprodpb\/22ab\/live\/c3a17540-9095-11ef-b3c2-754b6219680e.jpg.webp?resize=600%2C376&#038;ssl=1\" sizes=\"auto, (min-width: 1008px) 760px, 100vw\" srcset=\"https:\/\/ichef.bbci.co.uk\/ace\/ws\/240\/cpsprodpb\/22ab\/live\/c3a17540-9095-11ef-b3c2-754b6219680e.jpg.webp 240w, https:\/\/ichef.bbci.co.uk\/ace\/ws\/320\/cpsprodpb\/22ab\/live\/c3a17540-9095-11ef-b3c2-754b6219680e.jpg.webp 320w, https:\/\/ichef.bbci.co.uk\/ace\/ws\/480\/cpsprodpb\/22ab\/live\/c3a17540-9095-11ef-b3c2-754b6219680e.jpg.webp 480w, https:\/\/ichef.bbci.co.uk\/ace\/ws\/624\/cpsprodpb\/22ab\/live\/c3a17540-9095-11ef-b3c2-754b6219680e.jpg.webp 624w, https:\/\/ichef.bbci.co.uk\/ace\/ws\/800\/cpsprodpb\/22ab\/live\/c3a17540-9095-11ef-b3c2-754b6219680e.jpg.webp 800w\" alt=\"Registro de voto no Brasil\" width=\"600\" height=\"376\" \/><\/p>\n<p class=\"bbc-by8ykd\" role=\"text\"><span class=\"bbc-m04vo2\">Cr\u00e9dito,<\/span><span lang=\"en-GB\">Getty Images<\/span><\/p>\n<\/div><figcaption class=\"bbc-15f1ujd\" dir=\"ltr\"><span role=\"text\"><span class=\"bbc-m04vo2\">Legenda da foto,<\/span><span data-testid=\"caption-paragraph\">Nas elei\u00e7\u00f5es municipais de 2024, 15 das capitais brasileiras ainda est\u00e3o sem representante definido, e devem votar no pr\u00f3ximo domingo (27 de outubro)<\/span><\/span><\/figcaption><\/figure>\n<div class=\"bbc-19j92fr ebmt73l0\" dir=\"ltr\">\n<h2 id=\"A-import\u00e2ncia-de-uma-remunera\u00e7\u00e3o-atrativa\" class=\"bbc-1f03ibc eglt09e0\" tabindex=\"-1\">A import\u00e2ncia de uma remunera\u00e7\u00e3o atrativa<\/h2>\n<\/div>\n<div class=\"bbc-19j92fr ebmt73l0\" dir=\"ltr\">\n<p class=\"bbc-hhl7in e17g058b0\" dir=\"ltr\">Marchesini defende que as remunera\u00e7\u00f5es devem ser competitivas.<\/p>\n<\/div>\n<div class=\"bbc-19j92fr ebmt73l0\" dir=\"ltr\">\n<p class=\"bbc-hhl7in e17g058b0\" dir=\"ltr\">&#8220;As pessoas que se disp\u00f5em a disputar elei\u00e7\u00f5es assumem grandes desafios, e se a sociedade deseja atrair bons profissionais para essas fun\u00e7\u00f5es \u2014 pessoas que poderiam estar ocupando cargos competitivos em\u00a0<a class=\"focusIndicatorReducedWidth bbc-n8oauk e1p3sufg0\" href=\"https:\/\/www.bbc.com\/portuguese\/brasil-46538732\">organiza\u00e7\u00f5es privadas<\/a>\u00a0\u2014, \u00e9 essencial que elas sejam bem remuneradas para se dedicarem ao governo.&#8221;<\/p>\n<\/div>\n<div class=\"bbc-19j92fr ebmt73l0\" dir=\"ltr\">\n<p class=\"bbc-hhl7in e17g058b0\" dir=\"ltr\">&#8220;\u00c9 inclusive uma forma dessas pessoas serem menos suscet\u00edveis a epis\u00f3dios de corrup\u00e7\u00e3o. Quem lida com grandes volumes de recursos precisa de um sal\u00e1rio adequado para evitar envolvimentos em esc\u00e2ndalos, sempre levando em conta a realidade financeira do munic\u00edpio, que muitas vezes enfrenta grandes desafios.&#8221;<\/p>\n<\/div>\n<div class=\"bbc-19j92fr ebmt73l0\" dir=\"ltr\">\n<p class=\"bbc-hhl7in e17g058b0\" dir=\"ltr\">Cibele Franzese, da FGV, lembra que o sal\u00e1rio do prefeito tamb\u00e9m vai determinar o qu\u00e3o atraente \u00e9 trabalhar naquele munic\u00edpio para profissionais de outros cargos p\u00fablicos &#8211; incluindo, por exemplo, profissionais da sa\u00fade que atuam no\u00a0<a class=\"focusIndicatorReducedWidth bbc-n8oauk e1p3sufg0\" href=\"https:\/\/www.bbc.com\/portuguese\/articles\/cq5ww8jryk0o\">SUS<\/a>, professores da rede municipal e policiais civis.<\/p>\n<\/div>\n<div class=\"bbc-19j92fr ebmt73l0\" dir=\"ltr\">\n<p class=\"bbc-hhl7in e17g058b0\" dir=\"ltr\">&#8220;O prefeito que ganha muito pouco, a despeito de imaginarmos que isso \u00e9 um baixo incentivo para uma pessoa assumir esse cargo, implica que todas as carreiras daquele munic\u00edpio tamb\u00e9m t\u00eam um sal\u00e1rio achatado&#8221;, descreve Franzese.<\/p>\n<\/div>\n<div class=\"bbc-19j92fr ebmt73l0\" dir=\"ltr\">\n<p class=\"bbc-hhl7in e17g058b0\" dir=\"ltr\">Na pr\u00e1tica, explica a professora, isso significa que n\u00e3o h\u00e1 um sal\u00e1rio valorizado, j\u00e1 que ningu\u00e9m pode ganhar mais do que o prefeito no munic\u00edpio.<\/p>\n<\/div>\n<div class=\"bbc-19j92fr ebmt73l0\" dir=\"ltr\">\n<p class=\"bbc-hhl7in e17g058b0\" dir=\"ltr\">&#8220;Portanto, sempre que pensamos em reajuste de sal\u00e1rio do prefeito, muitas vezes pensamos que ele quer se beneficiar e ganhar mais, mas nem sempre \u00e9 assim. Muitas vezes, \u00e9 necess\u00e1rio reajustar o sal\u00e1rio dos servidores do munic\u00edpio.&#8221;<\/p>\n<\/div>\n<div class=\"bbc-19j92fr ebmt73l0\" dir=\"ltr\">\n<p class=\"bbc-hhl7in e17g058b0\" dir=\"ltr\">&#8220;O impacto or\u00e7ament\u00e1rio do reajuste salarial do prefeito \u00e9 sempre maior do que o reajuste do pr\u00f3prio prefeito, pois ele afeta diversas carreiras que est\u00e3o limitadas pelo teto.&#8221;<\/p>\n<\/div>\n<p><\/main><\/p>\n<aside class=\"bbc-1l5nxv5 e5jcirq1\" role=\"complementary\" data-testid=\"related-topics\" aria-labelledby=\"related-topics\">\n<div class=\"e5jcirq0 bbc-1f2ds04 e1m6nvxw1\">\n<h2 class=\"bbc-1xclg2i e1m6nvxw0\"><\/h2>\n<\/div>\n<\/aside>\n<\/div>\n<\/section>\n<\/div>\n","protected":false},"excerpt":{"rendered":"<p>O sal\u00e1rio dos prefeitos nas 26 capitais brasileiras apresenta grande varia\u00e7\u00e3o. Em\u00a0S\u00e3o Paulo\u00a0(SP), onde a remunera\u00e7\u00e3o \u00e9 a mais alta, o valor \u00e9 cerca de 170% superior ao registrado em Rio Branco (AC).<\/p>\n","protected":false},"author":1,"featured_media":0,"comment_status":"closed","ping_status":"open","sticky":false,"template":"","format":"standard","meta":{"_exactmetrics_skip_tracking":false,"_exactmetrics_sitenote_active":false,"_exactmetrics_sitenote_note":"","_exactmetrics_sitenote_category":0,"jetpack_post_was_ever_published":false,"_jetpack_newsletter_access":"","_jetpack_dont_email_post_to_subs":false,"_jetpack_newsletter_tier_id":0,"_jetpack_memberships_contains_paywalled_content":false,"_jetpack_memberships_contains_paid_content":false,"footnotes":"","jetpack_publicize_message":"","jetpack_publicize_feature_enabled":true,"jetpack_social_post_already_shared":true,"jetpack_social_options":{"image_generator_settings":{"template":"highway","enabled":false},"version":2}},"categories":[1],"tags":[1101,942,1164],"class_list":["post-36121","post","type-post","status-publish","format-standard","hentry","category-notas","tag-eleicoes-2024","tag-prefeito","tag-salario"],"jetpack_publicize_connections":[],"jetpack_sharing_enabled":true,"jetpack_featured_media_url":"","jetpack_shortlink":"https:\/\/wp.me\/p7wKYW-9oB","jetpack-related-posts":[],"_links":{"self":[{"href":"http:\/\/blogdalucianaoliveira.com.br\/blog\/wp-json\/wp\/v2\/posts\/36121","targetHints":{"allow":["GET"]}}],"collection":[{"href":"http:\/\/blogdalucianaoliveira.com.br\/blog\/wp-json\/wp\/v2\/posts"}],"about":[{"href":"http:\/\/blogdalucianaoliveira.com.br\/blog\/wp-json\/wp\/v2\/types\/post"}],"author":[{"embeddable":true,"href":"http:\/\/blogdalucianaoliveira.com.br\/blog\/wp-json\/wp\/v2\/users\/1"}],"replies":[{"embeddable":true,"href":"http:\/\/blogdalucianaoliveira.com.br\/blog\/wp-json\/wp\/v2\/comments?post=36121"}],"version-history":[{"count":1,"href":"http:\/\/blogdalucianaoliveira.com.br\/blog\/wp-json\/wp\/v2\/posts\/36121\/revisions"}],"predecessor-version":[{"id":36123,"href":"http:\/\/blogdalucianaoliveira.com.br\/blog\/wp-json\/wp\/v2\/posts\/36121\/revisions\/36123"}],"wp:attachment":[{"href":"http:\/\/blogdalucianaoliveira.com.br\/blog\/wp-json\/wp\/v2\/media?parent=36121"}],"wp:term":[{"taxonomy":"category","embeddable":true,"href":"http:\/\/blogdalucianaoliveira.com.br\/blog\/wp-json\/wp\/v2\/categories?post=36121"},{"taxonomy":"post_tag","embeddable":true,"href":"http:\/\/blogdalucianaoliveira.com.br\/blog\/wp-json\/wp\/v2\/tags?post=36121"}],"curies":[{"name":"wp","href":"https:\/\/api.w.org\/{rel}","templated":true}]}}