{"id":3613,"date":"2016-09-01T11:50:09","date_gmt":"2016-09-01T15:50:09","guid":{"rendered":"http:\/\/blogdalucianaoliveira.com.br\/blog\/?p=3613"},"modified":"2016-09-01T11:50:09","modified_gmt":"2016-09-01T15:50:09","slug":"el-pais-golpe-baixo-no-brasil","status":"publish","type":"post","link":"http:\/\/blogdalucianaoliveira.com.br\/blog\/2016\/09\/01\/el-pais-golpe-baixo-no-brasil\/","title":{"rendered":"El Pa\u00eds: Golpe baixo no Brasil"},"content":{"rendered":"<p><img data-recalc-dims=\"1\" loading=\"lazy\" decoding=\"async\" data-attachment-id=\"3614\" data-permalink=\"http:\/\/blogdalucianaoliveira.com.br\/blog\/2016\/09\/01\/el-pais-golpe-baixo-no-brasil\/image-795\/\" data-orig-file=\"https:\/\/i0.wp.com\/blogdalucianaoliveira.com.br\/blog\/wp-content\/uploads\/2016\/09\/image-3.jpeg?fit=1718%2C651\" data-orig-size=\"1718,651\" data-comments-opened=\"0\" data-image-meta=\"{&quot;aperture&quot;:&quot;0&quot;,&quot;credit&quot;:&quot;&quot;,&quot;camera&quot;:&quot;&quot;,&quot;caption&quot;:&quot;&quot;,&quot;created_timestamp&quot;:&quot;0&quot;,&quot;copyright&quot;:&quot;&quot;,&quot;focal_length&quot;:&quot;0&quot;,&quot;iso&quot;:&quot;0&quot;,&quot;shutter_speed&quot;:&quot;0&quot;,&quot;title&quot;:&quot;&quot;,&quot;orientation&quot;:&quot;1&quot;}\" data-image-title=\"image\" data-image-description=\"\" data-image-caption=\"\" data-medium-file=\"https:\/\/i0.wp.com\/blogdalucianaoliveira.com.br\/blog\/wp-content\/uploads\/2016\/09\/image-3.jpeg?fit=300%2C114\" data-large-file=\"https:\/\/i0.wp.com\/blogdalucianaoliveira.com.br\/blog\/wp-content\/uploads\/2016\/09\/image-3.jpeg?fit=600%2C227\" src=\"https:\/\/i0.wp.com\/blogdalucianaoliveira.com.br\/blog\/wp-content\/uploads\/2016\/09\/image-3.jpeg?resize=600%2C227\" alt=\"image\" width=\"600\" height=\"227\" class=\"alignnone size-full wp-image-3614\" srcset=\"https:\/\/i0.wp.com\/blogdalucianaoliveira.com.br\/blog\/wp-content\/uploads\/2016\/09\/image-3.jpeg?w=1718 1718w, https:\/\/i0.wp.com\/blogdalucianaoliveira.com.br\/blog\/wp-content\/uploads\/2016\/09\/image-3.jpeg?resize=300%2C114 300w, https:\/\/i0.wp.com\/blogdalucianaoliveira.com.br\/blog\/wp-content\/uploads\/2016\/09\/image-3.jpeg?resize=768%2C291 768w, https:\/\/i0.wp.com\/blogdalucianaoliveira.com.br\/blog\/wp-content\/uploads\/2016\/09\/image-3.jpeg?resize=1024%2C388 1024w, https:\/\/i0.wp.com\/blogdalucianaoliveira.com.br\/blog\/wp-content\/uploads\/2016\/09\/image-3.jpeg?resize=792%2C300 792w, https:\/\/i0.wp.com\/blogdalucianaoliveira.com.br\/blog\/wp-content\/uploads\/2016\/09\/image-3.jpeg?w=1200 1200w\" sizes=\"auto, (max-width: 600px) 100vw, 600px\" \/><\/p>\n<p>A destitui\u00e7\u00e3o de Dilma Rousseff implica um dano imenso \u00e0s institui\u00e7\u00f5es brasileiras<!--more--><\/p>\n<p>A destitui\u00e7\u00e3o da presidenta do Brasil, Dilma Rousseff, na quarta-feira pelo Senado por 61 votos a favor e 20 contra, \u00e9 um golpe baixo ao funcionamento institucional de um pa\u00eds que durante d\u00e9cadas e com esfor\u00e7o tinha se tornado um exemplo de democracia consolidada para toda a regi\u00e3o.<\/p>\n<p>Os partidos pol\u00edticos respons\u00e1veis pelo afastamento usaram de modo abusivo um procedimento de destitui\u00e7\u00e3o previsto na Constitui\u00e7\u00e3o para casos extremamente graves e o ajustaram aos jogos pol\u00edticos de curto prazo sem se importarem com o dano \u00e0 legitimidade democr\u00e1tica. Em uma rep\u00fablica presidencialista, a destitui\u00e7\u00e3o do chefe de Estado \u00e9 um fato de extrema import\u00e2ncia, uma exce\u00e7\u00e3o ao sistema que permite ao Parlamento revogar a vontade popular e destituir quem foi escolhido diretamente nas urnas para a m\u00e1xima institui\u00e7\u00e3o do Estado. Portanto, s\u00f3 pode ser usado em casos excepcionais e de forma muito controlada sob pena de criar uma grave crise pol\u00edtica e institucional.<\/p>\n<p>Mas esse n\u00e3o \u00e9 o caso de Dilma Rousseff. Ao ser imposs\u00edvel encontrar qualquer prova de envolvimento no esc\u00e2ndalo da Lava Jato, uma rede de corrup\u00e7\u00e3o generalizada na qual est\u00e3o implicados importantes membros de partidos que votaram contra ela na quarta-feira, os legisladores recorreram a um motivo, o desvio no or\u00e7amento, que embora previsto na Constitui\u00e7\u00e3o carece de peso pol\u00edtico para justificar a destitui\u00e7\u00e3o de Dilma Rousseff e o trauma e a divis\u00e3o que transtornam o pa\u00eds.<\/p>\n<p>O fato de Dilma ter sido deposta, mas n\u00e3o impedida de ocupar cargos p\u00fablicos, demonstra que o Congresso brasileiro aplicou as regras de destitui\u00e7\u00e3o com objetivos muito diferentes daqueles que a norma persegue. Estamos diante de uma fraude \u00e0 lei que lan\u00e7a uma grave sombra sobre o futuro imediato do Brasil, mais necessitado de unidade frente \u00e0 crise econ\u00f4mica e pol\u00edtica do que de divis\u00f5es irreconcili\u00e1veis.<\/p>\n","protected":false},"excerpt":{"rendered":"<p>A destitui\u00e7\u00e3o de Dilma Rousseff implica um dano imenso \u00e0s institui\u00e7\u00f5es brasileiras<\/p>\n","protected":false},"author":1,"featured_media":0,"comment_status":"closed","ping_status":"open","sticky":false,"template":"","format":"standard","meta":{"_exactmetrics_skip_tracking":false,"_exactmetrics_sitenote_active":false,"_exactmetrics_sitenote_note":"","_exactmetrics_sitenote_category":0,"jetpack_post_was_ever_published":false,"_jetpack_newsletter_access":"","_jetpack_dont_email_post_to_subs":false,"_jetpack_newsletter_tier_id":0,"_jetpack_memberships_contains_paywalled_content":false,"_jetpack_memberships_contains_paid_content":false,"footnotes":"","jetpack_publicize_message":"","jetpack_publicize_feature_enabled":true,"jetpack_social_post_already_shared":true,"jetpack_social_options":{"image_generator_settings":{"template":"highway","enabled":false},"version":2}},"categories":[1],"tags":[],"class_list":["post-3613","post","type-post","status-publish","format-standard","hentry","category-notas"],"jetpack_publicize_connections":[],"jetpack_sharing_enabled":true,"jetpack_featured_media_url":"","jetpack_shortlink":"https:\/\/wp.me\/p7wKYW-Wh","jetpack-related-posts":[],"_links":{"self":[{"href":"http:\/\/blogdalucianaoliveira.com.br\/blog\/wp-json\/wp\/v2\/posts\/3613","targetHints":{"allow":["GET"]}}],"collection":[{"href":"http:\/\/blogdalucianaoliveira.com.br\/blog\/wp-json\/wp\/v2\/posts"}],"about":[{"href":"http:\/\/blogdalucianaoliveira.com.br\/blog\/wp-json\/wp\/v2\/types\/post"}],"author":[{"embeddable":true,"href":"http:\/\/blogdalucianaoliveira.com.br\/blog\/wp-json\/wp\/v2\/users\/1"}],"replies":[{"embeddable":true,"href":"http:\/\/blogdalucianaoliveira.com.br\/blog\/wp-json\/wp\/v2\/comments?post=3613"}],"version-history":[{"count":1,"href":"http:\/\/blogdalucianaoliveira.com.br\/blog\/wp-json\/wp\/v2\/posts\/3613\/revisions"}],"predecessor-version":[{"id":3615,"href":"http:\/\/blogdalucianaoliveira.com.br\/blog\/wp-json\/wp\/v2\/posts\/3613\/revisions\/3615"}],"wp:attachment":[{"href":"http:\/\/blogdalucianaoliveira.com.br\/blog\/wp-json\/wp\/v2\/media?parent=3613"}],"wp:term":[{"taxonomy":"category","embeddable":true,"href":"http:\/\/blogdalucianaoliveira.com.br\/blog\/wp-json\/wp\/v2\/categories?post=3613"},{"taxonomy":"post_tag","embeddable":true,"href":"http:\/\/blogdalucianaoliveira.com.br\/blog\/wp-json\/wp\/v2\/tags?post=3613"}],"curies":[{"name":"wp","href":"https:\/\/api.w.org\/{rel}","templated":true}]}}