{"id":36131,"date":"2024-10-25T06:52:57","date_gmt":"2024-10-25T10:52:57","guid":{"rendered":"http:\/\/blogdalucianaoliveira.com.br\/blog\/?p=36131"},"modified":"2024-10-25T06:52:57","modified_gmt":"2024-10-25T10:52:57","slug":"entenda-o-impasse-envolvendo-o-mercado-de-carbono-no-congresso","status":"publish","type":"post","link":"http:\/\/blogdalucianaoliveira.com.br\/blog\/2024\/10\/25\/entenda-o-impasse-envolvendo-o-mercado-de-carbono-no-congresso\/","title":{"rendered":"Entenda o impasse envolvendo o mercado de carbono no Congresso"},"content":{"rendered":"<p><img data-recalc-dims=\"1\" loading=\"lazy\" decoding=\"async\" data-attachment-id=\"36132\" data-permalink=\"http:\/\/blogdalucianaoliveira.com.br\/blog\/2024\/10\/25\/entenda-o-impasse-envolvendo-o-mercado-de-carbono-no-congresso\/img_1956\/\" data-orig-file=\"https:\/\/i0.wp.com\/blogdalucianaoliveira.com.br\/blog\/wp-content\/uploads\/2024\/10\/IMG_1956.jpeg?fit=848%2C477\" data-orig-size=\"848,477\" data-comments-opened=\"0\" data-image-meta=\"{&quot;aperture&quot;:&quot;0&quot;,&quot;credit&quot;:&quot;&quot;,&quot;camera&quot;:&quot;&quot;,&quot;caption&quot;:&quot;&quot;,&quot;created_timestamp&quot;:&quot;0&quot;,&quot;copyright&quot;:&quot;EBC-EMPRESA BRASIL DE COMUNICA\\u00c7\\u00c3O\\\/Ag\\u00eancia Brasil. Uso sob a Licen\\u00e7a Creative Commons Atribui\\u00e7\\u00e3o 3.0 Brasil. CR\\u00c9DITO FOTOGR\\u00c1FICO OBRIGAT\\u00d3RIO: FERNANDO FRAZ\\u00c3O\\\/AG\\u00caNCIA BRASIL&quot;,&quot;focal_length&quot;:&quot;0&quot;,&quot;iso&quot;:&quot;0&quot;,&quot;shutter_speed&quot;:&quot;0&quot;,&quot;title&quot;:&quot;&quot;,&quot;orientation&quot;:&quot;0&quot;}\" data-image-title=\"IMG_1956\" data-image-description=\"\" data-image-caption=\"\" data-medium-file=\"https:\/\/i0.wp.com\/blogdalucianaoliveira.com.br\/blog\/wp-content\/uploads\/2024\/10\/IMG_1956.jpeg?fit=300%2C169\" data-large-file=\"https:\/\/i0.wp.com\/blogdalucianaoliveira.com.br\/blog\/wp-content\/uploads\/2024\/10\/IMG_1956.jpeg?fit=600%2C338\" class=\"alignnone size-full wp-image-36132\" src=\"https:\/\/i0.wp.com\/blogdalucianaoliveira.com.br\/blog\/wp-content\/uploads\/2024\/10\/IMG_1956.jpeg?resize=600%2C338\" alt=\"\" width=\"600\" height=\"338\" srcset=\"https:\/\/i0.wp.com\/blogdalucianaoliveira.com.br\/blog\/wp-content\/uploads\/2024\/10\/IMG_1956.jpeg?w=848 848w, https:\/\/i0.wp.com\/blogdalucianaoliveira.com.br\/blog\/wp-content\/uploads\/2024\/10\/IMG_1956.jpeg?resize=300%2C169 300w, https:\/\/i0.wp.com\/blogdalucianaoliveira.com.br\/blog\/wp-content\/uploads\/2024\/10\/IMG_1956.jpeg?resize=768%2C432 768w, https:\/\/i0.wp.com\/blogdalucianaoliveira.com.br\/blog\/wp-content\/uploads\/2024\/10\/IMG_1956.jpeg?resize=533%2C300 533w\" sizes=\"auto, (max-width: 600px) 100vw, 600px\" \/><\/p>\n<p class=\"added-to-list1\" data-pf_style_display=\"block\" data-pf_style_visibility=\"visible\"><span data-pf_style_display=\"inline\" data-pf_style_visibility=\"visible\"><span class=\"text-node\">Poder 360 &#8211; C\u00e2mara e Senado tentar\u00e3o fechar at\u00e9 a pr\u00f3xima semana um texto consensual sobre o <\/span><\/span><span data-pf_style_display=\"inline\" data-pf_style_visibility=\"visible\"><span class=\"text-node\">projeto que regulamenta o mercado de carbono no Brasil. As duas Casas vivem um <\/span><\/span><a href=\"https:\/\/www.poder360.com.br\/poder-congresso\/pacheco-sinaliza-querer-destravar-pl-do-mercado-de-carbono-apos-2o-turno\/\" target=\"_blank\" rel=\"noopener\" data-pf_style_display=\"inline\" data-pf_style_visibility=\"visible\"><span data-pf_style_display=\"inline\" data-pf_style_visibility=\"visible\"><span class=\"text-node\">impasse<\/span><\/span><\/a><span data-pf_style_display=\"inline\" data-pf_style_visibility=\"visible\"><span class=\"text-node\"> sobre o tema.<\/span><\/span><!--more--><\/p>\n<p class=\"added-to-list1\" data-pf_style_display=\"block\" data-pf_style_visibility=\"visible\"><span data-pf_style_display=\"inline\" data-pf_style_visibility=\"visible\"><span class=\"text-node\">A relatora no Senado, <\/span><\/span><a href=\"https:\/\/monitor.poder360.com.br\/politicos-do-brasil\/868631\/LEILA-DO-V%C3%94LEI?ano=2022\" target=\"_blank\" rel=\"noopener\" data-pf_style_display=\"inline\" data-pf_style_visibility=\"visible\"><span data-pf_style_display=\"inline\" data-pf_style_visibility=\"visible\"><span class=\"text-node\">Leila Barros <\/span><\/span><\/a><span data-pf_style_display=\"inline\" data-pf_style_visibility=\"visible\"><span class=\"text-node\">(PDT-DF), enviou na noite desta 4\u00aa feira (23.out.2024) seu texto ao deputado <\/span><\/span><a href=\"https:\/\/monitor.poder360.com.br\/politicos-do-brasil\/68999\/ALIEL-MACHADO?ano=2024\" target=\"_blank\" rel=\"noopener\" data-pf_style_display=\"inline\" data-pf_style_visibility=\"visible\"><span data-pf_style_display=\"inline\" data-pf_style_visibility=\"visible\"><span class=\"text-node\">Aliel Machado<\/span><\/span><\/a><span data-pf_style_display=\"inline\" data-pf_style_visibility=\"visible\"><span class=\"text-node\"> (PV-PR), que articula o projeto na C\u00e2mara. Aliel ficou de l\u00ea-lo at\u00e9 o fim do dia desta 5\u00aa. A ideia \u00e9 que os 2 conversem nesta 6\u00aa feira (25.out) para aparar arestas e facilitar as vota\u00e7\u00f5es.<\/span><\/span><\/p>\n<div class=\"inner-page-section__text added-to-list1 pf-candidate\" data-pf_style_display=\"block\" data-pf_style_visibility=\"visible\">\n<p class=\"added-to-list1\" data-pf_style_display=\"block\" data-pf_style_visibility=\"visible\"><span data-pf_style_display=\"inline\" data-pf_style_visibility=\"visible\"><span class=\"text-node\">Um dos pontos de atrito \u00e9 a propor\u00e7\u00e3o da divis\u00e3o dos cr\u00e9ditos de carbono em parcerias entre empresas e reservas ind\u00edgenas, quilombolas ou assentamentos. Aliel quer o seguinte:<\/span><\/span><\/p>\n<ul class=\"added-to-list1\" data-pf_style_display=\"block\" data-pf_style_visibility=\"visible\">\n<li class=\"added-to-list1\" aria-level=\"1\" data-pf_style_display=\"list-item\" data-pf_style_visibility=\"visible\"><b data-pf_style_display=\"inline\" data-pf_style_visibility=\"visible\"><span class=\"text-node\">projetos de manuten\u00e7\u00e3o da floresta <\/span><\/b><span data-pf_style_display=\"inline\" data-pf_style_visibility=\"visible\"><span class=\"text-node\">\u2013<\/span><\/span><span data-pf_style_display=\"inline\" data-pf_style_visibility=\"visible\"><span class=\"text-node\">m\u00ednimo de 70% do valor dos contratos para essas comunidades. Os outros 30% ficariam para as empresas;<\/span><\/span><\/li>\n<li class=\"added-to-list1\" aria-level=\"1\" data-pf_style_display=\"list-item\" data-pf_style_visibility=\"visible\"><b data-pf_style_display=\"inline\" data-pf_style_visibility=\"visible\"><span class=\"text-node\">projetos de reflorestamento <\/span><\/b><span data-pf_style_display=\"inline\" data-pf_style_visibility=\"visible\"><span class=\"text-node\">\u2013 m\u00ednimo de 50% para as comunidades. As empresas ficariam com o restante;<\/span><\/span><\/li>\n<\/ul>\n<p class=\"added-to-list1\" data-pf_style_display=\"block\" data-pf_style_visibility=\"visible\"><span data-pf_style_display=\"inline\" data-pf_style_visibility=\"visible\"><span class=\"text-node\">O deputado quer que os percentuais sejam inclu\u00eddos no projeto que ser\u00e1 votado para ter for\u00e7a de lei. O Senado quer defini\u00e7\u00e3o por decreto em outro momento, sem percentuais m\u00ednimos, o que dependeria da vontade do <\/span><\/span><a href=\"https:\/\/monitor.poder360.com.br\/politicos-do-brasil\/929674\/LULA?ano=2022\" target=\"_blank\" rel=\"noopener\" data-pf_style_display=\"inline\" data-pf_style_visibility=\"visible\"><span data-pf_style_display=\"inline\" data-pf_style_visibility=\"visible\"><span class=\"text-node\">presidente<\/span><\/span><\/a><span data-pf_style_display=\"inline\" data-pf_style_visibility=\"visible\"><span class=\"text-node\"> da Rep\u00fablica.<\/span><\/span><\/p>\n<p class=\"added-to-list1\" data-pf_style_display=\"block\" data-pf_style_visibility=\"visible\"><i class=\"added-to-list1\" data-pf_style_display=\"inline\" data-pf_style_visibility=\"visible\"><span data-pf_style_display=\"inline\" data-pf_style_visibility=\"visible\"><span class=\"text-node\">\u201c\u00c9 para evitar que empresa picareta v\u00e1 l\u00e1 explorar essas comunidades, desenvolva um projeto, bote todo o dinheiro no bolso e a comunidade que \u00e9 dona da terra desse cr\u00e9dito do carbono fique com quase nada\u201d, <\/span><\/span><\/i><span data-pf_style_display=\"inline\" data-pf_style_visibility=\"visible\"><span class=\"text-node\">disse Aliel ao <\/span><\/span><b data-pf_style_display=\"inline\" data-pf_style_visibility=\"visible\"><span class=\"text-node\">Poder360<\/span><i data-pf_style_display=\"inline\" data-pf_style_visibility=\"visible\"><span class=\"text-node\">.<\/span><\/i><\/b><\/p>\n<p class=\"added-to-list1\" data-pf_style_display=\"block\" data-pf_style_visibility=\"visible\"><span data-pf_style_display=\"inline\" data-pf_style_visibility=\"visible\"><span class=\"text-node\">Os percentuais de 70% (manuten\u00e7\u00e3o de florestas) e 50% (reflorestamento) foram uma sugest\u00e3o da <\/span><\/span><a href=\"https:\/\/monitor.poder360.com.br\/politicos-do-brasil\/1380955?ano=2022\" data-pf_style_display=\"inline\" data-pf_style_visibility=\"visible\"><span data-pf_style_display=\"inline\" data-pf_style_visibility=\"visible\"><span class=\"text-node\">ministra<\/span><\/span><\/a><span data-pf_style_display=\"inline\" data-pf_style_visibility=\"visible\"><span class=\"text-node\"> dos Povos Ind\u00edgenas, <\/span><\/span><span class=\"text-node\">Sonia Guajajara<\/span><span data-pf_style_display=\"inline\" data-pf_style_visibility=\"visible\"><span class=\"text-node\">. Antes, Aliel defendia 60% e 40%, respectivamente.<\/span><\/span><\/p>\n<p class=\"added-to-list1\" data-pf_style_display=\"block\" data-pf_style_visibility=\"visible\"><span data-pf_style_display=\"inline\" data-pf_style_visibility=\"visible\"><span class=\"text-node\">O l\u00edder interino do Governo, <\/span><\/span><a href=\"https:\/\/monitor.poder360.com.br\/politicos-do-brasil\/1181034\/OTTO-ALENCAR?ano=2022\" target=\"_blank\" rel=\"noopener\" data-pf_style_display=\"inline\" data-pf_style_visibility=\"visible\"><span data-pf_style_display=\"inline\" data-pf_style_visibility=\"visible\"><span class=\"text-node\">Otto Alencar<\/span><\/span><\/a><span data-pf_style_display=\"inline\" data-pf_style_visibility=\"visible\"><span class=\"text-node\"> (PSD-BA), quer um acordo a tempo de o projeto ser votado ainda em novembro, numa sinaliza\u00e7\u00e3o \u00e0 COP29 (Confer\u00eancia das Na\u00e7\u00f5es Unidas sobre Mudan\u00e7as Clim\u00e1ticas de 2024).\u00a0<\/span><\/span><\/p>\n<p class=\"added-to-list1\" data-pf_style_display=\"block\" data-pf_style_visibility=\"visible\"><span data-pf_style_display=\"inline\" data-pf_style_visibility=\"visible\"><span class=\"text-node\">O senador do PSD incluiu a proposta entre as <\/span><a href=\"https:\/\/www.poder360.com.br\/poder-congresso\/lider-interino-do-governo-no-senado-define-prioridades-pos-eleicao\/\" target=\"_blank\" rel=\"noopener\" data-pf_style_display=\"inline\" data-pf_style_visibility=\"visible\"><span class=\"text-node\">3 prioridades do governo<\/span><\/a><span class=\"text-node\"> para este ano.<\/span><\/span><\/p>\n<h2 data-pf_style_display=\"block\" data-pf_style_visibility=\"visible\"><span class=\"text-node\">EMBATE ENTRE AS CASAS<\/span><\/h2>\n<p class=\"added-to-list1\" data-pf_style_display=\"block\" data-pf_style_visibility=\"visible\"><span data-pf_style_display=\"inline\" data-pf_style_visibility=\"visible\"><span class=\"text-node\">C\u00e2mara e Senado travam uma disputa em torno da proposta. O Senado aprovou em outubro de 2023 o PL (projeto de lei) <\/span><a href=\"https:\/\/www25.senado.leg.br\/web\/atividade\/materias\/-\/materia\/151967\" target=\"_blank\" rel=\"noopener\" data-pf_style_display=\"inline\" data-pf_style_visibility=\"visible\"><span class=\"text-node\">412 de 2022<\/span><\/a><span class=\"text-node\">. Ele cria o Sistema Brasileiro de Com\u00e9rcio de Emiss\u00f5es de Gases de Efeito Estufa e estabelece regras para quem emite mais de 10.000 toneladas de g\u00e1s carb\u00f4nico por ano. O texto excluiu o agroneg\u00f3cio das obriga\u00e7\u00f5es.\u00a0<\/span><\/span><\/p>\n<p class=\"added-to-list1\" data-pf_style_display=\"block\" data-pf_style_visibility=\"visible\"><span data-pf_style_display=\"inline\" data-pf_style_visibility=\"visible\"><span class=\"text-node\">Dois meses depois, a C\u00e2mara aprovou o <\/span><a href=\"https:\/\/www.camara.leg.br\/proposicoesWeb\/fichadetramitacao?idProposicao=1548579\" target=\"_blank\" rel=\"noopener\" data-pf_style_display=\"inline\" data-pf_style_visibility=\"visible\"><span class=\"text-node\">PL 2.148 de 2015<\/span><\/a><span class=\"text-node\">, que tamb\u00e9m trata do tema e que tamb\u00e9m retirou o agroneg\u00f3cio.<\/span><\/span><\/p>\n<p class=\"added-to-list1\" data-pf_style_display=\"block\" data-pf_style_visibility=\"visible\"><span data-pf_style_display=\"inline\" data-pf_style_visibility=\"visible\"><span class=\"text-node\">A partir da\u00ed, come\u00e7ou uma disputa sobre qual projeto iria para frente. Cada Casa queria ver aprovado seu texto e dar a palavra final sobre o conte\u00fado.<\/span><\/span><\/p>\n<p class=\"added-to-list1\" data-pf_style_display=\"block\" data-pf_style_visibility=\"visible\"><span data-pf_style_display=\"inline\" data-pf_style_visibility=\"visible\"><span class=\"text-node\">Posteriormente, Lira arquivou o projeto que veio do Senado, o que desagradou Pacheco e os senadores.<\/span><\/span><\/p>\n<p class=\"added-to-list1\" data-pf_style_display=\"block\" data-pf_style_visibility=\"visible\"><span class=\"text-node\">J\u00e1 que o que veio da C\u00e2mara, segue no Senado, sem designa\u00e7\u00e3o oficial de relatoria e sem despacho para as comiss\u00f5es.<\/span><\/p>\n<\/div>\n<div class=\"trust-project-bar trust-project-bar--type-b margin-top-40\" data-pf_style_display=\"block\" data-pf_style_visibility=\"visible\"><\/div>\n","protected":false},"excerpt":{"rendered":"<p>Poder 360 &#8211; C\u00e2mara e Senado tentar\u00e3o fechar at\u00e9 a pr\u00f3xima semana um texto consensual sobre o projeto que regulamenta o mercado de carbono no Brasil. As duas Casas vivem um impasse sobre o tema.<\/p>\n","protected":false},"author":1,"featured_media":0,"comment_status":"closed","ping_status":"open","sticky":false,"template":"","format":"standard","meta":{"_exactmetrics_skip_tracking":false,"_exactmetrics_sitenote_active":false,"_exactmetrics_sitenote_note":"","_exactmetrics_sitenote_category":0,"jetpack_post_was_ever_published":false,"_jetpack_newsletter_access":"","_jetpack_dont_email_post_to_subs":false,"_jetpack_newsletter_tier_id":0,"_jetpack_memberships_contains_paywalled_content":false,"_jetpack_memberships_contains_paid_content":false,"footnotes":"","jetpack_publicize_message":"","jetpack_publicize_feature_enabled":true,"jetpack_social_post_already_shared":true,"jetpack_social_options":{"image_generator_settings":{"template":"highway","enabled":false},"version":2}},"categories":[1],"tags":[1167,1168,1028],"class_list":["post-36131","post","type-post","status-publish","format-standard","hentry","category-notas","tag-carbono","tag-impasse","tag-projeto"],"jetpack_publicize_connections":[],"jetpack_sharing_enabled":true,"jetpack_featured_media_url":"","jetpack_shortlink":"https:\/\/wp.me\/p7wKYW-9oL","jetpack-related-posts":[],"_links":{"self":[{"href":"http:\/\/blogdalucianaoliveira.com.br\/blog\/wp-json\/wp\/v2\/posts\/36131","targetHints":{"allow":["GET"]}}],"collection":[{"href":"http:\/\/blogdalucianaoliveira.com.br\/blog\/wp-json\/wp\/v2\/posts"}],"about":[{"href":"http:\/\/blogdalucianaoliveira.com.br\/blog\/wp-json\/wp\/v2\/types\/post"}],"author":[{"embeddable":true,"href":"http:\/\/blogdalucianaoliveira.com.br\/blog\/wp-json\/wp\/v2\/users\/1"}],"replies":[{"embeddable":true,"href":"http:\/\/blogdalucianaoliveira.com.br\/blog\/wp-json\/wp\/v2\/comments?post=36131"}],"version-history":[{"count":1,"href":"http:\/\/blogdalucianaoliveira.com.br\/blog\/wp-json\/wp\/v2\/posts\/36131\/revisions"}],"predecessor-version":[{"id":36133,"href":"http:\/\/blogdalucianaoliveira.com.br\/blog\/wp-json\/wp\/v2\/posts\/36131\/revisions\/36133"}],"wp:attachment":[{"href":"http:\/\/blogdalucianaoliveira.com.br\/blog\/wp-json\/wp\/v2\/media?parent=36131"}],"wp:term":[{"taxonomy":"category","embeddable":true,"href":"http:\/\/blogdalucianaoliveira.com.br\/blog\/wp-json\/wp\/v2\/categories?post=36131"},{"taxonomy":"post_tag","embeddable":true,"href":"http:\/\/blogdalucianaoliveira.com.br\/blog\/wp-json\/wp\/v2\/tags?post=36131"}],"curies":[{"name":"wp","href":"https:\/\/api.w.org\/{rel}","templated":true}]}}