{"id":36136,"date":"2024-10-25T09:20:45","date_gmt":"2024-10-25T13:20:45","guid":{"rendered":"http:\/\/blogdalucianaoliveira.com.br\/blog\/?p=36136"},"modified":"2024-10-25T09:20:45","modified_gmt":"2024-10-25T13:20:45","slug":"manaus-cidade-com-mais-indigenas-do-pais-tem-segundo-turno-com-candidatos-sem-propostas-para-os-povos-tradicionais","status":"publish","type":"post","link":"http:\/\/blogdalucianaoliveira.com.br\/blog\/2024\/10\/25\/manaus-cidade-com-mais-indigenas-do-pais-tem-segundo-turno-com-candidatos-sem-propostas-para-os-povos-tradicionais\/","title":{"rendered":"Manaus, cidade com mais ind\u00edgenas do pa\u00eds, tem segundo turno com candidatos sem propostas para os povos tradicionais"},"content":{"rendered":"<p><img data-recalc-dims=\"1\" loading=\"lazy\" decoding=\"async\" data-attachment-id=\"36137\" data-permalink=\"http:\/\/blogdalucianaoliveira.com.br\/blog\/2024\/10\/25\/manaus-cidade-com-mais-indigenas-do-pais-tem-segundo-turno-com-candidatos-sem-propostas-para-os-povos-tradicionais\/img_1963\/\" data-orig-file=\"https:\/\/i0.wp.com\/blogdalucianaoliveira.com.br\/blog\/wp-content\/uploads\/2024\/10\/IMG_1963.webp?fit=1200%2C414\" data-orig-size=\"1200,414\" data-comments-opened=\"0\" data-image-meta=\"{&quot;aperture&quot;:&quot;0&quot;,&quot;credit&quot;:&quot;&quot;,&quot;camera&quot;:&quot;&quot;,&quot;caption&quot;:&quot;&quot;,&quot;created_timestamp&quot;:&quot;0&quot;,&quot;copyright&quot;:&quot;&quot;,&quot;focal_length&quot;:&quot;0&quot;,&quot;iso&quot;:&quot;0&quot;,&quot;shutter_speed&quot;:&quot;0&quot;,&quot;title&quot;:&quot;&quot;,&quot;orientation&quot;:&quot;0&quot;}\" data-image-title=\"IMG_1963\" data-image-description=\"\" data-image-caption=\"\" data-medium-file=\"https:\/\/i0.wp.com\/blogdalucianaoliveira.com.br\/blog\/wp-content\/uploads\/2024\/10\/IMG_1963.webp?fit=300%2C104\" data-large-file=\"https:\/\/i0.wp.com\/blogdalucianaoliveira.com.br\/blog\/wp-content\/uploads\/2024\/10\/IMG_1963.webp?fit=600%2C207\" class=\"alignnone size-full wp-image-36137\" src=\"https:\/\/i0.wp.com\/blogdalucianaoliveira.com.br\/blog\/wp-content\/uploads\/2024\/10\/IMG_1963.webp?resize=600%2C207\" alt=\"\" width=\"600\" height=\"207\" srcset=\"https:\/\/i0.wp.com\/blogdalucianaoliveira.com.br\/blog\/wp-content\/uploads\/2024\/10\/IMG_1963.webp?w=1200 1200w, https:\/\/i0.wp.com\/blogdalucianaoliveira.com.br\/blog\/wp-content\/uploads\/2024\/10\/IMG_1963.webp?resize=300%2C104 300w, https:\/\/i0.wp.com\/blogdalucianaoliveira.com.br\/blog\/wp-content\/uploads\/2024\/10\/IMG_1963.webp?resize=1024%2C353 1024w, https:\/\/i0.wp.com\/blogdalucianaoliveira.com.br\/blog\/wp-content\/uploads\/2024\/10\/IMG_1963.webp?resize=768%2C265 768w, https:\/\/i0.wp.com\/blogdalucianaoliveira.com.br\/blog\/wp-content\/uploads\/2024\/10\/IMG_1963.webp?resize=800%2C276 800w\" sizes=\"auto, (max-width: 600px) 100vw, 600px\" \/><\/p>\n<p data-pf_style_display=\"block\" data-pf_style_visibility=\"visible\"><span class=\"text-node\"><strong>Infoamazonia<\/strong>, por Julie Pereira &#8211; \u00a0O atual prefeito David Almeida (Avante) e o deputado federal Capit\u00e3o Alberto Neto (PL) disputam a prefeitura da capital do Amazonas nas elei\u00e7\u00f5es municipais. Nenhum dos dois incluiu projetos para os 71,7 mil ind\u00edgenas que vivem na cidade nos planos de governo. <\/span><!--more--><\/p>\n<p data-pf_style_display=\"block\" data-pf_style_visibility=\"visible\"><span class=\"text-node\">Manaus \u00e9 a cidade com o maior n\u00famero de ind\u00edgenas no pa\u00eds, mas os dois candidatos que disputam a prefeitura no segundo turno, o atual prefeito David Almeida (Avante) e o deputado federal Capit\u00e3o Alberto Neto (PL), n\u00e3o apresentam propostas para os povos tradicionais em seus planos de governo. De acordo com o Instituto Brasileiro de Geografia e Estat\u00edstica (IBGE), 71.713 ind\u00edgenas residem na capital do Amazonas.\u00a0<\/span><\/p>\n<p data-pf_style_display=\"block\" data-pf_style_visibility=\"visible\"><span class=\"text-node\">Nos documentos apresentados ao Tribunal Superior Eleitoral (TSE), ambos os candidatos inclu\u00edram quest\u00f5es ambientais e clim\u00e1ticas em suas propostas, com investimento em arboriza\u00e7\u00e3o, limpeza de igarap\u00e9s, planos de a\u00e7\u00e3o para mudan\u00e7as clim\u00e1ticas e campanhas educacionais. No entanto, as popula\u00e7\u00f5es tradicionais, como povos ind\u00edgenas, ribeirinhos e quilombolas, foram exclu\u00eddas dos projetos.\u00a0<\/span><\/p>\n<p data-pf_style_display=\"block\" data-pf_style_visibility=\"visible\"><span class=\"text-node\">Em 4 de outubro, o Minist\u00e9rio P\u00fablico Federal (MPF) <\/span><a href=\"https:\/\/www.mpf.mp.br\/am\/sala-de-imprensa\/docs\/acp-educacao-indigena\" data-pf_style_display=\"inline\" data-pf_style_visibility=\"visible\"><span class=\"text-node\">entrou com uma a\u00e7\u00e3o<\/span><\/a><span class=\"text-node\"> contra a Prefeitura de Manaus, solicitando a cria\u00e7\u00e3o de uma categoria de \u201cescola ind\u00edgena municipal\u201d, conforme previsto na Lei Municipal n\u00ba 2.781. A legisla\u00e7\u00e3o, aprovada em 2021, determina a implementa\u00e7\u00e3o de institui\u00e7\u00f5es de ensino com pol\u00edticas espec\u00edficas e profissionais especializados em l\u00ednguas e conhecimentos tradicionais ind\u00edgenas, dentro da estrutura da Secretaria Municipal de Educa\u00e7\u00e3o. Apesar da san\u00e7\u00e3o da lei, a medida n\u00e3o foi executada.<\/span><\/p>\n<p data-pf_style_display=\"block\" data-pf_style_visibility=\"visible\"><span class=\"text-node\">Em sabatina da <\/span><a href=\"https:\/\/www.youtube.com\/live\/_lByQqRdn4s?si=Iy1hx026mLaiDbGk\" data-pf_style_display=\"inline\" data-pf_style_visibility=\"visible\"><span class=\"text-node\">BandNews<\/span><\/a><span class=\"text-node\">, Almeida foi questionado sobre os servi\u00e7os destinados \u00e0s popula\u00e7\u00f5es ind\u00edgenas, especialmente sobre a presen\u00e7a da cultura ind\u00edgena nos eventos art\u00edsticos da cidade e a implementa\u00e7\u00e3o da \u201cescola ind\u00edgena municipal\u201d. No entanto, ele se limitou a citar as a\u00e7\u00f5es realizadas durante seu mandato: \u201cO maior bairro de ind\u00edgenas \u00e9 no Parque das Tribos. L\u00e1, constru\u00edmos a maior unidade b\u00e1sica de sa\u00fade, com 59 compartimentos diferentes. L\u00e1 temos ind\u00edgenas falando as l\u00ednguas ind\u00edgenas dessa popula\u00e7\u00e3o. L\u00e1 tem asfalto, l\u00e1 tem escola, foi a prefeitura que levou\u201d, respondeu.<\/span><\/p>\n<figure class=\"wp-block-image alignwide size-large pf-caption flex-width mediumImage pf-size-full\" data-pf_style_display=\"block\" data-pf_style_visibility=\"visible\"><img data-recalc-dims=\"1\" decoding=\"async\" class=\"wp-image-193252 pf-large-image caption-img flex-width pf-size-full mediumImage\" src=\"https:\/\/i0.wp.com\/infoamazonia.org\/wp-content\/uploads\/2024\/10\/423005351_18415209316010808_6936651536897666667_n-1-1024x686.jpg?w=600&#038;ssl=1\" sizes=\"(max-width: 1024px) 100vw, 1024px\" srcset=\"\" alt=\"\"  data-pf_style_display=\"inline\" data-pf_style_visibility=\"visible\" data-pf_rect_width=\"1024\" data-pf_rect_height=\"686\" \/><figcaption class=\"wp-element-caption\" data-pf_style_display=\"block\" data-pf_style_visibility=\"visible\"><span class=\"text-node\">Parque das Tribos \u00e9 o bairro mais ind\u00edgena de Manaus, cidade com maior popula\u00e7\u00e3o ind\u00edgena do pa\u00eds Foto: Divulga\u00e7\u00e3o\/Vanda Witoto<\/span><\/figcaption><\/figure>\n<p data-pf_style_display=\"block\" data-pf_style_visibility=\"visible\"><span class=\"text-node\">Ismael Munduruku, <\/span><span class=\"tooltip-block\" data-pf_style_display=\"inline\" data-pf_style_visibility=\"visible\"><span class=\"text-node\">cacique-geral: Representa\u00e7\u00e3o m\u00e1xima da comunidade. No Parque das Tribos, a escolha ocorre por vota\u00e7\u00e3o. \u00c9 respons\u00e1vel por gerir conflitos, organizar discuss\u00f5es, falar em nome de todos.<\/span><\/span><span class=\"text-node\"> do Parque das Tribos, diz \u00e0 <\/span><strong data-pf_style_display=\"inline\" data-pf_style_visibility=\"visible\"><span class=\"text-node\">InfoAmazonia<\/span><\/strong><span class=\"text-node\"> que est\u00e1 apoiando a candidatura de David Almeida. Segundo ele, na gest\u00e3o do atual prefeito foi inaugurada uma Unidade de Sa\u00fade da Fam\u00edlia (UFS) e duas escolas no bairro. Tamb\u00e9m foram inclu\u00eddas novas linhas de \u00f4nibus.\u00a0<\/span><\/p>\n<p data-pf_style_display=\"block\" data-pf_style_visibility=\"visible\"><span class=\"text-node\">De acordo com a <\/span><a href=\"https:\/\/projetomanaos.com.br\/\" data-pf_style_display=\"inline\" data-pf_style_visibility=\"visible\"><span class=\"text-node\">Fiocruz Amaz\u00f4nia<\/span><\/a><span class=\"text-node\">, existem 2,8 mil pessoas de 35 etnias diferentes no Parque das Tribos, um bairro ind\u00edgena de Manaus. Em 2022, a institui\u00e7\u00e3o informou que 97% dessas pessoas recebiam um sal\u00e1rio de cerca de R$ 600 por m\u00eas. O local fica a 28 km de dist\u00e2ncia do centro da cidade e \u00e9 caracterizado pela pouca estrutura urbana, com ruas ainda necessitando de asfalto, casas de alvenaria com tijolos aparentes, baixa cobertura de acesso \u00e0 esgoto e coleta de lixo.\u00a0<\/span><\/p>\n<p data-pf_style_display=\"block\" data-pf_style_visibility=\"visible\"><span class=\"text-node\">O cacique explica que as medidas adotadas pela prefeitura s\u00e3o, na verdade, resultado de uma intensa luta que ocorreu <\/span><a href=\"https:\/\/infoamazonia.org\/2021\/03\/29\/amazonas-concentra-mortes-de-indigenas-no-brasil-mas-menos-da-metade-foram-vacinados\/\" data-pf_style_display=\"inline\" data-pf_style_visibility=\"visible\"><span class=\"text-node\">durante a pandemia<\/span><\/a><span class=\"text-node\">, quando os ind\u00edgenas de Manaus foram desconsiderados nos atendimentos hospitalares e na prioridade da vacina\u00e7\u00e3o. Ele afirma que os munic\u00edpios do Amazonas n\u00e3o est\u00e3o preparados para atender as popula\u00e7\u00f5es ind\u00edgenas. \u201cTodo ind\u00edgena que vai para um munic\u00edpio se torna um ind\u00edgena urbano e n\u00e3o tem pol\u00edtica para isso. Manaus n\u00e3o tem uma secretaria, uma funda\u00e7\u00e3o, qualquer autarquia para tratar dos povos ind\u00edgenas\u201d.<\/span><\/p>\n<figure class=\"wp-block-pullquote alignwide is-style-jeo\" data-pf_style_display=\"block\" data-pf_style_visibility=\"visible\">\n<blockquote data-pf_style_display=\"block\" data-pf_style_visibility=\"visible\">\n<p data-pf_style_display=\"block\" data-pf_style_visibility=\"visible\"><span class=\"text-node\">Todo ind\u00edgena que vai para um munic\u00edpio se torna um ind\u00edgena urbano e n\u00e3o tem pol\u00edtica para isso. Manaus n\u00e3o tem uma secretaria, uma funda\u00e7\u00e3o, qualquer autarquia para tratar dos povos ind\u00edgenas.<\/span><\/p>\n<p><cite data-pf_style_display=\"inline\" data-pf_style_visibility=\"visible\"><span class=\"text-node\">Ismael Munduruku, cacique-geral do Parque das Tribos<\/span><\/cite><\/p><\/blockquote>\n<\/figure>\n<p data-pf_style_display=\"block\" data-pf_style_visibility=\"visible\"><span class=\"text-node\">Ismael Munduruku destaca que um fator que favorece Almeida nestas elei\u00e7\u00f5es municipais \u00e9 a rejei\u00e7\u00e3o ao concorrente Capit\u00e3o Alberto Neto, apoiado por Jair Bolsonaro, dentro do movimento ind\u00edgena. \u201cEu n\u00e3o acredito, de forma alguma, que um prefeito que apoia Bolsonaro v\u00e1 querer dar aten\u00e7\u00e3o aos nossos povos. Bolsonaro nunca apoiou nenhuma de nossas causas, n\u00e3o \u00e9 que ele tenha apoiado uma ou outra, ele nunca apoiou nada\u201d, afirma.<\/span><\/p>\n<p data-pf_style_display=\"block\" data-pf_style_visibility=\"visible\"><span class=\"text-node\">N\u00e3o s\u00e3o apenas os movimentos ind\u00edgenas que est\u00e3o seguindo essa l\u00f3gica. Na quinta-feira (17), a Rede Sustentabilidade <\/span><a href=\"https:\/\/www.instagram.com\/p\/DBO53wuxSxg\/?igsh=d20wOWc4dm84NmNz\" data-pf_style_display=\"inline\" data-pf_style_visibility=\"visible\"><span class=\"text-node\">publicou uma nota<\/span><\/a><span class=\"text-node\"> em apoio \u00e0 candidatura de Almeida. \u201cReconhecemos as falhas da administra\u00e7\u00e3o do atual prefeito David Almeida, mas acreditamos que \u00e9 a op\u00e7\u00e3o mais democr\u00e1tica, que permitir\u00e1 melhor di\u00e1logo e avan\u00e7o nas pol\u00edticas p\u00fablicas que sonhamos para a cidade\u201d, diz o partido.\u00a0<\/span><\/p>\n<div class=\"wp-block-image\" data-pf_style_display=\"block\" data-pf_style_visibility=\"visible\">\n<figure class=\"alignleft size-large pf-caption flex-width mediumImage pf-size-full\" data-pf_style_display=\"block\" data-pf_style_visibility=\"visible\"><img data-recalc-dims=\"1\" decoding=\"async\" class=\"wp-image-193285 pf-large-image caption-img flex-width pf-size-full mediumImage\" src=\"https:\/\/i0.wp.com\/infoamazonia.org\/wp-content\/uploads\/2024\/10\/david_almeida_divulgacao-1024x1024.jpg?w=600&#038;ssl=1\" sizes=\"(max-width: 1024px) 100vw, 1024px\" srcset=\"\" alt=\"\"  data-pf_style_display=\"inline\" data-pf_style_visibility=\"visible\" data-pf_rect_width=\"1024\" data-pf_rect_height=\"1024\" \/><figcaption class=\"wp-element-caption\" data-pf_style_display=\"block\" data-pf_style_visibility=\"visible\"><span class=\"text-node\">David Almeida \u00e9 atual prefeito da cidade de Manaus e busca reelei\u00e7\u00e3o Foto: Divulga\u00e7\u00e3o\/ David Almeida <\/span><\/figcaption><\/figure>\n<\/div>\n<p data-pf_style_display=\"block\" data-pf_style_visibility=\"visible\"><span class=\"text-node\">No <\/span><a href=\"https:\/\/divulgacandcontas.tse.jus.br\/divulga\/#\/candidato\/NORTE\/AM\/2045202024\/40001941186\/2024\/02550\" data-pf_style_display=\"inline\" data-pf_style_visibility=\"visible\"><span class=\"text-node\">plano de governo<\/span><\/a><span class=\"text-node\"> do atual prefeito de Manaus, que sequer cita a palavra \u201cind\u00edgena\u201d, h\u00e1 seis propostas apenas para a <\/span><a href=\"https:\/\/infoamazonia.org\/2024\/09\/24\/em-5-anos-63-das-pautas-da-comissao-de-meio-ambiente-do-amazonas-sao-sobre-pets-crise-climatica-9\/\" data-pf_style_display=\"inline\" data-pf_style_visibility=\"visible\"><span class=\"text-node\">defesa da causa animal<\/span><\/a><span class=\"text-node\">. Para o crescimento econ\u00f4mico, Almeida prop\u00f5e a continuidade do programa \u201cManaus Mais Agro\u201d para apoiar projetos de agropecu\u00e1ria familiar. Ele tamb\u00e9m sugere a amplia\u00e7\u00e3o do acesso ao saneamento b\u00e1sico e a recupera\u00e7\u00e3o de parques ecol\u00f3gicos.\u00a0<\/span><\/p>\n<p data-pf_style_display=\"block\" data-pf_style_visibility=\"visible\"><span class=\"text-node\">Nos \u00faltimos quatro anos, Almeida investiu <\/span><a href=\"https:\/\/infoamazonia.org\/2024\/10\/04\/prefeitos-candidatos-a-reeleicao-nas-capitais-da-amazonia-destinaram-036-do-orcamento-ao-meio-ambiente\/\" data-pf_style_display=\"inline\" data-pf_style_visibility=\"visible\"><span class=\"text-node\">apenas 0,25% da receita em projetos<\/span><\/a><span class=\"text-node\">relacionados \u00e0 prote\u00e7\u00e3o do meio ambiente e, durante sua gest\u00e3o, foi criticado por movimentos sociais. Em setembro deste ano, por exemplo, a organiza\u00e7\u00e3o <\/span><a href=\"https:\/\/nossas.org\/nossas-cidades\/minha-manaus\/\" data-pf_style_display=\"inline\" data-pf_style_visibility=\"visible\"><span class=\"text-node\">Minha Manaus<\/span><\/a><span class=\"text-node\">apresentou um documento com mais de 3 mil assinaturas solicitando ao Tribunal de Justi\u00e7a do Amazonas (TJ\/AM) que impe\u00e7a a constru\u00e7\u00e3o da nova sede da Secretaria Municipal de Meio Ambiente, Sustentabilidade e Mudan\u00e7a do Clima (Semmasclima), cuja obra afetaria o Parque Ponte dos Bilhares, uma das principais \u00e1reas verdes da cidade.<\/span><\/p>\n<h2 id=\"h-militar-e-evangelico\" class=\"wp-block-heading\" data-pf_style_display=\"block\" data-pf_style_visibility=\"visible\"><span class=\"text-node\">Militar e evang\u00e9lico<\/span><\/h2>\n<p data-pf_style_display=\"block\" data-pf_style_visibility=\"visible\"><span class=\"text-node\">J\u00e1 o <\/span><a href=\"https:\/\/divulgacandcontas.tse.jus.br\/divulga\/#\/candidato\/NORTE\/AM\/2045202024\/40002142182\/2024\/02550\" data-pf_style_display=\"inline\" data-pf_style_visibility=\"visible\"><span class=\"text-node\">plano de governo<\/span><\/a><span class=\"text-node\"> do Capit\u00e3o Alberto Neto \u00e9 voltado para o p\u00fablico conservador. Policial militar e religioso evang\u00e9lico, o deputado federal visitou Manaus duas vezes para participar de com\u00edcios e pedir votos nesta elei\u00e7\u00e3o. No documento enviado ao TSE, Neto utiliza express\u00f5es como \u201cque Deus esteja conosco\u201d e \u201cvamos dar um choque de ordem\u201d.\u00a0<\/span><\/p>\n<p data-pf_style_display=\"block\" data-pf_style_visibility=\"visible\"><span class=\"text-node\">Na campanha, o foco \u00e9 a seguran\u00e7a p\u00fablica. Ele prop\u00f5e transformar a guarda municipal em pol\u00edcia, criar um centro de comando e controle e instalar um \u201cbot\u00e3o do p\u00e2nico\u201d nos \u00f4nibus da cidade, que poder\u00e1 ser acionado em situa\u00e7\u00f5es de emerg\u00eancia. Para a economia, defende projetos para empreendedores, a revitaliza\u00e7\u00e3o do Sistema Nacional de Emprego (Sine) em Manaus e uma plataforma exclusiva para a contrata\u00e7\u00e3o de micro e pequenas empresas.<\/span><\/p>\n<div class=\"wp-block-image\" data-pf_style_display=\"block\" data-pf_style_visibility=\"visible\">\n<figure class=\"alignright size-large pf-caption flex-width mediumImage pf-size-full\" data-pf_style_display=\"block\" data-pf_style_visibility=\"visible\"><img data-recalc-dims=\"1\" decoding=\"async\" class=\"wp-image-193263 pf-large-image caption-img flex-width pf-size-full mediumImage\" src=\"https:\/\/i0.wp.com\/infoamazonia.org\/wp-content\/uploads\/2024\/10\/463419617_18374350162105774_6952773896240618597_n-1024x1024.jpg?w=600&#038;ssl=1\" sizes=\"(max-width: 1024px) 100vw, 1024px\" srcset=\"\" alt=\"\"  data-pf_style_display=\"inline\" data-pf_style_visibility=\"visible\" data-pf_rect_width=\"1024\" data-pf_rect_height=\"1024\" \/><figcaption class=\"wp-element-caption\" data-pf_style_display=\"block\" data-pf_style_visibility=\"visible\"><span class=\"text-node\">Capit\u00e3o Alberto Neto e ex-presidente Jair Bolsonaro, apoiador da sua candidatura Foto: Divulga\u00e7\u00e3o\/Alberto Neto<\/span><\/figcaption><\/figure>\n<\/div>\n<p data-pf_style_display=\"block\" data-pf_style_visibility=\"visible\"><span class=\"text-node\">Alberto Neto foi eleito deputado federal em 2018. Desde ent\u00e3o, prop\u00f4s 272 projetos de lei (PL) e aprovou oito. Em seis anos de mandato, apenas o <\/span><a href=\"https:\/\/www.camara.leg.br\/proposicoesWeb\/fichadetramitacao?idProposicao=2247019\" data-pf_style_display=\"inline\" data-pf_style_visibility=\"visible\"><span class=\"text-node\">PL 1737\/2020<\/span><\/a><span class=\"text-node\"> abordou quest\u00f5es ind\u00edgenas, sendo que a proposta \u00e9 autorizar o garimpo dentro dos territ\u00f3rios. \u201cA permiss\u00e3o de lavra ind\u00edgena ser\u00e1 outorgada a ind\u00edgena brasileiro e a cooperativas ind\u00edgenas, autorizadas a funcionar como empresa de minera\u00e7\u00e3o, que venham a exercer suas atividades em terras ind\u00edgenas\u201d, diz o projeto, que est\u00e1 tramitando e foi apensado ao PL 7099\/2006, que aguarda cria\u00e7\u00e3o de comiss\u00e3o.\u00a0<\/span><\/p>\n<p data-pf_style_display=\"block\" data-pf_style_visibility=\"visible\"><span class=\"text-node\">Durante a sabatina <\/span><a href=\"https:\/\/www.youtube.com\/live\/bw67jqHQ6YM?si=w87mq2BXOlM2El7N\" data-pf_style_display=\"inline\" data-pf_style_visibility=\"visible\"><span class=\"text-node\">da BandNews,<\/span><\/a><span class=\"text-node\"> o candidato do PL admitiu que errou com a falta de propostas no plano de governo e ficou surpreso ao saber que a cidade \u00e9 a maior com o n\u00famero de popula\u00e7\u00f5es ind\u00edgenas do pa\u00eds. \u201cO mundo todo quer conhecer essa cultura e a gente acaba deixando de explorar isso e n\u00f3s vamos fazer um ambiente saud\u00e1vel para as popula\u00e7\u00f5es ind\u00edgenas. \u00c9 nossa cultura, \u00e9 nossa maior riqueza, a gente n\u00e3o pode virar as costas para a comunidade origin\u00e1ria\u201d, disse.\u00a0<\/span><\/p>\n<p data-pf_style_display=\"block\" data-pf_style_visibility=\"visible\"><span class=\"text-node\">A <\/span><strong data-pf_style_display=\"inline\" data-pf_style_visibility=\"visible\"><span class=\"text-node\">InfoAmazonia<\/span><\/strong><span class=\"text-node\"> perguntou aos dois candidatos, David Almeida e Capit\u00e3o Alberto Neto, qual o motivo da aus\u00eancia de propostas direcionadas \u00e0 popula\u00e7\u00e3o ind\u00edgena, mas n\u00e3o obteve resposta at\u00e9 a publica\u00e7\u00e3o desta reportagem.<\/span><\/p>\n<h2 id=\"h-desconhecimento-das-populacoes-locais\" class=\"wp-block-heading\" data-pf_style_display=\"block\" data-pf_style_visibility=\"visible\"><span class=\"text-node\">Desconhecimento das popula\u00e7\u00f5es locais<\/span><\/h2>\n<p data-pf_style_display=\"block\" data-pf_style_visibility=\"visible\"><span class=\"text-node\">O antrop\u00f3logo Raimundo Nonato, da Universidade Federal do Amazonas (Ufam), avalia que os candidatos possuem um desconhecimento sobre as popula\u00e7\u00f5es ind\u00edgenas locais, por isso, a dificuldade em ter propostas significativas, o que ele chamada de \u201cdefici\u00eancia cognitiva pol\u00edtica\u201d: \u201cCria-se uma dificuldade de compreender os preceitos legais garantidos pela legisla\u00e7\u00e3o brasileira que define o ser ind\u00edgena. Essa defici\u00eancia abre espa\u00e7o para a\u00e7\u00f5es pol\u00edticas populistas em respostas a demandas da popula\u00e7\u00e3o\u201d, afirma o professor.\u00a0<\/span><\/p>\n<p data-pf_style_display=\"block\" data-pf_style_visibility=\"visible\"><span class=\"text-node\">Os ind\u00edgenas foram os primeiros habitantes do territ\u00f3rio que hoje se chama Manaus. Na d\u00e9cada de 70, o local era moradia de v\u00e1rios povos, entre eles, o povo Man\u00e1os, que travou diversas lutas contra as tropas portuguesas e depois se tornou inspira\u00e7\u00e3o para o nome da cidade. Entre seus l\u00edderes, estava Ajuricaba, guerreiro ind\u00edgena que foi assassinado durante os confrontos e tem seu nome registrado como um dos combatentes da \u00e9poca.\u00a0<\/span><\/p>\n<p data-pf_style_display=\"block\" data-pf_style_visibility=\"visible\"><span class=\"text-node\">Depois da regi\u00e3o ter sido tomada pela coroa portuguesa, muitos ind\u00edgenas foram mortos e expulsos. Ainda hoje as lideran\u00e7as reivindicam um espa\u00e7o de acolhimento para popula\u00e7\u00f5es que chegam na cidade em busca de educa\u00e7\u00e3o, atendimento hospitalar e assist\u00eancia social. Desde a d\u00e9cada de 80, ocupa\u00e7\u00f5es urbanas feitas por popula\u00e7\u00f5es ind\u00edgenas s\u00e3o vistas na cidade, como \u00e9 o caso do Parque das Tribos.\u00a0<\/span><\/p>\n<p data-pf_style_display=\"block\" data-pf_style_visibility=\"visible\"><span class=\"text-node\">A l\u00edder Vanda Witoto, moradora do Parque das Tribos, afirma que existe uma invers\u00e3o de valores na sociedade manauara. \u201cAs pessoas est\u00e3o olhando a nossa vida sem nenhum valor, ou seja, at\u00e9 os animais t\u00eam mais direitos hoje do que os povos ind\u00edgenas. A gente v\u00ea um processo de desumaniza\u00e7\u00e3o dos nossos direitos enquanto povos origin\u00e1rios. A gente t\u00e1 de fato num cerco de retirada dos nossos direitos\u201d, diz.<\/span><\/p>\n<figure class=\"wp-block-pullquote alignwide is-style-jeo\" data-pf_style_display=\"block\" data-pf_style_visibility=\"visible\">\n<blockquote data-pf_style_display=\"block\" data-pf_style_visibility=\"visible\">\n<p data-pf_style_display=\"block\" data-pf_style_visibility=\"visible\"><span class=\"text-node\">As pessoas est\u00e3o olhando a nossa vida sem nenhum valor, ou seja, at\u00e9 os animais t\u00eam mais direitos hoje do que os povos ind\u00edgenas. A gente v\u00ea um processo de desumaniza\u00e7\u00e3o dos nossos direitos enquanto povos origin\u00e1rios. A gente t\u00e1 de fato num cerco de retirada dos nossos direitos.<\/span><\/p>\n<p><cite data-pf_style_display=\"inline\" data-pf_style_visibility=\"visible\"><span class=\"text-node\">Vanda Witoto, enfermeira e moradora do Parque das Tribos<\/span><\/cite><\/p><\/blockquote>\n<\/figure>\n<figure class=\"wp-block-image alignwide size-full pf-caption flex-width mediumImage pf-size-full\" data-pf_style_display=\"block\" data-pf_style_visibility=\"visible\"><img data-recalc-dims=\"1\" decoding=\"async\" class=\"wp-image-193269 pf-large-image caption-img flex-width pf-size-full mediumImage\" src=\"https:\/\/i0.wp.com\/infoamazonia.org\/wp-content\/uploads\/2024\/10\/Parque-das-Tribos_Foto_-FernandoCrispim_La-Xunga_AmazoniaReal-1-1024x682-1.jpg?w=600&#038;ssl=1\" sizes=\"(max-width: 1024px) 100vw, 1024px\" srcset=\"\" alt=\"\"  data-pf_style_display=\"inline\" data-pf_style_visibility=\"visible\" data-pf_rect_width=\"1024\" data-pf_rect_height=\"682\" \/><figcaption class=\"wp-element-caption\" data-pf_style_display=\"block\" data-pf_style_visibility=\"visible\"><span class=\"text-node\">Vanda Witoto \u00e9 enfermeira e participou da cria\u00e7\u00e3o de um hospital ind\u00edgena no bairro Parque das Tribos Foto: Fernando Crispim\/La Xunga\/Amaz\u00f4nia Real<\/span><\/figcaption><\/figure>\n<p data-pf_style_display=\"block\" data-pf_style_visibility=\"visible\"><span class=\"text-node\">Para promover os debates em torno dos ind\u00edgenas em contexto urbano, o cacique Ismael Munduruku est\u00e1 organizando um evento que deve reunir lideran\u00e7as da regi\u00e3o em Manaus, em novembro. O objetivo \u00e9 inserir as quest\u00f5es urbanas dentro dos debates ambientais, como a prepara\u00e7\u00e3o para a COP30, que ocorrer\u00e1 em 2025, em Bel\u00e9m, no Par\u00e1.\u00a0<\/span><\/p>\n<p data-pf_style_display=\"block\" data-pf_style_visibility=\"visible\"><span class=\"text-node\">\u201cEu vejo que existem muitas organiza\u00e7\u00f5es ind\u00edgenas falando em nome dos nossos povos, mas ningu\u00e9m falando sobre os ind\u00edgenas em contexto urbano. Esse evento \u00e9 para que as nossas vozes sejam escutadas em n\u00edvel nacional e internacional\u201d, explicou.\u00a0<\/span><\/p>\n","protected":false},"excerpt":{"rendered":"<p>Infoamazonia, por Julie Pereira &#8211; \u00a0O atual prefeito David Almeida (Avante) e o deputado federal Capit\u00e3o Alberto Neto (PL) disputam a prefeitura da capital do Amazonas nas elei\u00e7\u00f5es municipais. Nenhum dos dois incluiu projetos para os 71,7 mil ind\u00edgenas que vivem na cidade nos planos de governo.<\/p>\n","protected":false},"author":1,"featured_media":0,"comment_status":"closed","ping_status":"open","sticky":false,"template":"","format":"standard","meta":{"_exactmetrics_skip_tracking":false,"_exactmetrics_sitenote_active":false,"_exactmetrics_sitenote_note":"","_exactmetrics_sitenote_category":0,"jetpack_post_was_ever_published":false,"_jetpack_newsletter_access":"","_jetpack_dont_email_post_to_subs":false,"_jetpack_newsletter_tier_id":0,"_jetpack_memberships_contains_paywalled_content":false,"_jetpack_memberships_contains_paid_content":false,"footnotes":"","jetpack_publicize_message":"","jetpack_publicize_feature_enabled":true,"jetpack_social_post_already_shared":true,"jetpack_social_options":{"image_generator_settings":{"template":"highway","enabled":false},"version":2}},"categories":[1],"tags":[1101,306,621],"class_list":["post-36136","post","type-post","status-publish","format-standard","hentry","category-notas","tag-eleicoes-2024","tag-indigenas","tag-manaus"],"jetpack_publicize_connections":[],"jetpack_sharing_enabled":true,"jetpack_featured_media_url":"","jetpack_shortlink":"https:\/\/wp.me\/p7wKYW-9oQ","jetpack-related-posts":[],"_links":{"self":[{"href":"http:\/\/blogdalucianaoliveira.com.br\/blog\/wp-json\/wp\/v2\/posts\/36136","targetHints":{"allow":["GET"]}}],"collection":[{"href":"http:\/\/blogdalucianaoliveira.com.br\/blog\/wp-json\/wp\/v2\/posts"}],"about":[{"href":"http:\/\/blogdalucianaoliveira.com.br\/blog\/wp-json\/wp\/v2\/types\/post"}],"author":[{"embeddable":true,"href":"http:\/\/blogdalucianaoliveira.com.br\/blog\/wp-json\/wp\/v2\/users\/1"}],"replies":[{"embeddable":true,"href":"http:\/\/blogdalucianaoliveira.com.br\/blog\/wp-json\/wp\/v2\/comments?post=36136"}],"version-history":[{"count":1,"href":"http:\/\/blogdalucianaoliveira.com.br\/blog\/wp-json\/wp\/v2\/posts\/36136\/revisions"}],"predecessor-version":[{"id":36138,"href":"http:\/\/blogdalucianaoliveira.com.br\/blog\/wp-json\/wp\/v2\/posts\/36136\/revisions\/36138"}],"wp:attachment":[{"href":"http:\/\/blogdalucianaoliveira.com.br\/blog\/wp-json\/wp\/v2\/media?parent=36136"}],"wp:term":[{"taxonomy":"category","embeddable":true,"href":"http:\/\/blogdalucianaoliveira.com.br\/blog\/wp-json\/wp\/v2\/categories?post=36136"},{"taxonomy":"post_tag","embeddable":true,"href":"http:\/\/blogdalucianaoliveira.com.br\/blog\/wp-json\/wp\/v2\/tags?post=36136"}],"curies":[{"name":"wp","href":"https:\/\/api.w.org\/{rel}","templated":true}]}}