{"id":36145,"date":"2024-10-28T15:31:26","date_gmt":"2024-10-28T19:31:26","guid":{"rendered":"https:\/\/blogdalucianaoliveira.com.br\/blog\/?p=36145"},"modified":"2024-10-28T15:31:26","modified_gmt":"2024-10-28T19:31:26","slug":"eleicoes-2024-de-que-tamanho-o-bolsonarismo-sai-das-urnas","status":"publish","type":"post","link":"http:\/\/blogdalucianaoliveira.com.br\/blog\/2024\/10\/28\/eleicoes-2024-de-que-tamanho-o-bolsonarismo-sai-das-urnas\/","title":{"rendered":"Elei\u00e7\u00f5es 2024: de que tamanho o bolsonarismo sai das urnas?"},"content":{"rendered":"<div class=\"bbc-19j92fr ebmt73l0\" dir=\"ltr\" data-pf_style_display=\"block\" data-pf_style_visibility=\"visible\">\n<p dir=\"ltr\" data-pf_style_display=\"block\" data-pf_style_visibility=\"visible\"><img data-recalc-dims=\"1\" loading=\"lazy\" decoding=\"async\" data-attachment-id=\"36146\" data-permalink=\"http:\/\/blogdalucianaoliveira.com.br\/blog\/2024\/10\/28\/eleicoes-2024-de-que-tamanho-o-bolsonarismo-sai-das-urnas\/6c4c5fb0-9533-11ef-8e6d-e3e64e16c628-jpg\/\" data-orig-file=\"https:\/\/i0.wp.com\/blogdalucianaoliveira.com.br\/blog\/wp-content\/uploads\/2024\/10\/6c4c5fb0-9533-11ef-8e6d-e3e64e16c628.jpg.webp?fit=800%2C450\" data-orig-size=\"800,450\" data-comments-opened=\"0\" data-image-meta=\"{&quot;aperture&quot;:&quot;0&quot;,&quot;credit&quot;:&quot;&quot;,&quot;camera&quot;:&quot;&quot;,&quot;caption&quot;:&quot;&quot;,&quot;created_timestamp&quot;:&quot;0&quot;,&quot;copyright&quot;:&quot;&quot;,&quot;focal_length&quot;:&quot;0&quot;,&quot;iso&quot;:&quot;0&quot;,&quot;shutter_speed&quot;:&quot;0&quot;,&quot;title&quot;:&quot;&quot;,&quot;orientation&quot;:&quot;0&quot;}\" data-image-title=\"6c4c5fb0-9533-11ef-8e6d-e3e64e16c628.jpg\" data-image-description=\"\" data-image-caption=\"\" data-medium-file=\"https:\/\/i0.wp.com\/blogdalucianaoliveira.com.br\/blog\/wp-content\/uploads\/2024\/10\/6c4c5fb0-9533-11ef-8e6d-e3e64e16c628.jpg.webp?fit=300%2C169\" data-large-file=\"https:\/\/i0.wp.com\/blogdalucianaoliveira.com.br\/blog\/wp-content\/uploads\/2024\/10\/6c4c5fb0-9533-11ef-8e6d-e3e64e16c628.jpg.webp?fit=600%2C338\" class=\"alignnone size-full wp-image-36146\" src=\"https:\/\/i0.wp.com\/blogdalucianaoliveira.com.br\/blog\/wp-content\/uploads\/2024\/10\/6c4c5fb0-9533-11ef-8e6d-e3e64e16c628.jpg.webp?resize=600%2C338\" alt=\"\" width=\"600\" height=\"338\" srcset=\"https:\/\/i0.wp.com\/blogdalucianaoliveira.com.br\/blog\/wp-content\/uploads\/2024\/10\/6c4c5fb0-9533-11ef-8e6d-e3e64e16c628.jpg.webp?w=800 800w, https:\/\/i0.wp.com\/blogdalucianaoliveira.com.br\/blog\/wp-content\/uploads\/2024\/10\/6c4c5fb0-9533-11ef-8e6d-e3e64e16c628.jpg.webp?resize=300%2C169 300w, https:\/\/i0.wp.com\/blogdalucianaoliveira.com.br\/blog\/wp-content\/uploads\/2024\/10\/6c4c5fb0-9533-11ef-8e6d-e3e64e16c628.jpg.webp?resize=768%2C432 768w, https:\/\/i0.wp.com\/blogdalucianaoliveira.com.br\/blog\/wp-content\/uploads\/2024\/10\/6c4c5fb0-9533-11ef-8e6d-e3e64e16c628.jpg.webp?resize=533%2C300 533w\" sizes=\"auto, (max-width: 600px) 100vw, 600px\" \/><\/p>\n<p class=\"bbc-hhl7in e17g058b0 added-to-list1\" dir=\"ltr\" data-pf_style_display=\"block\" data-pf_style_visibility=\"visible\"><span class=\"text-node\">516\u00a0<\/span><a class=\"focusIndicatorReducedWidth bbc-n8oauk e1p3sufg0\" href=\"https:\/\/www.bbc.com\/portuguese\/articles\/ce8dx0k8gl1o\" data-pf_style_display=\"inline\" data-pf_style_visibility=\"visible\"><span class=\"text-node\">prefeitos<\/span><\/a><span class=\"text-node\">, incluindo nas capitais Aracaju, Cuiab\u00e1, Macei\u00f3 e Rio Branco, um vice na maior cidade do pa\u00eds, S\u00e3o Paulo, 4.957 vereadores, 43,1% mais do que quatro anos atr\u00e1s.<\/span><\/p>\n<\/div>\n<p><!--more--><\/p>\n<div class=\"bbc-19j92fr ebmt73l0\" dir=\"ltr\" data-pf_style_display=\"block\" data-pf_style_visibility=\"visible\">\n<p class=\"bbc-hhl7in e17g058b0 added-to-list1\" dir=\"ltr\" data-pf_style_display=\"block\" data-pf_style_visibility=\"visible\"><span class=\"text-node\"><strong>BBC<\/strong> &#8211; O Partido Liberal (PL), sigla de Jair Bolsonaro, foi um dos grandes vitoriosos da <\/span><a class=\"focusIndicatorReducedWidth bbc-n8oauk e1p3sufg0\" href=\"https:\/\/www.bbc.com\/portuguese\/topics\/cy6z19wz1zet\" data-pf_style_display=\"inline\" data-pf_style_visibility=\"visible\"><span class=\"text-node\">elei\u00e7\u00e3o municipal de 2024<\/span><\/a><span class=\"text-node\">.<\/span><\/p>\n<\/div>\n<div class=\"bbc-19j92fr ebmt73l0\" dir=\"ltr\" data-pf_style_display=\"block\" data-pf_style_visibility=\"visible\">\n<p class=\"bbc-hhl7in e17g058b0 added-to-list1\" dir=\"ltr\" data-pf_style_display=\"block\" data-pf_style_visibility=\"visible\"><span class=\"text-node\">O desempenho, somado a vit\u00f3rias de candidaturas que foram abrigadas em outras legendas, mas que defenderam agendas pr\u00f3ximas \u00e0 encampada pelo partido, mostra que o campo bolsonarista sai fortalecido das urnas.<\/span><\/p>\n<\/div>\n<div class=\"bbc-19j92fr ebmt73l0\" dir=\"ltr\" data-pf_style_display=\"block\" data-pf_style_visibility=\"visible\">\n<p class=\"bbc-hhl7in e17g058b0 added-to-list1\" dir=\"ltr\" data-pf_style_display=\"block\" data-pf_style_visibility=\"visible\"><span class=\"text-node\">Essa \u00e9 a ideia central da an\u00e1lise que cientistas pol\u00edticos ouvidos pela BBC News Brasil fazem sobre a\u00a0<\/span><a class=\"focusIndicatorReducedWidth bbc-n8oauk e1p3sufg0 pf-delete\" href=\"https:\/\/www.bbc.com\/portuguese\/articles\/crkdr5y5lvxo\" data-pf_style_display=\"inline\" data-pf_style_visibility=\"visible\"><span class=\"text-node\">corrida eleitoral que se encerrou neste domingo (27\/10)<\/span><\/a><span class=\"text-node\">.<\/span><\/p>\n<\/div>\n<section class=\"bbc-geybui\" role=\"region\" aria-label=\"Publicidade 2\" aria-hidden=\"true\" data-e2e=\"advertisement\" data-pf_style_display=\"block\" data-pf_style_visibility=\"visible\"><\/section>\n<div class=\"bbc-19j92fr ebmt73l0\" dir=\"ltr\" data-pf_style_display=\"block\" data-pf_style_visibility=\"visible\">\n<p class=\"bbc-hhl7in e17g058b0 added-to-list1\" dir=\"ltr\" data-pf_style_display=\"block\" data-pf_style_visibility=\"visible\"><span class=\"text-node\">&#8220;Esse campo realmente conseguiu um sucesso importante nas elei\u00e7\u00f5es&#8221;, diz Camila Rocha, estudiosa do bolsonarismo e diretora do Center for Critical Imagination do Centro Brasileiro de An\u00e1lise e Planejamento (CCI-Cebrap).<\/span><\/p>\n<\/div>\n<div class=\"bbc-19j92fr ebmt73l0\" dir=\"ltr\" data-pf_style_display=\"block\" data-pf_style_visibility=\"visible\">\n<p class=\"bbc-hhl7in e17g058b0 added-to-list1\" dir=\"ltr\" data-pf_style_display=\"block\" data-pf_style_visibility=\"visible\"><span class=\"text-node\">Mas se, de um lado, o\u00a0<\/span><a class=\"focusIndicatorReducedWidth bbc-n8oauk e1p3sufg0\" href=\"https:\/\/www.bbc.com\/portuguese\/articles\/cx2lyxzgz25o\" data-pf_style_display=\"inline\" data-pf_style_visibility=\"visible\"><span class=\"text-node\">campo bolsonarista sai fortalecido<\/span><\/a><span class=\"text-node\">, de outro, ele deixa as disputas municipais de 2024 com as divis\u00f5es internas mais aparentes, observam os especialistas.<\/span><\/p>\n<\/div>\n<div class=\"bbc-19j92fr ebmt73l0\" dir=\"ltr\" data-pf_style_display=\"block\" data-pf_style_visibility=\"visible\">\n<p class=\"bbc-hhl7in e17g058b0 added-to-list1\" dir=\"ltr\" data-pf_style_display=\"block\" data-pf_style_visibility=\"visible\"><span class=\"text-node\">Com isso, outras lideran\u00e7as do campo da direita, como o governador de S\u00e3o Paulo, Tarc\u00edsio de Freitas (Republicanos) e o governador de Goi\u00e1s, Ronaldo Caiado (UB) ganharam espa\u00e7o e margem de influ\u00eancia.<\/span><\/p>\n<\/div>\n<div class=\"bbc-4quw3x e1rfboeq7\" dir=\"ltr\" data-pf_style_display=\"block\" data-pf_style_visibility=\"visible\">\n<div class=\"container-fluid d-flex flex-column pf-app-wrapper justify-content-start app\">\n<div class=\"pf-app-view\">\n<div id=\"pf-page-content\" class=\"pf-page-content\">\n<div class=\"pf-app-inner d-flex flex-column\">\n<div id=\"pf-body\" class=\"browser pf-content-wrapper\">\n<div id=\"printfriendly\" class=\"print-only\">\n<div id=\"pf-print-area\" class=\"clearfix js-print-area content-unmask direction-ltr\">\n<div id=\"pf-content\" class=\"js-pf-content pf-12\">\n<div class=\"\" data-pf_style_display=\"block\" data-pf_style_visibility=\"visible\">\n<div class=\"bbc-1cvxiy9 pf-candidate\" data-pf_style_display=\"block\" data-pf_style_visibility=\"visible\"><main class=\"bbc-fa0wmp pf-candidate\" role=\"main\" data-pf_style_display=\"block\" data-pf_style_visibility=\"visible\"><\/p>\n<div class=\"bbc-4quw3x e1rfboeq7\" dir=\"ltr\" data-pf_style_display=\"block\" data-pf_style_visibility=\"visible\">\n<section class=\"e1rfboeq6 bbc-12e4ke4 e1s8ztj50\" role=\"region\" aria-labelledby=\"podcast-promo\" data-pf_style_display=\"block\" data-pf_style_visibility=\"visible\">\n<div class=\"bbc-bjn8wh eveec6k2\" data-pf_style_display=\"block\" data-pf_style_visibility=\"visible\">\n<p id=\"end-of-podcasts\" class=\"bbc-10a2avq eveec6k0 added-to-list1\" tabindex=\"-1\" data-pf_style_display=\"block\" data-pf_style_visibility=\"visible\">Desde que Bolsonaro assumiu a Presid\u00eancia em 2019, uma parte da direita radical que aderiu \u00e0 sua ideologia desaguou na pol\u00edtica mais tradicional.<\/p>\n<\/div>\n<\/section>\n<\/div>\n<div class=\"bbc-19j92fr ebmt73l0\" dir=\"ltr\" data-pf_style_display=\"block\" data-pf_style_visibility=\"visible\">\n<p class=\"bbc-hhl7in e17g058b0 added-to-list1\" dir=\"ltr\" data-pf_style_display=\"block\" data-pf_style_visibility=\"visible\"><span class=\"text-node\">Outra fatia, por sua vez, radicalizou ainda mais o discurso, um movimento simbolizado na emerg\u00eancia de figuras como Pablo Mar\u00e7al (PRTB), em S\u00e3o Paulo, com uma ret\u00f3rica antissistema que se estendeu inclusive para a religi\u00e3o.<\/span><\/p>\n<\/div>\n<div class=\"bbc-19j92fr ebmt73l0\" dir=\"ltr\" data-pf_style_display=\"block\" data-pf_style_visibility=\"visible\">\n<p class=\"bbc-hhl7in e17g058b0 added-to-list1\" dir=\"ltr\" data-pf_style_display=\"block\" data-pf_style_visibility=\"visible\"><span class=\"text-node\">Essa segmenta\u00e7\u00e3o de certa forma reflete a pr\u00f3pria diversidade do voto bolsonarista, avalia Monalisa Soares, coordenadora do Laborat\u00f3rio de Estudos sobre Pol\u00edtica, Elei\u00e7\u00f5es e M\u00eddia da Universidade Federal do Cear\u00e1 (LEPEM-UFC).<\/span><\/p>\n<\/div>\n<div class=\"bbc-19j92fr ebmt73l0\" dir=\"ltr\" data-pf_style_display=\"block\" data-pf_style_visibility=\"visible\">\n<p class=\"bbc-hhl7in e17g058b0 added-to-list1\" dir=\"ltr\" data-pf_style_display=\"block\" data-pf_style_visibility=\"visible\"><span class=\"text-node\">Quando se elegeu em 2018, Bolsonaro amalgamou perfis diferentes de eleitores: antipetistas; liberais que simpatizavam com seu ministro da Economia, Paulo Guedes; conservadores que se identificavam com a pauta de costumes; e outros, com a pr\u00f3pria figura do ex-militar.<\/span><\/p>\n<\/div>\n<div class=\"bbc-19j92fr ebmt73l0\" dir=\"ltr\" data-pf_style_display=\"block\" data-pf_style_visibility=\"visible\">\n<p class=\"bbc-hhl7in e17g058b0 added-to-list1\" dir=\"ltr\" data-pf_style_display=\"block\" data-pf_style_visibility=\"visible\"><span class=\"text-node\">&#8220;O que a gente v\u00ea agora \u00e9 uma contradi\u00e7\u00e3o maior dentro desse campo&#8221;, acrescenta a cientista pol\u00edtica, referindo-se a disputas como as de S\u00e3o Paulo e de Curitiba, em que mais de um candidato reivindicou a un\u00e7\u00e3o do ex-presidente durante a campanha.<\/span><\/p>\n<\/div>\n<div class=\"bbc-19j92fr ebmt73l0\" dir=\"ltr\" data-pf_style_display=\"block\" data-pf_style_visibility=\"visible\">\n<p class=\"bbc-hhl7in e17g058b0 added-to-list1\" dir=\"ltr\" data-pf_style_display=\"block\" data-pf_style_visibility=\"visible\"><span class=\"text-node\">&#8220;Isso reflete a possibilidade de existirem candidatos que est\u00e3o no mesmo campo, mas que sinalizam para fatias diferentes desse eleitorado.&#8221;<\/span><\/p>\n<\/div>\n<div class=\"bbc-19j92fr ebmt73l0\" dir=\"ltr\" data-pf_style_display=\"block\" data-pf_style_visibility=\"visible\">\n<p class=\"bbc-hhl7in e17g058b0 added-to-list1\" dir=\"ltr\" data-pf_style_display=\"block\" data-pf_style_visibility=\"visible\"><span class=\"text-node\">Em S\u00e3o Paulo, o PL de Bolsonaro\u00a0<\/span><a class=\"focusIndicatorReducedWidth bbc-n8oauk e1p3sufg0\" href=\"https:\/\/www.bbc.com\/portuguese\/articles\/cx2lyxzgz25o\" data-pf_style_display=\"inline\" data-pf_style_visibility=\"visible\"><span class=\"text-node\">indicou o vice na chapa do prefeito<\/span><\/a><span class=\"text-node\">\u00a0Ricardo Nunes (MDB) &#8211; que venceu Guilherme Boulos (PSOL) e conquistou a reelei\u00e7\u00e3o neste domingo -, enquanto Pablo Mar\u00e7al reivindicou uma posi\u00e7\u00e3o como &#8220;bolsonarista raiz&#8221;.<\/span><\/p>\n<\/div>\n<div class=\"bbc-19j92fr ebmt73l0\" dir=\"ltr\" data-pf_style_display=\"block\" data-pf_style_visibility=\"visible\">\n<p class=\"bbc-hhl7in e17g058b0 added-to-list1\" dir=\"ltr\" data-pf_style_display=\"block\" data-pf_style_visibility=\"visible\"><span class=\"text-node\">O PL tamb\u00e9m tinha um vice na disputa de segundo turno na capital paranaense, na chapa de Eduardo Pimentel (PSD), que saiu vitorioso neste domingo, apoiado pelo governador Ratinho Junior (PSD). Sua oponente, Cristina Graeml (PMB), usou, contudo, a imagem do ex-presidente de forma reiterada durante a campanha, se apresentando como verdadeira bolsonarista.<\/span><\/p>\n<\/div>\n<div class=\"bbc-19j92fr ebmt73l0\" dir=\"ltr\" data-pf_style_display=\"block\" data-pf_style_visibility=\"visible\">\n<p class=\"bbc-hhl7in e17g058b0 added-to-list1\" dir=\"ltr\" data-pf_style_display=\"block\" data-pf_style_visibility=\"visible\"><span class=\"text-node\">Guilherme Casar\u00f5es, coordenador do Observat\u00f3rio da Extrema Direita, categoriza como &#8220;racha&#8221; essa redistribui\u00e7\u00e3o das for\u00e7as do bolsonarismo no espectro pol\u00edtico.<\/span><\/p>\n<\/div>\n<div class=\"bbc-19j92fr ebmt73l0\" dir=\"ltr\" data-pf_style_display=\"block\" data-pf_style_visibility=\"visible\">\n<p class=\"bbc-hhl7in e17g058b0 added-to-list1\" dir=\"ltr\" data-pf_style_display=\"block\" data-pf_style_visibility=\"visible\"><span class=\"text-node\">De um lado, um bolsonarismo institucional, que caminhou para a costura de alian\u00e7as partid\u00e1rias, da articula\u00e7\u00e3o de apoios partid\u00e1rios no Congresso.<\/span><\/p>\n<\/div>\n<div class=\"bbc-19j92fr ebmt73l0\" dir=\"ltr\" data-pf_style_display=\"block\" data-pf_style_visibility=\"visible\">\n<p class=\"bbc-hhl7in e17g058b0 added-to-list1\" dir=\"ltr\" data-pf_style_display=\"block\" data-pf_style_visibility=\"visible\"><span class=\"text-node\">De outro, um movimento mais radicalizado, algo novo que aparece nessas elei\u00e7\u00f5es com a ascens\u00e3o de Mar\u00e7al em S\u00e3o Paulo. &#8220;Eu n\u00e3o sei nem se d\u00e1 pra continuar chamando isso de bolsonarismo&#8221;, ele pondera.<\/span><\/p>\n<\/div>\n<div class=\"bbc-19j92fr ebmt73l0\" dir=\"ltr\" data-pf_style_display=\"block\" data-pf_style_visibility=\"visible\">\n<p class=\"bbc-hhl7in e17g058b0 added-to-list1\" dir=\"ltr\" data-pf_style_display=\"block\" data-pf_style_visibility=\"visible\"><span class=\"text-node\">Camila Rocha, do CCI-Cebrap, tamb\u00e9m acha que \u00e9 cedo para definir onde Mar\u00e7al se encaixa.<\/span><\/p>\n<\/div>\n<div class=\"bbc-19j92fr ebmt73l0\" dir=\"ltr\" data-pf_style_display=\"block\" data-pf_style_visibility=\"visible\">\n<p class=\"bbc-hhl7in e17g058b0 added-to-list1\" dir=\"ltr\" data-pf_style_display=\"block\" data-pf_style_visibility=\"visible\"><span class=\"text-node\">&#8220;O que d\u00e1 pra falar, com base no que a gente observou, \u00e9 que esses fen\u00f4menos ainda est\u00e3o no campo da extrema direita e partem de um repert\u00f3rio comum com o bolsonarismo quando reafirmam, por exemplo, valores crist\u00e3os conservadores, antiesquerdismo, anticomunismo.&#8221;<\/span><\/p>\n<\/div>\n<div class=\"bbc-19j92fr ebmt73l0\" dir=\"ltr\" data-pf_style_display=\"block\" data-pf_style_visibility=\"visible\">\n<p class=\"bbc-hhl7in e17g058b0 added-to-list1\" dir=\"ltr\" data-pf_style_display=\"block\" data-pf_style_visibility=\"visible\"><span class=\"text-node\">Mar\u00e7al especificamente se desvia do universo do bolsonarismo, ela acrescenta, na \u00eanfase que d\u00e1 \u00e0 quest\u00e3o do empreendedorismo, &#8220;muito mais acentuada&#8221;, na capacidade maior de di\u00e1logo com eleitores mais pobres e moradores de periferias e com os jovens.<\/span><\/p>\n<\/div>\n<div class=\"bbc-19j92fr ebmt73l0\" dir=\"ltr\" data-pf_style_display=\"block\" data-pf_style_visibility=\"visible\">\n<p class=\"bbc-hhl7in e17g058b0 added-to-list1\" dir=\"ltr\" data-pf_style_display=\"block\" data-pf_style_visibility=\"visible\"><span class=\"text-node\">Mayra Goulart, professora do departamento de ci\u00eancia pol\u00edtica da Universidade Federal do Rio de Janeiro (UFRJ) e coordenadora do Laborat\u00f3rio de Partidos, Elei\u00e7\u00f5es e Pol\u00edtica Comparada (Lappcom) acrescenta \u00e0 lista uma redu\u00e7\u00e3o do militarismo no discurso, com um paralelo aumento do componente neoliberal.<\/span><\/p>\n<\/div>\n<p class=\"bbc-19j92fr ebmt73l0 added-to-list1\">\n<h2 id=\"PL-quando-o-bolsonarismo-encontra-o-fundo-eleitoral\" class=\"bbc-1f03ibc eglt09e0\" tabindex=\"-1\" data-pf_style_display=\"block\" data-pf_style_visibility=\"visible\"><span class=\"text-node\">PL: quando o bolsonarismo encontra o fundo eleitoral<\/span><\/h2>\n<figure class=\"bbc-1qn0xuy pf-caption added-to-list1 flex-width blockImage pf-size-full\" data-pf_style_display=\"block\" data-pf_style_visibility=\"visible\">\n<div class=\"bbc-j1srjl\" data-pf_style_display=\"block\" data-pf_style_visibility=\"visible\"><img data-recalc-dims=\"1\" decoding=\"async\" class=\"bbc-139onq pf-large-image caption-img flex-width pf-size-full blockImage\" src=\"https:\/\/i0.wp.com\/ichef.bbci.co.uk\/ace\/ws\/640\/cpsprodpb\/1753\/live\/fa2d7d70-94c8-11ef-ad81-01739370ca6d.jpg.webp?w=600&#038;ssl=1\" sizes=\"(min-width: 1008px) 760px, 100vw\" srcset=\"\" alt=\"Valdemar Costa Neto, presidente do PL, em evento em frente a um tel\u00e3o em que aparece Bolsonaro\"  data-pf_style_display=\"inline\" data-pf_style_visibility=\"visible\" data-pf_rect_width=\"652.21875\" data-pf_rect_height=\"18\" \/><\/p>\n<p class=\"bbc-by8ykd added-to-list1\" role=\"text\" data-pf_style_display=\"block\" data-pf_style_visibility=\"visible\"><span class=\"bbc-m04vo2\" data-pf_style_display=\"inline\" data-pf_style_visibility=\"visible\"><span class=\"text-node\">Cr\u00e9dito,\u00a0<\/span><\/span><span lang=\"en-GB\" data-pf_style_display=\"inline\" data-pf_style_visibility=\"visible\"><span class=\"text-node\">Beto Barata\/PL<\/span><\/span><\/p>\n<\/div><figcaption class=\"bbc-15f1ujd\" dir=\"ltr\" data-pf_style_display=\"block\" data-pf_style_visibility=\"visible\"><span role=\"text\" data-pf_style_display=\"inline\" data-pf_style_visibility=\"visible\"><span class=\"bbc-m04vo2\" data-pf_style_display=\"inline\" data-pf_style_visibility=\"visible\"><span class=\"text-node\">Legenda da foto,\u00a0<\/span><\/span><span data-testid=\"caption-paragraph\" data-pf_style_display=\"inline\" data-pf_style_visibility=\"visible\"><span class=\"text-node\">Valdemar Costa Neto, presidente do PL, tamb\u00e9m sai fortalecido<\/span><\/span><\/span><\/figcaption><\/figure>\n<div class=\"bbc-19j92fr ebmt73l0\" dir=\"ltr\" data-pf_style_display=\"block\" data-pf_style_visibility=\"visible\">\n<p class=\"bbc-hhl7in e17g058b0 added-to-list1\" dir=\"ltr\" data-pf_style_display=\"block\" data-pf_style_visibility=\"visible\"><span class=\"text-node\">Os cientistas pol\u00edticos s\u00e3o un\u00e2nimes em afirmar que o PL sai maior das urnas em 2024. Eleito em 516 munic\u00edpios, 50% mais que no pleito anterior, o PL \u00e9 o quinto partido em n\u00famero de prefeituras.<\/span><\/p>\n<\/div>\n<div class=\"bbc-19j92fr ebmt73l0\" dir=\"ltr\" data-pf_style_display=\"block\" data-pf_style_visibility=\"visible\">\n<p class=\"bbc-hhl7in e17g058b0 added-to-list1\" dir=\"ltr\" data-pf_style_display=\"block\" data-pf_style_visibility=\"visible\"><span class=\"text-node\">&#8220;Sai como como um partido interiorizado, capilarizado, capaz de fazer alian\u00e7as locais&#8221;, avalia Goulart.<\/span><\/p>\n<\/div>\n<div class=\"bbc-19j92fr ebmt73l0\" dir=\"ltr\" data-pf_style_display=\"block\" data-pf_style_visibility=\"visible\">\n<p class=\"bbc-hhl7in e17g058b0 added-to-list1\" dir=\"ltr\" data-pf_style_display=\"block\" data-pf_style_visibility=\"visible\"><span class=\"text-node\">Tamb\u00e9m se consolida como um dos grandes partidos de direita do pa\u00eds, o &#8220;centro do bolsonarismo institucional&#8221;, avalia Casar\u00f5es.<\/span><\/p>\n<\/div>\n<div class=\"bbc-19j92fr ebmt73l0\" dir=\"ltr\" data-pf_style_display=\"block\" data-pf_style_visibility=\"visible\">\n<p class=\"bbc-hhl7in e17g058b0 added-to-list1\" dir=\"ltr\" data-pf_style_display=\"block\" data-pf_style_visibility=\"visible\"><span class=\"text-node\">Como consequ\u00eancia, tamb\u00e9m sai fortalecido seu presidente, Valdemar Costa Neto.<\/span><\/p>\n<\/div>\n<div class=\"bbc-19j92fr ebmt73l0\" dir=\"ltr\" data-pf_style_display=\"block\" data-pf_style_visibility=\"visible\">\n<p class=\"bbc-hhl7in e17g058b0 added-to-list1\" dir=\"ltr\" data-pf_style_display=\"block\" data-pf_style_visibility=\"visible\"><span class=\"text-node\">O alinhamento mais \u00e0 direita do partido \u00e9 recente. O PL nasceu em 2006, na \u00e9poca como Partido Republicano (PR), a partir da fus\u00e3o do Partido Liberal, esse fundado em 1985 durante a redemocratiza\u00e7\u00e3o, com o Partido da Reedifica\u00e7\u00e3o da Ordem Nacional (Prona), fundado em 1989 por En\u00e9as Carneiro.<\/span><\/p>\n<\/div>\n<div class=\"bbc-19j92fr ebmt73l0\" dir=\"ltr\" data-pf_style_display=\"block\" data-pf_style_visibility=\"visible\">\n<p class=\"bbc-hhl7in e17g058b0 added-to-list1\" dir=\"ltr\" data-pf_style_display=\"block\" data-pf_style_visibility=\"visible\"><span class=\"text-node\">Desde a funda\u00e7\u00e3o, teve um perfil ideol\u00f3gico mais fluido, \u00e0 semelhan\u00e7a das legendas fisiol\u00f3gicas que comp\u00f5em parte do sistema pol\u00edtico brasileiro.<\/span><\/p>\n<\/div>\n<div class=\"bbc-19j92fr ebmt73l0\" dir=\"ltr\" data-pf_style_display=\"block\" data-pf_style_visibility=\"visible\">\n<p class=\"bbc-hhl7in e17g058b0 added-to-list1\" dir=\"ltr\" data-pf_style_display=\"block\" data-pf_style_visibility=\"visible\"><span class=\"text-node\">Chegou a estar na vice-presid\u00eancia do primeiro governo Lula, com Jos\u00e9 Alencar (que em 2005 mudou de partido), e a compor a base parlamentar da gest\u00e3o petista \u2014 estando, inclusive, no centro do esc\u00e2ndalo do mensal\u00e3o.<\/span><\/p>\n<\/div>\n<div class=\"bbc-19j92fr ebmt73l0\" dir=\"ltr\" data-pf_style_display=\"block\" data-pf_style_visibility=\"visible\">\n<p class=\"bbc-hhl7in e17g058b0 added-to-list1\" dir=\"ltr\" data-pf_style_display=\"block\" data-pf_style_visibility=\"visible\"><span class=\"text-node\">A guinada aconteceu em 2022, quando Bolsonaro, que estava sem partido havia dois anos, se filiou \u00e0 legenda e uma parte do campo bolsonarista passou a se organizar dentro da sigla.<\/span><\/p>\n<\/div>\n<div class=\"bbc-19j92fr ebmt73l0\" dir=\"ltr\" data-pf_style_display=\"block\" data-pf_style_visibility=\"visible\">\n<p class=\"bbc-hhl7in e17g058b0 added-to-list1\" dir=\"ltr\" data-pf_style_display=\"block\" data-pf_style_visibility=\"visible\"><span class=\"text-node\">No Cear\u00e1, a chegada dessas for\u00e7as provocou uma briga interna que culminou na ren\u00fancia do ent\u00e3o presidente do PL no Estado, o veterano Acilon Gon\u00e7alves, de perfil mais tradicional, em novembro de 2023.<\/span><\/p>\n<\/div>\n<div class=\"bbc-19j92fr ebmt73l0\" dir=\"ltr\" data-pf_style_display=\"block\" data-pf_style_visibility=\"visible\">\n<p class=\"bbc-hhl7in e17g058b0 added-to-list1\" dir=\"ltr\" data-pf_style_display=\"block\" data-pf_style_visibility=\"visible\"><span class=\"text-node\">&#8220;O grupo bolsonarista desbancou o dirigente, assumiu a posi\u00e7\u00e3o e organizou o partido para essas elei\u00e7\u00f5es, focando toda a energia em Fortaleza&#8221;, diz Monalisa Soares.<\/span><\/p>\n<\/div>\n<div class=\"bbc-19j92fr ebmt73l0\" dir=\"ltr\" data-pf_style_display=\"block\" data-pf_style_visibility=\"visible\">\n<p class=\"bbc-hhl7in e17g058b0 added-to-list1\" dir=\"ltr\" data-pf_style_display=\"block\" data-pf_style_visibility=\"visible\"><span class=\"text-node\">Quem esteve \u00e0 frente desse movimento foi Andr\u00e9 Fernandes, que neste domingo\u00a0<\/span><a class=\"focusIndicatorReducedWidth bbc-n8oauk e1p3sufg0\" href=\"https:\/\/www.bbc.com\/portuguese\/articles\/cgqyy50yl1yo\" data-pf_style_display=\"inline\" data-pf_style_visibility=\"visible\"><span class=\"text-node\">perdeu o segundo turno por uma margem apertada<\/span><\/a><span class=\"text-node\">\u00a0para o petista Evandro Leit\u00e3o e em 2022 foi o deputado federal mais votado do Estado.<\/span><\/p>\n<\/div>\n<div class=\"bbc-19j92fr ebmt73l0\" dir=\"ltr\" data-pf_style_display=\"block\" data-pf_style_visibility=\"visible\">\n<p class=\"bbc-hhl7in e17g058b0 added-to-list1\" dir=\"ltr\" data-pf_style_display=\"block\" data-pf_style_visibility=\"visible\"><span class=\"text-node\">Em Minas Gerais, por sua vez, o partido tem hoje o que Camila Rocha considera um dos principais nomes do bolsonarismo nas redes sociais, o deputado federal Nikolas Ferreira.<\/span><\/p>\n<\/div>\n<div class=\"bbc-19j92fr ebmt73l0\" dir=\"ltr\" data-pf_style_display=\"block\" data-pf_style_visibility=\"visible\">\n<p class=\"bbc-hhl7in e17g058b0 added-to-list1\" dir=\"ltr\" data-pf_style_display=\"block\" data-pf_style_visibility=\"visible\"><span class=\"text-node\">&#8220;Ele foi usado como grande cabo eleitoral nessas elei\u00e7\u00f5es, para conseguir n\u00e3o s\u00f3 prefeituras, mas tamb\u00e9m verean\u00e7as&#8221;, ela acrescenta.<\/span><\/p>\n<\/div>\n<div class=\"bbc-19j92fr ebmt73l0\" dir=\"ltr\" data-pf_style_display=\"block\" data-pf_style_visibility=\"visible\">\n<p class=\"bbc-hhl7in e17g058b0 added-to-list1\" dir=\"ltr\" data-pf_style_display=\"block\" data-pf_style_visibility=\"visible\"><span class=\"text-node\">Em Belo Horizonte, o candidato apoiado por Nikolas, Bruno Engler (PL), n\u00e3o conseguiu vencer o segundo turno contra Fuad Noman (PSD), que conquistou a reelei\u00e7\u00e3o.<\/span><\/p>\n<\/div>\n<div class=\"bbc-19j92fr ebmt73l0\" dir=\"ltr\" data-pf_style_display=\"block\" data-pf_style_visibility=\"visible\">\n<p class=\"bbc-hhl7in e17g058b0 added-to-list1\" dir=\"ltr\" data-pf_style_display=\"block\" data-pf_style_visibility=\"visible\"><span class=\"text-node\">Mesmo com a derrota na capital mineira e na cearense, Rocha pondera que s\u00f3 o fato de o partido ter chegado ao segundo turno com candidaturas competitivas nessas duas cidades com candidatos jovens, que postulavam cargos do Executivo pela primeira vez, refor\u00e7a a tend\u00eancia de fortalecimento do bolsonarismo observada nessas elei\u00e7\u00f5es.<\/span><\/p>\n<\/div>\n<div class=\"bbc-19j92fr ebmt73l0\" dir=\"ltr\" data-pf_style_display=\"block\" data-pf_style_visibility=\"visible\">\n<p class=\"bbc-hhl7in e17g058b0 added-to-list1\" dir=\"ltr\" data-pf_style_display=\"block\" data-pf_style_visibility=\"visible\"><span class=\"text-node\">A carga ideol\u00f3gica \u2014 que, via de regra, tem peso menor em elei\u00e7\u00f5es municipais do que nacionais \u2014 n\u00e3o foi, contudo, a \u00fanica mola propulsora do PL em 2024.<\/span><\/p>\n<\/div>\n<div class=\"bbc-19j92fr ebmt73l0\" dir=\"ltr\" data-pf_style_display=\"block\" data-pf_style_visibility=\"visible\">\n<p class=\"bbc-hhl7in e17g058b0 added-to-list1\" dir=\"ltr\" data-pf_style_display=\"block\" data-pf_style_visibility=\"visible\"><span class=\"text-node\">Goulart destaca quatro novas regras pol\u00edticas e eleitorais que acabaram colocando mais poder nas lideran\u00e7as partid\u00e1rias.<\/span><\/p>\n<\/div>\n<div class=\"bbc-19j92fr ebmt73l0\" dir=\"ltr\" data-pf_style_display=\"block\" data-pf_style_visibility=\"visible\">\n<p class=\"bbc-hhl7in e17g058b0 added-to-list1\" dir=\"ltr\" data-pf_style_display=\"block\" data-pf_style_visibility=\"visible\"><span class=\"text-node\">Uma delas foi o financiamento p\u00fablico de campanhas, que distribuiu R$ 4,9 bilh\u00f5es para legendas. O PL foi o partido que recebeu a maior fatia, R$ 886 milh\u00f5es.<\/span><\/p>\n<\/div>\n<div class=\"bbc-19j92fr ebmt73l0\" dir=\"ltr\" data-pf_style_display=\"block\" data-pf_style_visibility=\"visible\">\n<p class=\"bbc-hhl7in e17g058b0 added-to-list1\" dir=\"ltr\" data-pf_style_display=\"block\" data-pf_style_visibility=\"visible\"><span class=\"text-node\">Outra foi a redu\u00e7\u00e3o da quantidade m\u00e1xima de candidaturas que cada partido pode inscrever para as disputas legislativas, al\u00e9m da cl\u00e1usula de barreira, que estimulou as legendas menores a se unirem em federa\u00e7\u00f5es, e, finalmente, a impositividade do or\u00e7amento, que a cientista pol\u00edtica define como &#8220;o aumento do controle dos deputados sobre o or\u00e7amento p\u00fablico e os repasses feitos atrav\u00e9s de emendas parlamentares aos munic\u00edpios&#8221;.<\/span><\/p>\n<\/div>\n<div class=\"bbc-19j92fr ebmt73l0\" dir=\"ltr\" data-pf_style_display=\"block\" data-pf_style_visibility=\"visible\">\n<p class=\"bbc-hhl7in e17g058b0 added-to-list1\" dir=\"ltr\" data-pf_style_display=\"block\" data-pf_style_visibility=\"visible\"><span class=\"text-node\">\u00c9 nessa \u00faltima categoria que entram o que ficou popularmente conhecido como &#8220;emendas pix&#8221;, os repasses com recursos de emendas parlamentares feitos sem transpar\u00eancia e com pouca fiscaliza\u00e7\u00e3o.<\/span><\/p>\n<\/div>\n<p class=\"bbc-19j92fr ebmt73l0 added-to-list1\">\n<h2 id=\"E-Bolsonaro\" class=\"bbc-1f03ibc eglt09e0\" tabindex=\"-1\" data-pf_style_display=\"block\" data-pf_style_visibility=\"visible\"><span class=\"text-node\">E Bolsonaro?<\/span><\/h2>\n<figure class=\"bbc-1qn0xuy pf-caption added-to-list1 flex-width blockImage pf-size-full\" data-pf_style_display=\"block\" data-pf_style_visibility=\"visible\">\n<div class=\"bbc-j1srjl\" data-pf_style_display=\"block\" data-pf_style_visibility=\"visible\"><img data-recalc-dims=\"1\" decoding=\"async\" class=\"bbc-139onq pf-large-image caption-img flex-width pf-size-full blockImage\" src=\"https:\/\/i0.wp.com\/ichef.bbci.co.uk\/ace\/ws\/640\/cpsprodpb\/9b6f\/live\/a80620a0-94b5-11ef-9c2c-dd41e0cd2bbf.jpg.webp?w=600&#038;ssl=1\" sizes=\"(min-width: 1008px) 760px, 100vw\" srcset=\"\" alt=\"Jair Bolsonaro usando camisa da Sele\u00e7\u00e3o Brasileira durante discurso\"  data-pf_style_display=\"inline\" data-pf_style_visibility=\"visible\" data-pf_rect_width=\"454.984375\" data-pf_rect_height=\"18\" \/><\/p>\n<p class=\"bbc-by8ykd added-to-list1\" role=\"text\" data-pf_style_display=\"block\" data-pf_style_visibility=\"visible\"><span class=\"bbc-m04vo2\" data-pf_style_display=\"inline\" data-pf_style_visibility=\"visible\"><span class=\"text-node\">Cr\u00e9dito,\u00a0<\/span><\/span><span lang=\"en-GB\" data-pf_style_display=\"inline\" data-pf_style_visibility=\"visible\"><span class=\"text-node\">Getty Images<\/span><\/span><\/p>\n<\/div><figcaption class=\"bbc-15f1ujd\" dir=\"ltr\" data-pf_style_display=\"block\" data-pf_style_visibility=\"visible\"><span role=\"text\" data-pf_style_display=\"inline\" data-pf_style_visibility=\"visible\"><span class=\"bbc-m04vo2\" data-pf_style_display=\"inline\" data-pf_style_visibility=\"visible\"><span class=\"text-node\">Legenda da foto,\u00a0<\/span><\/span><span data-testid=\"caption-paragraph\" data-pf_style_display=\"inline\" data-pf_style_visibility=\"visible\"><span class=\"text-node\">&#8216;A grande quest\u00e3o que fica \u00e9 entender como o Bolsonaro administra esse racha na direita que ele mesmo ajudou a produzir&#8217;, diz especialista<\/span><\/span><\/span><\/figcaption><\/figure>\n<div class=\"bbc-19j92fr ebmt73l0\" dir=\"ltr\" data-pf_style_display=\"block\" data-pf_style_visibility=\"visible\">\n<p class=\"bbc-hhl7in e17g058b0 added-to-list1\" dir=\"ltr\" data-pf_style_display=\"block\" data-pf_style_visibility=\"visible\"><span class=\"text-node\">Se o campo bolsonarista sai aparentemente fortalecido, ainda que rachado, o mesmo n\u00e3o pode ser dito sobre Jair Bolsonaro. Os especialistas se dividem nas an\u00e1lises sobre o saldo destas elei\u00e7\u00f5es para o ex-presidente.<\/span><\/p>\n<\/div>\n<div class=\"bbc-19j92fr ebmt73l0\" dir=\"ltr\" data-pf_style_display=\"block\" data-pf_style_visibility=\"visible\">\n<p class=\"bbc-hhl7in e17g058b0 added-to-list1\" dir=\"ltr\" data-pf_style_display=\"block\" data-pf_style_visibility=\"visible\"><span class=\"text-node\">Para Casar\u00f5es, que tamb\u00e9m \u00e9 professor da Funda\u00e7\u00e3o Getulio Vargas (FGV), &#8220;a figura do Bolsonaro, que ainda \u00e9 o centro de gravidade desse movimento que a gente apelidou de bolsonarismo, sai relativamente fortalecida&#8221;.<\/span><\/p>\n<\/div>\n<div class=\"bbc-19j92fr ebmt73l0\" dir=\"ltr\" data-pf_style_display=\"block\" data-pf_style_visibility=\"visible\">\n<p class=\"bbc-hhl7in e17g058b0 added-to-list1\" dir=\"ltr\" data-pf_style_display=\"block\" data-pf_style_visibility=\"visible\"><span class=\"text-node\">&#8220;A grande quest\u00e3o que fica \u00e9 entender como o Bolsonaro administra esse racha na direita que ele mesmo ajudou a produzir&#8221;, acrescenta, dando como exemplo a disputa em S\u00e3o Paulo.<\/span><\/p>\n<\/div>\n<div class=\"bbc-19j92fr ebmt73l0\" dir=\"ltr\" data-pf_style_display=\"block\" data-pf_style_visibility=\"visible\">\n<p class=\"bbc-hhl7in e17g058b0 added-to-list1\" dir=\"ltr\" data-pf_style_display=\"block\" data-pf_style_visibility=\"visible\"><span class=\"text-node\">&#8220;O apoio do Bolsonaro ao [Ricardo] Nunes, ao mesmo tempo em que sinalizava para Pablo Mar\u00e7al, mostra a dificuldade que ele teve de compatibilizar esses dois mundos.&#8221;<\/span><\/p>\n<\/div>\n<div class=\"bbc-19j92fr ebmt73l0\" dir=\"ltr\" data-pf_style_display=\"block\" data-pf_style_visibility=\"visible\">\n<p class=\"bbc-hhl7in e17g058b0 added-to-list1\" dir=\"ltr\" data-pf_style_display=\"block\" data-pf_style_visibility=\"visible\"><span class=\"text-node\">Na capital paulista, Bolsonaro acabou se escondendo da disputa no primeiro turno, apesar de seu partido ser vice na chapa de Nunes.<\/span><\/p>\n<\/div>\n<div class=\"bbc-19j92fr ebmt73l0\" dir=\"ltr\" data-pf_style_display=\"block\" data-pf_style_visibility=\"visible\">\n<p class=\"bbc-hhl7in e17g058b0 added-to-list1\" dir=\"ltr\" data-pf_style_display=\"block\" data-pf_style_visibility=\"visible\"><span class=\"text-node\">Quem manifestou de forma contundente o apoio ao candidato do MDB foi outra lideran\u00e7a bolsonarista, o governador do Estado, Tarc\u00edsio Freitas (Republicanos), que foi incisivo nas cr\u00edticas a Mar\u00e7al. Ele \u00e9 apontado como um dos fiadores da reelei\u00e7\u00e3o de Nunes e uma das figuras que tamb\u00e9m sai fortalecida dessas elei\u00e7\u00f5es.<\/span><\/p>\n<\/div>\n<div class=\"bbc-19j92fr ebmt73l0\" dir=\"ltr\" data-pf_style_display=\"block\" data-pf_style_visibility=\"visible\">\n<p class=\"bbc-hhl7in e17g058b0 added-to-list1\" dir=\"ltr\" data-pf_style_display=\"block\" data-pf_style_visibility=\"visible\"><span class=\"text-node\">&#8220;Acho que essa situa\u00e7\u00e3o de disputa entre as lideran\u00e7as do campo bolsonarista tamb\u00e9m acaba enfraquecendo a pr\u00f3pria figura do Bolsonaro&#8221;, avalia Rocha.<\/span><\/p>\n<\/div>\n<div class=\"bbc-19j92fr ebmt73l0\" dir=\"ltr\" data-pf_style_display=\"block\" data-pf_style_visibility=\"visible\">\n<p class=\"bbc-hhl7in e17g058b0 added-to-list1\" dir=\"ltr\" data-pf_style_display=\"block\" data-pf_style_visibility=\"visible\"><span class=\"text-node\">&#8220;Antes ele era o \u00e1rbitro absoluto dos conflitos nesse campo, e agora ele perdeu for\u00e7a, perdeu poder.&#8221;<\/span><\/p>\n<\/div>\n<div class=\"bbc-19j92fr ebmt73l0\" dir=\"ltr\" data-pf_style_display=\"block\" data-pf_style_visibility=\"visible\">\n<p class=\"bbc-hhl7in e17g058b0 added-to-list1\" dir=\"ltr\" data-pf_style_display=\"block\" data-pf_style_visibility=\"visible\"><span class=\"text-node\">A situa\u00e7\u00e3o de Bolsonaro segue delicada, acrescenta a cientista pol\u00edtica, por conta de sua inelegibilidade, que deixa seu nome fora das urnas at\u00e9 2030.<\/span><\/p>\n<\/div>\n<div class=\"bbc-19j92fr ebmt73l0\" dir=\"ltr\" data-pf_style_display=\"block\" data-pf_style_visibility=\"visible\">\n<p class=\"bbc-hhl7in e17g058b0 added-to-list1\" dir=\"ltr\" data-pf_style_display=\"block\" data-pf_style_visibility=\"visible\"><span class=\"text-node\">O PL e Valdemar Costa Neto t\u00eam deixado clara a inten\u00e7\u00e3o de lutar no Congresso para que Bolsonaro seja anistiado e possa voltar a concorrer, mas esse n\u00e3o \u00e9 um processo t\u00e3o simples, ela completa.<\/span><\/p>\n<\/div>\n<div class=\"bbc-19j92fr ebmt73l0\" dir=\"ltr\" data-pf_style_display=\"block\" data-pf_style_visibility=\"visible\">\n<p class=\"bbc-hhl7in e17g058b0 added-to-list1\" dir=\"ltr\" data-pf_style_display=\"block\" data-pf_style_visibility=\"visible\"><span class=\"text-node\">Bolsonaro tamb\u00e9m viu alguns dos candidatos em que mais investiu pessoalmente perderem no segundo turno. Ele escolheu Goi\u00e2nia, capital de Goi\u00e1s, para passar o dia da vota\u00e7\u00e3o, apostando na vit\u00f3ria, mas viu seu candidato, Fred Rodrigues (PL) ser derrotado por Sandro Mabel (UB), que recebeu 55% dos votos.<\/span><\/p>\n<\/div>\n<div class=\"bbc-19j92fr ebmt73l0\" dir=\"ltr\" data-pf_style_display=\"block\" data-pf_style_visibility=\"visible\">\n<p class=\"bbc-hhl7in e17g058b0 added-to-list1\" dir=\"ltr\" data-pf_style_display=\"block\" data-pf_style_visibility=\"visible\"><span class=\"text-node\">Mabel era apoiado pelo governador Ronaldo Caiado (UB), que tamb\u00e9m \u00e9 visto como lideran\u00e7a do campo da direita e se apresenta como potencial candidato \u00e0 Presid\u00eancia em 2026.<\/span><\/p>\n<\/div>\n<div class=\"bbc-19j92fr ebmt73l0\" dir=\"ltr\" data-pf_style_display=\"block\" data-pf_style_visibility=\"visible\">\n<p class=\"bbc-hhl7in e17g058b0 added-to-list1\" dir=\"ltr\" data-pf_style_display=\"block\" data-pf_style_visibility=\"visible\"><span class=\"text-node\">Durante a campanha, Caiado e Bolsonaro trocaram provoca\u00e7\u00f5es. Veterano da pol\u00edtica e ex-aliado de Bolsonaro, o governador de Goi\u00e1s vem defendendo que a direita n\u00e3o deve centralizar o poder em torno de uma \u00fanica lideran\u00e7a.<\/span><\/p>\n<\/div>\n<div class=\"bbc-19j92fr ebmt73l0\" dir=\"ltr\" data-pf_style_display=\"block\" data-pf_style_visibility=\"visible\">\n<p class=\"bbc-hhl7in e17g058b0 added-to-list1\" dir=\"ltr\" data-pf_style_display=\"block\" data-pf_style_visibility=\"visible\"><span class=\"text-node\">E chegou a dizer que Pablo Mar\u00e7al provou que a &#8220;direita n\u00e3o tem dono&#8221;.<\/span><\/p>\n<\/div>\n<div class=\"bbc-19j92fr ebmt73l0\" dir=\"ltr\" data-pf_style_display=\"block\" data-pf_style_visibility=\"visible\">\n<p class=\"bbc-hhl7in e17g058b0 added-to-list1\" dir=\"ltr\" data-pf_style_display=\"block\" data-pf_style_visibility=\"visible\"><span class=\"text-node\">\u201cA pr\u00f3xima elei\u00e7\u00e3o (presidencial) vai ser a que ter\u00e1 mais candidatos \u00e0 direita, eu n\u00e3o tenho d\u00favidas. \u00c9 muito dif\u00edcil aglutinar todas as ideias em torno de um \u00fanico partido e cada um sair\u00e1 candidato com as suas teses no primeiro turno. O Pablo Mar\u00e7al deixou claro em S\u00e3o Paulo que a direita n\u00e3o tem dono. O pr\u00f3prio Valdemar (Costa Neto, presidente do PL) j\u00e1 citou a import\u00e2ncia de atrair outras correntes, construir um projeto, se antecipando a isso\u201d, afirmou Caiado, durante a campanha.<\/span><\/p>\n<\/div>\n<p><\/main><\/div>\n<\/div>\n<\/div>\n<\/div>\n<div class=\"pf-footer\"><\/div>\n<div id=\"copyright\" class=\"non-delete\"><\/div>\n<\/div>\n<\/div>\n<\/div>\n<\/div>\n<div class=\"d-none d-lg-block ad-box\">\n<div class=\"js-ads-dialog d-flex flex-column justify-content-start pf-v-a print-no vertical-ad\">\n<div class=\"a-box\">\n<div data-fuse=\"22807660785\" data-fuse-code=\"fuse-slot-22807660785-1\" data-fuse-zone-instance=\"zone-instance-22807660785-1\" data-fuse-slot=\"fuse-slot-22807660785-1\" data-gpid=\"\/71161633,21822432912\/PRTFNLY_printfriendly\/h-right#single-1\" data-fuse-processed-at=\"1071\"><\/div>\n<\/div>\n<\/div>\n<\/div>\n<\/div>\n<\/div>\n<form id=\"pf-pdf-form\" accept-charset=\"UTF-8\" action=\"https:\/\/pdf.printfriendly.com\/pdfs\/make\" method=\"post\" target=\"pdf_iframe\"><\/form>\n<form id=\"pf-email-form\" accept-charset=\"UTF-8\" action=\"https:\/\/www.printfriendly.com\/email\/new\" method=\"post\" target=\"email\"><\/form>\n<footer class=\"container pf-ft text-sm pf-hide-for-print\"><\/footer>\n<\/div>\n","protected":false},"excerpt":{"rendered":"<p>516\u00a0prefeitos, incluindo nas capitais Aracaju, Cuiab\u00e1, Macei\u00f3 e Rio Branco, um vice na maior cidade do pa\u00eds, S\u00e3o Paulo, 4.957 vereadores, 43,1% mais do que quatro anos atr\u00e1s.<\/p>\n","protected":false},"author":1,"featured_media":0,"comment_status":"closed","ping_status":"open","sticky":false,"template":"","format":"standard","meta":{"_exactmetrics_skip_tracking":false,"_exactmetrics_sitenote_active":false,"_exactmetrics_sitenote_note":"","_exactmetrics_sitenote_category":0,"jetpack_post_was_ever_published":false,"_jetpack_newsletter_access":"","_jetpack_dont_email_post_to_subs":false,"_jetpack_newsletter_tier_id":0,"_jetpack_memberships_contains_paywalled_content":false,"_jetpack_memberships_contains_paid_content":false,"footnotes":"","jetpack_publicize_message":"","jetpack_publicize_feature_enabled":true,"jetpack_social_post_already_shared":true,"jetpack_social_options":{"image_generator_settings":{"template":"highway","enabled":false},"version":2}},"categories":[1],"tags":[796,1101,1169],"class_list":["post-36145","post","type-post","status-publish","format-standard","hentry","category-notas","tag-bolsonarismo","tag-eleicoes-2024","tag-tamanho"],"jetpack_publicize_connections":[],"jetpack_sharing_enabled":true,"jetpack_featured_media_url":"","jetpack_shortlink":"https:\/\/wp.me\/p7wKYW-9oZ","jetpack-related-posts":[],"_links":{"self":[{"href":"http:\/\/blogdalucianaoliveira.com.br\/blog\/wp-json\/wp\/v2\/posts\/36145","targetHints":{"allow":["GET"]}}],"collection":[{"href":"http:\/\/blogdalucianaoliveira.com.br\/blog\/wp-json\/wp\/v2\/posts"}],"about":[{"href":"http:\/\/blogdalucianaoliveira.com.br\/blog\/wp-json\/wp\/v2\/types\/post"}],"author":[{"embeddable":true,"href":"http:\/\/blogdalucianaoliveira.com.br\/blog\/wp-json\/wp\/v2\/users\/1"}],"replies":[{"embeddable":true,"href":"http:\/\/blogdalucianaoliveira.com.br\/blog\/wp-json\/wp\/v2\/comments?post=36145"}],"version-history":[{"count":1,"href":"http:\/\/blogdalucianaoliveira.com.br\/blog\/wp-json\/wp\/v2\/posts\/36145\/revisions"}],"predecessor-version":[{"id":36147,"href":"http:\/\/blogdalucianaoliveira.com.br\/blog\/wp-json\/wp\/v2\/posts\/36145\/revisions\/36147"}],"wp:attachment":[{"href":"http:\/\/blogdalucianaoliveira.com.br\/blog\/wp-json\/wp\/v2\/media?parent=36145"}],"wp:term":[{"taxonomy":"category","embeddable":true,"href":"http:\/\/blogdalucianaoliveira.com.br\/blog\/wp-json\/wp\/v2\/categories?post=36145"},{"taxonomy":"post_tag","embeddable":true,"href":"http:\/\/blogdalucianaoliveira.com.br\/blog\/wp-json\/wp\/v2\/tags?post=36145"}],"curies":[{"name":"wp","href":"https:\/\/api.w.org\/{rel}","templated":true}]}}