{"id":36148,"date":"2024-10-28T15:53:19","date_gmt":"2024-10-28T19:53:19","guid":{"rendered":"https:\/\/blogdalucianaoliveira.com.br\/blog\/?p=36148"},"modified":"2024-10-28T15:53:19","modified_gmt":"2024-10-28T19:53:19","slug":"carmen-lucia-promete-rapidez-em-acao-de-boulos-que-pode-cassar-nunes-e-tornar-tarcisio-inelegivel","status":"publish","type":"post","link":"http:\/\/blogdalucianaoliveira.com.br\/blog\/2024\/10\/28\/carmen-lucia-promete-rapidez-em-acao-de-boulos-que-pode-cassar-nunes-e-tornar-tarcisio-inelegivel\/","title":{"rendered":"C\u00e1rmen L\u00facia promete rapidez em a\u00e7\u00e3o de Boulos que pode cassar Nunes e tornar Tarc\u00edsio ineleg\u00edvel"},"content":{"rendered":"<header class=\"main-article--header\">\n<h2><img data-recalc-dims=\"1\" loading=\"lazy\" decoding=\"async\" data-attachment-id=\"36149\" data-permalink=\"http:\/\/blogdalucianaoliveira.com.br\/blog\/2024\/10\/28\/carmen-lucia-promete-rapidez-em-acao-de-boulos-que-pode-cassar-nunes-e-tornar-tarcisio-inelegivel\/f960x540-138418_212493_5050\/\" data-orig-file=\"https:\/\/i0.wp.com\/blogdalucianaoliveira.com.br\/blog\/wp-content\/uploads\/2024\/10\/f960x540-138418_212493_5050.webp?fit=960%2C540\" data-orig-size=\"960,540\" data-comments-opened=\"0\" data-image-meta=\"{&quot;aperture&quot;:&quot;0&quot;,&quot;credit&quot;:&quot;&quot;,&quot;camera&quot;:&quot;&quot;,&quot;caption&quot;:&quot;&quot;,&quot;created_timestamp&quot;:&quot;0&quot;,&quot;copyright&quot;:&quot;&quot;,&quot;focal_length&quot;:&quot;0&quot;,&quot;iso&quot;:&quot;0&quot;,&quot;shutter_speed&quot;:&quot;0&quot;,&quot;title&quot;:&quot;&quot;,&quot;orientation&quot;:&quot;0&quot;}\" data-image-title=\"f960x540-138418_212493_5050\" data-image-description=\"\" data-image-caption=\"\" data-medium-file=\"https:\/\/i0.wp.com\/blogdalucianaoliveira.com.br\/blog\/wp-content\/uploads\/2024\/10\/f960x540-138418_212493_5050.webp?fit=300%2C169\" data-large-file=\"https:\/\/i0.wp.com\/blogdalucianaoliveira.com.br\/blog\/wp-content\/uploads\/2024\/10\/f960x540-138418_212493_5050.webp?fit=600%2C338\" class=\"alignnone size-full wp-image-36149\" src=\"https:\/\/i0.wp.com\/blogdalucianaoliveira.com.br\/blog\/wp-content\/uploads\/2024\/10\/f960x540-138418_212493_5050.webp?resize=600%2C338\" alt=\"\" width=\"600\" height=\"338\" srcset=\"https:\/\/i0.wp.com\/blogdalucianaoliveira.com.br\/blog\/wp-content\/uploads\/2024\/10\/f960x540-138418_212493_5050.webp?w=960 960w, https:\/\/i0.wp.com\/blogdalucianaoliveira.com.br\/blog\/wp-content\/uploads\/2024\/10\/f960x540-138418_212493_5050.webp?resize=300%2C169 300w, https:\/\/i0.wp.com\/blogdalucianaoliveira.com.br\/blog\/wp-content\/uploads\/2024\/10\/f960x540-138418_212493_5050.webp?resize=768%2C432 768w, https:\/\/i0.wp.com\/blogdalucianaoliveira.com.br\/blog\/wp-content\/uploads\/2024\/10\/f960x540-138418_212493_5050.webp?resize=533%2C300 533w\" sizes=\"auto, (max-width: 600px) 100vw, 600px\" \/><\/h2>\n<h2 class=\"bajada\">Candidato derrotado do PSOL acusa governador de abuso de poder pol\u00edtico por tentativa de associ\u00e1-lo ao PCC para beneficiar o prefeito<\/h2>\n<\/header>\n<p><!--more--><\/p>\n<div class=\"margen-top1\"><strong>Revista F\u00f3rum<\/strong> &#8211; A presidente do Tribunal Superior Eleitoral (TSE), ministra <a href=\"https:\/\/revistaforum.com.br\/temas\/carmen-lucia-4255.html\" target=\"_blank\" rel=\"noopener\">C\u00e1rmen L\u00facia<\/a>, informou em coletiva de imprensa na noite deste domingo (27) que a Corte dar\u00e1 uma\u00a0<strong>resposta r\u00e1pida<\/strong>\u00a0\u00e0\u00a0<a href=\"https:\/\/revistaforum.com.br\/eleicoes-2024-apuracao\/2024\/10\/27\/defesa-de-boulos-pede-cassao-da-chapa-de-nunes-inelegibilidade-de-tarcisio-168207.html\" target=\"_blank\" rel=\"noopener\">not\u00edcia-crime<\/a>\u00a0protocolada por\u00a0<a href=\"https:\/\/revistaforum.com.br\/temas\/guilherme-boulos-1735.html\" target=\"_blank\" rel=\"noopener\">Guilherme Boulos (PSOL)<\/a>\u00a0contra o governador de S\u00e3o Paulo,\u00a0<a href=\"https:\/\/revistaforum.com.br\/temas\/tarcisio-gomes-de-freitas-33614.html\" target=\"_blank\" rel=\"noopener\">Tarc\u00edsio Gomes de Freitas<\/a>, e o prefeito reeleito da capital paulista\u00a0<a href=\"https:\/\/revistaforum.com.br\/temas\/ricardo-nunes-52817.html\" target=\"_blank\" rel=\"noopener\">Ricardo Nunes (MDB)<\/a>.<\/div>\n<div class=\"main-article--body\">\n<p>Na a\u00e7\u00e3o em quest\u00e3o, Boulos pede a\u00a0<strong>cassa\u00e7\u00e3o da chapa de Nunes e do\u00a0coronel bolsonarista Mello Ara\u00fajo (PL), al\u00e9m da inelegibilidade de Tarc\u00edsio<\/strong> pelo fato do governador ter tentado, sem provas, associ\u00e1-lo \u00e0 organiza\u00e7\u00e3o criminosa Primeiro Comando da Capital (PCC), durante pronunciamento \u00e0 imprensa em pleno dia de de vota\u00e7\u00e3o do segundo turno da elei\u00e7\u00e3o municipal.<\/p>\n<p>Logo ap\u00f3s votar e ao lado de Nunes,\u00a0Tarc\u00edsio afirmou \u00e0 imprensa que integrantes do PCC orientaram familiares a votarem em Boulos.\u00a0Trata-se de uma clara tentativa do governador, em pleno exerc\u00edcio do seu cargo, de\u00a0interferir no processo eleitoral.\u00a0Tarc\u00edsio comentou sobre um comunicado emitido pela SAP (Secretaria de Administra\u00e7\u00e3o Penitenci\u00e1ria) de S\u00e3o Paulo, que teria interceptado mensagens de membros do PCC orientando votos em algumas cidades do estado.<\/p>\n<div class=\"content-banner\">\n<p>A a\u00e7\u00e3o pede investiga\u00e7\u00e3o judicial eleitoral para apurar abuso de poder pol\u00edtico e uso indevido dos ve\u00edculos de comunica\u00e7\u00e3o social, que propagaram a fake news divulgada pelo governador.<\/p>\n<p>Questionada sobre o caso, C\u00e1rmen L\u00facia evitou fazer ju\u00edzo de valor sobre a declara\u00e7\u00e3o de Tarc\u00edsio ou sobre o conte\u00fado da not\u00edcia-crime em si, mas prometeu rapidez por parte do TSE na condu\u00e7\u00e3o do processo.<\/p>\n<blockquote><p>\u201cSobre um caso que acontece quando 33 milh\u00f5es de eleitores est\u00e3o nas urnas, com 102 candidatos e que j\u00e1 foi judicializado, a Justi\u00e7a Eleitoral tem prazo curt\u00edssimo e sim, ser\u00e1 dada a resposta. Fosse um pa\u00eds onde ficam meses ou semanas para dar a not\u00edcia at\u00e9 seria razo\u00e1vel a ila\u00e7\u00e3o [de que a Justi\u00e7a Eleitoral est\u00e1 demorando a agir]\u201d, declarou a ministra.<\/p><\/blockquote>\n<h2><strong>Justi\u00e7a eleitoral desmente Tarc\u00edsio\u00a0<\/strong><\/h2>\n<p>O Tribunal Regional Eleitoral de S\u00e3o Paulo (TRE-SP), citado por Tarc\u00edsio em sua grave declara\u00e7\u00e3o contra Boulos,\u00a0<a href=\"https:\/\/revistaforum.com.br\/eleicoes-2024-apuracao\/2024\/10\/27\/justia-eleitoral-desmente-fala-criminosa-de-tarcisio-sobre-boulos-pcc-168203.html\" target=\"_blank\" rel=\"noopener\">desmentiu o governador<\/a>\u00a0em nota oficial divulgada neste domingo (27).<\/p>\n<p>&#8220;N\u00f3s fizemos um trabalho grande de intelig\u00eancia, temos trocado informa\u00e7\u00f5es com o Tribunal Regional Eleitoral para que provid\u00eancias sejam tomadas&#8221;, havia dito Tarc\u00edsio.<\/p>\n<p>O TRE-SP, entretanto, informou em nota oficial\u00a0que, diferentemente do que disse o governador,\u00a0o \u00f3rg\u00e3o n\u00e3o foi acionado\u00a0para tomar provid\u00eancias sobre o suposto caso.<\/p>\n<p>&#8220;N\u00e3o chegou ao conhecimento do TRE-SP nenhum relat\u00f3rio nem nenhuma informa\u00e7\u00e3o oficial sobre o assunto&#8221;, diz a nota divulgada pelo tribunal.<\/p>\n<h2><strong>PT quer pris\u00e3o de Tarc\u00edsio\u00a0<\/strong><\/h2>\n<p>Em nota oficial, os diret\u00f3rios municipal e estadual do Partido dos Trabalhadores (PT), que comp\u00f5e a chapa de Guilherme Boulos,\u00a0defenderam a pris\u00e3o de Tarc\u00edsio\u00a0pela declara\u00e7\u00e3o sobre Boulos e PCC.\u00a0Segundo a legenda, Tarc\u00edsio teria cometido abuso de poder.<\/p>\n<p>&#8220;O governador Tarc\u00edsio, em uma tentativa desesperada de encobrir os v\u00ednculos evidentes de Ricardo Nunes com o PCC, cometeu abuso de poder ao afirmar que a organiza\u00e7\u00e3o criminosa apoia o candidato da oposi\u00e7\u00e3o. Os fatos mostram o contr\u00e1rio: \u00e9 Ricardo Nunes quem tem rela\u00e7\u00f5es com o PCC, tanto nas nomea\u00e7\u00f5es que fez quanto nas contrata\u00e7\u00f5es da prefeitura que s\u00e3o objeto de investiga\u00e7\u00e3o do Minist\u00e9rio P\u00fablico. O desespero do governador deixa ainda mais claro o clima de virada que vemos nas ruas. Hoje \u00e9 dia de votar 50; amanh\u00e3 o governador responder\u00e1 pelos seus atos. Ele deveria ser preso por usar a m\u00e1quina p\u00fablica para cometer mais esse crime eleitoral&#8221;, diz a nota assinada por\u00a0Kiko Celeguim (presidente do Diret\u00f3rio Estadual do PT de S\u00e3o Paulo) e La\u00e9rcio Ribeiro (presidente do Diret\u00f3rio Municipal do partido).<\/p>\n<h2><strong>&#8220;Ultrapassou todos os limites&#8221;\u00a0<\/strong><\/h2>\n<p>Em v\u00eddeo\u00a0divulgado nas redes sociais, Boulos classificou a declara\u00e7\u00e3o de Tarc\u00edsio como &#8220;inacredit\u00e1vel&#8221; e &#8220;extremamente grave&#8221;, ressaltando que o governador n\u00e3o apresentou qualquer tipo de prova e que ventilou o assunto em uma\u00a0tentativa de interferir nos resultados da vota\u00e7\u00e3o que ocorre neste domingo.<\/p>\n<p>&#8220;\u00c9 inacredit\u00e1vel, uma declara\u00e7\u00e3o extremamente grave, sem nenhum tipo de prova. Olha o n\u00edvel! Eles devem estar fazendo pesquisas que devem estar mostrando a onda de mudan\u00e7a, a onda de virada, e partiram pro desespero absoluto.\u00a0\u00c9 inacredit\u00e1vel o que est\u00e1 acontecendo para tentar influenciar as elei\u00e7\u00f5es, tentar botar medo nas pessoas&#8221;, declarou o candidato do PSOL.<\/p>\n<p>Guilherme Boulos afirmou, ainda, que a tentativa de Tarc\u00edsio de associ\u00e1-lo ao PCC \u00e9 t\u00e3o grave contra o laudo falso divulgado por Pablo Mar\u00e7al (PRTB) \u00e0s v\u00e9speras do primeiro turno da elei\u00e7\u00e3o. O documento tentava associar Boulos ao uso de coca\u00edna.<\/p>\n<p>No mesmo pronunciamento sobre a fala de Tarc\u00edsio, Boulos anunciou que tomar\u00e1 medidas judiciais contra o governador de S\u00e3o Paulo.<\/p>\n<p>&#8220;Vamos tomar todas as medidas cab\u00edveis contra o governador e contra quem est\u00e1 divulgando essas mentiras. Ele tem informa\u00e7\u00f5es? Ent\u00e3o, mostre. \u00c9 igual ao caso do laudo. Ultrapassaram qualquer limite. \u00c9 desespero&#8221;, pontuou Boulos.<\/p>\n<p>&#8220;No dia da elei\u00e7\u00e3o o governador faz uma declara\u00e7\u00e3o irrespons\u00e1vel, mentirosa. Olha a gravidade. Est\u00e3o\u00a0usando a m\u00e1quina p\u00fablica, na voz do pr\u00f3prio governador, inventando uma mentira \u00e0 uma da tarde no dia da elei\u00e7\u00e3o&#8221;, prosseguiu.<\/p>\n<div class=\"tags-cloud\"><\/div>\n<\/div>\n<\/div>\n","protected":false},"excerpt":{"rendered":"<p>Candidato derrotado do PSOL acusa governador de abuso de poder pol\u00edtico por tentativa de associ\u00e1-lo ao PCC para beneficiar o prefeito<\/p>\n","protected":false},"author":1,"featured_media":0,"comment_status":"closed","ping_status":"open","sticky":false,"template":"","format":"standard","meta":{"_exactmetrics_skip_tracking":false,"_exactmetrics_sitenote_active":false,"_exactmetrics_sitenote_note":"","_exactmetrics_sitenote_category":0,"jetpack_post_was_ever_published":false,"_jetpack_newsletter_access":"","_jetpack_dont_email_post_to_subs":false,"_jetpack_newsletter_tier_id":0,"_jetpack_memberships_contains_paywalled_content":false,"_jetpack_memberships_contains_paid_content":false,"footnotes":"","jetpack_publicize_message":"","jetpack_publicize_feature_enabled":true,"jetpack_social_post_already_shared":true,"jetpack_social_options":{"image_generator_settings":{"template":"highway","enabled":false},"version":2}},"categories":[1],"tags":[],"class_list":["post-36148","post","type-post","status-publish","format-standard","hentry","category-notas"],"jetpack_publicize_connections":[],"jetpack_sharing_enabled":true,"jetpack_featured_media_url":"","jetpack_shortlink":"https:\/\/wp.me\/p7wKYW-9p2","jetpack-related-posts":[],"_links":{"self":[{"href":"http:\/\/blogdalucianaoliveira.com.br\/blog\/wp-json\/wp\/v2\/posts\/36148","targetHints":{"allow":["GET"]}}],"collection":[{"href":"http:\/\/blogdalucianaoliveira.com.br\/blog\/wp-json\/wp\/v2\/posts"}],"about":[{"href":"http:\/\/blogdalucianaoliveira.com.br\/blog\/wp-json\/wp\/v2\/types\/post"}],"author":[{"embeddable":true,"href":"http:\/\/blogdalucianaoliveira.com.br\/blog\/wp-json\/wp\/v2\/users\/1"}],"replies":[{"embeddable":true,"href":"http:\/\/blogdalucianaoliveira.com.br\/blog\/wp-json\/wp\/v2\/comments?post=36148"}],"version-history":[{"count":1,"href":"http:\/\/blogdalucianaoliveira.com.br\/blog\/wp-json\/wp\/v2\/posts\/36148\/revisions"}],"predecessor-version":[{"id":36150,"href":"http:\/\/blogdalucianaoliveira.com.br\/blog\/wp-json\/wp\/v2\/posts\/36148\/revisions\/36150"}],"wp:attachment":[{"href":"http:\/\/blogdalucianaoliveira.com.br\/blog\/wp-json\/wp\/v2\/media?parent=36148"}],"wp:term":[{"taxonomy":"category","embeddable":true,"href":"http:\/\/blogdalucianaoliveira.com.br\/blog\/wp-json\/wp\/v2\/categories?post=36148"},{"taxonomy":"post_tag","embeddable":true,"href":"http:\/\/blogdalucianaoliveira.com.br\/blog\/wp-json\/wp\/v2\/tags?post=36148"}],"curies":[{"name":"wp","href":"https:\/\/api.w.org\/{rel}","templated":true}]}}