{"id":36151,"date":"2024-10-28T17:25:14","date_gmt":"2024-10-28T21:25:14","guid":{"rendered":"https:\/\/blogdalucianaoliveira.com.br\/blog\/?p=36151"},"modified":"2024-10-28T17:25:14","modified_gmt":"2024-10-28T21:25:14","slug":"brasil-vai-virar-ira","status":"publish","type":"post","link":"http:\/\/blogdalucianaoliveira.com.br\/blog\/2024\/10\/28\/brasil-vai-virar-ira\/","title":{"rendered":"&#8216;Brasil vai virar Ir\u00e3&#8217;"},"content":{"rendered":"<div data-metric-area=\"topo-noticia\" data-v-6ee77307=\"\" data-pf_style_display=\"block\" data-pf_style_visibility=\"visible\">\n<div class=\"mt-100 container grid pf-candidate\" data-v-6ee77307=\"\" data-pf_style_display=\"block\" data-pf_style_visibility=\"visible\">\n<div class=\"central-column col-lg-6 g-start-lg-4\" data-v-6ee77307=\"\" data-pf_style_display=\"block\" data-pf_style_visibility=\"visible\">\n<div class=\"jupiter-paragraph-fragment pf-candidate\" data-v-232111b4=\"\" data-v-6ee77307=\"\" data-pf_style_display=\"block\" data-pf_style_visibility=\"visible\">\n<p data-v-232111b4=\"\" data-pf_style_display=\"block\" data-pf_style_visibility=\"visible\"><img data-recalc-dims=\"1\" loading=\"lazy\" decoding=\"async\" data-attachment-id=\"36152\" data-permalink=\"http:\/\/blogdalucianaoliveira.com.br\/blog\/2024\/10\/28\/brasil-vai-virar-ira\/sociologo-e-pesuisador-jesse-souza-que-lanca-o-livro-pobre-de-direita-1730124494986_v2_900x506-jpg\/\" data-orig-file=\"https:\/\/i0.wp.com\/blogdalucianaoliveira.com.br\/blog\/wp-content\/uploads\/2024\/10\/sociologo-e-pesuisador-jesse-souza-que-lanca-o-livro-pobre-de-direita-1730124494986_v2_900x506.jpg.webp?fit=900%2C506\" data-orig-size=\"900,506\" data-comments-opened=\"0\" data-image-meta=\"{&quot;aperture&quot;:&quot;0&quot;,&quot;credit&quot;:&quot;&quot;,&quot;camera&quot;:&quot;&quot;,&quot;caption&quot;:&quot;&quot;,&quot;created_timestamp&quot;:&quot;0&quot;,&quot;copyright&quot;:&quot;&quot;,&quot;focal_length&quot;:&quot;0&quot;,&quot;iso&quot;:&quot;0&quot;,&quot;shutter_speed&quot;:&quot;0&quot;,&quot;title&quot;:&quot;&quot;,&quot;orientation&quot;:&quot;0&quot;}\" data-image-title=\"sociologo-e-pesuisador-jesse-souza-que-lanca-o-livro-pobre-de-direita-1730124494986_v2_900x506.jpg\" data-image-description=\"\" data-image-caption=\"\" data-medium-file=\"https:\/\/i0.wp.com\/blogdalucianaoliveira.com.br\/blog\/wp-content\/uploads\/2024\/10\/sociologo-e-pesuisador-jesse-souza-que-lanca-o-livro-pobre-de-direita-1730124494986_v2_900x506.jpg.webp?fit=300%2C169\" data-large-file=\"https:\/\/i0.wp.com\/blogdalucianaoliveira.com.br\/blog\/wp-content\/uploads\/2024\/10\/sociologo-e-pesuisador-jesse-souza-que-lanca-o-livro-pobre-de-direita-1730124494986_v2_900x506.jpg.webp?fit=600%2C337\" class=\"alignnone size-full wp-image-36152\" src=\"https:\/\/i0.wp.com\/blogdalucianaoliveira.com.br\/blog\/wp-content\/uploads\/2024\/10\/sociologo-e-pesuisador-jesse-souza-que-lanca-o-livro-pobre-de-direita-1730124494986_v2_900x506.jpg.webp?resize=600%2C337\" alt=\"\" width=\"600\" height=\"337\" srcset=\"https:\/\/i0.wp.com\/blogdalucianaoliveira.com.br\/blog\/wp-content\/uploads\/2024\/10\/sociologo-e-pesuisador-jesse-souza-que-lanca-o-livro-pobre-de-direita-1730124494986_v2_900x506.jpg.webp?w=900 900w, https:\/\/i0.wp.com\/blogdalucianaoliveira.com.br\/blog\/wp-content\/uploads\/2024\/10\/sociologo-e-pesuisador-jesse-souza-que-lanca-o-livro-pobre-de-direita-1730124494986_v2_900x506.jpg.webp?resize=300%2C169 300w, https:\/\/i0.wp.com\/blogdalucianaoliveira.com.br\/blog\/wp-content\/uploads\/2024\/10\/sociologo-e-pesuisador-jesse-souza-que-lanca-o-livro-pobre-de-direita-1730124494986_v2_900x506.jpg.webp?resize=768%2C432 768w, https:\/\/i0.wp.com\/blogdalucianaoliveira.com.br\/blog\/wp-content\/uploads\/2024\/10\/sociologo-e-pesuisador-jesse-souza-que-lanca-o-livro-pobre-de-direita-1730124494986_v2_900x506.jpg.webp?resize=534%2C300 534w\" sizes=\"auto, (max-width: 600px) 100vw, 600px\" \/><\/p>\n<p class=\"bullet mt-0 added-to-list1\" data-v-232111b4=\"\" data-pf_style_display=\"block\" data-pf_style_visibility=\"visible\"><span class=\"text-node\"><strong>UOL<\/strong> &#8211; O soci\u00f3logo Jess\u00e9 Souza, 64, v\u00ea com pessimismo o futuro da esquerda no Brasil. Ele teme que o &#8220;PT se torne t\u00e3o irrelevante quanto o PSDB&#8221;.<\/span><\/p>\n<p class=\"bullet added-to-list1\" data-v-232111b4=\"\" data-pf_style_display=\"block\" data-pf_style_visibility=\"visible\"><span class=\"text-node\">Para Souza, a esquerda &#8220;desistiu de lutar&#8221;, e a direita conquista eleitores vendendo &#8220;magia&#8221;. &#8220;Pablo Mar\u00e7al, bets, \u00e9 a mesma coisa.&#8221;<\/span><\/p>\n<p class=\"bullet added-to-list1\" data-v-232111b4=\"\" data-pf_style_display=\"block\" data-pf_style_visibility=\"visible\"><span class=\"text-node\">Jess\u00e9, que \u00e9 professor da Universidade Federal do ABC, entrevistou mais de cem pessoas para escrever o livro &#8220;O Pobre de Direita: a Vingan\u00e7a dos Bastardos&#8221;, rec\u00e9m-lan\u00e7ado pela editora Civiliza\u00e7\u00e3o Brasileira.<\/span><\/p>\n<\/div>\n<\/div>\n<\/div>\n<\/div>\n<p><!--more--><\/p>\n<p><span class=\"text-node\">&#8220;Sentia um desespero quando sa\u00eda das entrevistas. Isso aqui vai virar o Ir\u00e3&#8221;, disse, ao <\/span><strong data-pf_style_display=\"inline\" data-pf_style_visibility=\"visible\"><span class=\"text-node\">UOL<\/span><\/strong><span class=\"text-node\">.<\/span><\/p>\n<div class=\"pf-candidate\" data-metric-area=\"texto-noticia\" data-v-6ee77307=\"\" data-pf_style_display=\"block\" data-pf_style_visibility=\"visible\">\n<div data-v-6ee77307=\"\" data-pf_style_display=\"block\" data-pf_style_visibility=\"visible\">\n<div class=\"container grid pf-candidate\" data-v-6ee77307=\"\" data-pf_style_display=\"block\" data-pf_style_visibility=\"visible\">\n<div class=\"central-column col-lg-6\" data-v-6ee77307=\"\" data-pf_style_display=\"block\" data-pf_style_visibility=\"visible\">\n<div class=\"jupiter-paragraph-fragment pf-candidate\" data-v-232111b4=\"\" data-v-6ee77307=\"\" data-pf_style_display=\"block\" data-pf_style_visibility=\"visible\">\n<div data-metric-slot=\"text-4\" data-nosnippet=\"\" data-v-232111b4=\"\" data-pf_style_display=\"block\" data-pf_style_visibility=\"visible\">\n<p class=\"my-250 added-to-list1\"><span class=\"text-node\">Ele afirmou que a derrota da esquerda em capitais como S\u00e3o Paulo pode ser explicada, em parte, pela aten\u00e7\u00e3o dada pelas campanhas \u00e0s chamadas pautas identit\u00e1rias (racismo, <\/span><a href=\"https:\/\/www.uol.com.br\/universa\/faq\/feminismo-o-que-e-significado-e-mais.htm\" data-pf_style_display=\"inline\" data-pf_style_visibility=\"visible\"><span class=\"text-node\">feminismo<\/span><\/a><span class=\"text-node\">\u00a0e direitos\u00a0<\/span><a href=\"https:\/\/www.uol.com.br\/universa\/lgbtqia\/\" data-pf_style_display=\"inline\" data-pf_style_visibility=\"visible\"><span class=\"text-node\">LGBTQIA+<\/span><\/a><span class=\"text-node\">).<\/span><\/p>\n<\/div>\n<p class=\"bullet added-to-list1\" data-v-232111b4=\"\" data-pf_style_display=\"block\" data-pf_style_visibility=\"visible\"><span class=\"text-node\">&#8220;\u00c9 um tema espinhoso. Se eu fa\u00e7o um m\u00ednimo de cr\u00edtica, dizem que estou sendo contra&#8221;, afirmou.<\/span><\/p>\n<p class=\"bullet added-to-list1\" data-v-232111b4=\"\" data-pf_style_display=\"block\" data-pf_style_visibility=\"visible\"><span class=\"text-node\">Veja a seguir os principais trechos da entrevista.<\/span><\/p>\n<h2 class=\"bullet\" data-v-232111b4=\"\" data-pf_style_display=\"block\" data-pf_style_visibility=\"visible\"><span class=\"text-node\">Futuro da esquerda p\u00f3s-Lula<\/span><\/h2>\n<p class=\"bullet added-to-list1\" data-v-232111b4=\"\" data-pf_style_display=\"block\" data-pf_style_visibility=\"visible\"><span class=\"text-node\">\u00c9 dif\u00edcil. Ele nos protegeu de estarmos hoje em um pa\u00eds fascista. Mas estamos ancorados na figura dele, o que \u00e9 extremamente preocupante.<\/span><\/p>\n<div data-v-6ee77307=\"\" data-pf_style_display=\"block\" data-pf_style_visibility=\"visible\">\n<div class=\"container grid pf-candidate\" data-v-6ee77307=\"\" data-pf_style_display=\"block\" data-pf_style_visibility=\"visible\">\n<div class=\"central-column col-lg-6\" data-v-6ee77307=\"\" data-pf_style_display=\"block\" data-pf_style_visibility=\"visible\">\n<div class=\"jupiter-paragraph-fragment pf-candidate\" data-v-232111b4=\"\" data-v-6ee77307=\"\" data-pf_style_display=\"block\" data-pf_style_visibility=\"visible\">\n<p class=\"bullet mt-0 added-to-list1\" data-v-232111b4=\"\" data-pf_style_display=\"block\" data-pf_style_visibility=\"visible\"><cite data-pf_style_display=\"inline\" data-pf_style_visibility=\"visible\"><span class=\"text-node\">O PT est\u00e1 perdendo credibilidade. E a amea\u00e7a \u00e9 que se torne t\u00e3o irrelevante quanto o PSDB.<\/span><\/cite><\/p>\n<p class=\"bullet added-to-list1\" data-v-232111b4=\"\" data-pf_style_display=\"block\" data-pf_style_visibility=\"visible\"><span class=\"text-node\">Foi o trabalho sujo que a Lava Jato fez, [a opera\u00e7\u00e3o] destruiu os partidos que tinham algum v\u00ednculo com a sociedade.<\/span><\/p>\n<h2 class=\"bullet\" data-v-232111b4=\"\" data-pf_style_display=\"block\" data-pf_style_visibility=\"visible\"><span class=\"text-node\">Lideran\u00e7as pol\u00edticas na esquerda<\/span><\/h2>\n<p class=\"bullet added-to-list1\" data-v-232111b4=\"\" data-pf_style_display=\"block\" data-pf_style_visibility=\"visible\"><span class=\"text-node\">Eu achava o Fl\u00e1vio Dino um cara com enorme poder. Mas agora ele \u00e9 ministro do Supremo. Ele me lembra os grandes pol\u00edticos do passado, um homem de Estado, que pensa as quest\u00f5es mais importantes da sociedade.<\/span><\/p>\n<p class=\"bullet added-to-list1\" data-v-232111b4=\"\" data-pf_style_display=\"block\" data-pf_style_visibility=\"visible\"><span class=\"text-node\">Guilherme Boulos (PSOL) \u00e9 uma das figuras pol\u00edticas nascentes que mais admiro. Ele estuda, coisa que poucos pol\u00edticos fazem. \u00c9 jovem e tem real conex\u00e3o com as quest\u00f5es populares.<\/span><\/p>\n<h2 class=\"bullet\" data-v-232111b4=\"\" data-pf_style_display=\"block\" data-pf_style_visibility=\"visible\"><span class=\"text-node\">Campanha de Boulos \u00e0 Prefeitura de SP<\/span><\/h2>\n<p class=\"bullet added-to-list1\" data-v-232111b4=\"\" data-pf_style_display=\"block\" data-pf_style_visibility=\"visible\"><cite data-pf_style_display=\"inline\" data-pf_style_visibility=\"visible\"><span class=\"text-node\">Ele fez o melhor que p\u00f4de. \u00c9 preparado. Mas est\u00e1 numa esquerda que n\u00e3o disputou as ideias. Quem deu o conte\u00fado popular ao PT foi o Lula. Se voc\u00ea n\u00e3o debate as ideias, perde as pessoas.<\/span><\/cite><\/p>\n<\/div>\n<\/div>\n<\/div>\n<\/div>\n<div data-v-6ee77307=\"\" data-pf_style_display=\"block\" data-pf_style_visibility=\"visible\">\n<div class=\"mt-50-lg mb-250-lg mb-50-xs jupiter-ads\" data-v-a9bfa2b3=\"\" data-v-6ee77307=\"\" data-pf_style_display=\"block\" data-pf_style_visibility=\"visible\">\n<div data-v-6ee77307=\"\" data-pf_style_display=\"block\" data-pf_style_visibility=\"visible\">\n<div class=\"container grid pf-candidate\" data-v-6ee77307=\"\" data-pf_style_display=\"block\" data-pf_style_visibility=\"visible\">\n<div class=\"central-column col-lg-6\" data-v-6ee77307=\"\" data-pf_style_display=\"block\" data-pf_style_visibility=\"visible\">\n<div class=\"jupiter-paragraph-fragment pf-candidate\" data-v-232111b4=\"\" data-v-6ee77307=\"\" data-pf_style_display=\"block\" data-pf_style_visibility=\"visible\">\n<p class=\"bullet mt-0 added-to-list1\" data-v-232111b4=\"\" data-pf_style_display=\"block\" data-pf_style_visibility=\"visible\"><span class=\"text-node\">Do outro lado, tem o neopentecostalismo, que diz: &#8216;Se voc\u00ea est\u00e1 doente, n\u00e3o \u00e9 porque o SUS \u00e9 subfinanciado, mas porque o diabo entrou no seu corpo&#8217;.<\/span><\/p>\n<p class=\"bullet added-to-list1\" data-v-232111b4=\"\" data-pf_style_display=\"block\" data-pf_style_visibility=\"visible\"><span class=\"text-node\">Quando voc\u00ea \u00e9 muito pobre, voc\u00ea sonha, mas n\u00e3o consegue ver a realiza\u00e7\u00e3o disso no futuro. Quando voc\u00ea \u00e9 da classe m\u00e9dia, voc\u00ea planeja. O pobre, n\u00e3o, mas continua sonhando. Ent\u00e3o a sa\u00edda dele \u00e9 m\u00e1gica.<\/span><\/p>\n<figure class=\"embed-wrapper solar-photo-content row-type embed embed-horizontal pf-caption flex-width blockImage pf-size-full\" data-v-15044903=\"\" data-v-90ea4179=\"\" data-v-232111b4=\"\" data-pf_style_display=\"block\" data-pf_style_visibility=\"visible\">\n<figure class=\"solar-responsive-image m-0 responsive-image pb-100\" data-v-73d45db8=\"\" data-v-15044903=\"\" data-pf_style_display=\"block\" data-pf_style_visibility=\"visible\"><picture class=\"photo-image\" data-v-73d45db8=\"\" data-pf_style_display=\"inline\" data-pf_style_visibility=\"visible\"><source src=\"https:\/\/www.printfriendly.com\/p\/g\/3xmtjC\" srcset=\"https:\/\/conteudo.imguol.com.br\/c\/tab\/09\/2024\/10\/28\/retrato-do-sociologo-e-pesquisador-jesse-souza-que-lanca-o-livro-pobre-de-direita-1730128155744_v2_750x1.jpg.webp\" type=\"image\/webp\" media=\"(min-width: 1px)\" data-v-73d45db8=\"\" data-pf_style_display=\"inline\" data-pf_style_visibility=\"visible\" \/><source src=\"https:\/\/www.printfriendly.com\/p\/g\/3xmtjC\" srcset=\"https:\/\/conteudo.imguol.com.br\/c\/tab\/09\/2024\/10\/28\/retrato-do-sociologo-e-pesquisador-jesse-souza-que-lanca-o-livro-pobre-de-direita-1730128155744_v2_750x1.jpg\" type=\"image\/jpeg\" media=\"(min-width: 1px)\" data-v-73d45db8=\"\" data-pf_style_display=\"inline\" data-pf_style_visibility=\"visible\" \/><img data-recalc-dims=\"1\" decoding=\"async\" class=\"pf-large-image caption-img flex-width pf-size-full blockImage\" title=\"\" src=\"https:\/\/i0.wp.com\/conteudo.imguol.com.br\/c\/tab\/09\/2024\/10\/28\/retrato-do-sociologo-e-pesquisador-jesse-souza-que-lanca-o-livro-pobre-de-direita-1730128155744_v2_750x1.jpg?w=600&#038;ssl=1\" srcset=\"\" alt=\"Imagem\"  data-v-73d45db8=\"\" data-pf_style_display=\"inline\" data-pf_style_visibility=\"visible\" data-pf_rect_width=\"68.421875\" data-pf_rect_height=\"18\" \/><\/picture><\/figure><figcaption class=\"solar-caption regular-subtext\" data-v-524617ed=\"\" data-v-15044903=\"\" data-pf_style_display=\"block\" data-pf_style_visibility=\"visible\"><span data-v-524617ed=\"\" data-pf_style_display=\"inline\" data-pf_style_visibility=\"visible\"><span class=\"text-node\">Imagem: Daniela Toviansky\/UOL<\/span><\/span><\/figcaption><\/figure>\n<p class=\"bullet added-to-list1\" data-v-232111b4=\"\" data-pf_style_display=\"block\" data-pf_style_visibility=\"visible\"><span class=\"text-node\">Isso explica as bets. Por que uma pessoa pega o dinheiro do Bolsa Fam\u00edlia e aposta nas bets? Porque ela \u00e9 pobre e n\u00e3o quer mais ser. E n\u00e3o h\u00e1 uma forma racional de conseguir isso.<\/span><\/p>\n<p class=\"bullet added-to-list1\" data-v-232111b4=\"\" data-pf_style_display=\"block\" data-pf_style_visibility=\"visible\"><span class=\"text-node\">Ent\u00e3o vai para a magia. Foi o que restou para ela. Pablo Mar\u00e7al, bets, \u00e9 a mesma coisa. Isso \u00e9 o que est\u00e1 derrotando o Boulos, e ele, como pessoa, n\u00e3o pode fazer nada sobre isso.<\/span><\/p>\n<h2 class=\"bullet\" data-v-232111b4=\"\" data-pf_style_display=\"block\" data-pf_style_visibility=\"visible\"><span class=\"text-node\">&#8216;Erros&#8217; da esquerda<\/span><\/h2>\n<p class=\"bullet added-to-list1\" data-v-232111b4=\"\" data-pf_style_display=\"block\" data-pf_style_visibility=\"visible\"><span class=\"text-node\">A esquerda n\u00e3o fez o seu trabalho, n\u00e3o faz e n\u00e3o se preocupa com isso. E nem sequer luta. Isso ajuda a explicar o\u00a0<\/span><a href=\"https:\/\/noticias.uol.com.br\/eleicoes\/2024\/apuracao\/\" data-pf_style_display=\"inline\" data-pf_style_visibility=\"visible\"><span class=\"text-node\">resultado das elei\u00e7\u00f5es<\/span><\/a><span class=\"text-node\">.<\/span><\/p>\n<\/div>\n<\/div>\n<\/div>\n<\/div>\n<div class=\"pf-candidate\" data-v-6ee77307=\"\" data-pf_style_display=\"block\" data-pf_style_visibility=\"visible\">\n<div class=\"mt-50-lg mb-250-lg mb-50-xs jupiter-ads\" data-v-a9bfa2b3=\"\" data-v-6ee77307=\"\" data-pf_style_display=\"block\" data-pf_style_visibility=\"visible\">\n<p class=\"bullet mt-0 added-to-list1\" data-v-232111b4=\"\" data-pf_style_display=\"block\" data-pf_style_visibility=\"visible\"><span class=\"text-node\">Todo pobre acha que pode ser empreendedor. Voc\u00ea pode chegar para ele e dizer: &#8216;Irm\u00e3o, n\u00e3o tenho nada contra o empreendedorismo, mas o dinheiro precisa chegar at\u00e9 voc\u00ea&#8217;.<\/span><\/p>\n<div class=\"solar-embed-video mb-200-xs pb-250 pb-100-xs embed-wrapper\" data-v-232111b4=\"\" data-pf_style_display=\"block\" data-pf_style_visibility=\"visible\">\n<div class=\"NoO5PE7b\" data-pf_style_display=\"block\" data-pf_style_visibility=\"visible\">\n<div class=\"Ox-XdXZg\" data-pf_style_display=\"block\" data-pf_style_visibility=\"visible\">\n<p class=\"added-to-list1\">Num pa\u00eds como a Alemanha o dinheiro chega a juro zero para esse cara. Aqui, o dinheiro fica todo na Faria Lima.<\/p>\n<div class=\"ag6rcCIJ\" data-pf_style_display=\"block\" data-pf_style_visibility=\"visible\">\n<div class=\"pf-candidate\" data-v-6ee77307=\"\" data-pf_style_display=\"block\" data-pf_style_visibility=\"visible\">\n<div class=\"container grid\" data-v-6ee77307=\"\" data-pf_style_display=\"block\" data-pf_style_visibility=\"visible\">\n<div class=\"central-column col-lg-6\" data-v-6ee77307=\"\" data-pf_style_display=\"block\" data-pf_style_visibility=\"visible\">\n<div class=\"jupiter-paragraph-fragment pf-candidate\" data-v-232111b4=\"\" data-v-6ee77307=\"\" data-pf_style_display=\"block\" data-pf_style_visibility=\"visible\">\n<p class=\"bullet added-to-list1\" data-v-232111b4=\"\" data-pf_style_display=\"block\" data-pf_style_visibility=\"visible\"><cite data-pf_style_display=\"inline\" data-pf_style_visibility=\"visible\"><span class=\"text-node\">Tem que falar: &#8216;O que evita que voc\u00ea seja um empreendedor n\u00e3o \u00e9 o diabo, mas o dinheiro ficar com meia d\u00fazia de pessoas, enquanto o resto do pa\u00eds \u00e9 pobre como voc\u00ea&#8217;.<\/span><\/cite><\/p>\n<p class=\"bullet added-to-list1\" data-v-232111b4=\"\" data-pf_style_display=\"block\" data-pf_style_visibility=\"visible\"><span class=\"text-node\">Isso aqui vai virar um Ir\u00e3, uma Turquia. Vai ter 20% de pessoas ocidentalizadas, a classe m\u00e9dia, e 80% de pessoas na Idade M\u00e9dia. Estamos cortando toda forma de intelig\u00eancia e reflex\u00e3o.<\/span><\/p>\n<\/div>\n<\/div>\n<\/div>\n<\/div>\n<div class=\"pf-candidate\" data-v-6ee77307=\"\" data-pf_style_display=\"block\" data-pf_style_visibility=\"visible\">\n<div class=\"mt-50-lg mb-250-lg mb-50-xs jupiter-ads\" data-v-a9bfa2b3=\"\" data-v-6ee77307=\"\" data-pf_style_display=\"block\" data-pf_style_visibility=\"visible\">\n<div class=\"pf-candidate\" data-v-6ee77307=\"\" data-pf_style_display=\"block\" data-pf_style_visibility=\"visible\">\n<div class=\"container grid\" data-v-6ee77307=\"\" data-pf_style_display=\"block\" data-pf_style_visibility=\"visible\">\n<div class=\"central-column col-lg-6\" data-v-6ee77307=\"\" data-pf_style_display=\"block\" data-pf_style_visibility=\"visible\">\n<div class=\"jupiter-paragraph-fragment pf-candidate\" data-v-232111b4=\"\" data-v-6ee77307=\"\" data-pf_style_display=\"block\" data-pf_style_visibility=\"visible\">\n<p class=\"bullet mt-0 added-to-list1\" data-v-232111b4=\"\" data-pf_style_display=\"block\" data-pf_style_visibility=\"visible\"><span class=\"text-node\">Tenho muito medo de um &#8220;Evangelist\u00e3o&#8221;. E n\u00e3o \u00e9 pessimismo, \u00e9 o que vi, das entrevistas e dos estudos que fiz.<\/span><\/p>\n<p class=\"bullet added-to-list1\" data-v-232111b4=\"\" data-pf_style_display=\"block\" data-pf_style_visibility=\"visible\"><span class=\"text-node\">A esquerda \u00e9 inexistente enquanto afirma\u00e7\u00e3o de um projeto alternativo de pa\u00eds. Junte-se a isso a influ\u00eancia neopentecostal e vamos ter pessoas que sacrificam o intelecto em nome de uma fantasia que as faz continuar vivendo.<\/span><\/p>\n<figure class=\"embed-wrapper solar-photo-content row-type embed embed-horizontal pf-caption flex-width blockImage pf-size-full\" data-v-15044903=\"\" data-v-90ea4179=\"\" data-v-232111b4=\"\" data-pf_style_display=\"block\" data-pf_style_visibility=\"visible\">\n<figure class=\"solar-responsive-image m-0 responsive-image pb-100\" data-v-73d45db8=\"\" data-v-15044903=\"\" data-pf_style_display=\"block\" data-pf_style_visibility=\"visible\"><picture class=\"photo-image\" data-v-73d45db8=\"\" data-pf_style_display=\"inline\" data-pf_style_visibility=\"visible\"><source src=\"https:\/\/www.printfriendly.com\/p\/g\/3xmtjC\" srcset=\"https:\/\/conteudo.imguol.com.br\/c\/tab\/d0\/2024\/10\/28\/retrato-do-sociologo-e-pesquisador-jesse-souza-que-lanca-o-livro-pobre-de-direita-1730128116112_v2_750x1.jpg.webp\" type=\"image\/webp\" media=\"(min-width: 1px)\" data-v-73d45db8=\"\" data-pf_style_display=\"inline\" data-pf_style_visibility=\"visible\" \/><source src=\"https:\/\/www.printfriendly.com\/p\/g\/3xmtjC\" srcset=\"https:\/\/conteudo.imguol.com.br\/c\/tab\/d0\/2024\/10\/28\/retrato-do-sociologo-e-pesquisador-jesse-souza-que-lanca-o-livro-pobre-de-direita-1730128116112_v2_750x1.jpg\" type=\"image\/jpeg\" media=\"(min-width: 1px)\" data-v-73d45db8=\"\" data-pf_style_display=\"inline\" data-pf_style_visibility=\"visible\" \/><img data-recalc-dims=\"1\" decoding=\"async\" class=\"pf-large-image caption-img flex-width pf-size-full blockImage\" title=\" \" src=\"https:\/\/i0.wp.com\/conteudo.imguol.com.br\/c\/tab\/d0\/2024\/10\/28\/retrato-do-sociologo-e-pesquisador-jesse-souza-que-lanca-o-livro-pobre-de-direita-1730128116112_v2_750x1.jpg?w=600&#038;ssl=1\" srcset=\"\" alt=\" \"  data-v-73d45db8=\"\" data-pf_style_display=\"inline\" data-pf_style_visibility=\"visible\" data-pf_rect_width=\"16\" data-pf_rect_height=\"16\" \/><\/picture><\/figure><figcaption class=\"solar-caption regular-subtext\" data-v-524617ed=\"\" data-v-15044903=\"\" data-pf_style_display=\"block\" data-pf_style_visibility=\"visible\"><span data-v-524617ed=\"\" data-pf_style_display=\"inline\" data-pf_style_visibility=\"visible\"><span class=\"text-node\">Imagem: Daniela Toviansky\/UOL<\/span><\/span><\/figcaption><\/figure>\n<h2 class=\"bullet\" data-v-232111b4=\"\" data-pf_style_display=\"block\" data-pf_style_visibility=\"visible\"><span class=\"text-node\">Mar\u00e7al &#8216;perigoso&#8217;, Bolsonaro &#8216;burro&#8217;<\/span><\/h2>\n<p class=\"bullet added-to-list1\" data-v-232111b4=\"\" data-pf_style_display=\"block\" data-pf_style_visibility=\"visible\"><span class=\"text-node\">As 80% de pessoas humilhadas entre n\u00f3s querem ter futuro, mas n\u00e3o veem onde est\u00e1. E ningu\u00e9m explica para elas. Temos uma prega\u00e7\u00e3o religiosa que exclui qualquer reflex\u00e3o sobre a realidade social.<\/span><\/p>\n<p class=\"bullet added-to-list1\" data-v-232111b4=\"\" data-pf_style_display=\"block\" data-pf_style_visibility=\"visible\"><span class=\"text-node\">Essas pessoas est\u00e3o t\u00e3o desesperadas que acreditam em promessas do Pablo Mar\u00e7al, como se ele fosse um l\u00edder m\u00e1gico. Elas precisam ter alguma fantasia. Ningu\u00e9m consegue continuar vivo sem nenhuma chance de futuro.<\/span><\/p>\n<\/div>\n<\/div>\n<\/div>\n<\/div>\n<div class=\"pf-candidate\" data-v-6ee77307=\"\" data-pf_style_display=\"block\" data-pf_style_visibility=\"visible\">\n<div class=\"mt-50-lg mb-250-lg mb-50-xs jupiter-ads\" data-v-a9bfa2b3=\"\" data-v-6ee77307=\"\" data-pf_style_display=\"block\" data-pf_style_visibility=\"visible\">\n<div class=\"pf-candidate\" data-v-6ee77307=\"\" data-pf_style_display=\"block\" data-pf_style_visibility=\"visible\">\n<div class=\"container grid\" data-v-6ee77307=\"\" data-pf_style_display=\"block\" data-pf_style_visibility=\"visible\">\n<div class=\"central-column col-lg-6\" data-v-6ee77307=\"\" data-pf_style_display=\"block\" data-pf_style_visibility=\"visible\">\n<div class=\"jupiter-paragraph-fragment pf-candidate\" data-v-232111b4=\"\" data-v-6ee77307=\"\" data-pf_style_display=\"block\" data-pf_style_visibility=\"visible\">\n<p class=\"bullet mt-0 added-to-list1\" data-v-232111b4=\"\" data-pf_style_display=\"block\" data-pf_style_visibility=\"visible\"><cite data-pf_style_display=\"inline\" data-pf_style_visibility=\"visible\"><span class=\"text-node\">Pablo Mar\u00e7al \u00e9 muito perigoso. Ele \u00e9 um Bolsonaro turbo. Bolsonaro \u00e9 burro, um ser humano extremamente med\u00edocre, um malandrinho miliciano &#8220;carioca&#8221;. Mar\u00e7al \u00e9 o coach neopentecostal. \u00c9 o coach da prosperidade.<\/span><\/cite><\/p>\n<h2 class=\"bullet\" data-v-232111b4=\"\" data-pf_style_display=\"block\" data-pf_style_visibility=\"visible\"><span class=\"text-node\">Foco no identitarismo<\/span><\/h2>\n<p class=\"bullet added-to-list1\" data-v-232111b4=\"\" data-pf_style_display=\"block\" data-pf_style_visibility=\"visible\"><span class=\"text-node\">Voc\u00ea n\u00e3o pode dividir o mundo entre brancos e negros, entre homens e mulheres, e esquecer que existem ricos e pobres. A ascens\u00e3o individual n\u00e3o combate a desigualdade.<\/span><\/p>\n<p class=\"bullet added-to-list1\" data-v-232111b4=\"\" data-pf_style_display=\"block\" data-pf_style_visibility=\"visible\"><span class=\"text-node\">Eu critico porque \u00e9 uma sa\u00edda meritocr\u00e1tica. N\u00e3o abrange todas as mulheres e todos os negros. \u00c9 menos de 1%.<\/span><\/p>\n<p class=\"bullet added-to-list1\" data-v-232111b4=\"\" data-pf_style_display=\"block\" data-pf_style_visibility=\"visible\"><span class=\"text-node\">O efeito disso \u00e9 pernicioso. Um banco pode dizer: &#8220;50% do meu pessoal \u00e9 preto&#8221;. Com isso ele quer dizer que \u00e9 democr\u00e1tico.<\/span><\/p>\n<p class=\"bullet added-to-list1\" data-v-232111b4=\"\" data-pf_style_display=\"block\" data-pf_style_visibility=\"visible\"><span class=\"text-node\">Mas qual \u00e9 a mensagem para os 99% de negros que continuam morando com esgoto a c\u00e9u aberto? Que s\u00e3o culpados pelo pr\u00f3prio fracasso.<\/span><\/p>\n<\/div>\n<\/div>\n<\/div>\n<\/div>\n<div data-v-6ee77307=\"\" data-pf_style_display=\"block\" data-pf_style_visibility=\"visible\">\n<div class=\"mt-50-lg mb-250-lg mb-50-xs jupiter-ads\" data-v-a9bfa2b3=\"\" data-v-6ee77307=\"\" data-pf_style_display=\"block\" data-pf_style_visibility=\"visible\">\n<div class=\"jupiter-paragraph-fragment pf-candidate\" data-v-232111b4=\"\" data-v-6ee77307=\"\" data-pf_style_display=\"block\" data-pf_style_visibility=\"visible\">\n<p class=\"bullet mt-0 added-to-list1\" data-v-232111b4=\"\" data-pf_style_display=\"block\" data-pf_style_visibility=\"visible\"><span class=\"text-node\">Essas causas s\u00e3o justas e importantes, mas devem ser postas a partir de um ponto de vista universalista. N\u00e3o pode beneficiar s\u00f3 negros que tiveram uma vantagem comparativa \u2014 porque tiveram maior escolaridade, ou um professor que ajudou.<\/span><\/p>\n<p class=\"bullet added-to-list1\" data-v-232111b4=\"\" data-pf_style_display=\"block\" data-pf_style_visibility=\"visible\"><span class=\"text-node\">Esse tipo de ascens\u00e3o social acontece entre n\u00f3s h\u00e1 500 anos, inclusive dos negros. O que \u00e9 o capit\u00e3o do mato sen\u00e3o isso? Voc\u00ea pega os negros &#8220;mais capazes&#8221;, desde que eles assumam os valores do branco e do rico. \u00c9 o processo de embranquecimento.<\/span><\/p>\n<p class=\"bullet added-to-list1\" data-v-232111b4=\"\" data-pf_style_display=\"block\" data-pf_style_visibility=\"visible\"><cite data-pf_style_display=\"inline\" data-pf_style_visibility=\"visible\"><span class=\"text-node\">Se voc\u00ea chegar para um pobre na periferia, ele vai dizer: &#8216;As mulheres querem uma lei s\u00f3 para elas, o pessoal LGBT, o\u00a0<\/span><a href=\"https:\/\/www.uol.com.br\/tilt\/uber\/\" data-pf_style_display=\"inline\" data-pf_style_visibility=\"visible\"><span class=\"text-node\">Uber<\/span><\/a><span class=\"text-node\">, eu tamb\u00e9m quero uma lei para mim&#8217;. \u00c9 um erro n\u00e3o ligar essas reivindica\u00e7\u00f5es a quest\u00f5es universais.<\/span><\/cite><\/p>\n<p class=\"bullet added-to-list1\" data-v-232111b4=\"\" data-pf_style_display=\"block\" data-pf_style_visibility=\"visible\"><span class=\"text-node\">\u00c9 um tema espinhoso, muito ruim. Se eu fa\u00e7o um m\u00ednimo de cr\u00edtica, v\u00e3o dizer: &#8216;Voc\u00ea est\u00e1 sendo contra&#8217;. \u00c9 um neg\u00f3cio absurdo. Obviamente eu n\u00e3o estou sendo contra os grupos oprimidos.<\/span><\/p>\n<\/div>\n<div class=\"article-footer-action my-300-lg mt-150-xs mb-200-xs\" data-v-6ee77307=\"\" data-pf_style_display=\"block\" data-pf_style_visibility=\"visible\">\n<p class=\"jupiter-report-error added-to-list1\">\n<div data-v-6ee77307=\"\" data-pf_style_display=\"block\" data-pf_style_visibility=\"visible\">\n<div class=\"jupiter-share mt-150-xs\" data-v-39e8c6b6=\"\" data-v-6ee77307=\"\" data-pf_style_display=\"block\" data-pf_style_visibility=\"visible\">\n<div class=\"solar-social-media horizontal\" data-v-6619f140=\"\" data-v-39e8c6b6=\"\" data-pf_style_display=\"block\" data-pf_style_visibility=\"visible\">\n<div class=\"list main\" data-v-6619f140=\"\" data-pf_style_display=\"block\" data-pf_style_visibility=\"visible\">\n<div class=\"item\" data-v-6619f140=\"\" data-pf_style_display=\"block\" data-pf_style_visibility=\"visible\">\n<div class=\"icon\" tabindex=\"0\" data-v-6619f140=\"\" data-pf_style_display=\"block\" data-pf_style_visibility=\"visible\"><\/div>\n<\/div>\n<div class=\"item\" data-v-6619f140=\"\" data-pf_style_display=\"block\" data-pf_style_visibility=\"visible\">\n<div class=\"icon\" tabindex=\"0\" data-v-6619f140=\"\" data-pf_style_display=\"block\" data-pf_style_visibility=\"visible\"><\/div>\n<\/div>\n<div class=\"item\" data-v-6619f140=\"\" data-pf_style_display=\"block\" data-pf_style_visibility=\"visible\">\n<div class=\"icon\" tabindex=\"0\" data-v-6619f140=\"\" data-pf_style_display=\"block\" data-pf_style_visibility=\"visible\"><\/div>\n<\/div>\n<div class=\"item\" data-v-6619f140=\"\" data-pf_style_display=\"block\" data-pf_style_visibility=\"visible\">\n<div class=\"icon\" tabindex=\"0\" data-v-6619f140=\"\" data-pf_style_display=\"block\" data-pf_style_visibility=\"visible\"><\/div>\n<\/div>\n<\/div>\n<\/div>\n<\/div>\n<\/div>\n<\/div>\n<aside class=\"campaign-container\" data-metric-slot=\"content-footer-1\" data-v-6ee77307=\"\" data-pf_style_display=\"block\" data-pf_style_visibility=\"visible\">\n<div class=\"mb-200-xs\" data-cp-id=\"670ed2c55b7d2d0bb559dc49\" data-nosnippet=\"\" data-v-81fa55cf=\"\" data-pf_style_display=\"block\" data-pf_style_visibility=\"visible\">\n<div data-v-81fa55cf=\"\" data-pf_style_display=\"block\" data-pf_style_visibility=\"visible\">\n<section class=\"jupiter-see-too\" data-v-5ffe47f5=\"\" data-v-81fa55cf=\"\" data-pf_style_display=\"block\" data-pf_style_visibility=\"visible\">\n<p class=\"solar-title is-body added-to-list1\">\n<\/section>\n<\/div>\n<\/div>\n<\/aside>\n<\/div>\n<\/div>\n<\/div>\n<\/div>\n<\/div>\n<\/div>\n<\/div>\n<\/div>\n<\/div>\n<\/div>\n<\/div>\n<\/div>\n<\/div>\n<\/div>\n<\/div>\n<\/div>\n<aside class=\"col-custom col-lg-3\" data-v-6ee77307=\"\" data-pf_style_display=\"block\" data-pf_style_visibility=\"visible\">\n<aside class=\"stick campaign-container\" data-metric-slot=\"vertical-2-right\" data-v-6ee77307=\"\" data-pf_style_display=\"block\" data-pf_style_visibility=\"visible\">\n<div class=\"pb-100\" data-cp-id=\"asdf8a9787sdf897sdf871223\" data-nosnippet=\"\" data-v-81fa55cf=\"\" data-pf_style_display=\"block\" data-pf_style_visibility=\"visible\">\n<div data-v-81fa55cf=\"\" data-pf_style_display=\"block\" data-pf_style_visibility=\"visible\">\n<div class=\"jupiter-ads\" data-v-a9bfa2b3=\"\" data-v-81fa55cf=\"\" data-pf_style_display=\"block\" data-pf_style_visibility=\"visible\">\n<section class=\"solar-ads main\" data-v-5f58468e=\"\" data-v-a9bfa2b3=\"\" data-pf_style_display=\"block\" data-pf_style_visibility=\"visible\">\n<p class=\"ads-content no-center added-to-list1\">\n<\/section>\n<\/div>\n<\/div>\n<\/div>\n<\/aside>\n<\/aside>\n<\/div>\n<\/div>\n<div data-v-6ee77307=\"\" data-pf_style_display=\"block\" data-pf_style_visibility=\"visible\">\n<div class=\"mt-50-lg mb-250-lg mb-50-xs jupiter-ads\" data-v-a9bfa2b3=\"\" data-v-6ee77307=\"\" data-pf_style_display=\"block\" data-pf_style_visibility=\"visible\"><\/div>\n<\/div>\n<\/div>\n","protected":false},"excerpt":{"rendered":"<p>UOL &#8211; O soci\u00f3logo Jess\u00e9 Souza, 64, v\u00ea com pessimismo o futuro da esquerda no Brasil. Ele teme que o &#8220;PT se torne t\u00e3o irrelevante quanto o PSDB&#8221;. Para Souza, a esquerda &#8220;desistiu de lutar&#8221;, e a direita conquista eleitores vendendo &#8220;magia&#8221;. &#8220;Pablo Mar\u00e7al, bets, \u00e9 a mesma coisa.&#8221; Jess\u00e9, que \u00e9 professor da Universidade&#8230;<a class=\"more-link\" href=\"http:\/\/blogdalucianaoliveira.com.br\/blog\/2024\/10\/28\/brasil-vai-virar-ira\/\">Continue a leitura <span class=\"meta-nav\">&raquo;<\/span><\/a><\/p>\n","protected":false},"author":1,"featured_media":0,"comment_status":"closed","ping_status":"open","sticky":false,"template":"","format":"standard","meta":{"_exactmetrics_skip_tracking":false,"_exactmetrics_sitenote_active":false,"_exactmetrics_sitenote_note":"","_exactmetrics_sitenote_category":0,"jetpack_post_was_ever_published":false,"_jetpack_newsletter_access":"","_jetpack_dont_email_post_to_subs":false,"_jetpack_newsletter_tier_id":0,"_jetpack_memberships_contains_paywalled_content":false,"_jetpack_memberships_contains_paid_content":false,"footnotes":"","jetpack_publicize_message":"","jetpack_publicize_feature_enabled":true,"jetpack_social_post_already_shared":true,"jetpack_social_options":{"image_generator_settings":{"template":"highway","enabled":false},"version":2}},"categories":[1],"tags":[908,1171,1170],"class_list":["post-36151","post","type-post","status-publish","format-standard","hentry","category-notas","tag-esquerda","tag-ira","tag-jesse"],"jetpack_publicize_connections":[],"jetpack_sharing_enabled":true,"jetpack_featured_media_url":"","jetpack_shortlink":"https:\/\/wp.me\/p7wKYW-9p5","jetpack-related-posts":[],"_links":{"self":[{"href":"http:\/\/blogdalucianaoliveira.com.br\/blog\/wp-json\/wp\/v2\/posts\/36151","targetHints":{"allow":["GET"]}}],"collection":[{"href":"http:\/\/blogdalucianaoliveira.com.br\/blog\/wp-json\/wp\/v2\/posts"}],"about":[{"href":"http:\/\/blogdalucianaoliveira.com.br\/blog\/wp-json\/wp\/v2\/types\/post"}],"author":[{"embeddable":true,"href":"http:\/\/blogdalucianaoliveira.com.br\/blog\/wp-json\/wp\/v2\/users\/1"}],"replies":[{"embeddable":true,"href":"http:\/\/blogdalucianaoliveira.com.br\/blog\/wp-json\/wp\/v2\/comments?post=36151"}],"version-history":[{"count":1,"href":"http:\/\/blogdalucianaoliveira.com.br\/blog\/wp-json\/wp\/v2\/posts\/36151\/revisions"}],"predecessor-version":[{"id":36153,"href":"http:\/\/blogdalucianaoliveira.com.br\/blog\/wp-json\/wp\/v2\/posts\/36151\/revisions\/36153"}],"wp:attachment":[{"href":"http:\/\/blogdalucianaoliveira.com.br\/blog\/wp-json\/wp\/v2\/media?parent=36151"}],"wp:term":[{"taxonomy":"category","embeddable":true,"href":"http:\/\/blogdalucianaoliveira.com.br\/blog\/wp-json\/wp\/v2\/categories?post=36151"},{"taxonomy":"post_tag","embeddable":true,"href":"http:\/\/blogdalucianaoliveira.com.br\/blog\/wp-json\/wp\/v2\/tags?post=36151"}],"curies":[{"name":"wp","href":"https:\/\/api.w.org\/{rel}","templated":true}]}}