{"id":36158,"date":"2024-10-31T06:13:26","date_gmt":"2024-10-31T10:13:26","guid":{"rendered":"http:\/\/blogdalucianaoliveira.com.br\/blog\/?p=36158"},"modified":"2024-10-31T06:13:26","modified_gmt":"2024-10-31T10:13:26","slug":"mulheres-se-reunem-em-brasilia-contra-a-violencia-de-genero-de-2-a-4-de-novembro","status":"publish","type":"post","link":"http:\/\/blogdalucianaoliveira.com.br\/blog\/2024\/10\/31\/mulheres-se-reunem-em-brasilia-contra-a-violencia-de-genero-de-2-a-4-de-novembro\/","title":{"rendered":"Mulheres se re\u00fanem em Bras\u00edlia contra a viol\u00eancia de g\u00eanero de 2 a 4 de novembro"},"content":{"rendered":"<p><img data-recalc-dims=\"1\" loading=\"lazy\" decoding=\"async\" data-attachment-id=\"36159\" data-permalink=\"http:\/\/blogdalucianaoliveira.com.br\/blog\/2024\/10\/31\/mulheres-se-reunem-em-brasilia-contra-a-violencia-de-genero-de-2-a-4-de-novembro\/img_2091\/\" data-orig-file=\"https:\/\/i0.wp.com\/blogdalucianaoliveira.com.br\/blog\/wp-content\/uploads\/2024\/10\/IMG_2091.webp?fit=800%2C479\" data-orig-size=\"800,479\" data-comments-opened=\"0\" data-image-meta=\"{&quot;aperture&quot;:&quot;0&quot;,&quot;credit&quot;:&quot;&quot;,&quot;camera&quot;:&quot;&quot;,&quot;caption&quot;:&quot;&quot;,&quot;created_timestamp&quot;:&quot;0&quot;,&quot;copyright&quot;:&quot;&quot;,&quot;focal_length&quot;:&quot;0&quot;,&quot;iso&quot;:&quot;0&quot;,&quot;shutter_speed&quot;:&quot;0&quot;,&quot;title&quot;:&quot;&quot;,&quot;orientation&quot;:&quot;0&quot;}\" data-image-title=\"IMG_2091\" data-image-description=\"\" data-image-caption=\"\" data-medium-file=\"https:\/\/i0.wp.com\/blogdalucianaoliveira.com.br\/blog\/wp-content\/uploads\/2024\/10\/IMG_2091.webp?fit=300%2C180\" data-large-file=\"https:\/\/i0.wp.com\/blogdalucianaoliveira.com.br\/blog\/wp-content\/uploads\/2024\/10\/IMG_2091.webp?fit=600%2C359\" class=\"alignnone size-full wp-image-36159\" src=\"https:\/\/i0.wp.com\/blogdalucianaoliveira.com.br\/blog\/wp-content\/uploads\/2024\/10\/IMG_2091.webp?resize=600%2C359\" alt=\"\" width=\"600\" height=\"359\" srcset=\"https:\/\/i0.wp.com\/blogdalucianaoliveira.com.br\/blog\/wp-content\/uploads\/2024\/10\/IMG_2091.webp?w=800 800w, https:\/\/i0.wp.com\/blogdalucianaoliveira.com.br\/blog\/wp-content\/uploads\/2024\/10\/IMG_2091.webp?resize=300%2C180 300w, https:\/\/i0.wp.com\/blogdalucianaoliveira.com.br\/blog\/wp-content\/uploads\/2024\/10\/IMG_2091.webp?resize=768%2C460 768w, https:\/\/i0.wp.com\/blogdalucianaoliveira.com.br\/blog\/wp-content\/uploads\/2024\/10\/IMG_2091.webp?resize=501%2C300 501w\" sizes=\"auto, (max-width: 600px) 100vw, 600px\" \/><\/p>\n<h2 class=\"description\">Encontro Nacional do Levante Feminista contra o Feminic\u00eddio, Lesboc\u00eddio e Transfeminic\u00eddio deve reunir cem participantes<\/h2>\n<p><!--more--><\/p>\n<div class=\"details-bar\">\n<div class=\"author-time\">\n<div class=\"author\">Nara Lacerda<\/div>\n<div class=\"place-and-time\">\n<div class=\"place\">Brasil de Fato<\/div>\n<\/div>\n<div>\n<p>De 2 a 4 de novembro, Bras\u00edlia (DF) recebe o 1\u00ba Encontro Nacional da Campanha Levante Feminista contra o Feminic\u00eddio, Lesboc\u00eddio e Transfeminic\u00eddio. A programa\u00e7\u00e3o inclui eventos para <a href=\"https:\/\/www.brasildefators.com.br\/2023\/11\/14\/em-cenario-de-aumento-de-violencia-levante-feminista-conclama-basta-de-feminicidio\" target=\"_blank\" rel=\"noopener\">avaliar a\u00e7\u00f5es e criar estrat\u00e9gias<\/a> de enfrentamento ao crescimento da viol\u00eancia de g\u00eanero.<\/p>\n<p>Segundo dados da Organiza\u00e7\u00e3o Mundial da Sa\u00fade (OMS), o Brasil ocupa a quinta posi\u00e7\u00e3o global em <a href=\"https:\/\/www.brasildefato.com.br\/2023\/11\/27\/feminicidio-em-alta-afasta-brasil-da-igualdade-de-genero\" target=\"_blank\" rel=\"noopener\">n\u00famero de feminic\u00eddios<\/a>. O Anu\u00e1rio Brasileiro de Seguran\u00e7a P\u00fablica aponta que, em 2023, mais de 77% dos agressores eram conhecidos e 24% eram parceiros ou ex-parceiros \u00edntimos.<\/p>\n<p>A expectativa \u00e9 de que o encontro re\u00fana cerca de cem mulheres para debater o tema. Nessa lista est\u00e3o representantes de coletivos, redes feministas, pesquisadoras, artistas e ativistas.<\/p>\n<p>Estar\u00e3o presentes nas mesas de discuss\u00e3o nomes como a <a href=\"https:\/\/www.brasildefato.com.br\/2024\/09\/11\/marcia-tiburi-luta-ecofeminista-e-saida-para-crise-do-capitalismo\" target=\"_blank\" rel=\"noopener\">fil\u00f3sofa e escritora Marcia Tiburi<\/a>, a pesquisadora Schuma Schumaher, a soci\u00f3loga e escritora Analba Teixeira, a jornalista e cientista pol\u00edtica Telia Negr\u00e3o e a ministra da Mulher, Aparecida Gon\u00e7alves.<\/p>\n<p>Al\u00e9m das discuss\u00f5es coletivas, o encontro ter\u00e1 celebra\u00e7\u00f5es em mem\u00f3ria das v\u00edtimas, atividades culturais e di\u00e1logos com representantes do governo e parlamentares. A pauta inclui temas como atendimento adequado \u00e0s v\u00edtimas de viol\u00eancia, capacita\u00e7\u00e3o de agentes p\u00fablicos, julgamentos para os agressores e repara\u00e7\u00e3o para familiares das v\u00edtimas.<\/p>\n<p>Ao fim da jornada, um documento com as demandas do movimento ser\u00e1 entregue ao <a href=\"https:\/\/www.brasildefato.com.br\/2024\/08\/06\/em-campanha-contra-os-feminicidios-ministerio-das-mulheres-se-equilibra-entre-metas-e-escassez-de-verbas\" target=\"_blank\" rel=\"noopener\">governo federal<\/a>, ao Congresso Nacional e ao judici\u00e1rio. A cerim\u00f4nia de entrega do tratado est\u00e1 marcada para 5 de novembro, na C\u00e2mara e no Senado.<\/p>\n<p>A Campanha Levante Feminista Contra o Feminic\u00eddio, Lesboc\u00eddio e Transfeminic\u00eddio existe desde 2021. Autoconvocada e autofinanciada, ela representa uma resposta popular \u00e0 falta de pol\u00edticas de prote\u00e7\u00e3o a mulheres e pessoas trans.<\/p>\n<p class=\"editor\">Edi\u00e7\u00e3o: Martina Medina<\/p>\n<\/div>\n<div class=\"place-and-time\">\n<div><\/div>\n<\/div>\n<\/div>\n<\/div>\n","protected":false},"excerpt":{"rendered":"<p>Encontro Nacional do Levante Feminista contra o Feminic\u00eddio, Lesboc\u00eddio e Transfeminic\u00eddio deve reunir cem participantes<\/p>\n","protected":false},"author":1,"featured_media":0,"comment_status":"closed","ping_status":"open","sticky":false,"template":"","format":"standard","meta":{"_exactmetrics_skip_tracking":false,"_exactmetrics_sitenote_active":false,"_exactmetrics_sitenote_note":"","_exactmetrics_sitenote_category":0,"jetpack_post_was_ever_published":false,"_jetpack_newsletter_access":"","_jetpack_dont_email_post_to_subs":false,"_jetpack_newsletter_tier_id":0,"_jetpack_memberships_contains_paywalled_content":false,"_jetpack_memberships_contains_paid_content":false,"footnotes":"","jetpack_publicize_message":"","jetpack_publicize_feature_enabled":true,"jetpack_social_post_already_shared":true,"jetpack_social_options":{"image_generator_settings":{"template":"highway","enabled":false},"version":2}},"categories":[1],"tags":[1075,1055],"class_list":["post-36158","post","type-post","status-publish","format-standard","hentry","category-notas","tag-levante-feminista","tag-violencia-contra-a-mulher"],"jetpack_publicize_connections":[],"jetpack_sharing_enabled":true,"jetpack_featured_media_url":"","jetpack_shortlink":"https:\/\/wp.me\/p7wKYW-9pc","jetpack-related-posts":[],"_links":{"self":[{"href":"http:\/\/blogdalucianaoliveira.com.br\/blog\/wp-json\/wp\/v2\/posts\/36158","targetHints":{"allow":["GET"]}}],"collection":[{"href":"http:\/\/blogdalucianaoliveira.com.br\/blog\/wp-json\/wp\/v2\/posts"}],"about":[{"href":"http:\/\/blogdalucianaoliveira.com.br\/blog\/wp-json\/wp\/v2\/types\/post"}],"author":[{"embeddable":true,"href":"http:\/\/blogdalucianaoliveira.com.br\/blog\/wp-json\/wp\/v2\/users\/1"}],"replies":[{"embeddable":true,"href":"http:\/\/blogdalucianaoliveira.com.br\/blog\/wp-json\/wp\/v2\/comments?post=36158"}],"version-history":[{"count":1,"href":"http:\/\/blogdalucianaoliveira.com.br\/blog\/wp-json\/wp\/v2\/posts\/36158\/revisions"}],"predecessor-version":[{"id":36160,"href":"http:\/\/blogdalucianaoliveira.com.br\/blog\/wp-json\/wp\/v2\/posts\/36158\/revisions\/36160"}],"wp:attachment":[{"href":"http:\/\/blogdalucianaoliveira.com.br\/blog\/wp-json\/wp\/v2\/media?parent=36158"}],"wp:term":[{"taxonomy":"category","embeddable":true,"href":"http:\/\/blogdalucianaoliveira.com.br\/blog\/wp-json\/wp\/v2\/categories?post=36158"},{"taxonomy":"post_tag","embeddable":true,"href":"http:\/\/blogdalucianaoliveira.com.br\/blog\/wp-json\/wp\/v2\/tags?post=36158"}],"curies":[{"name":"wp","href":"https:\/\/api.w.org\/{rel}","templated":true}]}}