{"id":36161,"date":"2024-10-31T14:08:37","date_gmt":"2024-10-31T18:08:37","guid":{"rendered":"http:\/\/blogdalucianaoliveira.com.br\/blog\/?p=36161"},"modified":"2024-10-31T14:08:37","modified_gmt":"2024-10-31T18:08:37","slug":"eleicoes-municipais-2024-qual-e-o-posicionamento-dos-eleitos-na-amazonia-em-relacao-ao-meio-ambiente","status":"publish","type":"post","link":"http:\/\/blogdalucianaoliveira.com.br\/blog\/2024\/10\/31\/eleicoes-municipais-2024-qual-e-o-posicionamento-dos-eleitos-na-amazonia-em-relacao-ao-meio-ambiente\/","title":{"rendered":"Elei\u00e7\u00f5es Municipais 2024: qual \u00e9 o posicionamento dos eleitos na Amaz\u00f4nia em rela\u00e7\u00e3o ao meio ambiente?"},"content":{"rendered":"<p><img data-recalc-dims=\"1\" loading=\"lazy\" decoding=\"async\" data-attachment-id=\"36162\" data-permalink=\"http:\/\/blogdalucianaoliveira.com.br\/blog\/2024\/10\/31\/eleicoes-municipais-2024-qual-e-o-posicionamento-dos-eleitos-na-amazonia-em-relacao-ao-meio-ambiente\/img_2102\/\" data-orig-file=\"https:\/\/i0.wp.com\/blogdalucianaoliveira.com.br\/blog\/wp-content\/uploads\/2024\/10\/IMG_2102.webp?fit=1200%2C521\" data-orig-size=\"1200,521\" data-comments-opened=\"0\" data-image-meta=\"{&quot;aperture&quot;:&quot;0&quot;,&quot;credit&quot;:&quot;&quot;,&quot;camera&quot;:&quot;&quot;,&quot;caption&quot;:&quot;&quot;,&quot;created_timestamp&quot;:&quot;0&quot;,&quot;copyright&quot;:&quot;&quot;,&quot;focal_length&quot;:&quot;0&quot;,&quot;iso&quot;:&quot;0&quot;,&quot;shutter_speed&quot;:&quot;0&quot;,&quot;title&quot;:&quot;&quot;,&quot;orientation&quot;:&quot;0&quot;}\" data-image-title=\"IMG_2102\" data-image-description=\"\" data-image-caption=\"\" data-medium-file=\"https:\/\/i0.wp.com\/blogdalucianaoliveira.com.br\/blog\/wp-content\/uploads\/2024\/10\/IMG_2102.webp?fit=300%2C130\" data-large-file=\"https:\/\/i0.wp.com\/blogdalucianaoliveira.com.br\/blog\/wp-content\/uploads\/2024\/10\/IMG_2102.webp?fit=600%2C261\" class=\"alignnone size-full wp-image-36162\" src=\"https:\/\/i0.wp.com\/blogdalucianaoliveira.com.br\/blog\/wp-content\/uploads\/2024\/10\/IMG_2102.webp?resize=600%2C261\" alt=\"\" width=\"600\" height=\"261\" srcset=\"https:\/\/i0.wp.com\/blogdalucianaoliveira.com.br\/blog\/wp-content\/uploads\/2024\/10\/IMG_2102.webp?w=1200 1200w, https:\/\/i0.wp.com\/blogdalucianaoliveira.com.br\/blog\/wp-content\/uploads\/2024\/10\/IMG_2102.webp?resize=300%2C130 300w, https:\/\/i0.wp.com\/blogdalucianaoliveira.com.br\/blog\/wp-content\/uploads\/2024\/10\/IMG_2102.webp?resize=1024%2C445 1024w, https:\/\/i0.wp.com\/blogdalucianaoliveira.com.br\/blog\/wp-content\/uploads\/2024\/10\/IMG_2102.webp?resize=768%2C333 768w, https:\/\/i0.wp.com\/blogdalucianaoliveira.com.br\/blog\/wp-content\/uploads\/2024\/10\/IMG_2102.webp?resize=691%2C300 691w\" sizes=\"auto, (max-width: 600px) 100vw, 600px\" \/><\/p>\n<p class=\"\" data-pf_style_display=\"block\" data-pf_style_visibility=\"visible\"><span class=\"text-node\">Em an\u00e1lise exclusiva dos resultados apresentados neste domingo pelo Tribunal Superior Eleitoral (TSE), a InfoAmazonia traz, em mapas, o posicionamento dos prefeitos e vereadores eleitos em rela\u00e7\u00e3o \u00e0 pauta ambiental e clim\u00e1tica nas cidades da maior floresta tropical do planeta. <\/span><!--more--><\/p>\n<div class=\"wp-block-group\" data-pf_style_display=\"block\" data-pf_style_visibility=\"visible\">\n<div class=\"wp-block-group__inner-container is-layout-constrained wp-block-group-is-layout-constrained\" data-pf_style_display=\"block\" data-pf_style_visibility=\"visible\">\n<div class=\"wp-block-group\" data-pf_style_display=\"block\" data-pf_style_visibility=\"visible\">\n<div class=\"wp-block-group__inner-container is-layout-constrained wp-block-group-is-layout-constrained\" data-pf_style_display=\"block\" data-pf_style_visibility=\"visible\">\n<p data-pf_style_display=\"block\" data-pf_style_visibility=\"visible\"><span class=\"text-node\">Este \u00e9 o resultado de uma an\u00e1lise exclusiva da <\/span><strong data-pf_style_display=\"inline\" data-pf_style_visibility=\"visible\"><span class=\"text-node\">InfoAmazonia<\/span><\/strong><span class=\"text-node\">, com base nos dados do Tribunal Superior Eleitoral (TSE) e no \u00cdndice de Converg\u00eancia Ambiental total (ICAt) do <\/span><a href=\"https:\/\/viradaparlamentar.org.br\/parlamentares\/\" data-pf_style_display=\"inline\" data-pf_style_visibility=\"visible\"><span class=\"text-node\">Painel Farol Verde<\/span><\/a><span class=\"text-node\">, ferramenta que verifica o grau de alinhamento de parlamentares \u00e0 agenda ambiental, em uma <\/span><strong data-pf_style_display=\"inline\" data-pf_style_visibility=\"visible\"><span class=\"text-node\">escala de 0 (zero) a 100<\/span><\/strong><span class=\"text-node\"> \u2013 sendo 0 (zero) um posicionamento p\u00e9ssimo e pouco aderente, e 100, \u00f3timo e muito aderente (leia mais sobre a <\/span><a href=\"https:\/\/www.printfriendly.com\/p\/g\/Y5JksZ#analise\" data-pf_style_display=\"inline\" data-pf_style_visibility=\"visible\"><span class=\"text-node\">metodologia aqui<\/span><\/a><span class=\"text-node\">).\u00a0<\/span><\/p>\n<\/div>\n<\/div>\n<div class=\"wp-block-image\" data-pf_style_display=\"block\" data-pf_style_visibility=\"visible\">\n<figure class=\"aligncenter size-large is-resized\" data-pf_style_display=\"block\" data-pf_style_visibility=\"visible\"><img data-recalc-dims=\"1\" decoding=\"async\" class=\"wp-image-193820 pf-large-image flex-width pf-size-full mediumImage\" src=\"https:\/\/i0.wp.com\/infoamazonia.org\/wp-content\/uploads\/2024\/10\/img12-1024x263.jpg?w=600&#038;ssl=1\" sizes=\"(max-width: 1024px) 100vw, 1024px\" srcset=\"\" alt=\"\"  data-pf_style_display=\"inline\" data-pf_style_visibility=\"visible\" data-pf_rect_width=\"554\" data-pf_rect_height=\"142.28125\" \/><\/figure>\n<\/div>\n<\/div>\n<\/div>\n<div class=\"wp-block-group alignwide\" data-pf_style_display=\"block\" data-pf_style_visibility=\"visible\">\n<div class=\"wp-block-group__inner-container is-layout-constrained wp-block-group-is-layout-constrained\" data-pf_style_display=\"block\" data-pf_style_visibility=\"visible\"><\/div>\n<\/div>\n<h2 id=\"h-rondonia-e-amapa-nao-elegeram-prefeitos-pro-meio-ambiente\" class=\"wp-block-heading alignwide\" data-pf_style_display=\"block\" data-pf_style_visibility=\"visible\"><span class=\"text-node\">Rond\u00f4nia e Amap\u00e1 n\u00e3o elegeram prefeitos pr\u00f3-meio ambiente<\/span><\/h2>\n<h2 id=\"h-indice-medio-dos-dois-estados-e-considerado-pessimo-15-7-rondonia-e-16-1-amapa\" class=\"wp-block-heading alignwide has-medium-gray-color has-text-color has-link-color has-normal-font-size wp-elements-2cb72229849f3a4d96ff96632566a2ef\" data-pf_style_display=\"block\" data-pf_style_visibility=\"visible\"><em data-pf_style_display=\"inline\" data-pf_style_visibility=\"visible\"><span class=\"text-node\">\u00cdndice m\u00e9dio dos dois estados \u00e9 considerado p\u00e9ssimo: 15,7 (Rond\u00f4nia) e 16,1 (Amap\u00e1).<\/span><\/em><\/h2>\n<div class=\"wp-block-group alignwide\" data-pf_style_display=\"block\" data-pf_style_visibility=\"visible\">\n<div class=\"wp-block-group__inner-container is-layout-constrained wp-block-group-is-layout-constrained\" data-pf_style_display=\"block\" data-pf_style_visibility=\"visible\">\n<div class=\"wp-block-columns is-layout-flex wp-container-core-columns-is-layout-1 wp-block-columns-is-layout-flex\" data-pf_style_display=\"block\" data-pf_style_visibility=\"visible\">\n<div class=\"wp-block-column is-layout-flow wp-block-column-is-layout-flow\" data-pf_style_display=\"block\" data-pf_style_visibility=\"visible\">\n<figure class=\"wp-block-image size-large\" data-pf_style_display=\"block\" data-pf_style_visibility=\"visible\"><img data-recalc-dims=\"1\" decoding=\"async\" class=\"wp-image-193652 pf-large-image flex-width pf-size-full mediumImage\" src=\"https:\/\/i0.wp.com\/infoamazonia.org\/wp-content\/uploads\/2024\/10\/img03-1-1024x1008.jpg?w=600&#038;ssl=1\" sizes=\"(max-width: 1024px) 100vw, 1024px\" srcset=\"\" alt=\"\"  data-pf_style_display=\"inline\" data-pf_style_visibility=\"visible\" data-pf_rect_width=\"1024\" data-pf_rect_height=\"1008\" \/><\/figure>\n<\/div>\n<div class=\"wp-block-column is-layout-flow wp-block-column-is-layout-flow\" data-pf_style_display=\"block\" data-pf_style_visibility=\"visible\">\n<figure class=\"wp-block-image size-large\" data-pf_style_display=\"block\" data-pf_style_visibility=\"visible\"><img data-recalc-dims=\"1\" decoding=\"async\" class=\"wp-image-193648 pf-large-image flex-width pf-size-full mediumImage\" src=\"https:\/\/i0.wp.com\/infoamazonia.org\/wp-content\/uploads\/2024\/10\/img04-1024x1008.jpg?w=600&#038;ssl=1\" sizes=\"(max-width: 1024px) 100vw, 1024px\" srcset=\"\" alt=\"\"  data-pf_style_display=\"inline\" data-pf_style_visibility=\"visible\" data-pf_rect_width=\"1024\" data-pf_rect_height=\"1008\" \/><\/figure>\n<\/div>\n<\/div>\n<\/div>\n<\/div>\n<h2 id=\"h-maranhao-e-o-estado-com-mais-prefeitos-pro-meio-ambiente\" class=\"wp-block-heading alignwide\" data-pf_style_display=\"block\" data-pf_style_visibility=\"visible\"><span class=\"text-node\">Maranh\u00e3o \u00e9 o estado com mais prefeitos pr\u00f3-meio ambiente<\/span><\/h2>\n<div class=\"wp-block-group alignwide\" data-pf_style_display=\"block\" data-pf_style_visibility=\"visible\">\n<div class=\"wp-block-group__inner-container is-layout-constrained wp-block-group-is-layout-constrained\" data-pf_style_display=\"block\" data-pf_style_visibility=\"visible\">\n<div class=\"wp-block-columns is-layout-flex wp-container-core-columns-is-layout-2 wp-block-columns-is-layout-flex\" data-pf_style_display=\"block\" data-pf_style_visibility=\"visible\">\n<div class=\"wp-block-column is-layout-flow wp-block-column-is-layout-flow\" data-pf_style_display=\"block\" data-pf_style_visibility=\"visible\">\n<figure class=\"wp-block-image size-large\" data-pf_style_display=\"block\" data-pf_style_visibility=\"visible\"><img data-recalc-dims=\"1\" decoding=\"async\" class=\"wp-image-193800 pf-large-image flex-width pf-size-full mediumImage\" src=\"https:\/\/i0.wp.com\/infoamazonia.org\/wp-content\/uploads\/2024\/10\/img02-2-1024x1008.jpg?w=600&#038;ssl=1\" sizes=\"(max-width: 1024px) 100vw, 1024px\" srcset=\"\" alt=\"\"  data-pf_style_display=\"inline\" data-pf_style_visibility=\"visible\" data-pf_rect_width=\"1024\" data-pf_rect_height=\"1008\" \/><\/figure>\n<\/div>\n<div class=\"wp-block-column is-layout-flow wp-block-column-is-layout-flow\" data-pf_style_display=\"block\" data-pf_style_visibility=\"visible\">\n<figure class=\"wp-block-image size-large\" data-pf_style_display=\"block\" data-pf_style_visibility=\"visible\"><img data-recalc-dims=\"1\" decoding=\"async\" class=\"wp-image-193644 pf-large-image flex-width pf-size-full mediumImage\" src=\"https:\/\/i0.wp.com\/infoamazonia.org\/wp-content\/uploads\/2024\/10\/img01-1024x1008.jpg?w=600&#038;ssl=1\" sizes=\"(max-width: 1024px) 100vw, 1024px\" srcset=\"\" alt=\"\"  data-pf_style_display=\"inline\" data-pf_style_visibility=\"visible\" data-pf_rect_width=\"1024\" data-pf_rect_height=\"1008\" \/><\/figure>\n<\/div>\n<\/div>\n<\/div>\n<\/div>\n<div class=\"wp-block-group alignwide\" data-pf_style_display=\"block\" data-pf_style_visibility=\"visible\">\n<div class=\"wp-block-group__inner-container is-layout-constrained wp-block-group-is-layout-constrained\" data-pf_style_display=\"block\" data-pf_style_visibility=\"visible\">\n<h2 id=\"h-dos-10-prefeitos-mais-ambientalistas-apenas-3-possuem-camaras-municipais-com-composicao-similar\" class=\"wp-block-heading alignwide\" data-pf_style_display=\"block\" data-pf_style_visibility=\"visible\"><span class=\"text-node\">Dos 10 prefeitos mais ambientalistas, apenas 3 possuem C\u00e2maras municipais com composi\u00e7\u00e3o similar<\/span><\/h2>\n<p data-pf_style_display=\"block\" data-pf_style_visibility=\"visible\"><span class=\"text-node\">\u00c9 poss\u00edvel observar que a maioria dos prefeitos pr\u00f3-meio ambiente eleitos ter\u00e1 uma resist\u00eancia de suas C\u00e2maras de Vereadores para aprovar projetos que defendam a Amaz\u00f4nia. O inverso n\u00e3o ocorre: prefeitos de partidos contr\u00e1rios \u00e0 pauta ambiental t\u00eam a vantagem de eleger vereadores em sintonia com suas propostas.<\/span><\/p>\n<div class=\"wp-block-columns alignwide is-layout-flex wp-container-core-columns-is-layout-3 wp-block-columns-is-layout-flex\" data-pf_style_display=\"block\" data-pf_style_visibility=\"visible\">\n<div class=\"wp-block-column is-layout-flow wp-block-column-is-layout-flow\" data-pf_style_display=\"block\" data-pf_style_visibility=\"visible\">\n<figure class=\"wp-block-image size-large\" data-pf_style_display=\"block\" data-pf_style_visibility=\"visible\"><img data-recalc-dims=\"1\" decoding=\"async\" class=\"wp-image-193663 pf-large-image flex-width pf-size-full mediumImage\" src=\"https:\/\/i0.wp.com\/infoamazonia.org\/wp-content\/uploads\/2024\/10\/img05-1024x1008.jpg?w=600&#038;ssl=1\" sizes=\"(max-width: 1024px) 100vw, 1024px\" srcset=\"\" alt=\"\"  data-pf_style_display=\"inline\" data-pf_style_visibility=\"visible\" data-pf_rect_width=\"1024\" data-pf_rect_height=\"1008\" \/><\/figure>\n<\/div>\n<div class=\"wp-block-column is-layout-flow wp-block-column-is-layout-flow\" data-pf_style_display=\"block\" data-pf_style_visibility=\"visible\">\n<figure class=\"wp-block-image size-large\" data-pf_style_display=\"block\" data-pf_style_visibility=\"visible\"><img data-recalc-dims=\"1\" decoding=\"async\" class=\"wp-image-193666 pf-large-image flex-width pf-size-full mediumImage\" src=\"https:\/\/i0.wp.com\/infoamazonia.org\/wp-content\/uploads\/2024\/10\/img06-1024x1008.jpg?w=600&#038;ssl=1\" sizes=\"(max-width: 1024px) 100vw, 1024px\" srcset=\"\" alt=\"\"  data-pf_style_display=\"inline\" data-pf_style_visibility=\"visible\" data-pf_rect_width=\"1024\" data-pf_rect_height=\"1008\" \/><\/figure>\n<\/div>\n<\/div>\n<\/div>\n<\/div>\n<div class=\"wp-block-group alignwide\" data-pf_style_display=\"block\" data-pf_style_visibility=\"visible\">\n<div class=\"wp-block-group__inner-container is-layout-constrained wp-block-group-is-layout-constrained\" data-pf_style_display=\"block\" data-pf_style_visibility=\"visible\">\n<div class=\"wp-block-columns is-layout-flex wp-container-core-columns-is-layout-4 wp-block-columns-is-layout-flex\" data-pf_style_display=\"block\" data-pf_style_visibility=\"visible\">\n<div class=\"wp-block-column is-layout-flow wp-block-column-is-layout-flow\" data-pf_style_display=\"block\" data-pf_style_visibility=\"visible\">\n<p data-pf_style_display=\"block\" data-pf_style_visibility=\"visible\"><span class=\"text-node\">Em Cod\u00f3 (MA), apesar do \u00edndice alto (74) do PT, partido do prefeito eleito, a C\u00e2mara aponta para uma posi\u00e7\u00e3o contr\u00e1ria: 14 dos 19 vereadores eleitos t\u00eam \u00edndice inferior a 35, uma discrep\u00e2ncia que pode indicar uma C\u00e2mara legislativa contr\u00e1ria \u00e0s pol\u00edticas ambientais da prefeitura.<\/span><\/p>\n<\/div>\n<div class=\"wp-block-column is-layout-flow wp-block-column-is-layout-flow\" data-pf_style_display=\"block\" data-pf_style_visibility=\"visible\">\n<p data-pf_style_display=\"block\" data-pf_style_visibility=\"visible\"><span class=\"text-node\">Mas em cidades em que prefeitos eleitos t\u00eam \u00edndices ruins ou p\u00e9ssimos, a C\u00e2mara n\u00e3o compensa a pontua\u00e7\u00e3o na mesma medida: dos 10 piores munic\u00edpios, apenas Santa Luzia do Paru\u00e1 (MA) tem uma C\u00e2mara com mais de metade dos vereadores eleitos com \u00edndice superior a 50.<\/span><\/p>\n<\/div>\n<\/div>\n<\/div>\n<\/div>\n<div class=\"wp-block-group alignwide\" data-pf_style_display=\"block\" data-pf_style_visibility=\"visible\">\n<div class=\"wp-block-group__inner-container is-layout-constrained wp-block-group-is-layout-constrained\" data-pf_style_display=\"block\" data-pf_style_visibility=\"visible\">\n<div class=\"wp-block-columns is-layout-flex wp-container-core-columns-is-layout-5 wp-block-columns-is-layout-flex\" data-pf_style_display=\"block\" data-pf_style_visibility=\"visible\">\n<div class=\"wp-block-column is-layout-flow wp-block-column-is-layout-flow\" data-pf_style_display=\"block\" data-pf_style_visibility=\"visible\">\n<figure class=\"wp-block-image size-large\" data-pf_style_display=\"block\" data-pf_style_visibility=\"visible\"><img data-recalc-dims=\"1\" decoding=\"async\" class=\"wp-image-193812 pf-large-image flex-width pf-size-full mediumImage\" src=\"https:\/\/i0.wp.com\/infoamazonia.org\/wp-content\/uploads\/2024\/10\/img07-2-1024x490.jpg?w=600&#038;ssl=1\" sizes=\"(max-width: 1024px) 100vw, 1024px\" srcset=\"\" alt=\"\"  data-pf_style_display=\"inline\" data-pf_style_visibility=\"visible\" data-pf_rect_width=\"1024\" data-pf_rect_height=\"490\" \/><\/figure>\n<\/div>\n<div class=\"wp-block-column is-layout-flow wp-block-column-is-layout-flow\" data-pf_style_display=\"block\" data-pf_style_visibility=\"visible\">\n<figure class=\"wp-block-image size-large\" data-pf_style_display=\"block\" data-pf_style_visibility=\"visible\"><img data-recalc-dims=\"1\" decoding=\"async\" class=\"wp-image-193815 pf-large-image flex-width pf-size-full mediumImage\" src=\"https:\/\/i0.wp.com\/infoamazonia.org\/wp-content\/uploads\/2024\/10\/img08-2-1024x490.jpg?w=600&#038;ssl=1\" sizes=\"(max-width: 1024px) 100vw, 1024px\" srcset=\"\" alt=\"\"  data-pf_style_display=\"inline\" data-pf_style_visibility=\"visible\" data-pf_rect_width=\"1024\" data-pf_rect_height=\"490\" \/><\/figure>\n<\/div>\n<\/div>\n<\/div>\n<\/div>\n<div class=\"wp-block-group alignwide\" data-pf_style_display=\"block\" data-pf_style_visibility=\"visible\">\n<div class=\"wp-block-group__inner-container is-layout-constrained wp-block-group-is-layout-constrained\" data-pf_style_display=\"block\" data-pf_style_visibility=\"visible\"><\/div>\n<\/div>\n<div class=\"wp-block-group alignwide\" data-pf_style_display=\"block\" data-pf_style_visibility=\"visible\">\n<div class=\"wp-block-group__inner-container is-layout-constrained wp-block-group-is-layout-constrained\" data-pf_style_display=\"block\" data-pf_style_visibility=\"visible\">\n<div class=\"wp-block-columns is-layout-flex wp-container-core-columns-is-layout-6 wp-block-columns-is-layout-flex\" data-pf_style_display=\"block\" data-pf_style_visibility=\"visible\">\n<div class=\"wp-block-column is-layout-flow wp-block-column-is-layout-flow\" data-pf_style_display=\"block\" data-pf_style_visibility=\"visible\">\n<figure class=\"wp-block-image size-large\" data-pf_style_display=\"block\" data-pf_style_visibility=\"visible\"><img data-recalc-dims=\"1\" decoding=\"async\" class=\"wp-image-193806 pf-large-image flex-width pf-size-full mediumImage\" src=\"https:\/\/i0.wp.com\/infoamazonia.org\/wp-content\/uploads\/2024\/10\/img09-2-1024x1008.jpg?w=600&#038;ssl=1\" sizes=\"(max-width: 1024px) 100vw, 1024px\" srcset=\"\" alt=\"\"  data-pf_style_display=\"inline\" data-pf_style_visibility=\"visible\" data-pf_rect_width=\"1024\" data-pf_rect_height=\"1008\" \/><\/figure>\n<\/div>\n<div class=\"wp-block-column is-layout-flow wp-block-column-is-layout-flow\" data-pf_style_display=\"block\" data-pf_style_visibility=\"visible\">\n<figure class=\"wp-block-image size-large\" data-pf_style_display=\"block\" data-pf_style_visibility=\"visible\"><img data-recalc-dims=\"1\" decoding=\"async\" class=\"wp-image-193809 pf-large-image flex-width pf-size-full mediumImage\" src=\"https:\/\/i0.wp.com\/infoamazonia.org\/wp-content\/uploads\/2024\/10\/img10-2-1-1024x1008.jpg?w=600&#038;ssl=1\" sizes=\"(max-width: 1024px) 100vw, 1024px\" srcset=\"\" alt=\"\"  data-pf_style_display=\"inline\" data-pf_style_visibility=\"visible\" data-pf_rect_width=\"1024\" data-pf_rect_height=\"1008\" \/><\/figure>\n<\/div>\n<\/div>\n<\/div>\n<\/div>\n<div class=\"wp-block-group alignwide\" data-pf_style_display=\"block\" data-pf_style_visibility=\"visible\">\n<div class=\"wp-block-group__inner-container is-layout-constrained wp-block-group-is-layout-constrained\" data-pf_style_display=\"block\" data-pf_style_visibility=\"visible\"><\/div>\n<\/div>\n<div class=\"wp-block-group\" data-pf_style_display=\"block\" data-pf_style_visibility=\"visible\">\n<div class=\"wp-block-group__inner-container is-layout-constrained wp-block-group-is-layout-constrained\" data-pf_style_display=\"block\" data-pf_style_visibility=\"visible\">\n<div class=\"content-box\" data-pf_style_display=\"block\" data-pf_style_visibility=\"visible\">\n<div data-pf_style_display=\"block\" data-pf_style_visibility=\"visible\">\n<h3 class=\"content-box--title\" data-pf_style_display=\"block\" data-pf_style_visibility=\"visible\"><span class=\"text-node\">Metodologia<\/span><\/h3>\n<p id=\"analise\" data-pf_style_display=\"block\" data-pf_style_visibility=\"visible\">\n<p class=\"pf-br-replacement\"><span class=\"text-node\">Esta geonot\u00edcia analisou os resultados das elei\u00e7\u00f5es municipais de 2024 para os 772 munic\u00edpios da Amaz\u00f4nia Legal, disponibilizados pelo Tribunal Superior Eleitoral (TSE). Utilizamos tamb\u00e9m o \u00cdndice de Converg\u00eancia Ambiental total (ICAt), desenvolvido pelo Instituto Democracia e Sustentabilidade (IDS), que indica a ader\u00eancia dos partidos a propostas ambientais no Congresso.\u00a0<\/span><\/p>\n<p class=\"pf-br-replacement\"><a href=\"https:\/\/drive.google.com\/file\/d\/1JRTNHrNW3u8cFKMuWHg4DWAFGniBWUUV\/view?usp=sharing\" data-pf_style_display=\"inline\" data-pf_style_visibility=\"visible\"><span class=\"text-node\">A m\u00e9trica, criada pelo IDS para o projeto Farol Verde<\/span><\/a><span class=\"text-node\">, avalia desde 2022 o comportamento parlamentar ambiental, conforme as vota\u00e7\u00f5es de pautas ambientais no Senado e C\u00e2mara dos Deputados, e classifica os partidos em uma escala de 0 (p\u00e9ssimo) a 100 (\u00f3timo) em rela\u00e7\u00e3o a quest\u00f5es envolvendo o meio ambiente:<\/span><\/p>\n<p class=\"pf-br-replacement\"><span class=\"text-node\">0 \u2013 0.25 \u2013 p\u00e9ssimo\u00a0<\/span><br data-pf_style_display=\"inline\" data-pf_style_visibility=\"visible\" \/><span class=\"text-node\">0.26 \u2013 0.50 \u2013 ruim\u00a0<\/span><br data-pf_style_display=\"inline\" data-pf_style_visibility=\"visible\" \/><span class=\"text-node\">0.51 \u2013 0.60 \u2013 regular\u00a0<\/span><br data-pf_style_display=\"inline\" data-pf_style_visibility=\"visible\" \/><span class=\"text-node\">0.61 \u2013 0.80 \u2013 bom\u00a0<\/span><br data-pf_style_display=\"inline\" data-pf_style_visibility=\"visible\" \/><span class=\"text-node\">0.81 \u2013 1.00 \u2013 \u00f3timo<\/span><\/p>\n<p><span class=\"text-node\">Para as c\u00e2maras municipais, foram consideradas as m\u00e9dias dos \u00edndices dos vereadores eleitos. Na an\u00e1lise do alinhamento ou distanciamento dos prefeitos e vereadores, foi considerada a diferen\u00e7a entre o \u00edndice m\u00e9dio da c\u00e2mara e o \u00edndice do prefeito para cada munic\u00edpio. Para refor\u00e7ar nosso compromisso com a transpar\u00eancia e garantir a replicabilidade das an\u00e1lises,<\/span><a href=\"https:\/\/github.com\/InfoAmazonia\/unid_geojornalismo\/tree\/main\/2024_10-icat\" data-pf_style_display=\"inline\" data-pf_style_visibility=\"visible\"><span class=\"text-node\"> a InfoAmazonia disponibiliza os dados nesta pasta<\/span><\/a><span class=\"text-node\">.<\/span><\/div>\n<\/div>\n<\/div>\n<\/div>\n<hr class=\"wp-block-separator has-alpha-channel-opacity\" data-pf_style_display=\"block\" data-pf_style_visibility=\"visible\" \/>\n<p data-pf_style_display=\"block\" data-pf_style_visibility=\"visible\"><em data-pf_style_display=\"inline\" data-pf_style_visibility=\"visible\"><span class=\"text-node\">Esta reportagem foi produzida pela\u00a0<\/span><\/em><a href=\"https:\/\/infoamazonia.org\/tag\/unidade-geojornalismo\/\" data-pf_style_display=\"inline\" data-pf_style_visibility=\"visible\"><strong data-pf_style_display=\"inline\" data-pf_style_visibility=\"visible\"><em data-pf_style_display=\"inline\" data-pf_style_visibility=\"visible\"><span class=\"text-node\">Unidade de Geojornalismo InfoAmazonia<\/span><\/em><\/strong><\/a><em data-pf_style_display=\"inline\" data-pf_style_visibility=\"visible\"><span class=\"text-node\">, com o apoio do\u00a0<\/span><\/em><a href=\"https:\/\/serrapilheira.org\/\" data-pf_style_display=\"inline\" data-pf_style_visibility=\"visible\"><strong data-pf_style_display=\"inline\" data-pf_style_visibility=\"visible\"><em data-pf_style_display=\"inline\" data-pf_style_visibility=\"visible\"><span class=\"text-node\">Instituto Serrapilheira<\/span><\/em><\/strong><\/a><em data-pf_style_display=\"inline\" data-pf_style_visibility=\"visible\"><span class=\"text-node\">.<\/span><\/em><\/p>\n<p data-pf_style_display=\"block\" data-pf_style_visibility=\"visible\"><strong data-pf_style_display=\"inline\" data-pf_style_visibility=\"visible\"><span class=\"text-node\">An\u00e1lise de dados:\u00a0<\/span><\/strong><span class=\"text-node\">Renata Hirota<\/span><br data-pf_style_display=\"inline\" data-pf_style_visibility=\"visible\" \/><strong data-pf_style_display=\"inline\" data-pf_style_visibility=\"visible\"><span class=\"text-node\">Visualiza\u00e7\u00e3o de dados:\u00a0<\/span><\/strong><span class=\"text-node\">Carolina Passos<\/span><br data-pf_style_display=\"inline\" data-pf_style_visibility=\"visible\" \/><strong data-pf_style_display=\"inline\" data-pf_style_visibility=\"visible\"><span class=\"text-node\">Edi\u00e7\u00e3o:<\/span><\/strong><span class=\"text-node\">\u00a0Carolina Dantas<\/span><br data-pf_style_display=\"inline\" data-pf_style_visibility=\"visible\" \/><strong data-pf_style_display=\"inline\" data-pf_style_visibility=\"visible\"><span class=\"text-node\">Coordena\u00e7\u00e3o de dados:<\/span><\/strong><span class=\"text-node\">\u00a0Thays Lavor<\/span><br data-pf_style_display=\"inline\" data-pf_style_visibility=\"visible\" \/><strong data-pf_style_display=\"inline\" data-pf_style_visibility=\"visible\"><span class=\"text-node\">Dire\u00e7\u00e3o editorial:\u00a0<\/span><\/strong><span class=\"text-node\">Juliana Mori<\/span><\/p>\n","protected":false},"excerpt":{"rendered":"<p>Em an\u00e1lise exclusiva dos resultados apresentados neste domingo pelo Tribunal Superior Eleitoral (TSE), a InfoAmazonia traz, em mapas, o posicionamento dos prefeitos e vereadores eleitos em rela\u00e7\u00e3o \u00e0 pauta ambiental e clim\u00e1tica nas cidades da maior floresta tropical do planeta.<\/p>\n","protected":false},"author":1,"featured_media":0,"comment_status":"closed","ping_status":"open","sticky":false,"template":"","format":"standard","meta":{"_exactmetrics_skip_tracking":false,"_exactmetrics_sitenote_active":false,"_exactmetrics_sitenote_note":"","_exactmetrics_sitenote_category":0,"jetpack_post_was_ever_published":false,"_jetpack_newsletter_access":"","_jetpack_dont_email_post_to_subs":false,"_jetpack_newsletter_tier_id":0,"_jetpack_memberships_contains_paywalled_content":false,"_jetpack_memberships_contains_paid_content":false,"footnotes":"","jetpack_publicize_message":"","jetpack_publicize_feature_enabled":true,"jetpack_social_post_already_shared":true,"jetpack_social_options":{"image_generator_settings":{"template":"highway","enabled":false},"version":2}},"categories":[1],"tags":[1176,386,1083],"class_list":["post-36161","post","type-post","status-publish","format-standard","hentry","category-notas","tag-eleitos","tag-meio-ambiente","tag-prefeitos"],"jetpack_publicize_connections":[],"jetpack_sharing_enabled":true,"jetpack_featured_media_url":"","jetpack_shortlink":"https:\/\/wp.me\/p7wKYW-9pf","jetpack-related-posts":[],"_links":{"self":[{"href":"http:\/\/blogdalucianaoliveira.com.br\/blog\/wp-json\/wp\/v2\/posts\/36161","targetHints":{"allow":["GET"]}}],"collection":[{"href":"http:\/\/blogdalucianaoliveira.com.br\/blog\/wp-json\/wp\/v2\/posts"}],"about":[{"href":"http:\/\/blogdalucianaoliveira.com.br\/blog\/wp-json\/wp\/v2\/types\/post"}],"author":[{"embeddable":true,"href":"http:\/\/blogdalucianaoliveira.com.br\/blog\/wp-json\/wp\/v2\/users\/1"}],"replies":[{"embeddable":true,"href":"http:\/\/blogdalucianaoliveira.com.br\/blog\/wp-json\/wp\/v2\/comments?post=36161"}],"version-history":[{"count":1,"href":"http:\/\/blogdalucianaoliveira.com.br\/blog\/wp-json\/wp\/v2\/posts\/36161\/revisions"}],"predecessor-version":[{"id":36163,"href":"http:\/\/blogdalucianaoliveira.com.br\/blog\/wp-json\/wp\/v2\/posts\/36161\/revisions\/36163"}],"wp:attachment":[{"href":"http:\/\/blogdalucianaoliveira.com.br\/blog\/wp-json\/wp\/v2\/media?parent=36161"}],"wp:term":[{"taxonomy":"category","embeddable":true,"href":"http:\/\/blogdalucianaoliveira.com.br\/blog\/wp-json\/wp\/v2\/categories?post=36161"},{"taxonomy":"post_tag","embeddable":true,"href":"http:\/\/blogdalucianaoliveira.com.br\/blog\/wp-json\/wp\/v2\/tags?post=36161"}],"curies":[{"name":"wp","href":"https:\/\/api.w.org\/{rel}","templated":true}]}}