{"id":36167,"date":"2024-10-31T18:06:44","date_gmt":"2024-10-31T22:06:44","guid":{"rendered":"http:\/\/blogdalucianaoliveira.com.br\/blog\/?p=36167"},"modified":"2024-10-31T18:06:44","modified_gmt":"2024-10-31T22:06:44","slug":"cadeia-da-carne-95-das-grandes-varejistas-receberam-nota-zero-no-controle-de-desmatamento-na-amazonia","status":"publish","type":"post","link":"http:\/\/blogdalucianaoliveira.com.br\/blog\/2024\/10\/31\/cadeia-da-carne-95-das-grandes-varejistas-receberam-nota-zero-no-controle-de-desmatamento-na-amazonia\/","title":{"rendered":"Cadeia da carne: 95% das grandes varejistas receberam nota zero no controle de desmatamento na Amaz\u00f4nia"},"content":{"rendered":"<p><img data-recalc-dims=\"1\" loading=\"lazy\" decoding=\"async\" data-attachment-id=\"36168\" data-permalink=\"http:\/\/blogdalucianaoliveira.com.br\/blog\/2024\/10\/31\/cadeia-da-carne-95-das-grandes-varejistas-receberam-nota-zero-no-controle-de-desmatamento-na-amazonia\/img_2113\/\" data-orig-file=\"https:\/\/i0.wp.com\/blogdalucianaoliveira.com.br\/blog\/wp-content\/uploads\/2024\/10\/IMG_2113.webp?fit=768%2C576\" data-orig-size=\"768,576\" data-comments-opened=\"0\" data-image-meta=\"{&quot;aperture&quot;:&quot;0&quot;,&quot;credit&quot;:&quot;&quot;,&quot;camera&quot;:&quot;&quot;,&quot;caption&quot;:&quot;&quot;,&quot;created_timestamp&quot;:&quot;0&quot;,&quot;copyright&quot;:&quot;&quot;,&quot;focal_length&quot;:&quot;0&quot;,&quot;iso&quot;:&quot;0&quot;,&quot;shutter_speed&quot;:&quot;0&quot;,&quot;title&quot;:&quot;&quot;,&quot;orientation&quot;:&quot;0&quot;}\" data-image-title=\"IMG_2113\" data-image-description=\"\" data-image-caption=\"\" data-medium-file=\"https:\/\/i0.wp.com\/blogdalucianaoliveira.com.br\/blog\/wp-content\/uploads\/2024\/10\/IMG_2113.webp?fit=300%2C225\" data-large-file=\"https:\/\/i0.wp.com\/blogdalucianaoliveira.com.br\/blog\/wp-content\/uploads\/2024\/10\/IMG_2113.webp?fit=600%2C450\" class=\"alignnone size-full wp-image-36168\" src=\"https:\/\/i0.wp.com\/blogdalucianaoliveira.com.br\/blog\/wp-content\/uploads\/2024\/10\/IMG_2113.webp?resize=600%2C450\" alt=\"\" width=\"600\" height=\"450\" srcset=\"https:\/\/i0.wp.com\/blogdalucianaoliveira.com.br\/blog\/wp-content\/uploads\/2024\/10\/IMG_2113.webp?w=768 768w, https:\/\/i0.wp.com\/blogdalucianaoliveira.com.br\/blog\/wp-content\/uploads\/2024\/10\/IMG_2113.webp?resize=300%2C225 300w, https:\/\/i0.wp.com\/blogdalucianaoliveira.com.br\/blog\/wp-content\/uploads\/2024\/10\/IMG_2113.webp?resize=400%2C300 400w\" sizes=\"auto, (max-width: 600px) 100vw, 600px\" \/><\/p>\n<p class=\"added-to-list1\" data-pf_style_display=\"block\" data-pf_style_visibility=\"visible\"><span class=\"text-node\">Brasil de Fato, Lucas Weber &#8211; Um estudo analisou informa\u00e7\u00f5es sobre pol\u00edticas de sustentabilidade de 67 grandes varejistas brasileiros e concluiu que 95% merecem nota zero no que diz respeito \u00e0 atua\u00e7\u00e3o para n\u00e3o financiar o <\/span><a href=\"https:\/\/www.brasildefato.com.br\/2024\/10\/30\/agronegocio-financia-lobby-para-patrulhar-livros-didaticos\" target=\"_blank\" rel=\"noopener\" data-pf_style_display=\"inline\" data-pf_style_visibility=\"visible\"><span class=\"text-node\">desmatamento da Amaz\u00f4nia<\/span><\/a><span class=\"text-node\"> na ind\u00fastria da carne. A avalia\u00e7\u00e3o, divulgada no dia 16 de outubro, foi feita pelo <\/span><a href=\"https:\/\/radarverde.org.br\/\" target=\"_blank\" rel=\"noopener\" data-pf_style_display=\"inline\" data-pf_style_visibility=\"visible\"><span class=\"text-node\">Radar Verde<\/span><\/a><span class=\"text-node\">, que, pelo terceiro ano consecutivo, realiza a iniciativa.\u00a0<\/span><!--more--><\/p>\n<p class=\"ads-googletag article_1 added-to-list1\">\n<p class=\"added-to-list1\" data-pf_style_display=\"block\" data-pf_style_visibility=\"visible\"><span class=\"text-node\">Embora haja uma melhora nos resultados a cada levantamento, eles seguem insuficientes, avalia a equipe realizadora. \u00a0<\/span><\/p>\n<p class=\"added-to-list1\" data-pf_style_display=\"block\" data-pf_style_visibility=\"visible\"><span class=\"text-node\">A metodologia do trabalho consiste em analisar informa\u00e7\u00f5es p\u00fablicas disponibilizadas pelas pr\u00f3prias empresas, e tamb\u00e9m o envio de um question\u00e1rio com perguntas a respeito de como o grupo atua para ter certeza de que o fornecedor de carne n\u00e3o comete irregularidades, como acelerar o desmatamento na Amaz\u00f4nia.\u00a0<\/span><\/p>\n<p class=\"added-to-list1\" data-pf_style_display=\"block\" data-pf_style_visibility=\"visible\"><span class=\"text-node\">Das 67 varejistas, nenhuma empresa respondeu ao question\u00e1rio. Do total, 63 das que n\u00e3o responderam ao question\u00e1rio tamb\u00e9m n\u00e3o forneciam informa\u00e7\u00f5es sobre compromisso ambiental dentro da cadeia da carne, por isso a nota zero.<\/span><\/p>\n<p class=\"ads-googletag article_4 added-to-list1\">Apenas quatro grupos j\u00e1 forneciam algum tipo de dado sobre o tema. Entre eles est\u00e1 o Grupo P\u00e3o de A\u00e7\u00facar, que somou 53 pontos numa escala de 0 a 100, sendo o melhor avaliado, seguido Carrefour (48), Assa\u00ed (48) e Cencosud Brasil (7).<\/p>\n<p class=\"added-to-list1\" data-pf_style_display=\"block\" data-pf_style_visibility=\"visible\"><span class=\"text-node\">&#8220;O setor ainda n\u00e3o v\u00ea a cadeia da carne como um foco do qual eles tenham essa responsabilidade compartilhada de <\/span><a href=\"https:\/\/www.brasildefato.com.br\/2024\/08\/31\/agronegocio-e-o-principal-responsavel-pela-perda-de-vegetacao-nativa-no-brasil-diz-estudo\" target=\"_blank\" rel=\"noopener\" data-pf_style_display=\"inline\" data-pf_style_visibility=\"visible\"><span class=\"text-node\">retirar o desmatamento dessa cadeia<\/span><\/a><span class=\"text-node\">&#8220;, avalia uma das autoras do estudo, a engenheira de alimentos Camila Trigueiro, analista de pesquisa do Radar Verde.<\/span><\/p>\n<p class=\"added-to-list1\" data-pf_style_display=\"block\" data-pf_style_visibility=\"visible\"><span class=\"text-node\">&#8220;\u00c9 importante a gente lembrar que os varejistas t\u00eam um papel essencial na retirada do desmatamento da cadeia de produ\u00e7\u00e3o, porque 75% do que o Brasil produz de carne \u00e9 consumido no mercado interno e os principais compradores ali do frigor\u00edfico \u00e9 o setor de varejo&#8221;, destaca a especialista em entrevista ao <\/span><strong data-pf_style_display=\"inline\" data-pf_style_visibility=\"visible\"><a href=\"https:\/\/www.brasildefato.com.br\/radioagencia\/podcasts\/bem-viver\" target=\"_blank\" rel=\"noopener\" data-pf_style_display=\"inline\" data-pf_style_visibility=\"visible\"><span class=\"text-node\">programa Bem Viver<\/span><\/a><\/strong><span class=\"text-node\">desta quinta-feira (31).\u00a0<\/span><\/p>\n<p class=\"ads-googletag article_middle added-to-list1\">\n<p class=\"added-to-list1\" data-pf_style_display=\"block\" data-pf_style_visibility=\"visible\"><span class=\"text-node\">A atividade agropecu\u00e1ria \u00e9 respons\u00e1vel por <\/span><a href=\"https:\/\/www.brasildefato.com.br\/2024\/08\/31\/agronegocio-e-o-principal-responsavel-pela-perda-de-vegetacao-nativa-no-brasil-diz-estudo\" target=\"_blank\" rel=\"noopener\" data-pf_style_display=\"inline\" data-pf_style_visibility=\"visible\"><span class=\"text-node\">95,7% do desmatamento no Brasil<\/span><\/a><span class=\"text-node\">, segundo o Relat\u00f3rio Anual de Desmatamento (RAD) do MapBiomas, representando uma das maiores contribui\u00e7\u00f5es para emiss\u00f5es de gases de efeito estufa no pa\u00eds.\u00a0<\/span><\/p>\n<p class=\"added-to-list1\" data-pf_style_display=\"block\" data-pf_style_visibility=\"visible\"><span class=\"text-node\">&#8220;A <\/span><a href=\"https:\/\/www.brasildefato.com.br\/2024\/08\/31\/agronegocio-e-o-principal-responsavel-pela-perda-de-vegetacao-nativa-no-brasil-diz-estudo\" target=\"_blank\" rel=\"noopener\" data-pf_style_display=\"inline\" data-pf_style_visibility=\"visible\"><span class=\"text-node\">grilagem<\/span><\/a><span class=\"text-node\"> \u00e9 a percussora desse grande n\u00famero de desmatamento. Trata-se do fato de que um indiv\u00edduo vai em uma terra p\u00fablica, desmata aquela terra p\u00fablica, ocupa aquela terra p\u00fablica com alguns animais, ent\u00e3o ele faz uma pecu\u00e1ria de baix\u00edssima produtividade para que ele consiga demonstrar que aquela terra foi ocupada, que ele est\u00e1 produzindo alguma coisa e depois ele requer a posse daquela terra&#8221;, explica Trigueiro sobre como se d\u00e1 o crime ambiental.\u00a0<\/span><\/p>\n<p class=\"added-to-list1\" data-pf_style_display=\"block\" data-pf_style_visibility=\"visible\"><span class=\"text-node\">Em seguida, a especialista cita quais iniciativas s\u00e3o esperadas dos grandes varejistas. &#8220;Cobrar dos frigor\u00edficos que eles tenham crit\u00e9rios mais claros, que tenham um monitoramento e controle sobre os seus fornecedores de maneira muito mais transparente tamb\u00e9m, para que outras entidades consigam acompanhar se esses frigor\u00edficos est\u00e3o cumprindo a pol\u00edtica deles&#8221;, diz Trigueiro.<\/span><\/p>\n<p class=\"added-to-list1\" data-pf_style_display=\"block\" data-pf_style_visibility=\"visible\"><span class=\"text-node\">No Instituto do Homem e Meio Ambiente da Amaz\u00f4nia (Imazon), ela, que j\u00e1 foi gestora de qualidade e atuou em auditorias para certifica\u00e7\u00f5es e habilita\u00e7\u00f5es de plantas frigor\u00edficas, contribui para o mapeamento dos frigor\u00edficos que operam na regi\u00e3o amaz\u00f4nica.<\/span><\/p>\n<p class=\"added-to-list1\" data-pf_style_display=\"block\" data-pf_style_visibility=\"visible\"><span class=\"text-node\">Com objetivo de monitorar toda a cadeia da carne, a segunda fase da pesquisa do Radar Verde j\u00e1 est\u00e1 em andamento e avaliar\u00e1 os frigor\u00edficos. Os resultados est\u00e3o previstos para serem publicados at\u00e9 dezembro deste ano.<\/span><\/p>\n<p class=\"added-to-list1\" data-pf_style_display=\"block\" data-pf_style_visibility=\"visible\"><span class=\"text-node\">\u00cdndice independente que avalia as pol\u00edticas e pr\u00e1ticas de frigor\u00edficos e varejistas, o Radar Verde considera a exist\u00eancia de compromissos p\u00fablicos contra o desmatamento, a implementa\u00e7\u00e3o de pol\u00edticas de controle na cadeia de fornecimento de carne e a transpar\u00eancia das informa\u00e7\u00f5es divulgadas por essas empresas, reafirmando o compromisso dessas organiza\u00e7\u00f5es com a promo\u00e7\u00e3o de pr\u00e1ticas sustent\u00e1veis e com a prote\u00e7\u00e3o da Amaz\u00f4nia.<\/span><\/p>\n","protected":false},"excerpt":{"rendered":"<p>Brasil de Fato, Lucas Weber &#8211; Um estudo analisou informa\u00e7\u00f5es sobre pol\u00edticas de sustentabilidade de 67 grandes varejistas brasileiros e concluiu que 95% merecem nota zero no que diz respeito \u00e0 atua\u00e7\u00e3o para n\u00e3o financiar o desmatamento da Amaz\u00f4nia na ind\u00fastria da carne. A avalia\u00e7\u00e3o, divulgada no dia 16 de outubro, foi feita pelo Radar&#8230;<a class=\"more-link\" href=\"http:\/\/blogdalucianaoliveira.com.br\/blog\/2024\/10\/31\/cadeia-da-carne-95-das-grandes-varejistas-receberam-nota-zero-no-controle-de-desmatamento-na-amazonia\/\">Continue a leitura <span class=\"meta-nav\">&raquo;<\/span><\/a><\/p>\n","protected":false},"author":1,"featured_media":0,"comment_status":"closed","ping_status":"open","sticky":false,"template":"","format":"standard","meta":{"_exactmetrics_skip_tracking":false,"_exactmetrics_sitenote_active":false,"_exactmetrics_sitenote_note":"","_exactmetrics_sitenote_category":0,"jetpack_post_was_ever_published":false,"_jetpack_newsletter_access":"","_jetpack_dont_email_post_to_subs":false,"_jetpack_newsletter_tier_id":0,"_jetpack_memberships_contains_paywalled_content":false,"_jetpack_memberships_contains_paid_content":false,"footnotes":"","jetpack_publicize_message":"","jetpack_publicize_feature_enabled":true,"jetpack_social_post_already_shared":true,"jetpack_social_options":{"image_generator_settings":{"template":"highway","enabled":false},"version":2}},"categories":[1],"tags":[387,604,1178],"class_list":["post-36167","post","type-post","status-publish","format-standard","hentry","category-notas","tag-desmatamento","tag-gado","tag-mercado"],"jetpack_publicize_connections":[],"jetpack_sharing_enabled":true,"jetpack_featured_media_url":"","jetpack_shortlink":"https:\/\/wp.me\/p7wKYW-9pl","jetpack-related-posts":[],"_links":{"self":[{"href":"http:\/\/blogdalucianaoliveira.com.br\/blog\/wp-json\/wp\/v2\/posts\/36167","targetHints":{"allow":["GET"]}}],"collection":[{"href":"http:\/\/blogdalucianaoliveira.com.br\/blog\/wp-json\/wp\/v2\/posts"}],"about":[{"href":"http:\/\/blogdalucianaoliveira.com.br\/blog\/wp-json\/wp\/v2\/types\/post"}],"author":[{"embeddable":true,"href":"http:\/\/blogdalucianaoliveira.com.br\/blog\/wp-json\/wp\/v2\/users\/1"}],"replies":[{"embeddable":true,"href":"http:\/\/blogdalucianaoliveira.com.br\/blog\/wp-json\/wp\/v2\/comments?post=36167"}],"version-history":[{"count":1,"href":"http:\/\/blogdalucianaoliveira.com.br\/blog\/wp-json\/wp\/v2\/posts\/36167\/revisions"}],"predecessor-version":[{"id":36169,"href":"http:\/\/blogdalucianaoliveira.com.br\/blog\/wp-json\/wp\/v2\/posts\/36167\/revisions\/36169"}],"wp:attachment":[{"href":"http:\/\/blogdalucianaoliveira.com.br\/blog\/wp-json\/wp\/v2\/media?parent=36167"}],"wp:term":[{"taxonomy":"category","embeddable":true,"href":"http:\/\/blogdalucianaoliveira.com.br\/blog\/wp-json\/wp\/v2\/categories?post=36167"},{"taxonomy":"post_tag","embeddable":true,"href":"http:\/\/blogdalucianaoliveira.com.br\/blog\/wp-json\/wp\/v2\/tags?post=36167"}],"curies":[{"name":"wp","href":"https:\/\/api.w.org\/{rel}","templated":true}]}}