{"id":36170,"date":"2024-11-01T15:42:24","date_gmt":"2024-11-01T19:42:24","guid":{"rendered":"http:\/\/blogdalucianaoliveira.com.br\/blog\/?p=36170"},"modified":"2024-11-01T15:42:24","modified_gmt":"2024-11-01T19:42:24","slug":"demonstracao-de-forca-dos-ruralistas-mato-grosso-aprova-lei-que-pune-empresas-de-pacto-antidesmatamento","status":"publish","type":"post","link":"http:\/\/blogdalucianaoliveira.com.br\/blog\/2024\/11\/01\/demonstracao-de-forca-dos-ruralistas-mato-grosso-aprova-lei-que-pune-empresas-de-pacto-antidesmatamento\/","title":{"rendered":"&#8216;Demonstra\u00e7\u00e3o de for\u00e7a dos ruralistas&#8217;: Mato Grosso aprova lei que pune empresas de pacto antidesmatamento"},"content":{"rendered":"<p><img data-recalc-dims=\"1\" loading=\"lazy\" decoding=\"async\" data-attachment-id=\"36171\" data-permalink=\"http:\/\/blogdalucianaoliveira.com.br\/blog\/2024\/11\/01\/demonstracao-de-forca-dos-ruralistas-mato-grosso-aprova-lei-que-pune-empresas-de-pacto-antidesmatamento\/img_2137\/\" data-orig-file=\"https:\/\/i0.wp.com\/blogdalucianaoliveira.com.br\/blog\/wp-content\/uploads\/2024\/11\/IMG_2137.jpeg?fit=768%2C576\" data-orig-size=\"768,576\" data-comments-opened=\"0\" data-image-meta=\"{&quot;aperture&quot;:&quot;0&quot;,&quot;credit&quot;:&quot;&quot;,&quot;camera&quot;:&quot;&quot;,&quot;caption&quot;:&quot;&quot;,&quot;created_timestamp&quot;:&quot;0&quot;,&quot;copyright&quot;:&quot;&quot;,&quot;focal_length&quot;:&quot;0&quot;,&quot;iso&quot;:&quot;0&quot;,&quot;shutter_speed&quot;:&quot;0&quot;,&quot;title&quot;:&quot;&quot;,&quot;orientation&quot;:&quot;0&quot;}\" data-image-title=\"IMG_2137\" data-image-description=\"\" data-image-caption=\"\" data-medium-file=\"https:\/\/i0.wp.com\/blogdalucianaoliveira.com.br\/blog\/wp-content\/uploads\/2024\/11\/IMG_2137.jpeg?fit=300%2C225\" data-large-file=\"https:\/\/i0.wp.com\/blogdalucianaoliveira.com.br\/blog\/wp-content\/uploads\/2024\/11\/IMG_2137.jpeg?fit=600%2C450\" class=\"alignnone size-full wp-image-36171\" src=\"https:\/\/i0.wp.com\/blogdalucianaoliveira.com.br\/blog\/wp-content\/uploads\/2024\/11\/IMG_2137.jpeg?resize=600%2C450\" alt=\"\" width=\"600\" height=\"450\" srcset=\"https:\/\/i0.wp.com\/blogdalucianaoliveira.com.br\/blog\/wp-content\/uploads\/2024\/11\/IMG_2137.jpeg?w=768 768w, https:\/\/i0.wp.com\/blogdalucianaoliveira.com.br\/blog\/wp-content\/uploads\/2024\/11\/IMG_2137.jpeg?resize=300%2C225 300w, https:\/\/i0.wp.com\/blogdalucianaoliveira.com.br\/blog\/wp-content\/uploads\/2024\/11\/IMG_2137.jpeg?resize=400%2C300 400w\" sizes=\"auto, (max-width: 600px) 100vw, 600px\" \/><\/p>\n<p data-pf_style_display=\"block\" data-pf_style_visibility=\"visible\"><span class=\"text-node\">Brasil de Fato &#8211; No dia 24 de outubro, o governador do Mato Grosso, <\/span><a href=\"https:\/\/www.brasildefato.com.br\/2024\/09\/20\/governador-do-mato-grosso-sanciona-lei-que-libera-criacao-de-gado-em-area-protegida-no-pantanal\" target=\"_blank\" rel=\"noopener\" data-pf_style_display=\"inline\" data-pf_style_visibility=\"visible\"><span class=\"text-node\">Mauro Mendes (UB)<\/span><\/a><span class=\"text-node\">, sancionou a lei 12.709, que restringe a concess\u00e3o de benef\u00edcios fiscais a empresas que aderirem \u00e0 Morat\u00f3ria da Soja no estado. A assinatura foi celebrada pela Associa\u00e7\u00e3o dos Produtores de Soja e Milho de Mato Grosso (Aprosoja-MT), que,\u00a0em articula\u00e7\u00e3o com o poder p\u00fablico, teve papel decisivo na proposta. \u00a0<\/span><!--more--><\/p>\n<div class=\"ads-googletag article_1\" data-pf_style_display=\"block\" data-pf_style_visibility=\"visible\"><\/div>\n<p data-pf_style_display=\"block\" data-pf_style_visibility=\"visible\">\n<p class=\"pf-br-replacement\"><span class=\"text-node\">&#8220;Agora temos certeza de que al\u00e9m da justi\u00e7a aos produtores, isso tamb\u00e9m movimentar\u00e1 ainda mais e ajudar\u00e1 no crescimento da economia do Estado do Mato Grosso&#8221;, celebrou Lucas Beber, presidente da <\/span><a href=\"https:\/\/www.brasildefato.com.br\/2024\/05\/16\/nova-diretoria-da-associacao-de-produtores-de-soja-tem-infrator-ambiental-e-acusados-de-golpismo\" target=\"_blank\" rel=\"noopener\" data-pf_style_display=\"inline\" data-pf_style_visibility=\"visible\"><span class=\"text-node\">Aprosoja MT<\/span><\/a><span class=\"text-node\">, em v\u00eddeo publicado em seu perfil no Instagram<\/span><a href=\"https:\/\/www.brasildefato.com.br\/2024\/05\/16\/nova-diretoria-da-associacao-de-produtores-de-soja-tem-infrator-ambiental-e-acusados-de-golpismo\" target=\"_blank\" rel=\"noopener\" data-pf_style_display=\"inline\" data-pf_style_visibility=\"visible\"><span class=\"text-node\">.<\/span><\/a><span class=\"text-node\"> No v\u00eddeo, que tamb\u00e9m foi publicado no perfil da associa\u00e7\u00e3o, Beber agradece a prefeitos, vereadores e at\u00e9 Tribunal de Contas do estado por participarem da articula\u00e7\u00e3o pela aprova\u00e7\u00e3o da lei antiambiental. \u00a0<\/span><\/p>\n<p><span class=\"text-node\">Na avalia\u00e7\u00e3o da diretora-executiva do Instituto Centro de Vida (ICV), Alice Thuault, a aprova\u00e7\u00e3o da norma \u00e9 uma demonstra\u00e7\u00e3o de for\u00e7a dos ruralistas. &#8220;Foi o governador que sancionou, mas, no final, ele \u00e9 a m\u00e3o capturada pelo setor privado de alguma coisa que foi preparada, que foi uma estrat\u00e9gia&#8221;, avalia. \u00a0<\/span><\/p>\n<div class=\"ads-googletag article_2\" data-pf_style_display=\"block\" data-pf_style_visibility=\"visible\"><\/div>\n<p data-pf_style_display=\"block\" data-pf_style_visibility=\"visible\"><span class=\"text-node\">A Morat\u00f3ria da Soja \u00e9 um pacto firmado em 2006 entre empresas que se comprometem a n\u00e3o comprar o produto de fazendas com lavouras em \u00e1reas abertas ap\u00f3s 22 de julho de 2008 na Amaz\u00f4nia. De acordo com Cristiane Mazzetti, porta-voz do Greenpeace no Brasil, a iniciativa teve origem na press\u00e3o do mercado europeu, grande consumidor da soja brasileira. \u00a0<\/span><\/p>\n<p data-pf_style_display=\"block\" data-pf_style_visibility=\"visible\"><span class=\"text-node\">O pacto complementa as restri\u00e7\u00f5es do C\u00f3digo Florestal Brasileiro, que permite desmatamento de at\u00e9 20% de \u00e1reas privadas localizadas na regi\u00e3o da Floresta Amaz\u00f4nica. A proposta \u00e9 ampliar a preserva\u00e7\u00e3o no bioma. &#8220;Ela \u00e9 um compromisso multissetorial e vai al\u00e9m da lei, ent\u00e3o, a lei ainda permite algum desmatamento mediante a obten\u00e7\u00e3o de autoriza\u00e7\u00e3o para esse processo, e a morat\u00f3ria coloca como crit\u00e9rio o desmatamento zero&#8221;, explica Mazzetti.\u00a0<\/span><\/p>\n<div class=\"ads-googletag article_4\" data-pf_style_display=\"block\" data-pf_style_visibility=\"visible\"><\/div>\n<p data-pf_style_display=\"block\" data-pf_style_visibility=\"visible\"><span class=\"text-node\">Embora restrinja as \u00e1reas de cultivo, o pacto n\u00e3o impediu o avan\u00e7o das<\/span><a href=\"https:\/\/www.brasildefato.com.br\/2024\/01\/26\/lavouras-de-soja-tomam-conta-do-brasil-e-ameacam-producao-de-arroz-feijao-e-mandioca\" target=\"_blank\" rel=\"noopener\" data-pf_style_display=\"inline\" data-pf_style_visibility=\"visible\"><span class=\"text-node\"> lavouras de soja<\/span><\/a><span class=\"text-node\"> na regi\u00e3o. Em 2008, a Amaz\u00f4nia tinha 1,6 milh\u00e3o de hectares destinados ao plantio do gr\u00e3o. Em 2023, a \u00e1rea era de 5,8 milh\u00f5es de hectares, de acordo com dados da plataforma <\/span><a href=\"https:\/\/brasil.mapbiomas.org\/\" target=\"_blank\" rel=\"noopener\" data-pf_style_display=\"inline\" data-pf_style_visibility=\"visible\"><span class=\"text-node\">Mapbiomas<\/span><\/a><span class=\"text-node\">.\u00a0<\/span><\/p>\n<p data-pf_style_display=\"block\" data-pf_style_visibility=\"visible\"><span class=\"text-node\">Entre as a\u00e7\u00f5es criadas com o pacto est\u00e1 o monitoramento dos 124 munic\u00edpios dos estados do Mato Grosso, Par\u00e1, Rond\u00f4nia, Roraima e Maranh\u00e3o que se destacam na produ\u00e7\u00e3o de soja. Dez munic\u00edpios concentram 56% da soja produzida em \u00e1rea desmatada depois de 2008, ou seja, em desacordo com a morat\u00f3ria. Desses, nove ficam no\u00a0<\/span><a href=\"https:\/\/www.brasildefato.com.br\/2021\/12\/08\/avanco-da-soja-em-mt-prejudica-acordo-que-combinou-producao-agricola-e-conservacao-da-amazonia\" target=\"_blank\" rel=\"noopener\" data-pf_style_display=\"inline\" data-pf_style_visibility=\"visible\"><span class=\"text-node\">Mato Grosso<\/span><\/a><span class=\"text-node\"> e um no Par\u00e1.\u00a0<\/span><\/p>\n<p data-pf_style_display=\"block\" data-pf_style_visibility=\"visible\"><span class=\"text-node\">A lei que penaliza as empresas pactu\u00e1rias da morat\u00f3ria entrar\u00e1 em vigor em 1\u00ba de janeiro de 2025. Para Thuault, a norma representa um retrocesso nas pol\u00edticas ambientais. &#8220;N\u00e3o vai ter mais uma iniciativa coletiva do setor privado para ajudar a pol\u00edtica p\u00fablica que \u00e9 de redu\u00e7\u00e3o do desmatamento&#8221;, diz. \u00a0<\/span><\/p>\n<p data-pf_style_display=\"block\" data-pf_style_visibility=\"visible\"><span class=\"text-node\">Nos 18 anos de vig\u00eancia, a iniciativa apresentou bons resultados para o meio ambiente. &#8220;Quando n\u00f3s observamos os munic\u00edpios que s\u00e3o monitorados pela morat\u00f3ria da soja, houve\u00a0 uma queda expressiva de mais de 50% do desmatamento&#8221;, informa Mazzetti. A proposta incentiva os produtores de soja a utilizarem \u00e1reas j\u00e1 abertas, como pastagens, em vez de expandir o cultivo para regi\u00f5es de mata nativa.\u00a0<\/span><\/p>\n<p data-pf_style_display=\"block\" data-pf_style_visibility=\"visible\"><span class=\"text-node\">A lei que desincentiva as empresas a aderirem ao pacto \u00e9 de autoria do deputado estadual Gilberto Cattani (PL), que, em seu perfil no Instagram, se define como anti-PT e anti-MST. No processo de vota\u00e7\u00e3o, somente os parlamentares L\u00fadio Cabral e Valdir Barranco, ambos do PT, se abstiveram. Os demais deputados foram favor\u00e1veis \u00e0 norma. \u00a0<\/span><\/p>\n<p data-pf_style_display=\"block\" data-pf_style_visibility=\"visible\"><span class=\"text-node\">Entre as penaliza\u00e7\u00f5es, a lei sancionada no Mato Grosso veda os benef\u00edcios fiscais e a concess\u00e3o de terrenos p\u00fablicos a empresas signat\u00e1rias do pacto. \u00a0<\/span><\/p>\n<p data-pf_style_display=\"block\" data-pf_style_visibility=\"visible\"><span class=\"text-node\">&#8220;Lembrando que as empresas que continuarem aplicando uma morat\u00f3ria perder\u00e3o esses incentivos, mas tamb\u00e9m abre espa\u00e7o para as empresas que n\u00e3o aplicar\u00e3o terem esse incentivo fiscal e terem uma vantagem nos pre\u00e7os para os produtores&#8221;, ressaltou o presidente da Aprosoja no estado. \u00a0<\/span><\/p>\n<div class=\"ads-googletag article_last\" data-pf_style_display=\"block\" data-pf_style_visibility=\"visible\"><\/div>\n<p data-pf_style_display=\"block\" data-pf_style_visibility=\"visible\"><span class=\"text-node\">Entre os estados l\u00edderes de produ\u00e7\u00e3o de soja, o Mato Grosso concentra a maior quantidade do gr\u00e3o produzida em desacordo com a morat\u00f3ria. \u00a0<\/span><\/p>\n<p class=\"editor\" data-pf_style_display=\"block\" data-pf_style_visibility=\"visible\"><span class=\"text-node\">Edi\u00e7\u00e3o: Thalita Pires<\/span><\/p>\n","protected":false},"excerpt":{"rendered":"<p>Brasil de Fato &#8211; No dia 24 de outubro, o governador do Mato Grosso, Mauro Mendes (UB), sancionou a lei 12.709, que restringe a concess\u00e3o de benef\u00edcios fiscais a empresas que aderirem \u00e0 Morat\u00f3ria da Soja no estado. A assinatura foi celebrada pela Associa\u00e7\u00e3o dos Produtores de Soja e Milho de Mato Grosso (Aprosoja-MT), que,\u00a0em&#8230;<a class=\"more-link\" href=\"http:\/\/blogdalucianaoliveira.com.br\/blog\/2024\/11\/01\/demonstracao-de-forca-dos-ruralistas-mato-grosso-aprova-lei-que-pune-empresas-de-pacto-antidesmatamento\/\">Continue a leitura <span class=\"meta-nav\">&raquo;<\/span><\/a><\/p>\n","protected":false},"author":1,"featured_media":0,"comment_status":"closed","ping_status":"open","sticky":false,"template":"","format":"standard","meta":{"_exactmetrics_skip_tracking":false,"_exactmetrics_sitenote_active":false,"_exactmetrics_sitenote_note":"","_exactmetrics_sitenote_category":0,"jetpack_post_was_ever_published":false,"_jetpack_newsletter_access":"","_jetpack_dont_email_post_to_subs":false,"_jetpack_newsletter_tier_id":0,"_jetpack_memberships_contains_paywalled_content":false,"_jetpack_memberships_contains_paid_content":false,"footnotes":"","jetpack_publicize_message":"","jetpack_publicize_feature_enabled":true,"jetpack_social_post_already_shared":true,"jetpack_social_options":{"image_generator_settings":{"template":"highway","enabled":false},"version":2}},"categories":[1],"tags":[387,1179,1152],"class_list":["post-36170","post","type-post","status-publish","format-standard","hentry","category-notas","tag-desmatamento","tag-moratoria","tag-ruralistas"],"jetpack_publicize_connections":[],"jetpack_sharing_enabled":true,"jetpack_featured_media_url":"","jetpack_shortlink":"https:\/\/wp.me\/p7wKYW-9po","jetpack-related-posts":[],"_links":{"self":[{"href":"http:\/\/blogdalucianaoliveira.com.br\/blog\/wp-json\/wp\/v2\/posts\/36170","targetHints":{"allow":["GET"]}}],"collection":[{"href":"http:\/\/blogdalucianaoliveira.com.br\/blog\/wp-json\/wp\/v2\/posts"}],"about":[{"href":"http:\/\/blogdalucianaoliveira.com.br\/blog\/wp-json\/wp\/v2\/types\/post"}],"author":[{"embeddable":true,"href":"http:\/\/blogdalucianaoliveira.com.br\/blog\/wp-json\/wp\/v2\/users\/1"}],"replies":[{"embeddable":true,"href":"http:\/\/blogdalucianaoliveira.com.br\/blog\/wp-json\/wp\/v2\/comments?post=36170"}],"version-history":[{"count":1,"href":"http:\/\/blogdalucianaoliveira.com.br\/blog\/wp-json\/wp\/v2\/posts\/36170\/revisions"}],"predecessor-version":[{"id":36172,"href":"http:\/\/blogdalucianaoliveira.com.br\/blog\/wp-json\/wp\/v2\/posts\/36170\/revisions\/36172"}],"wp:attachment":[{"href":"http:\/\/blogdalucianaoliveira.com.br\/blog\/wp-json\/wp\/v2\/media?parent=36170"}],"wp:term":[{"taxonomy":"category","embeddable":true,"href":"http:\/\/blogdalucianaoliveira.com.br\/blog\/wp-json\/wp\/v2\/categories?post=36170"},{"taxonomy":"post_tag","embeddable":true,"href":"http:\/\/blogdalucianaoliveira.com.br\/blog\/wp-json\/wp\/v2\/tags?post=36170"}],"curies":[{"name":"wp","href":"https:\/\/api.w.org\/{rel}","templated":true}]}}