{"id":36176,"date":"2024-11-01T16:30:02","date_gmt":"2024-11-01T20:30:02","guid":{"rendered":"http:\/\/blogdalucianaoliveira.com.br\/blog\/?p=36176"},"modified":"2024-11-01T16:30:02","modified_gmt":"2024-11-01T20:30:02","slug":"maioria-das-cidades-tem-baixo-indice-de-desenvolvimento-sustentavel","status":"publish","type":"post","link":"http:\/\/blogdalucianaoliveira.com.br\/blog\/2024\/11\/01\/maioria-das-cidades-tem-baixo-indice-de-desenvolvimento-sustentavel\/","title":{"rendered":"Maioria das cidades tem baixo \u00edndice de desenvolvimento sustent\u00e1vel"},"content":{"rendered":"<p><img data-recalc-dims=\"1\" loading=\"lazy\" decoding=\"async\" data-attachment-id=\"36177\" data-permalink=\"http:\/\/blogdalucianaoliveira.com.br\/blog\/2024\/11\/01\/maioria-das-cidades-tem-baixo-indice-de-desenvolvimento-sustentavel\/img_2150\/\" data-orig-file=\"https:\/\/i0.wp.com\/blogdalucianaoliveira.com.br\/blog\/wp-content\/uploads\/2024\/11\/IMG_2150.webp?fit=1170%2C700\" data-orig-size=\"1170,700\" data-comments-opened=\"0\" data-image-meta=\"{&quot;aperture&quot;:&quot;0&quot;,&quot;credit&quot;:&quot;&quot;,&quot;camera&quot;:&quot;&quot;,&quot;caption&quot;:&quot;&quot;,&quot;created_timestamp&quot;:&quot;0&quot;,&quot;copyright&quot;:&quot;&quot;,&quot;focal_length&quot;:&quot;0&quot;,&quot;iso&quot;:&quot;0&quot;,&quot;shutter_speed&quot;:&quot;0&quot;,&quot;title&quot;:&quot;&quot;,&quot;orientation&quot;:&quot;0&quot;}\" data-image-title=\"IMG_2150\" data-image-description=\"\" data-image-caption=\"\" data-medium-file=\"https:\/\/i0.wp.com\/blogdalucianaoliveira.com.br\/blog\/wp-content\/uploads\/2024\/11\/IMG_2150.webp?fit=300%2C179\" data-large-file=\"https:\/\/i0.wp.com\/blogdalucianaoliveira.com.br\/blog\/wp-content\/uploads\/2024\/11\/IMG_2150.webp?fit=600%2C359\" class=\"alignnone size-full wp-image-36177\" src=\"https:\/\/i0.wp.com\/blogdalucianaoliveira.com.br\/blog\/wp-content\/uploads\/2024\/11\/IMG_2150.webp?resize=600%2C359\" alt=\"\" width=\"600\" height=\"359\" srcset=\"https:\/\/i0.wp.com\/blogdalucianaoliveira.com.br\/blog\/wp-content\/uploads\/2024\/11\/IMG_2150.webp?w=1170 1170w, https:\/\/i0.wp.com\/blogdalucianaoliveira.com.br\/blog\/wp-content\/uploads\/2024\/11\/IMG_2150.webp?resize=300%2C179 300w, https:\/\/i0.wp.com\/blogdalucianaoliveira.com.br\/blog\/wp-content\/uploads\/2024\/11\/IMG_2150.webp?resize=1024%2C613 1024w, https:\/\/i0.wp.com\/blogdalucianaoliveira.com.br\/blog\/wp-content\/uploads\/2024\/11\/IMG_2150.webp?resize=768%2C459 768w, https:\/\/i0.wp.com\/blogdalucianaoliveira.com.br\/blog\/wp-content\/uploads\/2024\/11\/IMG_2150.webp?resize=501%2C300 501w\" sizes=\"auto, (max-width: 600px) 100vw, 600px\" \/><\/p>\n<p class=\"added-to-list1\" data-pf_style_display=\"block\" data-pf_style_visibility=\"visible\"><span class=\"text-node\">Ag\u00eancia Brasil &#8211; A terceira atualiza\u00e7\u00e3o do \u00cdndice de Desenvolvimento Sustent\u00e1vel das Cidades (IDSC-BR), apresentada nesta sexta-feira (1\u00ba) em Bras\u00edlia, revelou que 2.885 cidades, o que representa 51,3% do apresentou n\u00edvel baixo na classifica\u00e7\u00e3o.<\/span><img data-recalc-dims=\"1\" decoding=\"async\" class=\"flex-width pf-size-full smallImage\" src=\"https:\/\/i0.wp.com\/agenciabrasil.ebc.com.br\/ebc.png?w=600&#038;ssl=1\" srcset=\"\" data-pf_style_display=\"inline\" data-pf_style_visibility=\"visible\" data-pf_rect_width=\"1\" data-pf_rect_height=\"1\" \/><img data-recalc-dims=\"1\" decoding=\"async\" class=\"flex-width pf-size-full smallImage\" src=\"https:\/\/i0.wp.com\/agenciabrasil.ebc.com.br\/ebc.gif?w=600&#038;ssl=1\" srcset=\"\" data-pf_style_display=\"inline\" data-pf_style_visibility=\"visible\" data-pf_rect_width=\"1\" data-pf_rect_height=\"1\" \/><!--more--><\/p>\n<p class=\"added-to-list1\" data-pf_style_display=\"block\" data-pf_style_visibility=\"visible\"><span class=\"text-node\">Nenhuma cidade brasileira atingiu o n\u00edvel muito alto, mas 91, ou seja, 1,6% j\u00e1 est\u00e3o com alto n\u00edvel de desenvolvimento sustent\u00e1vel. Os munic\u00edpios com \u00edndices muito baixos representam 16,8% do total e s\u00e3o 934 localidades.<\/span><\/p>\n<p class=\"added-to-list1\" data-pf_style_display=\"block\" data-pf_style_visibility=\"visible\"><span class=\"text-node\">A ferramenta mede avan\u00e7os e desafios a serem enfrentados pelos munic\u00edpios brasileiros para erradicar a pobreza e proteger o planeta, a partir de 100 \u00edndices nacionais para o acompanhamento da evolu\u00e7\u00e3o dos Objetivos de Desenvolvimento Sustent\u00e1vel (ODS).<\/span><\/p>\n<p class=\"added-to-list1\" data-pf_style_display=\"block\" data-pf_style_visibility=\"visible\"><span class=\"text-node\">\u201c\u00c9 um retrato do n\u00edvel de desenvolvimento sustent\u00e1vel das cidades, que traduz um pouco da qualidade de vida nos territ\u00f3rios. E \u00e9 este o grande objetivo dele [\u00edndice]: melhorar a qualidade de vida\u201d, destaca o diretor-presidente do Instituto Cidades Sustent\u00e1veis, respons\u00e1vel por desenvolver a ferramenta, Jorge Abrah\u00e3o.<\/span><\/p>\n<p class=\"added-to-list1\" data-pf_style_display=\"block\" data-pf_style_visibility=\"visible\"><span class=\"text-node\">Os \u00edndices podem ser consultados por meio de uma <\/span><a href=\"https:\/\/idsc.cidadessustentaveis.org.br\/\" target=\"_blank\" rel=\"noopener\" data-pf_style_display=\"inline\" data-pf_style_visibility=\"visible\"><span class=\"text-node\">plataforma<\/span><\/a><span class=\"text-node\"> na internet, que permite a consulta por cidade, al\u00e9m de disponibilizar um <\/span><em data-pf_style_display=\"inline\" data-pf_style_visibility=\"visible\"><span class=\"text-node\">ranking<\/span><\/em><span class=\"text-node\"> e um mapa interativo com recortes por ODS.<\/span><\/p>\n<p class=\"added-to-list1\" data-pf_style_display=\"block\" data-pf_style_visibility=\"visible\"><span class=\"text-node\">Segundo Abrah\u00e3o, essa atualiza\u00e7\u00e3o traz avan\u00e7os e retrocessos em rela\u00e7\u00e3o aos \u00faltimos \u00edndices divulgados em 2023, quando 70% dos munic\u00edpios foram classificados com \u00edndice baixo. \u201cDobrou o n\u00famero de cidades que passou ao n\u00edvel alto de desenvolvimento sustent\u00e1vel, reduziu-se o n\u00famero de cidades que estavam nos n\u00edveis baixo e muito baixo. Ent\u00e3o, tem um movimento que come\u00e7a a existir das cidades, avan\u00e7ando nessa agenda\u201d, destaca.<\/span><\/p>\n<p class=\"added-to-list1\" data-pf_style_display=\"block\" data-pf_style_visibility=\"visible\"><span class=\"text-node\">Um recorte que chama aten\u00e7\u00e3o \u00e9 o regional, no qual mostra-se que, na Regi\u00e3o Norte, prevalece o maior n\u00famero de cidades com n\u00edvel muito baixo. A m\u00e9dia de pontua\u00e7\u00e3o para regi\u00e3o foi de apenas 38,8 pontos em uma escala de zero a 80\/100 \u2013 o \u00edndice \u00e9 considerado muito baixo at\u00e9 39,9; baixo, at\u00e9 49,9; m\u00e9dio, at\u00e9 59,9; alto; at\u00e9 79,9 e muito alto, acima disso.<\/span><\/p>\n<p class=\"added-to-list1\" data-pf_style_display=\"block\" data-pf_style_visibility=\"visible\"><span class=\"text-node\">As regi\u00f5es Nordeste e Centro-Oeste tiveram m\u00e9dias baixas, respectivamente de 41,7 e 46,3 pontos, e as regi\u00f5es Sul e Sudeste, pontua\u00e7\u00e3o m\u00e9dia, de 50,6 e 51,5 respectivamente.<\/span><\/p>\n<p class=\"added-to-list1\" data-pf_style_display=\"block\" data-pf_style_visibility=\"visible\"><span class=\"text-node\">Segundo Abrah\u00e3o, o Brasil \u00e9 o \u00fanico pa\u00eds que tem uma ferramenta de acompanhamento dos 17 ODSs em todos os 5.570 munic\u00edpios. E nesta edi\u00e7\u00e3o, h\u00e1 uma novidade que possibilita o recorte da sugest\u00e3o feita pelo Brasil \u00e0 Organiza\u00e7\u00e3o das Na\u00e7\u00f5es Unidas de criar uma 18\u00aa ODS para avaliar as cidades brasileiras quanto aos indicadores relativos a igualdade \u00e9tnico-racial.<\/span><\/p>\n<h2 data-pf_style_display=\"block\" data-pf_style_visibility=\"visible\"><span class=\"text-node\">Integra\u00e7\u00e3o<\/span><\/h2>\n<p class=\"added-to-list1\" data-pf_style_display=\"block\" data-pf_style_visibility=\"visible\"><span class=\"text-node\">A terceira edi\u00e7\u00e3o do IDSC \u00e9 resultado de parceria entre o Minist\u00e9rio do Meio Ambiente e Mudan\u00e7a do Clima (MMA) e a Caixa Econ\u00f4mica Federal, com apoio institucional da Comiss\u00e3o Nacional dos ODS da Secretaria-Geral da Presid\u00eancia da Rep\u00fablica; da Estrat\u00e9gia ODS, coaliz\u00e3o multissetorial voltada para o apoio \u00e0 implementa\u00e7\u00e3o da Agenda 2030 no Brasil, da Frente Nacional de Prefeitos e Prefeitas e do Centro de Desenvolvimento Sustent\u00e1vel da Universidade de Bras\u00edlia (UnB).<\/span><\/p>\n<p class=\"added-to-list1\" data-pf_style_display=\"block\" data-pf_style_visibility=\"visible\"><span class=\"text-node\">Para Abrah\u00e3o, a vis\u00e3o panor\u00e2mica trazida pela integra\u00e7\u00e3o de v\u00e1rias frentes precisa ser refletida tamb\u00e9m na atua\u00e7\u00e3o das diferentes esferas de governo e da iniciativa privada. \u201cOs desafios est\u00e3o t\u00e3o grandes que as empresas t\u00eam que olhar al\u00e9m dos seus muros, na sociedade, como \u00e9 que podem usar sua capacidade de convoca\u00e7\u00e3o, de comunica\u00e7\u00e3o, de atua\u00e7\u00e3o pol\u00edtica at\u00e9, mas pelo interesse comum, porque a gente percebe que, quando existem os problemas, as empresas tamb\u00e9m s\u00e3o afetadas.\u201d<\/span><\/p>\n<h2 data-pf_style_display=\"block\" data-pf_style_visibility=\"visible\"><span class=\"text-node\">Pol\u00edticas p\u00fablicas<\/span><\/h2>\n<p class=\"added-to-list1\" data-pf_style_display=\"block\" data-pf_style_visibility=\"visible\"><span class=\"text-node\">O secret\u00e1rio de Meio Ambiente Urbano e Qualidade Ambiental do Minist\u00e9rio do Meio Ambiente, Adalberto Maluf, considera a ferramenta um orientador para pol\u00edticas p\u00fablicas, em que os governos municipais conseguem ter refer\u00eancias de pol\u00edticas exitosas como modelo, os estados percebem onde devem empenhar esfor\u00e7os e o poder p\u00fablico federal podem direcionar melhor os recursos.<\/span><\/p>\n<p class=\"added-to-list1\" data-pf_style_display=\"block\" data-pf_style_visibility=\"visible\"><span class=\"text-node\">\u201cCom o \u00edndice, podemos avaliar qual foi o hist\u00f3rico da implementa\u00e7\u00e3o das pol\u00edticas p\u00fablicas nos \u00faltimos anos, onde tiveram resultado melhor, o por qu\u00ea de terem sido bem-sucedidas ou n\u00e3o terem sido bem-sucedidas, para que, \u00e0 medida que a gente avance, em especial, com os novos investimentos, com o acompanhamento das emendas parlamentares, a gente consiga ter uma clareza maior do tipo de pol\u00edtica p\u00fablica que gera resultado e consegue ser medido\u201d, conclui.<\/span><\/p>\n<h2 data-pf_style_display=\"block\" data-pf_style_visibility=\"visible\"><span class=\"text-node\">Na\u00e7\u00f5es Unidas<\/span><\/h2>\n<p class=\"added-to-list1\" data-pf_style_display=\"block\" data-pf_style_visibility=\"visible\"><span class=\"text-node\">Os 17 Objetivos de Desenvolvimento Sustent\u00e1vel s\u00e3o parte de um plano de a\u00e7\u00e3o criado pela Organiza\u00e7\u00e3o das Na\u00e7\u00f5es Unidas (ONU) com metas que buscam a erradica\u00e7\u00e3o da pobreza, proteger o meio ambiente e garantir a seguran\u00e7a clim\u00e1tica em uma Agenda 2030.<\/span><\/p>\n","protected":false},"excerpt":{"rendered":"<p>Ag\u00eancia Brasil &#8211; A terceira atualiza\u00e7\u00e3o do \u00cdndice de Desenvolvimento Sustent\u00e1vel das Cidades (IDSC-BR), apresentada nesta sexta-feira (1\u00ba) em Bras\u00edlia, revelou que 2.885 cidades, o que representa 51,3% do apresentou n\u00edvel baixo na classifica\u00e7\u00e3o.<\/p>\n","protected":false},"author":1,"featured_media":0,"comment_status":"closed","ping_status":"open","sticky":false,"template":"","format":"standard","meta":{"_exactmetrics_skip_tracking":false,"_exactmetrics_sitenote_active":false,"_exactmetrics_sitenote_note":"","_exactmetrics_sitenote_category":0,"jetpack_post_was_ever_published":false,"_jetpack_newsletter_access":"","_jetpack_dont_email_post_to_subs":false,"_jetpack_newsletter_tier_id":0,"_jetpack_memberships_contains_paywalled_content":false,"_jetpack_memberships_contains_paid_content":false,"footnotes":"","jetpack_publicize_message":"","jetpack_publicize_feature_enabled":true,"jetpack_social_post_already_shared":true,"jetpack_social_options":{"image_generator_settings":{"template":"highway","enabled":false},"version":2}},"categories":[1],"tags":[],"class_list":["post-36176","post","type-post","status-publish","format-standard","hentry","category-notas"],"jetpack_publicize_connections":[],"jetpack_sharing_enabled":true,"jetpack_featured_media_url":"","jetpack_shortlink":"https:\/\/wp.me\/p7wKYW-9pu","jetpack-related-posts":[],"_links":{"self":[{"href":"http:\/\/blogdalucianaoliveira.com.br\/blog\/wp-json\/wp\/v2\/posts\/36176","targetHints":{"allow":["GET"]}}],"collection":[{"href":"http:\/\/blogdalucianaoliveira.com.br\/blog\/wp-json\/wp\/v2\/posts"}],"about":[{"href":"http:\/\/blogdalucianaoliveira.com.br\/blog\/wp-json\/wp\/v2\/types\/post"}],"author":[{"embeddable":true,"href":"http:\/\/blogdalucianaoliveira.com.br\/blog\/wp-json\/wp\/v2\/users\/1"}],"replies":[{"embeddable":true,"href":"http:\/\/blogdalucianaoliveira.com.br\/blog\/wp-json\/wp\/v2\/comments?post=36176"}],"version-history":[{"count":1,"href":"http:\/\/blogdalucianaoliveira.com.br\/blog\/wp-json\/wp\/v2\/posts\/36176\/revisions"}],"predecessor-version":[{"id":36178,"href":"http:\/\/blogdalucianaoliveira.com.br\/blog\/wp-json\/wp\/v2\/posts\/36176\/revisions\/36178"}],"wp:attachment":[{"href":"http:\/\/blogdalucianaoliveira.com.br\/blog\/wp-json\/wp\/v2\/media?parent=36176"}],"wp:term":[{"taxonomy":"category","embeddable":true,"href":"http:\/\/blogdalucianaoliveira.com.br\/blog\/wp-json\/wp\/v2\/categories?post=36176"},{"taxonomy":"post_tag","embeddable":true,"href":"http:\/\/blogdalucianaoliveira.com.br\/blog\/wp-json\/wp\/v2\/tags?post=36176"}],"curies":[{"name":"wp","href":"https:\/\/api.w.org\/{rel}","templated":true}]}}