{"id":36179,"date":"2024-11-01T17:38:16","date_gmt":"2024-11-01T21:38:16","guid":{"rendered":"http:\/\/blogdalucianaoliveira.com.br\/blog\/?p=36179"},"modified":"2024-11-01T17:38:16","modified_gmt":"2024-11-01T21:38:16","slug":"rede-sustentabilidade-questiona-sigilo-imposto-em-gastos-de-viagem-de-secretario","status":"publish","type":"post","link":"http:\/\/blogdalucianaoliveira.com.br\/blog\/2024\/11\/01\/rede-sustentabilidade-questiona-sigilo-imposto-em-gastos-de-viagem-de-secretario\/","title":{"rendered":"Rede Sustentabilidade questiona sigilo imposto em gastos de viagem de secret\u00e1rio"},"content":{"rendered":"<p><img data-recalc-dims=\"1\" loading=\"lazy\" decoding=\"async\" data-attachment-id=\"36180\" data-permalink=\"http:\/\/blogdalucianaoliveira.com.br\/blog\/2024\/11\/01\/rede-sustentabilidade-questiona-sigilo-imposto-em-gastos-de-viagem-de-secretario\/img_2154\/\" data-orig-file=\"https:\/\/i0.wp.com\/blogdalucianaoliveira.com.br\/blog\/wp-content\/uploads\/2024\/11\/IMG_2154.webp?fit=800%2C491\" data-orig-size=\"800,491\" data-comments-opened=\"0\" data-image-meta=\"{&quot;aperture&quot;:&quot;0&quot;,&quot;credit&quot;:&quot;&quot;,&quot;camera&quot;:&quot;&quot;,&quot;caption&quot;:&quot;&quot;,&quot;created_timestamp&quot;:&quot;0&quot;,&quot;copyright&quot;:&quot;&quot;,&quot;focal_length&quot;:&quot;0&quot;,&quot;iso&quot;:&quot;0&quot;,&quot;shutter_speed&quot;:&quot;0&quot;,&quot;title&quot;:&quot;&quot;,&quot;orientation&quot;:&quot;0&quot;}\" data-image-title=\"IMG_2154\" data-image-description=\"\" data-image-caption=\"\" data-medium-file=\"https:\/\/i0.wp.com\/blogdalucianaoliveira.com.br\/blog\/wp-content\/uploads\/2024\/11\/IMG_2154.webp?fit=300%2C184\" data-large-file=\"https:\/\/i0.wp.com\/blogdalucianaoliveira.com.br\/blog\/wp-content\/uploads\/2024\/11\/IMG_2154.webp?fit=600%2C368\" class=\"alignnone size-full wp-image-36180\" src=\"https:\/\/i0.wp.com\/blogdalucianaoliveira.com.br\/blog\/wp-content\/uploads\/2024\/11\/IMG_2154.webp?resize=600%2C368\" alt=\"\" width=\"600\" height=\"368\" srcset=\"https:\/\/i0.wp.com\/blogdalucianaoliveira.com.br\/blog\/wp-content\/uploads\/2024\/11\/IMG_2154.webp?w=800 800w, https:\/\/i0.wp.com\/blogdalucianaoliveira.com.br\/blog\/wp-content\/uploads\/2024\/11\/IMG_2154.webp?resize=300%2C184 300w, https:\/\/i0.wp.com\/blogdalucianaoliveira.com.br\/blog\/wp-content\/uploads\/2024\/11\/IMG_2154.webp?resize=768%2C471 768w, https:\/\/i0.wp.com\/blogdalucianaoliveira.com.br\/blog\/wp-content\/uploads\/2024\/11\/IMG_2154.webp?resize=489%2C300 489w\" sizes=\"auto, (max-width: 600px) 100vw, 600px\" \/><\/p>\n<p>Rond\u00f4nia, 1\u00ba de novembro de 2024 \u2013 O governo de Rond\u00f4nia, em uma sequ\u00eancia impressionante de avan\u00e7os no campo da \u201ctranspar\u00eancia controlada\u201d, resolveu nos brindar com mais um toque de mist\u00e9rio: uma viagem de 16 dias do Secret\u00e1rio de Desenvolvimento Ambiental, Marco Ant\u00f4nio Ribeiro de Menezes Lagos, ao exterior. Embora a miss\u00e3o ambientalista receba o apoio financeiro do Fundo de Governan\u00e7a Clim\u00e1tica e Servi\u00e7os Ambientais (FUNCLIMA), os detalhes ser\u00e3o mantidos em absoluto sigilo at\u00e9 2029, porque \u2013 afinal \u2013 nada \u00e9 mais ambiental do que um governo que planta mist\u00e9rio e colhe sigilo.<!--more--><\/p>\n<p>Se o decreto de fevereiro, que blindou informa\u00e7\u00f5es sobre as visitas ao gabinete do governador e despesas pessoais do mandat\u00e1rio, foi um tiro certeiro na LAI (Lei de Acesso \u00e0 Informa\u00e7\u00e3o), agora temos uma nova adi\u00e7\u00e3o: sigilo absoluto sobre viagens custeadas pelo dinheiro p\u00fablico, inclusive aquelas de car\u00e1ter \u201cambiental\u201d. E se algu\u00e9m ousar questionar? Bom, ter\u00e1 de aguardar pacientemente cinco anos, at\u00e9 que as cortinas de ferro da transpar\u00eancia se levantem, pelo menos para aqueles que ainda lembrarem da viagem.<\/p>\n<p>Para o F\u00f3rum de Direito de Acesso a Informa\u00e7\u00f5es P\u00fablicas, esses avan\u00e7os na arte do \u201csigilo preventivo\u201d s\u00e3o uma afronta aos direitos constitucionais de publicidade e controle social, essenciais em uma democracia. E, convenhamos, h\u00e1 algo po\u00e9tico no conceito de \u201cviagem clim\u00e1tica sigilosa\u201d. Quem sabe o secret\u00e1rio n\u00e3o est\u00e1 fazendo estudos secretos sobre como a falta de ar fresco da informa\u00e7\u00e3o p\u00fablica impacta o meio ambiente de Rond\u00f4nia?<\/p>\n<p>A pol\u00edtica ambiental do estado vai muito bem, obrigada \u2013 mas, claro, de maneira sigilosa. Porque, como j\u00e1 sabemos, a real sustentabilidade \u00e9 manter as informa\u00e7\u00f5es guardadas em um arquivo inating\u00edvel, longe dos olhos da sociedade, assim como o conhecimento sobre o que realmente se faz com o dinheiro p\u00fablico.<\/p>\n<p>DECRETO DE 30 DE OUTUBRO DE 2024.<\/p>\n<p>O GOVERNADOR DO ESTADO DE ROND\u00d4NIA, no uso das atribui\u00e7\u00f5es que lhe confere o art. 65, inciso V, da Constitui\u00e7\u00e3o Estadual, e conforme processo administrativo SEI 0014.001883\/2024-00.<\/p>\n<p>R E S O L V E:<\/p>\n<p>AUTORIZAR, a viagem do Secret\u00e1rio de Estado MARCO ANT\u00d4NIO RIBEIRO DE MENEZES LAGOS, lotado na Secretaria de Estado do Desenvolvimento Ambiental \u2013 SEDAM, no per\u00edodo de 8 a 24 de novembro de 2024, conforme informa\u00e7\u00e3o classificada em grau reservado, de acordo com o Art 24 da Lei Estadual N\u00ba 3.166, de 27 de agosto de 2013, com \u00f4nus de di\u00e1rias e traslado para fonte 1.759.0.08064 \u2013 recursos vinculados a fundos \u2013 FUNCLIMA.<\/p>\n<p>Pal\u00e1cio do Governo do Estado de Rond\u00f4nia, em 30 de outubro de 2024, 136\u00ba da Rep\u00fablica.<\/p>\n<p>MARCOS JOS\u00c9 ROCHA DOS SANTOS<\/p>\n<p>Governador<\/p>\n<p>Protocolo <a href=\"tel:0054230809\">0054230809<\/a><\/p>\n<p>Atenciosamente; Edjales Benicio de Brito<\/p>\n<p>Porta Voz da Rede Sustentabilidade de Porto Velho.<\/p>\n","protected":false},"excerpt":{"rendered":"<p>Rond\u00f4nia, 1\u00ba de novembro de 2024 \u2013 O governo de Rond\u00f4nia, em uma sequ\u00eancia impressionante de avan\u00e7os no campo da \u201ctranspar\u00eancia controlada\u201d, resolveu nos brindar com mais um toque de mist\u00e9rio: uma viagem de 16 dias do Secret\u00e1rio de Desenvolvimento Ambiental, Marco Ant\u00f4nio Ribeiro de Menezes Lagos, ao exterior. Embora a miss\u00e3o ambientalista receba o&#8230;<a class=\"more-link\" href=\"http:\/\/blogdalucianaoliveira.com.br\/blog\/2024\/11\/01\/rede-sustentabilidade-questiona-sigilo-imposto-em-gastos-de-viagem-de-secretario\/\">Continue a leitura <span class=\"meta-nav\">&raquo;<\/span><\/a><\/p>\n","protected":false},"author":1,"featured_media":0,"comment_status":"closed","ping_status":"open","sticky":false,"template":"","format":"standard","meta":{"_exactmetrics_skip_tracking":false,"_exactmetrics_sitenote_active":false,"_exactmetrics_sitenote_note":"","_exactmetrics_sitenote_category":0,"jetpack_post_was_ever_published":false,"_jetpack_newsletter_access":"","_jetpack_dont_email_post_to_subs":false,"_jetpack_newsletter_tier_id":0,"_jetpack_memberships_contains_paywalled_content":false,"_jetpack_memberships_contains_paid_content":false,"footnotes":"","jetpack_publicize_message":"","jetpack_publicize_feature_enabled":true,"jetpack_social_post_already_shared":true,"jetpack_social_options":{"image_generator_settings":{"template":"highway","enabled":false},"version":2}},"categories":[1],"tags":[],"class_list":["post-36179","post","type-post","status-publish","format-standard","hentry","category-notas"],"jetpack_publicize_connections":[],"jetpack_sharing_enabled":true,"jetpack_featured_media_url":"","jetpack_shortlink":"https:\/\/wp.me\/p7wKYW-9px","jetpack-related-posts":[],"_links":{"self":[{"href":"http:\/\/blogdalucianaoliveira.com.br\/blog\/wp-json\/wp\/v2\/posts\/36179","targetHints":{"allow":["GET"]}}],"collection":[{"href":"http:\/\/blogdalucianaoliveira.com.br\/blog\/wp-json\/wp\/v2\/posts"}],"about":[{"href":"http:\/\/blogdalucianaoliveira.com.br\/blog\/wp-json\/wp\/v2\/types\/post"}],"author":[{"embeddable":true,"href":"http:\/\/blogdalucianaoliveira.com.br\/blog\/wp-json\/wp\/v2\/users\/1"}],"replies":[{"embeddable":true,"href":"http:\/\/blogdalucianaoliveira.com.br\/blog\/wp-json\/wp\/v2\/comments?post=36179"}],"version-history":[{"count":1,"href":"http:\/\/blogdalucianaoliveira.com.br\/blog\/wp-json\/wp\/v2\/posts\/36179\/revisions"}],"predecessor-version":[{"id":36181,"href":"http:\/\/blogdalucianaoliveira.com.br\/blog\/wp-json\/wp\/v2\/posts\/36179\/revisions\/36181"}],"wp:attachment":[{"href":"http:\/\/blogdalucianaoliveira.com.br\/blog\/wp-json\/wp\/v2\/media?parent=36179"}],"wp:term":[{"taxonomy":"category","embeddable":true,"href":"http:\/\/blogdalucianaoliveira.com.br\/blog\/wp-json\/wp\/v2\/categories?post=36179"},{"taxonomy":"post_tag","embeddable":true,"href":"http:\/\/blogdalucianaoliveira.com.br\/blog\/wp-json\/wp\/v2\/tags?post=36179"}],"curies":[{"name":"wp","href":"https:\/\/api.w.org\/{rel}","templated":true}]}}