{"id":36183,"date":"2024-11-04T07:25:59","date_gmt":"2024-11-04T11:25:59","guid":{"rendered":"http:\/\/blogdalucianaoliveira.com.br\/blog\/?p=36183"},"modified":"2024-11-04T07:25:59","modified_gmt":"2024-11-04T11:25:59","slug":"tribunal-de-contas-de-rondonia-investiga-governador-e-secretario-estadual-por-inacao-no-combate-as-queimadas","status":"publish","type":"post","link":"http:\/\/blogdalucianaoliveira.com.br\/blog\/2024\/11\/04\/tribunal-de-contas-de-rondonia-investiga-governador-e-secretario-estadual-por-inacao-no-combate-as-queimadas\/","title":{"rendered":"Tribunal de Contas de Rond\u00f4nia investiga governador e secret\u00e1rio estadual por ina\u00e7\u00e3o no combate \u00e0s queimadas"},"content":{"rendered":"<p><img data-recalc-dims=\"1\" loading=\"lazy\" decoding=\"async\" data-attachment-id=\"36184\" data-permalink=\"http:\/\/blogdalucianaoliveira.com.br\/blog\/2024\/11\/04\/tribunal-de-contas-de-rondonia-investiga-governador-e-secretario-estadual-por-inacao-no-combate-as-queimadas\/ae84f5b7-5ad0-42f8-9356-2acc313f52e8\/\" data-orig-file=\"https:\/\/i0.wp.com\/blogdalucianaoliveira.com.br\/blog\/wp-content\/uploads\/2024\/11\/ae84f5b7-5ad0-42f8-9356-2acc313f52e8.jpeg?fit=280%2C179\" data-orig-size=\"280,179\" data-comments-opened=\"0\" data-image-meta=\"{&quot;aperture&quot;:&quot;0&quot;,&quot;credit&quot;:&quot;&quot;,&quot;camera&quot;:&quot;&quot;,&quot;caption&quot;:&quot;&quot;,&quot;created_timestamp&quot;:&quot;1730670183&quot;,&quot;copyright&quot;:&quot;&quot;,&quot;focal_length&quot;:&quot;0&quot;,&quot;iso&quot;:&quot;0&quot;,&quot;shutter_speed&quot;:&quot;0&quot;,&quot;title&quot;:&quot;&quot;,&quot;orientation&quot;:&quot;1&quot;}\" data-image-title=\"ae84f5b7-5ad0-42f8-9356-2acc313f52e8\" data-image-description=\"\" data-image-caption=\"\" data-medium-file=\"https:\/\/i0.wp.com\/blogdalucianaoliveira.com.br\/blog\/wp-content\/uploads\/2024\/11\/ae84f5b7-5ad0-42f8-9356-2acc313f52e8.jpeg?fit=280%2C179\" data-large-file=\"https:\/\/i0.wp.com\/blogdalucianaoliveira.com.br\/blog\/wp-content\/uploads\/2024\/11\/ae84f5b7-5ad0-42f8-9356-2acc313f52e8.jpeg?fit=280%2C179\" class=\"alignnone size-full wp-image-36184\" src=\"https:\/\/i0.wp.com\/blogdalucianaoliveira.com.br\/blog\/wp-content\/uploads\/2024\/11\/ae84f5b7-5ad0-42f8-9356-2acc313f52e8.jpeg?resize=280%2C179\" alt=\"\" width=\"280\" height=\"179\" \/><\/p>\n<p>&nbsp;<\/p>\n<p>Por Camila Pinheiro &#8211; O Tribunal de Contas do Estado de Rond\u00f4nia (TCE-RO) instaurou uma representa\u00e7\u00e3o contra o governador Marcos Jos\u00e9 Rocha dos Santos e o secret\u00e1rio de Desenvolvimento Ambiental, Marco Ant\u00f4nio Ribeiro de Menezes Lagos, por suposta omiss\u00e3o na ado\u00e7\u00e3o de medidas eficazes para combater o aumento das queimadas no estado.<!--more--><\/p>\n<p>A a\u00e7\u00e3o foi apresentada pela Coordenadoria Especializada em Finan\u00e7as do Estado (CECEX-1), que aponta inefici\u00eancia e demora do governo estadual em implementar pol\u00edticas p\u00fablicas efetivas para a prote\u00e7\u00e3o e preserva\u00e7\u00e3o ambiental, em desacordo com o artigo 225 da Constitui\u00e7\u00e3o Federal.<\/p>\n<p>De acordo com o relat\u00f3rio, Rond\u00f4nia tem enfrentado um aumento significativo no n\u00famero de queimadas, que t\u00eam gerado graves impactos ambientais, econ\u00f4micos e de sa\u00fade.<\/p>\n<p>Em Porto Velho, a qualidade do ar \u00e9 considerada a pior do pa\u00eds, conforme dados da IQAir, empresa su\u00ed\u00e7a de monitoramento. A degrada\u00e7\u00e3o ambiental tem intensificado casos de doen\u00e7as respirat\u00f3rias, amea\u00e7ado a biodiversidade e comprometido setores como o com\u00e9rcio e a agricultura.<\/p>\n<p>O TCE-RO tamb\u00e9m ressalta que o governo estadual demorou a implementar a\u00e7\u00f5es de preven\u00e7\u00e3o. O decreto estadual que pro\u00edbe o uso de fogo, por exemplo, foi publicado apenas ap\u00f3s uma recomenda\u00e7\u00e3o do Minist\u00e9rio P\u00fablico Estadual.<\/p>\n<p>Ademais, o plano de combate \u00e0s queimadas foi elaborado somente ap\u00f3s a interven\u00e7\u00e3o do mesmo \u00f3rg\u00e3o, que resultou em uma opera\u00e7\u00e3o em Guajar\u00e1-Mirim.<\/p>\n<p>Nos \u00faltimos anos, o tribunal identificou uma execu\u00e7\u00e3o or\u00e7ament\u00e1ria insuficiente por parte da Secretaria de Desenvolvimento Ambiental (SEDAM), bem como a falta de estrutura e de pessoal nas Unidades de Conserva\u00e7\u00e3o (UCs) estaduais e a baixa integra\u00e7\u00e3o entre a SEDAM e outros atores envolvidos na preserva\u00e7\u00e3o ambiental. Esse conjunto de omiss\u00f5es, segundo a CECEX-1, configura falhas graves na gest\u00e3o ambiental do estado.<\/p>\n<p>A Coordenadoria prop\u00f4s uma medida de urg\u00eancia, considerando o agravamento previsto das queimadas em setembro devido \u00e0 estiagem. A decis\u00e3o visa garantir uma resposta r\u00e1pida para evitar maiores danos sociais, ambientais e \u00e0 sa\u00fade p\u00fablica.<\/p>\n<p>O relator do procedimento, Paulo Curi Neto, deferiu o pedido de medidas de urg\u00eancia, determinando diversas a\u00e7\u00f5es imediatas para cessar a omiss\u00e3o do governador e do secret\u00e1rio de Meio Ambiente. Ambos dever\u00e3o apresentar suas defesas e esclarecimentos.<\/p>\n<p>Edjales Ben\u00edcio, consultor especializado em meio ambiente, declarou: \u201cFica evidente a incapacidade da gest\u00e3o atual em combater os crimes ambientais, uma situa\u00e7\u00e3o inaceit\u00e1vel. A atua\u00e7\u00e3o do Poder P\u00fablico Estadual deixa muito a desejar quando comparada aos padr\u00f5es mais b\u00e1sicos exigidos\u201d.<\/p>\n<p>O advogado e professor Vinicius Valentin Raduan Miguel, que colabora com diversas organiza\u00e7\u00f5es da sociedade civil e \u00e9 um dos maiores pesquisadores em transpar\u00eancia p\u00fablica, afirmou: \u201cA atua\u00e7\u00e3o en\u00e9rgica e prudente do Tribunal de Contas \u00e9 tamb\u00e9m um lamento: \u00e9 tr\u00e1gica a condu\u00e7\u00e3o da pol\u00edtica ambiental estadual, marcada pelo ocultamento de dados, baixa participa\u00e7\u00e3o da sociedade civil e avers\u00e3o \u00e0 prote\u00e7\u00e3o socioambiental\u201d.<\/p>\n<p>&nbsp;<\/p>\n<p>confira decis\u00f5es:<\/p>\n<p>&nbsp;<\/p>\n<p><a href=\"http:\/\/blogdalucianaoliveira.com.br\/blog\/wp-content\/uploads\/2024\/11\/02902_24_Decisao-Monocratica_450-1.pdf\">02902_24_Decisao\u00a0Monocratica_450 (1)<\/a><\/p>\n<p><a href=\"http:\/\/blogdalucianaoliveira.com.br\/blog\/wp-content\/uploads\/2024\/11\/02902_24_Documento_Digitalizado_505_Parecer-Tecnico.pdf\">02902_24_Documento_Digitalizado_505_Parecer\u00a0Tecnico<\/a><\/p>\n","protected":false},"excerpt":{"rendered":"<p>&nbsp; Por Camila Pinheiro &#8211; O Tribunal de Contas do Estado de Rond\u00f4nia (TCE-RO) instaurou uma representa\u00e7\u00e3o contra o governador Marcos Jos\u00e9 Rocha dos Santos e o secret\u00e1rio de Desenvolvimento Ambiental, Marco Ant\u00f4nio Ribeiro de Menezes Lagos, por suposta omiss\u00e3o na ado\u00e7\u00e3o de medidas eficazes para combater o aumento das queimadas no estado.<\/p>\n","protected":false},"author":1,"featured_media":0,"comment_status":"closed","ping_status":"open","sticky":false,"template":"","format":"standard","meta":{"_exactmetrics_skip_tracking":false,"_exactmetrics_sitenote_active":false,"_exactmetrics_sitenote_note":"","_exactmetrics_sitenote_category":0,"jetpack_post_was_ever_published":false,"_jetpack_newsletter_access":"","_jetpack_dont_email_post_to_subs":false,"_jetpack_newsletter_tier_id":0,"_jetpack_memberships_contains_paywalled_content":false,"_jetpack_memberships_contains_paid_content":false,"footnotes":"","jetpack_publicize_message":"","jetpack_publicize_feature_enabled":true,"jetpack_social_post_already_shared":true,"jetpack_social_options":{"image_generator_settings":{"template":"highway","enabled":false},"version":2}},"categories":[1],"tags":[542,295,1180],"class_list":["post-36183","post","type-post","status-publish","format-standard","hentry","category-notas","tag-governador","tag-queimadas","tag-tribunal-de-contas"],"jetpack_publicize_connections":[],"jetpack_sharing_enabled":true,"jetpack_featured_media_url":"","jetpack_shortlink":"https:\/\/wp.me\/p7wKYW-9pB","jetpack-related-posts":[],"_links":{"self":[{"href":"http:\/\/blogdalucianaoliveira.com.br\/blog\/wp-json\/wp\/v2\/posts\/36183","targetHints":{"allow":["GET"]}}],"collection":[{"href":"http:\/\/blogdalucianaoliveira.com.br\/blog\/wp-json\/wp\/v2\/posts"}],"about":[{"href":"http:\/\/blogdalucianaoliveira.com.br\/blog\/wp-json\/wp\/v2\/types\/post"}],"author":[{"embeddable":true,"href":"http:\/\/blogdalucianaoliveira.com.br\/blog\/wp-json\/wp\/v2\/users\/1"}],"replies":[{"embeddable":true,"href":"http:\/\/blogdalucianaoliveira.com.br\/blog\/wp-json\/wp\/v2\/comments?post=36183"}],"version-history":[{"count":1,"href":"http:\/\/blogdalucianaoliveira.com.br\/blog\/wp-json\/wp\/v2\/posts\/36183\/revisions"}],"predecessor-version":[{"id":36188,"href":"http:\/\/blogdalucianaoliveira.com.br\/blog\/wp-json\/wp\/v2\/posts\/36183\/revisions\/36188"}],"wp:attachment":[{"href":"http:\/\/blogdalucianaoliveira.com.br\/blog\/wp-json\/wp\/v2\/media?parent=36183"}],"wp:term":[{"taxonomy":"category","embeddable":true,"href":"http:\/\/blogdalucianaoliveira.com.br\/blog\/wp-json\/wp\/v2\/categories?post=36183"},{"taxonomy":"post_tag","embeddable":true,"href":"http:\/\/blogdalucianaoliveira.com.br\/blog\/wp-json\/wp\/v2\/tags?post=36183"}],"curies":[{"name":"wp","href":"https:\/\/api.w.org\/{rel}","templated":true}]}}