{"id":36189,"date":"2024-11-07T09:10:11","date_gmt":"2024-11-07T13:10:11","guid":{"rendered":"http:\/\/blogdalucianaoliveira.com.br\/blog\/?p=36189"},"modified":"2024-11-07T09:10:33","modified_gmt":"2024-11-07T13:10:33","slug":"levante-feminista-realiza-encontro-nacional-para-frear-violencia-de-genero","status":"publish","type":"post","link":"http:\/\/blogdalucianaoliveira.com.br\/blog\/2024\/11\/07\/levante-feminista-realiza-encontro-nacional-para-frear-violencia-de-genero\/","title":{"rendered":"Levante feminista realiza encontro nacional para frear viol\u00eancia contra as mulheres"},"content":{"rendered":"<p><img data-recalc-dims=\"1\" loading=\"lazy\" decoding=\"async\" data-attachment-id=\"36194\" data-permalink=\"http:\/\/blogdalucianaoliveira.com.br\/blog\/2024\/11\/07\/levante-feminista-realiza-encontro-nacional-para-frear-violencia-de-genero\/default\/\" data-orig-file=\"https:\/\/i0.wp.com\/blogdalucianaoliveira.com.br\/blog\/wp-content\/uploads\/2024\/11\/dji_fly_20241104_121928_0103_1730734481822_photo-scaled.jpeg?fit=2560%2C1444\" data-orig-size=\"2560,1444\" data-comments-opened=\"0\" data-image-meta=\"{&quot;aperture&quot;:&quot;2.8&quot;,&quot;credit&quot;:&quot;&quot;,&quot;camera&quot;:&quot;FC8671&quot;,&quot;caption&quot;:&quot;default&quot;,&quot;created_timestamp&quot;:&quot;1730722768&quot;,&quot;copyright&quot;:&quot;&quot;,&quot;focal_length&quot;:&quot;2.598&quot;,&quot;iso&quot;:&quot;100&quot;,&quot;shutter_speed&quot;:&quot;0.002&quot;,&quot;title&quot;:&quot;default&quot;,&quot;orientation&quot;:&quot;1&quot;}\" data-image-title=\"default\" data-image-description=\"\" data-image-caption=\"&lt;p&gt;default&lt;\/p&gt;\n\" data-medium-file=\"https:\/\/i0.wp.com\/blogdalucianaoliveira.com.br\/blog\/wp-content\/uploads\/2024\/11\/dji_fly_20241104_121928_0103_1730734481822_photo-scaled.jpeg?fit=300%2C169\" data-large-file=\"https:\/\/i0.wp.com\/blogdalucianaoliveira.com.br\/blog\/wp-content\/uploads\/2024\/11\/dji_fly_20241104_121928_0103_1730734481822_photo-scaled.jpeg?fit=600%2C339\" class=\"size-full wp-image-36194\" src=\"https:\/\/i0.wp.com\/blogdalucianaoliveira.com.br\/blog\/wp-content\/uploads\/2024\/11\/dji_fly_20241104_121928_0103_1730734481822_photo-scaled.jpeg?resize=600%2C338\" alt=\"\" width=\"600\" height=\"338\" srcset=\"https:\/\/i0.wp.com\/blogdalucianaoliveira.com.br\/blog\/wp-content\/uploads\/2024\/11\/dji_fly_20241104_121928_0103_1730734481822_photo-scaled.jpeg?w=2560 2560w, https:\/\/i0.wp.com\/blogdalucianaoliveira.com.br\/blog\/wp-content\/uploads\/2024\/11\/dji_fly_20241104_121928_0103_1730734481822_photo-scaled.jpeg?resize=300%2C169 300w, https:\/\/i0.wp.com\/blogdalucianaoliveira.com.br\/blog\/wp-content\/uploads\/2024\/11\/dji_fly_20241104_121928_0103_1730734481822_photo-scaled.jpeg?resize=1024%2C578 1024w, https:\/\/i0.wp.com\/blogdalucianaoliveira.com.br\/blog\/wp-content\/uploads\/2024\/11\/dji_fly_20241104_121928_0103_1730734481822_photo-scaled.jpeg?resize=768%2C433 768w, https:\/\/i0.wp.com\/blogdalucianaoliveira.com.br\/blog\/wp-content\/uploads\/2024\/11\/dji_fly_20241104_121928_0103_1730734481822_photo-scaled.jpeg?resize=1536%2C866 1536w, https:\/\/i0.wp.com\/blogdalucianaoliveira.com.br\/blog\/wp-content\/uploads\/2024\/11\/dji_fly_20241104_121928_0103_1730734481822_photo-scaled.jpeg?resize=2048%2C1155 2048w, https:\/\/i0.wp.com\/blogdalucianaoliveira.com.br\/blog\/wp-content\/uploads\/2024\/11\/dji_fly_20241104_121928_0103_1730734481822_photo-scaled.jpeg?resize=532%2C300 532w, https:\/\/i0.wp.com\/blogdalucianaoliveira.com.br\/blog\/wp-content\/uploads\/2024\/11\/dji_fly_20241104_121928_0103_1730734481822_photo-scaled.jpeg?w=1200 1200w, https:\/\/i0.wp.com\/blogdalucianaoliveira.com.br\/blog\/wp-content\/uploads\/2024\/11\/dji_fly_20241104_121928_0103_1730734481822_photo-scaled.jpeg?w=1800 1800w\" sizes=\"auto, (max-width: 600px) 100vw, 600px\" \/><\/p>\n<p class=\"p1\"><span class=\"s1\">Luciana Oliveira, de Brasilia &#8211; Mais de 130 mulheres vindas de 20 estados do pa\u00eds participaram do evento em Bras\u00edlia que durou tr\u00eas dias.<\/span><\/p>\n<p class=\"p1\"><span class=\"s1\">Foram intensas trocas de experi\u00eancias e propostas na luta em defesa da vida das mulheres.<\/span><!--more--><\/p>\n<p><img data-recalc-dims=\"1\" loading=\"lazy\" decoding=\"async\" data-attachment-id=\"36191\" data-permalink=\"http:\/\/blogdalucianaoliveira.com.br\/blog\/2024\/11\/07\/levante-feminista-realiza-encontro-nacional-para-frear-violencia-de-genero\/img_2409-2\/\" data-orig-file=\"https:\/\/i0.wp.com\/blogdalucianaoliveira.com.br\/blog\/wp-content\/uploads\/2024\/11\/IMG_2409-scaled.jpeg?fit=2560%2C916\" data-orig-size=\"2560,916\" data-comments-opened=\"0\" data-image-meta=\"{&quot;aperture&quot;:&quot;1.6&quot;,&quot;credit&quot;:&quot;&quot;,&quot;camera&quot;:&quot;iPhone 13&quot;,&quot;caption&quot;:&quot;&quot;,&quot;created_timestamp&quot;:&quot;1730646572&quot;,&quot;copyright&quot;:&quot;&quot;,&quot;focal_length&quot;:&quot;5.1&quot;,&quot;iso&quot;:&quot;160&quot;,&quot;shutter_speed&quot;:&quot;0.0083333333333333&quot;,&quot;title&quot;:&quot;&quot;,&quot;orientation&quot;:&quot;1&quot;}\" data-image-title=\"IMG_2409\" data-image-description=\"\" data-image-caption=\"\" data-medium-file=\"https:\/\/i0.wp.com\/blogdalucianaoliveira.com.br\/blog\/wp-content\/uploads\/2024\/11\/IMG_2409-scaled.jpeg?fit=300%2C107\" data-large-file=\"https:\/\/i0.wp.com\/blogdalucianaoliveira.com.br\/blog\/wp-content\/uploads\/2024\/11\/IMG_2409-scaled.jpeg?fit=600%2C214\" class=\"alignnone size-full wp-image-36191\" src=\"https:\/\/i0.wp.com\/blogdalucianaoliveira.com.br\/blog\/wp-content\/uploads\/2024\/11\/IMG_2409-scaled.jpeg?resize=600%2C215\" alt=\"\" width=\"600\" height=\"215\" srcset=\"https:\/\/i0.wp.com\/blogdalucianaoliveira.com.br\/blog\/wp-content\/uploads\/2024\/11\/IMG_2409-scaled.jpeg?w=2560 2560w, https:\/\/i0.wp.com\/blogdalucianaoliveira.com.br\/blog\/wp-content\/uploads\/2024\/11\/IMG_2409-scaled.jpeg?resize=300%2C107 300w, https:\/\/i0.wp.com\/blogdalucianaoliveira.com.br\/blog\/wp-content\/uploads\/2024\/11\/IMG_2409-scaled.jpeg?resize=1024%2C366 1024w, https:\/\/i0.wp.com\/blogdalucianaoliveira.com.br\/blog\/wp-content\/uploads\/2024\/11\/IMG_2409-scaled.jpeg?resize=768%2C275 768w, https:\/\/i0.wp.com\/blogdalucianaoliveira.com.br\/blog\/wp-content\/uploads\/2024\/11\/IMG_2409-scaled.jpeg?resize=1536%2C550 1536w, https:\/\/i0.wp.com\/blogdalucianaoliveira.com.br\/blog\/wp-content\/uploads\/2024\/11\/IMG_2409-scaled.jpeg?resize=2048%2C733 2048w, https:\/\/i0.wp.com\/blogdalucianaoliveira.com.br\/blog\/wp-content\/uploads\/2024\/11\/IMG_2409-scaled.jpeg?resize=800%2C286 800w, https:\/\/i0.wp.com\/blogdalucianaoliveira.com.br\/blog\/wp-content\/uploads\/2024\/11\/IMG_2409-scaled.jpeg?w=1200 1200w, https:\/\/i0.wp.com\/blogdalucianaoliveira.com.br\/blog\/wp-content\/uploads\/2024\/11\/IMG_2409-scaled.jpeg?w=1800 1800w\" sizes=\"auto, (max-width: 600px) 100vw, 600px\" \/><\/p>\n<p class=\"p1\"><span class=\"s1\">O I Encontro Nacional do Levante Feminista ocorreu quatro anos ap\u00f3s a cria\u00e7\u00e3o da campanha contra o feminic\u00eddio, lesboc\u00eddio e transfeminic\u00eddio.<\/span><\/p>\n<p class=\"p1\"><span class=\"s1\">A presen\u00e7a de feministas hist\u00f3ricas e atuais real\u00e7ou o compromisso de uma luta permanente que atravessa gera\u00e7\u00f5es.<\/span><\/p>\n<p><img data-recalc-dims=\"1\" loading=\"lazy\" decoding=\"async\" data-attachment-id=\"36195\" data-permalink=\"http:\/\/blogdalucianaoliveira.com.br\/blog\/2024\/11\/07\/levante-feminista-realiza-encontro-nacional-para-frear-violencia-de-genero\/img_2260\/\" data-orig-file=\"https:\/\/i0.wp.com\/blogdalucianaoliveira.com.br\/blog\/wp-content\/uploads\/2024\/11\/IMG_2260-scaled.jpeg?fit=2560%2C827\" data-orig-size=\"2560,827\" data-comments-opened=\"0\" data-image-meta=\"{&quot;aperture&quot;:&quot;1.6&quot;,&quot;credit&quot;:&quot;&quot;,&quot;camera&quot;:&quot;iPhone 13&quot;,&quot;caption&quot;:&quot;&quot;,&quot;created_timestamp&quot;:&quot;1730564883&quot;,&quot;copyright&quot;:&quot;&quot;,&quot;focal_length&quot;:&quot;5.1&quot;,&quot;iso&quot;:&quot;160&quot;,&quot;shutter_speed&quot;:&quot;0.0083333333333333&quot;,&quot;title&quot;:&quot;&quot;,&quot;orientation&quot;:&quot;1&quot;}\" data-image-title=\"IMG_2260\" data-image-description=\"\" data-image-caption=\"\" data-medium-file=\"https:\/\/i0.wp.com\/blogdalucianaoliveira.com.br\/blog\/wp-content\/uploads\/2024\/11\/IMG_2260-scaled.jpeg?fit=300%2C97\" data-large-file=\"https:\/\/i0.wp.com\/blogdalucianaoliveira.com.br\/blog\/wp-content\/uploads\/2024\/11\/IMG_2260-scaled.jpeg?fit=600%2C194\" class=\"alignnone size-full wp-image-36195\" src=\"https:\/\/i0.wp.com\/blogdalucianaoliveira.com.br\/blog\/wp-content\/uploads\/2024\/11\/IMG_2260-scaled.jpeg?resize=600%2C194\" alt=\"\" width=\"600\" height=\"194\" srcset=\"https:\/\/i0.wp.com\/blogdalucianaoliveira.com.br\/blog\/wp-content\/uploads\/2024\/11\/IMG_2260-scaled.jpeg?w=2560 2560w, https:\/\/i0.wp.com\/blogdalucianaoliveira.com.br\/blog\/wp-content\/uploads\/2024\/11\/IMG_2260-scaled.jpeg?resize=300%2C97 300w, https:\/\/i0.wp.com\/blogdalucianaoliveira.com.br\/blog\/wp-content\/uploads\/2024\/11\/IMG_2260-scaled.jpeg?resize=1024%2C331 1024w, https:\/\/i0.wp.com\/blogdalucianaoliveira.com.br\/blog\/wp-content\/uploads\/2024\/11\/IMG_2260-scaled.jpeg?resize=768%2C248 768w, https:\/\/i0.wp.com\/blogdalucianaoliveira.com.br\/blog\/wp-content\/uploads\/2024\/11\/IMG_2260-scaled.jpeg?resize=1536%2C496 1536w, https:\/\/i0.wp.com\/blogdalucianaoliveira.com.br\/blog\/wp-content\/uploads\/2024\/11\/IMG_2260-scaled.jpeg?resize=2048%2C661 2048w, https:\/\/i0.wp.com\/blogdalucianaoliveira.com.br\/blog\/wp-content\/uploads\/2024\/11\/IMG_2260-scaled.jpeg?resize=800%2C258 800w, https:\/\/i0.wp.com\/blogdalucianaoliveira.com.br\/blog\/wp-content\/uploads\/2024\/11\/IMG_2260-scaled.jpeg?w=1200 1200w, https:\/\/i0.wp.com\/blogdalucianaoliveira.com.br\/blog\/wp-content\/uploads\/2024\/11\/IMG_2260-scaled.jpeg?w=1800 1800w\" sizes=\"auto, (max-width: 600px) 100vw, 600px\" \/><\/p>\n<p class=\"p1\"><span class=\"s1\">Nos primeiros dois dias do evento, elas formaram grupos de trabalho e planejaram a\u00e7\u00f5es para o enfrentamento da viol\u00eancia de g\u00eanero. <\/span><\/p>\n<p class=\"p1\"><span class=\"s1\">Em carta manifesto cobraram mais comprometimento dos governos, do judici\u00e1rio e da imprensa no esfor\u00e7o para reduzir viol\u00eancias contra as mulheres. <\/span><\/p>\n<p class=\"p1\"><span class=\"s1\">O Brasil \u00e9 o quinto pa\u00eds do mundo em feminic\u00eddios. S\u00e3o cerca de 1450 ao ano, um a cada 6 horas, segundo os dados do Anu\u00e1rio Brasileiro Seguran\u00e7a P\u00fablica (2023).<\/span><\/p>\n<p class=\"p1\"><span class=\"s1\">Essa realidade pode ser bem maior, j\u00e1 que h\u00e1 subnotifica\u00e7\u00e3o, registro inadequado e n\u00e3o agrega\u00e7\u00e3o de transfeminic\u00eddios nas estat\u00edsticas. <\/span><\/p>\n<p class=\"p1\"><span class=\"s1\">S\u00f3 a partir de 2015 o feminic\u00eddio passou a ser previsto como uma das circunst\u00e2ncias qualificadoras do homic\u00eddio (Lei 13.104\/2015). Uma nova lei, no 14.994\/24, sancionada no m\u00eas de outubro, tornou o feminic\u00eddio \u2014 assassinato de mulheres em contexto de viol\u00eancia dom\u00e9stica ou de g\u00eanero \u2014 um crime aut\u00f4nomo.<\/span><\/p>\n<p class=\"p1\"><span class=\"s1\">O evento contou com a presen\u00e7a de duas ministras, a das mulheres, Aparecida Gon\u00e7alves e da Igualdade Racial, Anielle Franco.<\/span><\/p>\n<p><img data-recalc-dims=\"1\" loading=\"lazy\" decoding=\"async\" data-attachment-id=\"36190\" data-permalink=\"http:\/\/blogdalucianaoliveira.com.br\/blog\/2024\/11\/07\/levante-feminista-realiza-encontro-nacional-para-frear-violencia-de-genero\/img_2547\/\" data-orig-file=\"https:\/\/i0.wp.com\/blogdalucianaoliveira.com.br\/blog\/wp-content\/uploads\/2024\/11\/IMG_2547-scaled.jpeg?fit=2560%2C1440\" data-orig-size=\"2560,1440\" data-comments-opened=\"0\" data-image-meta=\"{&quot;aperture&quot;:&quot;1.6&quot;,&quot;credit&quot;:&quot;&quot;,&quot;camera&quot;:&quot;iPhone 13&quot;,&quot;caption&quot;:&quot;&quot;,&quot;created_timestamp&quot;:&quot;1730732237&quot;,&quot;copyright&quot;:&quot;&quot;,&quot;focal_length&quot;:&quot;5.1&quot;,&quot;iso&quot;:&quot;125&quot;,&quot;shutter_speed&quot;:&quot;0.016666666666667&quot;,&quot;title&quot;:&quot;&quot;,&quot;orientation&quot;:&quot;1&quot;}\" data-image-title=\"IMG_2547\" data-image-description=\"\" data-image-caption=\"\" data-medium-file=\"https:\/\/i0.wp.com\/blogdalucianaoliveira.com.br\/blog\/wp-content\/uploads\/2024\/11\/IMG_2547-scaled.jpeg?fit=300%2C169\" data-large-file=\"https:\/\/i0.wp.com\/blogdalucianaoliveira.com.br\/blog\/wp-content\/uploads\/2024\/11\/IMG_2547-scaled.jpeg?fit=600%2C338\" class=\"alignnone size-full wp-image-36190\" src=\"https:\/\/i0.wp.com\/blogdalucianaoliveira.com.br\/blog\/wp-content\/uploads\/2024\/11\/IMG_2547-scaled.jpeg?resize=600%2C338\" alt=\"\" width=\"600\" height=\"338\" srcset=\"https:\/\/i0.wp.com\/blogdalucianaoliveira.com.br\/blog\/wp-content\/uploads\/2024\/11\/IMG_2547-scaled.jpeg?w=2560 2560w, https:\/\/i0.wp.com\/blogdalucianaoliveira.com.br\/blog\/wp-content\/uploads\/2024\/11\/IMG_2547-scaled.jpeg?resize=300%2C169 300w, https:\/\/i0.wp.com\/blogdalucianaoliveira.com.br\/blog\/wp-content\/uploads\/2024\/11\/IMG_2547-scaled.jpeg?resize=1024%2C576 1024w, https:\/\/i0.wp.com\/blogdalucianaoliveira.com.br\/blog\/wp-content\/uploads\/2024\/11\/IMG_2547-scaled.jpeg?resize=768%2C432 768w, https:\/\/i0.wp.com\/blogdalucianaoliveira.com.br\/blog\/wp-content\/uploads\/2024\/11\/IMG_2547-scaled.jpeg?resize=1536%2C864 1536w, https:\/\/i0.wp.com\/blogdalucianaoliveira.com.br\/blog\/wp-content\/uploads\/2024\/11\/IMG_2547-scaled.jpeg?resize=2048%2C1152 2048w, https:\/\/i0.wp.com\/blogdalucianaoliveira.com.br\/blog\/wp-content\/uploads\/2024\/11\/IMG_2547-scaled.jpeg?resize=533%2C300 533w, https:\/\/i0.wp.com\/blogdalucianaoliveira.com.br\/blog\/wp-content\/uploads\/2024\/11\/IMG_2547-scaled.jpeg?w=1200 1200w, https:\/\/i0.wp.com\/blogdalucianaoliveira.com.br\/blog\/wp-content\/uploads\/2024\/11\/IMG_2547-scaled.jpeg?w=1800 1800w\" sizes=\"auto, (max-width: 600px) 100vw, 600px\" \/><\/p>\n<p class=\"p1\"><span class=\"s1\">\u201cEstamos fazendo tudo para engajar a sociedade na mobiliza\u00e7\u00e3o da campanha pelo feminic\u00eddio zero. No campo das pol\u00edticas p\u00fablicas estamos trabalhando para que possamos ter 40 casas da mulher brasileira e todas as delegacias especializadas atendendo 24 horas\u201d, disse a ministra das mulheres. <\/span><\/p>\n<p class=\"p1\"><span class=\"s1\">A ministra Anielle Franco, falou da dor que fica de todos os tipos de viol\u00eancia para os familiares e citou o julgamento e condena\u00e7\u00e3o dos executores da irm\u00e3, a vereadora Marielle Franco. <\/span><\/p>\n<p class=\"p1\"><span class=\"s1\">\u201cAquela vit\u00f3ria daquele j\u00fari n\u00e3o \u00e9 s\u00f3 da fam\u00edlia de Marielle, mas de todas n\u00f3s que ocupamos ruas e vielas e periferias, pra dizer que Marielle vive. Pra dizer que essa luta n\u00e3o \u00e9 apenas individual, mas de toda a sociedade\u201d, disse Anielle.<\/span><\/p>\n<p class=\"p1\"><span class=\"s1\">A deputada federal \u00c9rika Kokay (PT), tamb\u00e9m participou do evento e contribuiu nos debates. <\/span><\/p>\n<p class=\"p1\"><span class=\"s1\">Segundo ela, \u00e9 preciso fortalecer as pol\u00edticas p\u00fablicas de g\u00eanero, pois \u201cse voc\u00ea nega a constru\u00e7\u00e3o de g\u00eanero, voc\u00ea biologiza, naturaliza a discrimina\u00e7\u00e3o que atinge as mulheres\u201d.<\/span><\/p>\n<p class=\"p1\"><span class=\"s1\">As participantes do Levante exigem medidas concretas para prevenir os feminic\u00eddios, atender mulheres, capacitar agentes p\u00fablicos, julgamentos justos e pol\u00edticas de repara\u00e7\u00e3o aos familiares de v\u00edtimas.<\/span><\/p>\n<p>A Carta produzida no encontro foi entregue pessoalmente em \u00f3rg\u00e3os p\u00fablicos fiscalizadores, como a Secretaria Nacional de Articula\u00e7\u00e3o Institucional, A\u00e7\u00f5es Tem\u00e1ticas e Participa\u00e7\u00e3o Pol\u00edtica das Mulheres e Defensoria P\u00fablica da Uni\u00e3o.<\/p>\n<p><img data-recalc-dims=\"1\" loading=\"lazy\" decoding=\"async\" data-attachment-id=\"36192\" data-permalink=\"http:\/\/blogdalucianaoliveira.com.br\/blog\/2024\/11\/07\/levante-feminista-realiza-encontro-nacional-para-frear-violencia-de-genero\/eid1018967725727398cameraposition1\/\" data-orig-file=\"https:\/\/i0.wp.com\/blogdalucianaoliveira.com.br\/blog\/wp-content\/uploads\/2024\/11\/5E6BE657-D6F3-48EB-83A0-70B9475F0A44.jpeg?fit=1170%2C2080\" data-orig-size=\"1170,2080\" data-comments-opened=\"0\" data-image-meta=\"{&quot;aperture&quot;:&quot;2.4&quot;,&quot;credit&quot;:&quot;&quot;,&quot;camera&quot;:&quot;iPhone 13&quot;,&quot;caption&quot;:&quot;{\\&quot;eId\\&quot;:\\&quot;1018967725727398\\&quot;,\\&quot;CameraPosition\\&quot;:1}&quot;,&quot;created_timestamp&quot;:&quot;1730807514&quot;,&quot;copyright&quot;:&quot;&quot;,&quot;focal_length&quot;:&quot;1.54&quot;,&quot;iso&quot;:&quot;160&quot;,&quot;shutter_speed&quot;:&quot;0.025&quot;,&quot;title&quot;:&quot;{\\&quot;eId\\&quot;:\\&quot;1018967725727398\\&quot;,\\&quot;CameraPosition\\&quot;:1}&quot;,&quot;orientation&quot;:&quot;1&quot;}\" data-image-title=\"{&amp;#8220;eId&amp;#8221;:&amp;#8221;1018967725727398&amp;#8243;,&amp;#8221;CameraPosition&amp;#8221;:1}\" data-image-description=\"\" data-image-caption=\"&lt;p&gt;{&amp;#8220;eId&amp;#8221;:&amp;#8221;1018967725727398&amp;#8243;,&amp;#8221;CameraPosition&amp;#8221;:1}&lt;\/p&gt;\n\" data-medium-file=\"https:\/\/i0.wp.com\/blogdalucianaoliveira.com.br\/blog\/wp-content\/uploads\/2024\/11\/5E6BE657-D6F3-48EB-83A0-70B9475F0A44.jpeg?fit=169%2C300\" data-large-file=\"https:\/\/i0.wp.com\/blogdalucianaoliveira.com.br\/blog\/wp-content\/uploads\/2024\/11\/5E6BE657-D6F3-48EB-83A0-70B9475F0A44.jpeg?fit=576%2C1024\" class=\"size-full wp-image-36192\" src=\"https:\/\/i0.wp.com\/blogdalucianaoliveira.com.br\/blog\/wp-content\/uploads\/2024\/11\/5E6BE657-D6F3-48EB-83A0-70B9475F0A44.jpeg?resize=600%2C1067\" alt=\"\" width=\"600\" height=\"1067\" srcset=\"https:\/\/i0.wp.com\/blogdalucianaoliveira.com.br\/blog\/wp-content\/uploads\/2024\/11\/5E6BE657-D6F3-48EB-83A0-70B9475F0A44.jpeg?w=1170 1170w, https:\/\/i0.wp.com\/blogdalucianaoliveira.com.br\/blog\/wp-content\/uploads\/2024\/11\/5E6BE657-D6F3-48EB-83A0-70B9475F0A44.jpeg?resize=169%2C300 169w, https:\/\/i0.wp.com\/blogdalucianaoliveira.com.br\/blog\/wp-content\/uploads\/2024\/11\/5E6BE657-D6F3-48EB-83A0-70B9475F0A44.jpeg?resize=576%2C1024 576w, https:\/\/i0.wp.com\/blogdalucianaoliveira.com.br\/blog\/wp-content\/uploads\/2024\/11\/5E6BE657-D6F3-48EB-83A0-70B9475F0A44.jpeg?resize=768%2C1365 768w, https:\/\/i0.wp.com\/blogdalucianaoliveira.com.br\/blog\/wp-content\/uploads\/2024\/11\/5E6BE657-D6F3-48EB-83A0-70B9475F0A44.jpeg?resize=864%2C1536 864w, https:\/\/i0.wp.com\/blogdalucianaoliveira.com.br\/blog\/wp-content\/uploads\/2024\/11\/5E6BE657-D6F3-48EB-83A0-70B9475F0A44.jpeg?resize=1152%2C2048 1152w\" sizes=\"auto, (max-width: 600px) 100vw, 600px\" \/><\/p>\n<p><img data-recalc-dims=\"1\" loading=\"lazy\" decoding=\"async\" data-attachment-id=\"36193\" data-permalink=\"http:\/\/blogdalucianaoliveira.com.br\/blog\/2024\/11\/07\/levante-feminista-realiza-encontro-nacional-para-frear-violencia-de-genero\/e29693d6-4256-439e-81ca-c6f0871500c4\/\" data-orig-file=\"https:\/\/i0.wp.com\/blogdalucianaoliveira.com.br\/blog\/wp-content\/uploads\/2024\/11\/e29693d6-4256-439e-81ca-c6f0871500c4.jpeg?fit=1600%2C1200\" data-orig-size=\"1600,1200\" data-comments-opened=\"0\" data-image-meta=\"{&quot;aperture&quot;:&quot;0&quot;,&quot;credit&quot;:&quot;&quot;,&quot;camera&quot;:&quot;&quot;,&quot;caption&quot;:&quot;&quot;,&quot;created_timestamp&quot;:&quot;1730938942&quot;,&quot;copyright&quot;:&quot;&quot;,&quot;focal_length&quot;:&quot;0&quot;,&quot;iso&quot;:&quot;0&quot;,&quot;shutter_speed&quot;:&quot;0&quot;,&quot;title&quot;:&quot;&quot;,&quot;orientation&quot;:&quot;1&quot;}\" data-image-title=\"e29693d6-4256-439e-81ca-c6f0871500c4\" data-image-description=\"\" data-image-caption=\"\" data-medium-file=\"https:\/\/i0.wp.com\/blogdalucianaoliveira.com.br\/blog\/wp-content\/uploads\/2024\/11\/e29693d6-4256-439e-81ca-c6f0871500c4.jpeg?fit=300%2C225\" data-large-file=\"https:\/\/i0.wp.com\/blogdalucianaoliveira.com.br\/blog\/wp-content\/uploads\/2024\/11\/e29693d6-4256-439e-81ca-c6f0871500c4.jpeg?fit=600%2C450\" class=\"alignnone size-full wp-image-36193\" src=\"https:\/\/i0.wp.com\/blogdalucianaoliveira.com.br\/blog\/wp-content\/uploads\/2024\/11\/e29693d6-4256-439e-81ca-c6f0871500c4.jpeg?resize=600%2C450\" alt=\"\" width=\"600\" height=\"450\" srcset=\"https:\/\/i0.wp.com\/blogdalucianaoliveira.com.br\/blog\/wp-content\/uploads\/2024\/11\/e29693d6-4256-439e-81ca-c6f0871500c4.jpeg?w=1600 1600w, https:\/\/i0.wp.com\/blogdalucianaoliveira.com.br\/blog\/wp-content\/uploads\/2024\/11\/e29693d6-4256-439e-81ca-c6f0871500c4.jpeg?resize=300%2C225 300w, https:\/\/i0.wp.com\/blogdalucianaoliveira.com.br\/blog\/wp-content\/uploads\/2024\/11\/e29693d6-4256-439e-81ca-c6f0871500c4.jpeg?resize=1024%2C768 1024w, https:\/\/i0.wp.com\/blogdalucianaoliveira.com.br\/blog\/wp-content\/uploads\/2024\/11\/e29693d6-4256-439e-81ca-c6f0871500c4.jpeg?resize=768%2C576 768w, https:\/\/i0.wp.com\/blogdalucianaoliveira.com.br\/blog\/wp-content\/uploads\/2024\/11\/e29693d6-4256-439e-81ca-c6f0871500c4.jpeg?resize=1536%2C1152 1536w, https:\/\/i0.wp.com\/blogdalucianaoliveira.com.br\/blog\/wp-content\/uploads\/2024\/11\/e29693d6-4256-439e-81ca-c6f0871500c4.jpeg?resize=400%2C300 400w, https:\/\/i0.wp.com\/blogdalucianaoliveira.com.br\/blog\/wp-content\/uploads\/2024\/11\/e29693d6-4256-439e-81ca-c6f0871500c4.jpeg?w=1200 1200w\" sizes=\"auto, (max-width: 600px) 100vw, 600px\" \/><\/p>\n<p>Leia a carta na \u00edntegra:<\/p>\n<p>N\u00f3s, integrantes da Campanha Nacional Levante Feminista Contra o Feminic\u00eddio, Lesboc\u00eddio e Transfeminic\u00eddio, distribu\u00eddas nos diversos territ\u00f3rios do pa\u00eds, na nossa diversidade de g\u00eanero, ra\u00e7a e etnia, orienta\u00e7\u00e3o sexual e identidade de g\u00eanero, com defici\u00eancia, das \u00e1guas, da floresta, do campo e da cidade, reunidas em Encontro Nacional nos dias 2 a 4 de novembro de 2024 em Bras\u00edlia, externamos com nossas vozes indignadas nossa defesa intransigente da vida das mulheres.<\/p>\n<p>Estamos reunidas em \u00e2mbito nacional, presentes em 20 estados, a exigir medidas concretas para prevenir as viol\u00eancias que atingem seu \u00e1pice com a morte das mulheres, a devida justi\u00e7a e pol\u00edticas de repara\u00e7\u00e3o. Honramos a mem\u00f3ria das v\u00edtimas de transfeminic\u00eddios, feminic\u00eddios e lesboc\u00eddios.<br \/>\nSomos movidas por uma profunda repulsa aos assassinatos de mulheres em nosso pa\u00eds, cerca de 37.420 entre 2015 e 2023, 10.330 dos quais feminic\u00eddios, segundo o F\u00f3rum Brasileiro de Seguran\u00e7a P\u00fablica. Somente em 2023, ocorreram 1.467 mortes por raz\u00e3o de g\u00eanero no Brasil, o equivalente a mais de 122 assassinatos por m\u00eas, com mais de 4 mulheres ou pessoas trans perdendo a vida por dia devido ao machismo (Anu\u00e1rio Brasileiro de Seguran\u00e7a P\u00fablica, 2024). Apesar de alarmantes, esses n\u00fameros, infelizmente, s\u00e3o menores do que a j\u00e1 dura realidade, em raz\u00e3o da subno&gt;fica\u00e7\u00e3o.<br \/>\nA misoginia, express\u00e3o do patriarcado, opera junto ao racismo para tornar as mulheres negras na maioria das v\u00ed&gt;mas (63,6%) e as mulheres ind\u00edgenas mais vulnerabilizadas diante da disputa e destrui\u00e7\u00e3o da biodiversidade que amea\u00e7a seus corpos territ\u00f3rios; e se articula com a lesbo e transfobia, para fazer do Brasil o pa\u00eds onde mais se matam mulheres l\u00e9sbicas e trans. Mulheres trabalhadoras empobrecidas, ciganas, migrantes e refugiadas precisam ser incorporadas entre os grupos mais vulnerabilizados frente aos feminic\u00eddios.<\/p>\n<p>Para n\u00f3s, lesboc\u00eddios, feminic\u00eddios e transfeminic\u00eddios ocorrem quando o estado, por meio de suas institui\u00e7\u00f5es, absorve as constru\u00e7\u00f5es culturais patriarcais, mis\u00f3ginas e discriminat\u00f3rias presentes na sociedade, e falha no seu dever de prevenir, punir e eliminar as viol\u00eancias de g\u00eanero intersecionadas com o racismo, \u00e0 lesbo e transfobia, e a outras formas de discrimina\u00e7\u00e3o. Com a ascens\u00e3o do fascismo e do ultraconservadorismo e os ataques \u00e0 democracia, a libera\u00e7\u00e3o e a dissemina\u00e7\u00e3o das armas, a presen\u00e7a das mil\u00edcias, em especial em territ\u00f3rios perif\u00e9ricos, se abriu um ambiente cada vez mais hostil \u00e0s mulheres.<br \/>\nO desmonte do arcabou\u00e7o das pol\u00ed&gt;cas p\u00fablicas em geral, ocorrido no per\u00edodo ultraconservador vivido recentemente no pa\u00eds, afetou profundamente o acesso das mulheres \u00e0 cidadania, deixando uma enorme lacuna e a necessidade de um esfor\u00e7o excepcional para recompor e ampliar as possibilidades de viver sem viol\u00eancia e escapar da morte anunciada.<br \/>\nAinda que retomada, a Pol\u00edtica Nacional de Enfrentamento \u00e0 Viol\u00eancia Contra as Mulheres exige or\u00e7amento \u00e0 altura, fortalecimento das estruturas institucionais e medidas de apoio \u00e0s iniciativas da sociedade civil. Parte dessa pol\u00edtica, a campanha que pretende zerar os feminic\u00eddios \u00e9 uma nova oportunidade para ampliar o debate sobre essa viol\u00eancia e conjugar esfor\u00e7os para prevenir e enfrentar os transfeminic\u00eddios, lesboc\u00eddios e feminic\u00eddios.<br \/>\nA falta de pol\u00edticas p\u00fablicas para prevenir, acolher e proteger contra a viol\u00eancia transforma mortes preven\u00edveis e evit\u00e1veis em trag\u00e9dias pessoais com impactos coletivos, produzindo tristeza, orfandade e sensa\u00e7\u00e3o de medo e injusti\u00e7a. As numerosas sobreviventes de tentativas de feminic\u00eddio no Brasil se constituem hoje num contingente de mulheres com graves sequelas asicas e ps\u00edquicas, sem que haja pol\u00edticas de cuidados e prote\u00e7\u00e3o. Nos territ\u00f3rios perif\u00e9ricos (urbanos, rurais, florestas), longe dos olhares da grande imprensa, ocorrem diariamente feminic\u00eddios, lesboc\u00eddios, transfeminic\u00eddios nunca notificados, n\u00e3o qualificados como tais. Nenhuma dessas pessoas ser\u00e1 ignorada por n\u00f3s.<br \/>\nCabe aos poderes p\u00fablicos e \u00e0 sociedade a ado\u00e7\u00e3o de medidas urgentes para que esse cen\u00e1rio tenha fim. O medo da viol\u00eancia sobre nossos corpos e sobre a nossa exist\u00eancia n\u00e3o condiz com o que prev\u00ea a Constitui\u00e7\u00e3o Federal de 1988. \u00c9 crucial garantir os direitos fundamentais de todas as pessoas para que a democracia seja uma realidade.<br \/>\nCabe aos poderes executivos Federal, Estaduais, Municipais e Distrital a implementa\u00e7\u00e3o de pol\u00edticas p\u00fablicas de educa\u00e7\u00e3o, cultura e comunica\u00e7\u00e3o para preven\u00e7\u00e3o da viol\u00eancia de g\u00eanero e de respeito \u00e0 diversidade.<br \/>\nOs governos devem assegurar pol\u00edticas p\u00fablicas de car\u00e1ter transversal e o acolhimento com perspectiva de g\u00eanero e intersecional das v\u00ed&gt;mas de viol\u00eancia de g\u00eanero reconhecendo as diferentes necessidades de cada pessoa, respeitando as diversidades de nossos corpos, identidades, sexualidades e arranjos\/contextos sociais. Devem ainda priorizar recursos or\u00e7ament\u00e1rios para o enfrentamento do feminic\u00eddio, lesboc\u00eddio e transfeminic\u00eddio, fortalecer inst\u00e2ncias participativas e qualificar o servi\u00e7o p\u00fablico para reconhecer as viol\u00eancias e os feminic\u00eddios, de acordo com a Lei e as Diretrizes nacionais.<br \/>\nInstamos os poderes Legislativos Federal, Estaduais, Municipais e Distrital a construir legisla\u00e7\u00f5es que promovam o fortalecimento de Leis j\u00e1 existentes, como a Lei Maria da Penha (Lei Federal 11.340\/2006) e leis de preven\u00e7\u00e3o que estimulem mudan\u00e7as estruturais na sociedade. Neste sentido, \u00e9 inaceit\u00e1vel a continuidade de vis\u00f5es estritamente punitivistas sobre a viol\u00eancia de g\u00eanero e feminic\u00eddio como as que se expressam nas propostas em tramita\u00e7\u00e3o e aprovadas no Congresso Nacional e outras inst\u00e2ncias. \u00c9 responsabilidade ainda do legisla\u00e7\u00e3o garantir que o poder Executivo tenha recursos or\u00e7ament\u00e1rios para que medidas de preven\u00e7\u00e3o e acolhimento possam ser implementadas.<\/p>\n<p>O Judici\u00e1rio precisa em toda a sua capilaridade garantir, com celeridade, a aplica\u00e7\u00e3o das leis e pol\u00edticas p\u00fablicas, fortalecendo assim a legisla\u00e7\u00e3o existente. Aquelas\/es que atuam nos poderes judici\u00e1rios precisam estar qualificados para respeitar a diversidade dos corpos, contextos sociais, iden&gt;dades, ra\u00e7a e etnia daquelas pessoas que est\u00e3o expostas a amea\u00e7as e situa\u00e7\u00f5es de viol\u00eancia que podem ou que levaram a epis\u00f3dios de feminic\u00eddio, lesboc\u00eddio e transfeminic\u00eddio.<br \/>\nA imprensa em sua diversidade, especialmente considerando as concess\u00f5es p\u00fablicas, tem a responsabilidade de ajudar na constru\u00e7\u00e3o de uma cultura de paz e respeito \u00e0 diversidade. As v\u00edtimas, independente de sua ra\u00e7a, etnia, identidade de g\u00eanero, sexualidade e defici\u00eancia, precisam ser consideradas e receberem tratamento digno, n\u00e3o banalizador ou culpabilizador. Os conte\u00fados jornal\u00edsticos, publicit\u00e1rios e midi\u00e1ticos em geral devem promover acolhimento, esjmulo \u00e0 jus&gt;\u00e7a, ao respeito e de forma alguma a revitimizac\u00e3o.<br \/>\n\u00c9 fundamental que a sociedade se mobilize para a constru\u00e7\u00e3o de rela\u00e7\u00f5es interpessoais de respeito desde os ambientes familiares, da escola p\u00fablica, laica e de qualidade em todos os n\u00edveis, pelas manifesta\u00e7\u00f5es culturais, fortalecendo a informa\u00e7\u00e3o sobre direitos e n\u00e3o tolerando pr\u00e1ticas violentas baseadas em g\u00eanero.<br \/>\nDiante desta cruel realidade, reafirmamos o papel da Campanha Levante Feminista Contra o Feminic\u00eddio, Lesboc\u00eddio e Transfeminic\u00eddio como vozes de milhares de v\u00edtimas e de todas as mulheres, pois direta ou indiretamente somos todas sobreviventes na sociedade patriarcal marcada pelo \u00f3dio \u00e0s mulheres.<br \/>\nContinuaremos em luta como campanha permanente!<\/p>\n<p>LEVANTE FEMINISTA CONTRA O FEMINIC\u00cdDIO, O LESBOC\u00cdDIO E O TRANSFEMINIC\u00cdDIO.<\/p>\n<p>&nbsp;<\/p>\n","protected":false},"excerpt":{"rendered":"<p>Luciana Oliveira, de Brasilia &#8211; Mais de 130 mulheres vindas de 20 estados do pa\u00eds participaram do evento em Bras\u00edlia que durou tr\u00eas dias. Foram intensas trocas de experi\u00eancias e propostas na luta em defesa da vida das mulheres.<\/p>\n","protected":false},"author":1,"featured_media":0,"comment_status":"closed","ping_status":"open","sticky":false,"template":"","format":"standard","meta":{"_exactmetrics_skip_tracking":false,"_exactmetrics_sitenote_active":false,"_exactmetrics_sitenote_note":"","_exactmetrics_sitenote_category":0,"jetpack_post_was_ever_published":false,"_jetpack_newsletter_access":"","_jetpack_dont_email_post_to_subs":false,"_jetpack_newsletter_tier_id":0,"_jetpack_memberships_contains_paywalled_content":false,"_jetpack_memberships_contains_paid_content":false,"footnotes":"","jetpack_publicize_message":"","jetpack_publicize_feature_enabled":true,"jetpack_social_post_already_shared":true,"jetpack_social_options":{"image_generator_settings":{"template":"highway","enabled":false},"version":2}},"categories":[1],"tags":[1182,1181,33,46],"class_list":["post-36189","post","type-post","status-publish","format-standard","hentry","category-notas","tag-feminista","tag-levante","tag-luta","tag-mulheres"],"jetpack_publicize_connections":[],"jetpack_sharing_enabled":true,"jetpack_featured_media_url":"","jetpack_shortlink":"https:\/\/wp.me\/p7wKYW-9pH","jetpack-related-posts":[],"_links":{"self":[{"href":"http:\/\/blogdalucianaoliveira.com.br\/blog\/wp-json\/wp\/v2\/posts\/36189","targetHints":{"allow":["GET"]}}],"collection":[{"href":"http:\/\/blogdalucianaoliveira.com.br\/blog\/wp-json\/wp\/v2\/posts"}],"about":[{"href":"http:\/\/blogdalucianaoliveira.com.br\/blog\/wp-json\/wp\/v2\/types\/post"}],"author":[{"embeddable":true,"href":"http:\/\/blogdalucianaoliveira.com.br\/blog\/wp-json\/wp\/v2\/users\/1"}],"replies":[{"embeddable":true,"href":"http:\/\/blogdalucianaoliveira.com.br\/blog\/wp-json\/wp\/v2\/comments?post=36189"}],"version-history":[{"count":3,"href":"http:\/\/blogdalucianaoliveira.com.br\/blog\/wp-json\/wp\/v2\/posts\/36189\/revisions"}],"predecessor-version":[{"id":36198,"href":"http:\/\/blogdalucianaoliveira.com.br\/blog\/wp-json\/wp\/v2\/posts\/36189\/revisions\/36198"}],"wp:attachment":[{"href":"http:\/\/blogdalucianaoliveira.com.br\/blog\/wp-json\/wp\/v2\/media?parent=36189"}],"wp:term":[{"taxonomy":"category","embeddable":true,"href":"http:\/\/blogdalucianaoliveira.com.br\/blog\/wp-json\/wp\/v2\/categories?post=36189"},{"taxonomy":"post_tag","embeddable":true,"href":"http:\/\/blogdalucianaoliveira.com.br\/blog\/wp-json\/wp\/v2\/tags?post=36189"}],"curies":[{"name":"wp","href":"https:\/\/api.w.org\/{rel}","templated":true}]}}