{"id":36211,"date":"2024-11-12T11:50:48","date_gmt":"2024-11-12T15:50:48","guid":{"rendered":"https:\/\/blogdalucianaoliveira.com.br\/blog\/?p=36211"},"modified":"2024-11-12T11:50:48","modified_gmt":"2024-11-12T15:50:48","slug":"pauta-contra-jornada-6x1-pressiona-congresso-e-pec-chega-a-134-assinaturas-atos-sao-marcados-para-15-de-novembro","status":"publish","type":"post","link":"http:\/\/blogdalucianaoliveira.com.br\/blog\/2024\/11\/12\/pauta-contra-jornada-6x1-pressiona-congresso-e-pec-chega-a-134-assinaturas-atos-sao-marcados-para-15-de-novembro\/","title":{"rendered":"Pauta contra jornada 6&#215;1 pressiona Congresso e PEC chega a 134 assinaturas; atos s\u00e3o marcados para 15 de novembro"},"content":{"rendered":"<h2><img data-recalc-dims=\"1\" loading=\"lazy\" decoding=\"async\" data-attachment-id=\"36212\" data-permalink=\"http:\/\/blogdalucianaoliveira.com.br\/blog\/2024\/11\/12\/pauta-contra-jornada-6x1-pressiona-congresso-e-pec-chega-a-134-assinaturas-atos-sao-marcados-para-15-de-novembro\/image_processing20241017-3295936-ngxxyj\/\" data-orig-file=\"https:\/\/i0.wp.com\/blogdalucianaoliveira.com.br\/blog\/wp-content\/uploads\/2024\/11\/image_processing20241017-3295936-ngxxyj.webp?fit=800%2C677\" data-orig-size=\"800,677\" data-comments-opened=\"0\" data-image-meta=\"{&quot;aperture&quot;:&quot;0&quot;,&quot;credit&quot;:&quot;&quot;,&quot;camera&quot;:&quot;&quot;,&quot;caption&quot;:&quot;&quot;,&quot;created_timestamp&quot;:&quot;0&quot;,&quot;copyright&quot;:&quot;&quot;,&quot;focal_length&quot;:&quot;0&quot;,&quot;iso&quot;:&quot;0&quot;,&quot;shutter_speed&quot;:&quot;0&quot;,&quot;title&quot;:&quot;&quot;,&quot;orientation&quot;:&quot;0&quot;}\" data-image-title=\"image_processing20241017-3295936-ngxxyj\" data-image-description=\"\" data-image-caption=\"\" data-medium-file=\"https:\/\/i0.wp.com\/blogdalucianaoliveira.com.br\/blog\/wp-content\/uploads\/2024\/11\/image_processing20241017-3295936-ngxxyj.webp?fit=300%2C254\" data-large-file=\"https:\/\/i0.wp.com\/blogdalucianaoliveira.com.br\/blog\/wp-content\/uploads\/2024\/11\/image_processing20241017-3295936-ngxxyj.webp?fit=600%2C508\" class=\"alignnone size-full wp-image-36212\" src=\"https:\/\/i0.wp.com\/blogdalucianaoliveira.com.br\/blog\/wp-content\/uploads\/2024\/11\/image_processing20241017-3295936-ngxxyj.webp?resize=600%2C508\" alt=\"\" width=\"600\" height=\"508\" srcset=\"https:\/\/i0.wp.com\/blogdalucianaoliveira.com.br\/blog\/wp-content\/uploads\/2024\/11\/image_processing20241017-3295936-ngxxyj.webp?w=800 800w, https:\/\/i0.wp.com\/blogdalucianaoliveira.com.br\/blog\/wp-content\/uploads\/2024\/11\/image_processing20241017-3295936-ngxxyj.webp?resize=300%2C254 300w, https:\/\/i0.wp.com\/blogdalucianaoliveira.com.br\/blog\/wp-content\/uploads\/2024\/11\/image_processing20241017-3295936-ngxxyj.webp?resize=768%2C650 768w, https:\/\/i0.wp.com\/blogdalucianaoliveira.com.br\/blog\/wp-content\/uploads\/2024\/11\/image_processing20241017-3295936-ngxxyj.webp?resize=355%2C300 355w\" sizes=\"auto, (max-width: 600px) 100vw, 600px\" \/><\/h2>\n<h2 class=\"description\">Rick Azevedo, vereador eleito do RJ e criador do movimento Vida Al\u00e9m do Trabalho, est\u00e1 organizando as manifesta\u00e7\u00f5es<\/h2>\n<p><!--more--><\/p>\n<div class=\"details-bar\">\n<div class=\"author-time\">\n<div class=\"author\">Reda\u00e7\u00e3o<\/div>\n<div class=\"place-and-time\">\n<div class=\"place\">Brasil de Fato | S\u00e3o Paulo (SP)<\/div>\n<div>\n<p>Desde domingo (10), as redes sociais no Brasil t\u00eam uma pauta priorit\u00e1ria, que parece estar longe de perder o f\u00f4lego: a\u00a0discuss\u00e3o da redu\u00e7\u00e3o da jornada m\u00e1xima de trabalho\u00a0permitida no pa\u00eds. O assunto se sustenta entre os\u00a0<em>trending topics<\/em>\u00a0do X\/Twitter no Brasil pelas \u00faltimas 36 horas.<\/p>\n<div class=\"ads-googletag article_1\">\n<p>A movimenta\u00e7\u00e3o massiva em torno da pauta pressionou a C\u00e2mara dos Deputados. Desde sua cria\u00e7\u00e3o at\u00e9 a \u00faltima sexta-feira (8), a Proposta de Emenda \u00e0 Constitui\u00e7\u00e3o (PEC)\u00a0que pauta a redu\u00e7\u00e3o da jornada tinha recolhido 71 assinaturas. At\u00e9 a noite desta segunda, o n\u00famero j\u00e1 tinha chegado a 134. Para come\u00e7ar a tramitar, uma PEC precisa de 171 ades\u00f5es.<\/p>\n<p><a href=\"https:\/\/x.com\/ErikakHilton\/status\/1856126141624660221?ref_src=twsrc%5Etfw%7Ctwcamp%5Etweetembed%7Ctwterm%5E1856126141624660221%7Ctwgr%5E5918fc3405a8825cca37472db4ad6cde12a284e2%7Ctwcon%5Es1_c10&amp;ref_url=https%3A%2F%2Fwww.brasildefato.com.br%2F2024%2F11%2F11%2Fpauta-contra-jornada-6x1-pressiona-congresso-e-pec-chega-a-134-assinaturas-atos-sao-marcados-para-15-de-novembro\">https:\/\/x.com\/ErikakHilton\/status\/1856126141624660221?ref_src=twsrc%5Etfw%7Ctwcamp%5Etweetembed%7Ctwterm%5E1856126141624660221%7Ctwgr%5E5918fc3405a8825cca37472db4ad6cde12a284e2%7Ctwcon%5Es1_c10&amp;ref_url=https%3A%2F%2Fwww.brasildefato.com.br%2F2024%2F11%2F11%2Fpauta-contra-jornada-6&#215;1-pressiona-congresso-e-pec-chega-a-134-assinaturas-atos-sao-marcados-para-15-de-novembro<\/a><\/p>\n<p>A movimenta\u00e7\u00e3o \u00e9 fruto do trabalho de\u00a0<a href=\"https:\/\/www.brasildefato.com.br\/2024\/10\/18\/influencer-por-reducao-de-jornada-de-trabalho-e-mais-votado-do-psol-no-rj-sindicatos-tem-relevancia-mas-precisam-se-adaptar\" target=\"_blank\" rel=\"noopener\">Rick Azevedo<\/a>\u00a0(Psol), vereador eleito do Rio de Janeiro (RJ) e criador do movimento Vida Al\u00e9m do Trabalho (VAT), que defende o fim da jornada de trabalho 6&#215;1, e da deputada federal\u00a0<a href=\"https:\/\/www.brasildefato.com.br\/2024\/02\/22\/erika-hilton-e-a-primeira-lider-trans-em-bancada-no-congresso\" target=\"_blank\" rel=\"noopener\">Erika Hilton<\/a>\u00a0(Psol-SP), autora de uma Proposta de Emenda \u00e0 Constitui\u00e7\u00e3o (PEC) que prop\u00f5e uma jornada m\u00e1xima de trabalho de 36 horas semanais, ante as 44 horas atuais.<\/p>\n<div class=\"ads-googletag article_4\">\n<p>Azevedo informou, em suas redes sociais, que atos contra a escala 6&#215;1 est\u00e3o sendo organizados em todo o pa\u00eds para o dia 15 de novembro, dia da Proclama\u00e7\u00e3o da Rep\u00fablica. Locais e hor\u00e1rios ainda est\u00e3o sendo discutidos.<\/p>\n<p>&#8220;Iremos \u00e0s ruas. Desde que o movimento VAT surgiu, estamos nas ruas. Sempre fizemos panfletagens, sempre fomos \u00e0s ruas aumentar a nossa base. Eu pe\u00e7o que voc\u00eas se organizem, porque a gente precisa mostrar a nossa for\u00e7a nas ruas&#8221;, disse Azevedo, em v\u00eddeo divulgado nas redes sociais. &#8220;Tem um monte de deputado que n\u00e3o quer assinar [a PEC], e n\u00e3o vai assinar provavelmente, porque defende a nossa explora\u00e7\u00e3o. Mas tenho boas not\u00edcias: muitos deputados assinaram.&#8221;<\/p>\n<p><a href=\"https:\/\/x.com\/rickazzevedo\/status\/1856012226819158113?ref_src=twsrc%5Etfw%7Ctwcamp%5Etweetembed%7Ctwterm%5E1856012226819158113%7Ctwgr%5E5918fc3405a8825cca37472db4ad6cde12a284e2%7Ctwcon%5Es1_c10&amp;ref_url=https%3A%2F%2Fwww.brasildefato.com.br%2F2024%2F11%2F11%2Fpauta-contra-jornada-6x1-pressiona-congresso-e-pec-chega-a-134-assinaturas-atos-sao-marcados-para-15-de-novembro\">https:\/\/x.com\/rickazzevedo\/status\/1856012226819158113?ref_src=twsrc%5Etfw%7Ctwcamp%5Etweetembed%7Ctwterm%5E1856012226819158113%7Ctwgr%5E5918fc3405a8825cca37472db4ad6cde12a284e2%7Ctwcon%5Es1_c10&amp;ref_url=https%3A%2F%2Fwww.brasildefato.com.br%2F2024%2F11%2F11%2Fpauta-contra-jornada-6&#215;1-pressiona-congresso-e-pec-chega-a-134-assinaturas-atos-sao-marcados-para-15-de-novembro<\/a><\/p>\n<p>Em entrevista ao canal de TV por assinatura\u00a0<em>GloboNews<\/em>, Erika Hilton destacou que a PEC \u00e9 uma provoca\u00e7\u00e3o ao Legislativo com o objetivo de jogar luz para a situa\u00e7\u00e3o precarizada do trabalhador brasileiro. &#8220;O trabalhador hoje, no nosso pa\u00eds, est\u00e1 cada vez mais sucateado, com menos direito e com menos espa\u00e7o de viver para al\u00e9m do trabalho. Recebemos essa provoca\u00e7\u00e3o [do VAT] e entendemos que ela era leg\u00edtima, ela era necess\u00e1ria&#8221;, pontuou.<\/p>\n<p>&#8220;Esse \u00e9 um projeto sobre dignidade da classe trabalhadora. Esse \u00e9 um projeto sobre revis\u00e3o de uma escala explorat\u00f3ria de trabalho. Obviamente, dentro da pol\u00edtica, concilia\u00e7\u00f5es, negocia\u00e7\u00f5es, mudan\u00e7as s\u00e3o necess\u00e1rias para que n\u00f3s possamos avan\u00e7ar. Esse momento chegar\u00e1 assim que n\u00f3s tivermos um relator indicado e possamos colocar esse debate na lista de negocia\u00e7\u00f5es da C\u00e2mara dos deputados.&#8221;<\/p>\n<p>Hilton tamb\u00e9m defendeu a viabilidade da proposta, tendo como base mudan\u00e7as na carga hor\u00e1ria levadas a cabo por outros pa\u00edses. &#8220;N\u00f3s precisaremos nos aprofundar mais, mas sem sombra de d\u00favida nenhuma \u00e9 poss\u00edvel de ser implementada, sim, no Brasil, sem afrontar a economia. Outros lugares fizeram, n\u00f3s tamb\u00e9m podemos fazer.&#8221;<\/p>\n<div class=\"ads-googletag article_last\">\n<p>&#8220;\u00c9 importante lembrar que todo o ac\u00famulo de riqueza \u00e9 produto da explora\u00e7\u00e3o de algu\u00e9m. Talvez olhar para essa explora\u00e7\u00e3o, para essa riqueza v\u00e1 fazer com que a gente entenda como a gente vai aplicando essas possibilidades [de mudan\u00e7a]&#8221;, pontuou a deputada.<\/p>\n<p class=\"editor\">Edi\u00e7\u00e3o: Thalita Pires<\/p>\n<\/div>\n<\/div>\n<\/div>\n<\/div>\n<\/div>\n<\/div>\n<\/div>\n","protected":false},"excerpt":{"rendered":"<p>Rick Azevedo, vereador eleito do RJ e criador do movimento Vida Al\u00e9m do Trabalho, est\u00e1 organizando as manifesta\u00e7\u00f5es<\/p>\n","protected":false},"author":1,"featured_media":0,"comment_status":"closed","ping_status":"open","sticky":false,"template":"","format":"standard","meta":{"_exactmetrics_skip_tracking":false,"_exactmetrics_sitenote_active":false,"_exactmetrics_sitenote_note":"","_exactmetrics_sitenote_category":0,"jetpack_post_was_ever_published":false,"_jetpack_newsletter_access":"","_jetpack_dont_email_post_to_subs":false,"_jetpack_newsletter_tier_id":0,"_jetpack_memberships_contains_paywalled_content":false,"_jetpack_memberships_contains_paid_content":false,"footnotes":"","jetpack_publicize_message":"","jetpack_publicize_feature_enabled":true,"jetpack_social_post_already_shared":true,"jetpack_social_options":{"image_generator_settings":{"template":"highway","enabled":false},"version":2}},"categories":[1],"tags":[1183,1187,1184],"class_list":["post-36211","post","type-post","status-publish","format-standard","hentry","category-notas","tag-6x1","tag-jornada","tag-trabalho"],"jetpack_publicize_connections":[],"jetpack_sharing_enabled":true,"jetpack_featured_media_url":"","jetpack_shortlink":"https:\/\/wp.me\/p7wKYW-9q3","jetpack-related-posts":[],"_links":{"self":[{"href":"http:\/\/blogdalucianaoliveira.com.br\/blog\/wp-json\/wp\/v2\/posts\/36211","targetHints":{"allow":["GET"]}}],"collection":[{"href":"http:\/\/blogdalucianaoliveira.com.br\/blog\/wp-json\/wp\/v2\/posts"}],"about":[{"href":"http:\/\/blogdalucianaoliveira.com.br\/blog\/wp-json\/wp\/v2\/types\/post"}],"author":[{"embeddable":true,"href":"http:\/\/blogdalucianaoliveira.com.br\/blog\/wp-json\/wp\/v2\/users\/1"}],"replies":[{"embeddable":true,"href":"http:\/\/blogdalucianaoliveira.com.br\/blog\/wp-json\/wp\/v2\/comments?post=36211"}],"version-history":[{"count":1,"href":"http:\/\/blogdalucianaoliveira.com.br\/blog\/wp-json\/wp\/v2\/posts\/36211\/revisions"}],"predecessor-version":[{"id":36213,"href":"http:\/\/blogdalucianaoliveira.com.br\/blog\/wp-json\/wp\/v2\/posts\/36211\/revisions\/36213"}],"wp:attachment":[{"href":"http:\/\/blogdalucianaoliveira.com.br\/blog\/wp-json\/wp\/v2\/media?parent=36211"}],"wp:term":[{"taxonomy":"category","embeddable":true,"href":"http:\/\/blogdalucianaoliveira.com.br\/blog\/wp-json\/wp\/v2\/categories?post=36211"},{"taxonomy":"post_tag","embeddable":true,"href":"http:\/\/blogdalucianaoliveira.com.br\/blog\/wp-json\/wp\/v2\/tags?post=36211"}],"curies":[{"name":"wp","href":"https:\/\/api.w.org\/{rel}","templated":true}]}}