{"id":36214,"date":"2024-11-12T12:22:45","date_gmt":"2024-11-12T16:22:45","guid":{"rendered":"http:\/\/blogdalucianaoliveira.com.br\/blog\/?p=36214"},"modified":"2024-11-12T12:22:45","modified_gmt":"2024-11-12T16:22:45","slug":"menos-de-10-dos-municipios-convocaram-conferencias-do-meio-ambiente","status":"publish","type":"post","link":"http:\/\/blogdalucianaoliveira.com.br\/blog\/2024\/11\/12\/menos-de-10-dos-municipios-convocaram-conferencias-do-meio-ambiente\/","title":{"rendered":"Menos de 10% dos munic\u00edpios convocaram confer\u00eancias do meio ambiente"},"content":{"rendered":"<p><img data-recalc-dims=\"1\" loading=\"lazy\" decoding=\"async\" data-attachment-id=\"36215\" data-permalink=\"http:\/\/blogdalucianaoliveira.com.br\/blog\/2024\/11\/12\/menos-de-10-dos-municipios-convocaram-conferencias-do-meio-ambiente\/default-2\/\" data-orig-file=\"https:\/\/i0.wp.com\/blogdalucianaoliveira.com.br\/blog\/wp-content\/uploads\/2024\/11\/dji_fly_20241108_100202_0122_1731074864780_photo-scaled.jpeg?fit=2560%2C1444\" data-orig-size=\"2560,1444\" data-comments-opened=\"0\" data-image-meta=\"{&quot;aperture&quot;:&quot;2.8&quot;,&quot;credit&quot;:&quot;&quot;,&quot;camera&quot;:&quot;FC8671&quot;,&quot;caption&quot;:&quot;default&quot;,&quot;created_timestamp&quot;:&quot;1731060123&quot;,&quot;copyright&quot;:&quot;&quot;,&quot;focal_length&quot;:&quot;2.598&quot;,&quot;iso&quot;:&quot;120&quot;,&quot;shutter_speed&quot;:&quot;0.0003125&quot;,&quot;title&quot;:&quot;default&quot;,&quot;orientation&quot;:&quot;1&quot;}\" data-image-title=\"default\" data-image-description=\"\" data-image-caption=\"&lt;p&gt;default&lt;\/p&gt;\n\" data-medium-file=\"https:\/\/i0.wp.com\/blogdalucianaoliveira.com.br\/blog\/wp-content\/uploads\/2024\/11\/dji_fly_20241108_100202_0122_1731074864780_photo-scaled.jpeg?fit=300%2C169\" data-large-file=\"https:\/\/i0.wp.com\/blogdalucianaoliveira.com.br\/blog\/wp-content\/uploads\/2024\/11\/dji_fly_20241108_100202_0122_1731074864780_photo-scaled.jpeg?fit=600%2C339\" class=\"size-full wp-image-36215\" src=\"https:\/\/i0.wp.com\/blogdalucianaoliveira.com.br\/blog\/wp-content\/uploads\/2024\/11\/dji_fly_20241108_100202_0122_1731074864780_photo-scaled.jpeg?resize=600%2C338\" alt=\"\" width=\"600\" height=\"338\" srcset=\"https:\/\/i0.wp.com\/blogdalucianaoliveira.com.br\/blog\/wp-content\/uploads\/2024\/11\/dji_fly_20241108_100202_0122_1731074864780_photo-scaled.jpeg?w=2560 2560w, https:\/\/i0.wp.com\/blogdalucianaoliveira.com.br\/blog\/wp-content\/uploads\/2024\/11\/dji_fly_20241108_100202_0122_1731074864780_photo-scaled.jpeg?resize=300%2C169 300w, https:\/\/i0.wp.com\/blogdalucianaoliveira.com.br\/blog\/wp-content\/uploads\/2024\/11\/dji_fly_20241108_100202_0122_1731074864780_photo-scaled.jpeg?resize=1024%2C578 1024w, https:\/\/i0.wp.com\/blogdalucianaoliveira.com.br\/blog\/wp-content\/uploads\/2024\/11\/dji_fly_20241108_100202_0122_1731074864780_photo-scaled.jpeg?resize=768%2C433 768w, https:\/\/i0.wp.com\/blogdalucianaoliveira.com.br\/blog\/wp-content\/uploads\/2024\/11\/dji_fly_20241108_100202_0122_1731074864780_photo-scaled.jpeg?resize=1536%2C866 1536w, https:\/\/i0.wp.com\/blogdalucianaoliveira.com.br\/blog\/wp-content\/uploads\/2024\/11\/dji_fly_20241108_100202_0122_1731074864780_photo-scaled.jpeg?resize=2048%2C1155 2048w, https:\/\/i0.wp.com\/blogdalucianaoliveira.com.br\/blog\/wp-content\/uploads\/2024\/11\/dji_fly_20241108_100202_0122_1731074864780_photo-scaled.jpeg?resize=532%2C300 532w, https:\/\/i0.wp.com\/blogdalucianaoliveira.com.br\/blog\/wp-content\/uploads\/2024\/11\/dji_fly_20241108_100202_0122_1731074864780_photo-scaled.jpeg?w=1200 1200w, https:\/\/i0.wp.com\/blogdalucianaoliveira.com.br\/blog\/wp-content\/uploads\/2024\/11\/dji_fly_20241108_100202_0122_1731074864780_photo-scaled.jpeg?w=1800 1800w\" sizes=\"auto, (max-width: 600px) 100vw, 600px\" \/><\/p>\n<p>Ag\u00eancia Brasil, Alex Rodrigues &#8211; A 35 dias do fim do prazo para prefeituras de todo o pa\u00eds promoverem confer\u00eancias municipais preparat\u00f3rias para a 5\u00aa Confer\u00eancia Nacional do Meio Ambiente, menos de 10% dos 5.570 munic\u00edpios fizeram eventos regionais preparat\u00f3rios ou comunicaram sua realiza\u00e7\u00e3o ao Minist\u00e9rio do Meio Ambiente e Mudan\u00e7a do Clima (MMA).<img data-recalc-dims=\"1\" decoding=\"async\" src=\"https:\/\/i0.wp.com\/agenciabrasil.ebc.com.br\/ebc.png?w=600&#038;ssl=1\" \/><img data-recalc-dims=\"1\" decoding=\"async\" src=\"https:\/\/i0.wp.com\/agenciabrasil.ebc.com.br\/ebc.gif?w=600&#038;ssl=1\" \/><!--more--><\/p>\n<p>\u201cCerca de 500 munic\u00edpios j\u00e1 fizeram ou marcaram suas etapas municipais ou intermunicipais, mas muitos ainda n\u00e3o cadastraram seus eventos, suas atividades, no portal Brasil Participativo. Da\u00ed a dificuldade de trabalharmos com esses n\u00fameros\u201d, disse \u00e0 <strong>Ag\u00eancia Brasil<\/strong> a chefe da Assessoria de Participa\u00e7\u00e3o Social e Diversidade do MMA, Luciana Soares de Holanda.<\/p>\n<p>As confer\u00eancias municipais ou intermunicipais s\u00e3o a primeira etapa do processo que culminar\u00e1 com a realiza\u00e7\u00e3o do evento nacional, agendado para maio de 2025. Os eventos locais buscam promover a participa\u00e7\u00e3o popular no debate sobre o enfrentamento das consequ\u00eancias das mudan\u00e7as clim\u00e1ticas e o desafio da transforma\u00e7\u00e3o ecol\u00f3gica. Nesta fase, ser\u00e3o eleitos os representantes municipais ou intermunicipais, bem como dez propostas locais a serem levadas \u00e0 pr\u00f3xima etapa, as confer\u00eancias estaduais e distrital.<\/p>\n<p>Conforme o texto da <a href=\"https:\/\/www.in.gov.br\/web\/dou\/-\/portaria-gm\/mma-n-1.079-de-10-de-junho-de-2024-565115711\" target=\"_blank\" rel=\"noopener\">portaria ministerial<\/a>\u00a0 que estabelece os objetivos e as regras de todo o processo, os eventos municipais ou intermunicipais devem ser realizados at\u00e9 15 de dezembro deste ano. Para isso, contudo, as prefeituras devem divulgar a data das confer\u00eancias locais com at\u00e9 30 dias de anteced\u00eancia, ou seja, devem convocar\u00a0os mun\u00edcipes at\u00e9 esta quinta-feira (14).\u00a0As\u00a0confer\u00eancias estaduais e distrital devem ocorrer entre 15 de janeiro e 15 de mar\u00e7o de 2025.<\/p>\n<p>\u201cCom base nos di\u00e1logos que temos feito com estados e munic\u00edpios, acreditamos que o n\u00famero de prefeituras que ir\u00e3o convocar as confer\u00eancias municipais deve aumentar muito at\u00e9 o pr\u00f3ximo dia 14\u201d, acrescentou Luciana.<\/p>\n<p>Ela\u00a0assegurou que a comiss\u00e3o organizadora da Confer\u00eancia Nacional tem buscado incentivar estados e munic\u00edpios a se engajarem no processo de constru\u00e7\u00e3o das propostas de governan\u00e7a clim\u00e1tica, de forma a incluir as demandas e necessidades locais no debate. Mesmo assim, muitas cidades n\u00e3o cumprir\u00e3o os prazos.<\/p>\n<p>A <a href=\"https:\/\/capital.sp.gov.br\/web\/jacana_tremembe\/w\/prefeitura-realiza-5%C2%AA-confer%C3%AAncia-municipal-de-meio-ambiente-em-janeiro-de-2025\" target=\"_blank\" rel=\"noopener\">prefeitura de S\u00e3o Paulo<\/a>, por exemplo, agendou a confer\u00eancia municipal para janeiro do pr\u00f3ximo ano, assegurando que vai ocorrer a tempo de viabilizar a participa\u00e7\u00e3o dos representantes municipais na etapa estadual, prevista para mar\u00e7o.<\/p>\n<p>\u201cA confer\u00eancia nacional prev\u00ea a participa\u00e7\u00e3o de ao menos 1.700 delegados. Para que isso aconte\u00e7a, as etapas municipais e estaduais precisam ser realizadas, para que os delegados sejam eleitos. Ent\u00e3o, nossa expectativa e o di\u00e1logo que estabelecemos, principalmente com estados, \u00e9 para ampliar esses n\u00fameros dentro dos prazos\u201d, afirmou\u00a0Luciana. Ela disse que as elei\u00e7\u00f5es municipais deste ano afetaram a mobiliza\u00e7\u00e3o em muitas localidades.<\/p>\n<h2>Municipal ou intermunicipal<\/h2>\n<p>A participa\u00e7\u00e3o na etapa municipal ou intermunicipal \u00e9 aberta aos moradores das respectivas cidades\u00a0a partir de 16 anos de idade.\u00a0Inicialmente, a confer\u00eancia nacional estava agendada para\u00a010 e 13 de dezembro de 2024. Em abril deste ano, o minist\u00e9rio transferiu o evento para o per\u00edodo de 4 a 7 de fevereiro de 2025. Em junho, em\u00a0nova convocat\u00f3ria, homologou a data para 6 a 9 de maio de 2025.<\/p>\n<p>\u201cAlguns estados j\u00e1 nos consultaram sobre uma nova prorroga\u00e7\u00e3o dos prazos, mas, at\u00e9 o momento, a comiss\u00e3o organizadora nacional n\u00e3o recebeu nenhuma demanda oficial. Por isso, temos insistido para que os governantes locais procurem cumprir o calend\u00e1rio. \u00c9 importante que as etapas municipais e intermunicipais aconte\u00e7am ainda neste ano. At\u00e9 porque, em virtude das elei\u00e7\u00f5es, haver\u00e1 muita mudan\u00e7a de gest\u00e3o. E se as prefeituras est\u00e3o tendo dificuldade para organizar as confer\u00eancias locais agora, pode ocorrer de, no in\u00edcio de uma nova gest\u00e3o, isso se tornar ainda mais dif\u00edcil\u201d, disse a representante do Minist\u00e9rio do Meio Ambiente.<\/p>\n<h2>Prazo<\/h2>\n<p>Se as prefeituras n\u00e3o convocarem as confer\u00eancias municipais ou intermunicipais\u00a0dentro do prazo previsto, a sociedade civil poder\u00e1 faz\u00ea-lo entre 15 e 30 de novembro. Neste caso, o chamamento p\u00fablico deve ser organizado, em conjunto, por ao menos tr\u00eas entidades sociais que cumpram os requisitos estabelecidos na <a href=\"https:\/\/www.in.gov.br\/web\/dou\/-\/portaria-gm\/mma-n-1.079-de-10-de-junho-de-2024-565115711\" target=\"_blank\" rel=\"noopener\">Portaria 1.079<\/a>.<\/p>\n<p>\u201cNos munic\u00edpios que n\u00e3o convocarem suas etapas, a sociedade civil organizada pode\u00a0fazer a convoca\u00e7\u00e3o, mas acho importante refor\u00e7ar que ainda h\u00e1 tempo dos munic\u00edpios se organizarem. Esse \u00e9 um momento crucial para o engajamento de todos. A emerg\u00eancia clim\u00e1tica, o desafio da transforma\u00e7\u00e3o ecol\u00f3gica, mostra a urg\u00eancia de nos organizarmos e de a\u00e7\u00f5es coordenadas para enfrentar os desafios impostos pelas mudan\u00e7as clim\u00e1ticas. A gente n\u00e3o tem mais tempo. Precisamos fazer um chamado para que toda a sociedade, para que os governos estaduais e municipais se envolvam, convoquem as suas confer\u00eancias, e n\u00e3o deixem de participar. O tempo de agir \u00e9 agora.\u201d<\/p>\n<div class=\"noticias-relacionadas rel-position rowflex\"><\/div>\n","protected":false},"excerpt":{"rendered":"<p>Ag\u00eancia Brasil, Alex Rodrigues &#8211; A 35 dias do fim do prazo para prefeituras de todo o pa\u00eds promoverem confer\u00eancias municipais preparat\u00f3rias para a 5\u00aa Confer\u00eancia Nacional do Meio Ambiente, menos de 10% dos 5.570 munic\u00edpios fizeram eventos regionais preparat\u00f3rios ou comunicaram sua realiza\u00e7\u00e3o ao Minist\u00e9rio do Meio Ambiente e Mudan\u00e7a do Clima (MMA).<\/p>\n","protected":false},"author":1,"featured_media":0,"comment_status":"closed","ping_status":"open","sticky":false,"template":"","format":"standard","meta":{"_exactmetrics_skip_tracking":false,"_exactmetrics_sitenote_active":false,"_exactmetrics_sitenote_note":"","_exactmetrics_sitenote_category":0,"jetpack_post_was_ever_published":false,"_jetpack_newsletter_access":"","_jetpack_dont_email_post_to_subs":false,"_jetpack_newsletter_tier_id":0,"_jetpack_memberships_contains_paywalled_content":false,"_jetpack_memberships_contains_paid_content":false,"footnotes":"","jetpack_publicize_message":"","jetpack_publicize_feature_enabled":true,"jetpack_social_post_already_shared":true,"jetpack_social_options":{"image_generator_settings":{"template":"highway","enabled":false},"version":2}},"categories":[1],"tags":[1188,1189,386],"class_list":["post-36214","post","type-post","status-publish","format-standard","hentry","category-notas","tag-conferencias","tag-debates","tag-meio-ambiente"],"jetpack_publicize_connections":[],"jetpack_sharing_enabled":true,"jetpack_featured_media_url":"","jetpack_shortlink":"https:\/\/wp.me\/p7wKYW-9q6","jetpack-related-posts":[],"_links":{"self":[{"href":"http:\/\/blogdalucianaoliveira.com.br\/blog\/wp-json\/wp\/v2\/posts\/36214","targetHints":{"allow":["GET"]}}],"collection":[{"href":"http:\/\/blogdalucianaoliveira.com.br\/blog\/wp-json\/wp\/v2\/posts"}],"about":[{"href":"http:\/\/blogdalucianaoliveira.com.br\/blog\/wp-json\/wp\/v2\/types\/post"}],"author":[{"embeddable":true,"href":"http:\/\/blogdalucianaoliveira.com.br\/blog\/wp-json\/wp\/v2\/users\/1"}],"replies":[{"embeddable":true,"href":"http:\/\/blogdalucianaoliveira.com.br\/blog\/wp-json\/wp\/v2\/comments?post=36214"}],"version-history":[{"count":1,"href":"http:\/\/blogdalucianaoliveira.com.br\/blog\/wp-json\/wp\/v2\/posts\/36214\/revisions"}],"predecessor-version":[{"id":36216,"href":"http:\/\/blogdalucianaoliveira.com.br\/blog\/wp-json\/wp\/v2\/posts\/36214\/revisions\/36216"}],"wp:attachment":[{"href":"http:\/\/blogdalucianaoliveira.com.br\/blog\/wp-json\/wp\/v2\/media?parent=36214"}],"wp:term":[{"taxonomy":"category","embeddable":true,"href":"http:\/\/blogdalucianaoliveira.com.br\/blog\/wp-json\/wp\/v2\/categories?post=36214"},{"taxonomy":"post_tag","embeddable":true,"href":"http:\/\/blogdalucianaoliveira.com.br\/blog\/wp-json\/wp\/v2\/tags?post=36214"}],"curies":[{"name":"wp","href":"https:\/\/api.w.org\/{rel}","templated":true}]}}