{"id":36217,"date":"2024-11-13T19:00:07","date_gmt":"2024-11-13T23:00:07","guid":{"rendered":"http:\/\/blogdalucianaoliveira.com.br\/blog\/?p=36217"},"modified":"2024-11-13T19:00:07","modified_gmt":"2024-11-13T23:00:07","slug":"stj-autoriza-cultivo-de-cannabis-medicinal-e-da-6-meses-para-anvisa-regulamentar-o-tema","status":"publish","type":"post","link":"http:\/\/blogdalucianaoliveira.com.br\/blog\/2024\/11\/13\/stj-autoriza-cultivo-de-cannabis-medicinal-e-da-6-meses-para-anvisa-regulamentar-o-tema\/","title":{"rendered":"STJ autoriza cultivo de cannabis medicinal e d\u00e1 6 meses para Anvisa regulamentar o tema"},"content":{"rendered":"<p><img data-recalc-dims=\"1\" loading=\"lazy\" decoding=\"async\" data-attachment-id=\"36218\" data-permalink=\"http:\/\/blogdalucianaoliveira.com.br\/blog\/2024\/11\/13\/stj-autoriza-cultivo-de-cannabis-medicinal-e-da-6-meses-para-anvisa-regulamentar-o-tema\/img_3009\/\" data-orig-file=\"https:\/\/i0.wp.com\/blogdalucianaoliveira.com.br\/blog\/wp-content\/uploads\/2024\/11\/IMG_3009.jpeg?fit=1000%2C667\" data-orig-size=\"1000,667\" data-comments-opened=\"0\" data-image-meta=\"{&quot;aperture&quot;:&quot;0&quot;,&quot;credit&quot;:&quot;&quot;,&quot;camera&quot;:&quot;&quot;,&quot;caption&quot;:&quot;&quot;,&quot;created_timestamp&quot;:&quot;0&quot;,&quot;copyright&quot;:&quot;Freepik Company S.L. - www.freepik.com&quot;,&quot;focal_length&quot;:&quot;0&quot;,&quot;iso&quot;:&quot;0&quot;,&quot;shutter_speed&quot;:&quot;0&quot;,&quot;title&quot;:&quot;&quot;,&quot;orientation&quot;:&quot;1&quot;}\" data-image-title=\"IMG_3009\" data-image-description=\"\" data-image-caption=\"\" data-medium-file=\"https:\/\/i0.wp.com\/blogdalucianaoliveira.com.br\/blog\/wp-content\/uploads\/2024\/11\/IMG_3009.jpeg?fit=300%2C200\" data-large-file=\"https:\/\/i0.wp.com\/blogdalucianaoliveira.com.br\/blog\/wp-content\/uploads\/2024\/11\/IMG_3009.jpeg?fit=600%2C400\" class=\"alignnone size-full wp-image-36218\" src=\"https:\/\/i0.wp.com\/blogdalucianaoliveira.com.br\/blog\/wp-content\/uploads\/2024\/11\/IMG_3009.jpeg?resize=600%2C400\" alt=\"\" width=\"600\" height=\"400\" srcset=\"https:\/\/i0.wp.com\/blogdalucianaoliveira.com.br\/blog\/wp-content\/uploads\/2024\/11\/IMG_3009.jpeg?w=1000 1000w, https:\/\/i0.wp.com\/blogdalucianaoliveira.com.br\/blog\/wp-content\/uploads\/2024\/11\/IMG_3009.jpeg?resize=300%2C200 300w, https:\/\/i0.wp.com\/blogdalucianaoliveira.com.br\/blog\/wp-content\/uploads\/2024\/11\/IMG_3009.jpeg?resize=768%2C512 768w, https:\/\/i0.wp.com\/blogdalucianaoliveira.com.br\/blog\/wp-content\/uploads\/2024\/11\/IMG_3009.jpeg?resize=450%2C300 450w\" sizes=\"auto, (max-width: 600px) 100vw, 600px\" \/><\/p>\n<h2 class=\"content-head__subtitle\">Decis\u00e3o ter\u00e1 que ser seguida pelas inst\u00e2ncias inferiores da Justi\u00e7a e tem potencial para destravar o mercado nacional de cannabis para fins medicinais.<\/h2>\n<p><!--more--><\/p>\n<div id=\"chunk-e8fpa\" data-pf_style_display=\"block\" data-pf_style_visibility=\"visible\">\n<div class=\"mc-column content-text active-extra-styles active-capital-letter\" data-block-type=\"unstyled\" data-block-weight=\"40\" data-pf_style_display=\"block\" data-pf_style_visibility=\"visible\">\n<p class=\" content-text__container theme-color-primary-first-letter\" data-track-category=\"Link no Texto\" data-track-links=\"\" data-pf_style_display=\"block\" data-pf_style_visibility=\"visible\"><span class=\"text-node\">G1 &#8211; A Primeira Se\u00e7\u00e3o do <\/span><a class=\"\" href=\"https:\/\/g1.globo.com\/tudo-sobre\/superior-tribunal-de-justica\/\" data-pf_style_display=\"inline\" data-pf_style_visibility=\"visible\"><span class=\"text-node\">Superior Tribunal de Justi\u00e7a<\/span><\/a><span class=\"text-node\">(STJ) deu 6 meses para que a Ag\u00eancia Nacional de Vigil\u00e2ncia Sanit\u00e1ria (<\/span><a class=\"\" href=\"https:\/\/g1.globo.com\/tudo-sobre\/anvisa\/\" data-pf_style_display=\"inline\" data-pf_style_visibility=\"visible\"><span class=\"text-node\">Anvisa<\/span><\/a><span class=\"text-node\">) ou a Uni\u00e3o definam as regras para importa\u00e7\u00e3o e cultivo de<\/span><em data-pf_style_display=\"inline\" data-pf_style_visibility=\"visible\"><span class=\"text-node\"> cannabis sativa <\/span><\/em><strong data-pf_style_display=\"inline\" data-pf_style_visibility=\"visible\"><span class=\"highlight\" data-pf_style_display=\"inline\" data-pf_style_visibility=\"visible\"><span class=\"text-node\">com baixo teor de THC (Tetrahidrocanabinol).<\/span><\/span><\/strong><\/p>\n<\/div>\n<\/div>\n<div class=\"wall protected-content\" data-pf_style_display=\"block\" data-pf_style_visibility=\"visible\">\n<div id=\"chunk-81e8d\" data-pf_style_display=\"block\" data-pf_style_visibility=\"visible\">\n<div class=\"mc-column content-text active-extra-styles \" data-block-type=\"unstyled\" data-block-weight=\"34\" data-pf_style_display=\"block\" data-pf_style_visibility=\"visible\">\n<p class=\" content-text__container \" data-track-category=\"Link no Texto\" data-track-links=\"\" data-pf_style_display=\"block\" data-pf_style_visibility=\"visible\"><span class=\"text-node\">O prazo \u00e9 parte de uma decis\u00e3o desta quinta-feira (13) que autorizou a importa\u00e7\u00e3o e o cultivo da planta <\/span><strong data-pf_style_display=\"inline\" data-pf_style_visibility=\"visible\"><span class=\"highlight\" data-pf_style_display=\"inline\" data-pf_style_visibility=\"visible\"><span class=\"text-node\">voltados \u00e0 produ\u00e7\u00e3o de medicamentos e outros subprodutos com fins exclusivamente medicinais, farmac\u00eauticos ou industriais.<\/span><\/span><\/strong><\/p>\n<\/div>\n<\/div>\n<div id=\"chunk-8mcj1\" data-pf_style_display=\"block\" data-pf_style_visibility=\"visible\">\n<div class=\"mc-column content-text active-extra-styles \" data-block-type=\"unstyled\" data-block-weight=\"12\" data-pf_style_display=\"block\" data-pf_style_visibility=\"visible\">\n<p class=\" content-text__container \" data-track-category=\"Link no Texto\" data-track-links=\"\" data-pf_style_display=\"block\" data-pf_style_visibility=\"visible\"><span class=\"text-node\">A decis\u00e3o ter\u00e1 que ser seguida pelas outras inst\u00e2ncias da Justi\u00e7a.<\/span><\/p>\n<div id=\"chunk-e3437\" data-pf_style_display=\"block\" data-pf_style_visibility=\"visible\">\n<div class=\"mc-column content-text active-extra-styles\" data-block-type=\"raw\" data-block-weight=\"3\" data-pf_style_display=\"block\" data-pf_style_visibility=\"visible\">\n<div class=\"content-intertitle\" data-pf_style_display=\"block\" data-pf_style_visibility=\"visible\">\n<h2 data-pf_style_display=\"block\" data-pf_style_visibility=\"visible\"><span class=\"text-node\">Diverg\u00eancias no governo<\/span><\/h2>\n<\/div>\n<\/div>\n<\/div>\n<div id=\"chunk-ec20d\" data-pf_style_display=\"block\" data-pf_style_visibility=\"visible\">\n<div class=\"mc-column content-text active-extra-styles \" data-block-type=\"unstyled\" data-block-weight=\"35\" data-pf_style_display=\"block\" data-pf_style_visibility=\"visible\">\n<p class=\" content-text__container \" data-track-category=\"Link no Texto\" data-track-links=\"\" data-pf_style_display=\"block\" data-pf_style_visibility=\"visible\"><span class=\"text-node\">O plantio da cannabis para fins medicinais ainda n\u00e3o foi regulamentado no pa\u00eds diante de uma diverg\u00eancia entre Anvisa e <\/span><a class=\"\" href=\"https:\/\/g1.globo.com\/tudo-sobre\/ministerio-da-saude\/\" data-pf_style_display=\"inline\" data-pf_style_visibility=\"visible\"><span class=\"text-node\">Minist\u00e9rio da Sa\u00fade<\/span><\/a><span class=\"text-node\">, o que, na pr\u00e1tica, impedia o cultivo da planta em territ\u00f3rio nacional. <\/span><\/p>\n<\/div>\n<\/div>\n<div id=\"chunk-a95lh\" data-pf_style_display=\"block\" data-pf_style_visibility=\"visible\">\n<div class=\"content-ads content-ads--reveal\" data-block-type=\"ads\" data-pf_style_display=\"block\" data-pf_style_visibility=\"visible\"><\/div>\n<\/div>\n<div id=\"chunk-elc4b\" data-pf_style_display=\"block\" data-pf_style_visibility=\"visible\">\n<div class=\"mc-column content-text active-extra-styles \" data-block-type=\"unstyled\" data-block-weight=\"26\" data-pf_style_display=\"block\" data-pf_style_visibility=\"visible\">\n<p class=\" content-text__container \" data-track-category=\"Link no Texto\" data-track-links=\"\" data-pf_style_display=\"block\" data-pf_style_visibility=\"visible\"><strong data-pf_style_display=\"inline\" data-pf_style_visibility=\"visible\"><span class=\"highlight\" data-pf_style_display=\"inline\" data-pf_style_visibility=\"visible\"><span class=\"text-node\">No julgamento, ministros citaram que a Anvisa estudava a viabilidade de liberar o plantio controlado mas o Minist\u00e9rio da Sa\u00fade resistia \u00e0 implementa\u00e7\u00e3o da medida.<\/span><\/span><\/strong><\/p>\n<\/div>\n<\/div>\n<div id=\"chunk-5dlc7\" data-pf_style_display=\"block\" data-pf_style_visibility=\"visible\">\n<div class=\"mc-column content-text active-extra-styles \" data-block-type=\"unstyled\" data-block-weight=\"45\" data-pf_style_display=\"block\" data-pf_style_visibility=\"visible\">\n<p class=\" content-text__container \" data-track-category=\"Link no Texto\" data-track-links=\"\" data-pf_style_display=\"block\" data-pf_style_visibility=\"visible\"><span class=\"text-node\">Os ministros do STJ analisaram recurso contra decis\u00e3o do Tribunal Regional Federal da Quarta Regi\u00e3o (TRF4) que rejeitou pedido de autoriza\u00e7\u00e3o para importa\u00e7\u00e3o de sementes (do tipo <\/span><em data-pf_style_display=\"inline\" data-pf_style_visibility=\"visible\"><span class=\"text-node\">hemp <\/span><\/em><span class=\"text-node\">\u2013 c\u00e2nhamo industrial) para plantio, comercializa\u00e7\u00e3o e explora\u00e7\u00e3o industrial da cannabis sativa por uma empresa de biotecnologia. <\/span><\/p>\n<\/div>\n<\/div>\n<div id=\"chunk-dl3pm\" data-pf_style_display=\"block\" data-pf_style_visibility=\"visible\">\n<div class=\"bs-video-block mc-column   content-media content-video\" data-block-type=\"backstage-video\" data-pf_style_display=\"block\" data-pf_style_visibility=\"visible\">\n<div class=\"content-media__container\" data-pf_style_display=\"block\" data-pf_style_visibility=\"visible\">\n<div class=\"content-video__bigger-player-description-fixer\" data-pf_style_display=\"block\" data-pf_style_visibility=\"visible\">\n<article class=\"content-video\" data-pf_style_display=\"block\" data-pf_style_visibility=\"visible\">\n<section class=\"content-video__video-container\" data-pf_style_display=\"block\" data-pf_style_visibility=\"visible\">\n<div class=\"content-video__video\" data-pf_style_display=\"block\" data-pf_style_visibility=\"visible\">\n<div class=\"content-video__placeholder\" data-video-id=\"12568703\" data-video-has-viewport-play=\"True\" data-pf_style_display=\"block\" data-pf_style_visibility=\"visible\"><img data-recalc-dims=\"1\" decoding=\"async\" class=\"content-video__placeholder__thumb pf-large-image flex-width pf-size-full mediumImage\" title=\"Medicamentos importados \u00e0 base de cannabis saem caro para os cofres p\u00fablicos\" src=\"https:\/\/i0.wp.com\/s04.video.glbimg.com\/x240\/12568703.jpg?w=600&#038;ssl=1\" srcset=\"\" alt=\"Medicamentos importados \u00e0 base de cannabis saem caro para os cofres p\u00fablicos\" data-pf_style_display=\"inline\" data-pf_style_visibility=\"visible\" data-pf_rect_width=\"528.265625\" data-pf_rect_height=\"18\" \/><\/div>\n<\/div>\n<\/section>\n<\/article>\n<\/div>\n<p class=\"content-media__description\" data-pf_style_display=\"block\" data-pf_style_visibility=\"visible\"><span class=\"text-node\">Medicamentos importados \u00e0 base de cannabis saem caro para os cofres p\u00fablicos <\/span><\/p>\n<\/div>\n<\/div>\n<\/div>\n<div id=\"chunk-tpe3\" data-pf_style_display=\"block\" data-pf_style_visibility=\"visible\">\n<div class=\"mc-column content-text active-extra-styles\" data-block-type=\"raw\" data-block-weight=\"47\" data-pf_style_display=\"block\" data-pf_style_visibility=\"visible\">\n<blockquote class=\"content-blockquote theme-border-color-primary-before\" data-pf_style_display=\"block\" data-pf_style_visibility=\"visible\"><p><span class=\"text-node\">A empresa diz que o &#8220;c\u00e2nhamo industrial &#8221; \u00e9 uma variedade da cannabis com baixos n\u00edveis de THC, o principal composto psicoativo da planta, e que \u00e9 inadequado para uso recreativo, mas pode ser usado para fins medicinais e industriais, como a produ\u00e7\u00e3o de canabidiol (CBD). <\/span><\/p><\/blockquote>\n<\/div>\n<\/div>\n<div id=\"chunk-b40c\" data-pf_style_display=\"block\" data-pf_style_visibility=\"visible\">\n<div class=\"content-ads content-ads--reveal\" data-block-type=\"ads\" data-pf_style_display=\"block\" data-pf_style_visibility=\"visible\"><\/div>\n<\/div>\n<div id=\"chunk-2uqbr\" data-pf_style_display=\"block\" data-pf_style_visibility=\"visible\">\n<div class=\"mc-column content-text active-extra-styles \" data-block-type=\"unstyled\" data-block-weight=\"24\" data-pf_style_display=\"block\" data-pf_style_visibility=\"visible\">\n<p class=\" content-text__container \" data-track-category=\"Link no Texto\" data-track-links=\"\" data-pf_style_display=\"block\" data-pf_style_visibility=\"visible\"><span class=\"text-node\">O TRF4 entendeu que esse tipo de autoriza\u00e7\u00e3o \u00e9 uma quest\u00e3o pol\u00edtica p\u00fablica, n\u00e3o cabendo uma interven\u00e7\u00e3o do Poder Judici\u00e1rio para atender interesses empresariais. <\/span><\/p>\n<\/div>\n<\/div>\n<div id=\"chunk-3o31m\" data-pf_style_display=\"block\" data-pf_style_visibility=\"visible\">\n<div class=\"mc-column content-text active-extra-styles\" data-block-type=\"raw\" data-block-weight=\"3\" data-pf_style_display=\"block\" data-pf_style_visibility=\"visible\">\n<div class=\"content-intertitle\" data-pf_style_display=\"block\" data-pf_style_visibility=\"visible\">\n<h2 data-pf_style_display=\"block\" data-pf_style_visibility=\"visible\"><span class=\"text-node\">Voto da relatora<\/span><\/h2>\n<\/div>\n<\/div>\n<\/div>\n<div id=\"chunk-j816\" data-pf_style_display=\"block\" data-pf_style_visibility=\"visible\">\n<div class=\"mc-column content-text active-extra-styles \" data-block-type=\"unstyled\" data-block-weight=\"24\" data-pf_style_display=\"block\" data-pf_style_visibility=\"visible\">\n<p class=\" content-text__container \" data-track-category=\"Link no Texto\" data-track-links=\"\" data-pf_style_display=\"block\" data-pf_style_visibility=\"visible\"><span class=\"text-node\">Em seu voto, a relatora, ministra Regina Helena Costa, defendeu a permiss\u00e3o para o cultivo de \u201cc\u00e2nhamo industrial\u201d para fins medicinais, liberando as empresas. <\/span><\/p>\n<\/div>\n<\/div>\n<div id=\"chunk-cqd3n\" data-pf_style_display=\"block\" data-pf_style_visibility=\"visible\">\n<div class=\"row medium-uncollapsed content-media content-photo\" data-block-type=\"backstage-photo\" data-pf_style_display=\"block\" data-pf_style_visibility=\"visible\">\n<div class=\" mc-column  content-media__container\" data-pf_style_display=\"block\" data-pf_style_visibility=\"visible\">\n<div class=\"content-media-container glb-skeleton-box\" data-pf_style_display=\"block\" data-pf_style_visibility=\"visible\">\n<figure class=\"content-media-figure\" data-pf_style_display=\"block\" data-pf_style_visibility=\"visible\"><img data-recalc-dims=\"1\" decoding=\"async\" class=\"content-media-image pf-large-image flex-width pf-size-full mediumImage\" src=\"https:\/\/i0.wp.com\/s2-g1.glbimg.com\/uBa56a0gmdNDYKamJ5UxeE6eSs8%3D\/0x0%3A2048x1476\/984x0\/smart\/filters%3Astrip_icc%28%29\/i.s3.glbimg.com\/v1\/AUTH_59edd422c0c84a879bd37670ae4f538a\/internal_photos\/bs\/2024\/S\/c\/VXicpQR92Fu53Ij4YpgA\/ministra.jpg?w=600&#038;ssl=1\" srcset=\"https:\/\/s2-g1.glbimg.com\/nBbbCSpaIsdGZOCPazYiuE3i3H4=\/0x0:2048x1476\/1000x0\/smart\/filters:strip_icc()\/i.s3.glbimg.com\/v1\/AUTH_59edd422c0c84a879bd37670ae4f538a\/internal_photos\/bs\/2024\/S\/c\/VXicpQR92Fu53Ij4YpgA\/ministra.jpg 1000w, https:\/\/s2-g1.glbimg.com\/uBa56a0gmdNDYKamJ5UxeE6eSs8=\/0x0:2048x1476\/984x0\/smart\/filters:strip_icc()\/i.s3.glbimg.com\/v1\/AUTH_59edd422c0c84a879bd37670ae4f538a\/internal_photos\/bs\/2024\/S\/c\/VXicpQR92Fu53Ij4YpgA\/ministra.jpg 984w, https:\/\/s2-g1.glbimg.com\/tcpm6oAM-5jk2Aiu1hv5KDyNn8M=\/0x0:2048x1476\/640x0\/smart\/filters:strip_icc()\/i.s3.glbimg.com\/v1\/AUTH_59edd422c0c84a879bd37670ae4f538a\/internal_photos\/bs\/2024\/S\/c\/VXicpQR92Fu53Ij4YpgA\/ministra.jpg 640w, https:\/\/s2-g1.glbimg.com\/nzJufeIX-dP6iMkltioVSUx-VYI=\/0x0:2048x1476\/600x0\/smart\/filters:strip_icc()\/i.s3.glbimg.com\/v1\/AUTH_59edd422c0c84a879bd37670ae4f538a\/internal_photos\/bs\/2024\/S\/c\/VXicpQR92Fu53Ij4YpgA\/ministra.jpg 600w\" alt=\"A relatora do caso no STJ, ministra Regina Helena Costa. \u2014 Foto: STJ\"  data-pf_style_display=\"inline\" data-pf_style_visibility=\"visible\" data-pf_rect_width=\"471.046875\" data-pf_rect_height=\"18\" \/><\/figure>\n<\/div>\n<p class=\"content-media__description  \" data-pf_style_display=\"block\" data-pf_style_visibility=\"visible\"><span class=\"text-node\">A relatora do caso no STJ, ministra Regina Helena Costa. \u2014 Foto: STJ <\/span><\/p>\n<\/div>\n<\/div>\n<\/div>\n<div id=\"chunk-8chuf\" data-pf_style_display=\"block\" data-pf_style_visibility=\"visible\">\n<div class=\"mc-column content-text active-extra-styles \" data-block-type=\"unstyled\" data-block-weight=\"22\" data-pf_style_display=\"block\" data-pf_style_visibility=\"visible\">\n<p class=\" content-text__container \" data-track-category=\"Link no Texto\" data-track-links=\"\" data-pf_style_display=\"block\" data-pf_style_visibility=\"visible\"><span class=\"text-node\">Segundo a ministra, <\/span><strong data-pf_style_display=\"inline\" data-pf_style_visibility=\"visible\"><span class=\"highlight\" data-pf_style_display=\"inline\" data-pf_style_visibility=\"visible\"><span class=\"text-node\">conferir ao c\u00e2nhamo industrial o mesmo tratamento proibitivo imposto \u00e0 maconha, despreza as distin\u00e7\u00f5es cient\u00edficas existentes entre ambos. <\/span><\/span><\/strong><\/p>\n<\/div>\n<\/div>\n<div id=\"chunk-4gtef\" data-pf_style_display=\"block\" data-pf_style_visibility=\"visible\">\n<div class=\"mc-column content-text active-extra-styles \" data-block-type=\"unstyled\" data-block-weight=\"17\" data-pf_style_display=\"block\" data-pf_style_visibility=\"visible\">\n<p class=\" content-text__container \" data-track-category=\"Link no Texto\" data-track-links=\"\" data-pf_style_display=\"block\" data-pf_style_visibility=\"visible\"><span class=\"text-node\">Regina Helena ressaltou os v\u00e1rios estudos cient\u00edficos que indicam os efeitos ben\u00e9ficos para as mais diversas doen\u00e7as. <\/span><\/p>\n<\/div>\n<\/div>\n<div id=\"chunk-aqv\" data-pf_style_display=\"block\" data-pf_style_visibility=\"visible\">\n<div class=\"mc-column content-text active-extra-styles\" data-block-type=\"raw\" data-block-weight=\"66\" data-pf_style_display=\"block\" data-pf_style_visibility=\"visible\">\n<blockquote class=\"content-blockquote theme-border-color-primary-before\" data-pf_style_display=\"block\" data-pf_style_visibility=\"visible\"><p><span class=\"text-node\">&#8220;Embora a evolu\u00e7\u00e3o cient\u00edfica e as demandas sociais tenham provocado, nos \u00faltimos anos, avan\u00e7os na seara regulat\u00f3ria da cannabis no Pa\u00eds, na qual despontam liberalidades na \u00e1rea medicinal, fato \u00e9 que as a\u00e7\u00f5es de cultivo e comercializa\u00e7\u00e3o em territ\u00f3rio nacional seguem desamparadas de norma regulamentar, impondo, desse modo, indevida restri\u00e7\u00e3o ao exerc\u00edcio do direito fundamental \u00e0 sa\u00fade, constitucionalmente assegurado e dever do Estado&#8221;, disse a ministra.<\/span><\/p><\/blockquote>\n<\/div>\n<\/div>\n<div id=\"chunk-bkqb1\" data-pf_style_display=\"block\" data-pf_style_visibility=\"visible\">\n<div class=\"content-ads content-ads--reveal\" data-block-type=\"ads\" data-pf_style_display=\"block\" data-pf_style_visibility=\"visible\"><\/div>\n<\/div>\n<div id=\"chunk-flplj\" data-pf_style_display=\"block\" data-pf_style_visibility=\"visible\">\n<div class=\"mc-column content-text active-extra-styles \" data-block-type=\"unstyled\" data-block-weight=\"46\" data-pf_style_display=\"block\" data-pf_style_visibility=\"visible\">\n<p class=\" content-text__container \" data-track-category=\"Link no Texto\" data-track-links=\"\" data-pf_style_display=\"block\" data-pf_style_visibility=\"visible\"><span class=\"text-node\">A relatora disse ainda que <\/span><strong data-pf_style_display=\"inline\" data-pf_style_visibility=\"visible\"><span class=\"highlight\" data-pf_style_display=\"inline\" data-pf_style_visibility=\"visible\"><span class=\"text-node\">a &#8220;defici\u00eancia de regulamenta\u00e7\u00e3o impede, ainda, o desenvolvimento de um setor que poderia oferecer terapias de baixo custo para pacientes, al\u00e9m de gerar empregos e fomentar pesquisas cient\u00edficas<\/span><\/span><\/strong><span class=\"text-node\">, aspectos que amplificam a falha estatal no cumprimento do direito social \u00e0 sa\u00fade&#8221;. <\/span><\/p>\n<\/div>\n<\/div>\n<div id=\"chunk-19aup\" data-pf_style_display=\"block\" data-pf_style_visibility=\"visible\">\n<div class=\"mc-column content-text active-extra-styles \" data-block-type=\"unstyled\" data-block-weight=\"19\" data-pf_style_display=\"block\" data-pf_style_visibility=\"visible\">\n<p class=\" content-text__container \" data-track-category=\"Link no Texto\" data-track-links=\"\" data-pf_style_display=\"block\" data-pf_style_visibility=\"visible\"><span class=\"text-node\">Inicialmente, a relatora n\u00e3o prop\u00f4s prazo para a regulamenta\u00e7\u00e3o, mas os ministros pediram a fixa\u00e7\u00e3o, o que acabou prevalecendo. <\/span><\/p>\n<\/div>\n<\/div>\n<div id=\"chunk-dv7do\" data-pf_style_display=\"block\" data-pf_style_visibility=\"visible\">\n<div class=\"mc-column content-text active-extra-styles\" data-block-type=\"raw\" data-block-weight=\"19\" data-pf_style_display=\"block\" data-pf_style_visibility=\"visible\">\n<blockquote class=\"content-blockquote theme-border-color-primary-before\" data-pf_style_display=\"block\" data-pf_style_visibility=\"visible\"><p><span class=\"text-node\">&#8220;Sem obrigatoriedade de que seja regulamentado, nossa decis\u00e3o perder\u00e1 efic\u00e1cia&#8221;, destacou a ministra Maria Thereza de Assis Moura.<\/span><\/p><\/blockquote>\n<\/div>\n<\/div>\n<\/div>\n<\/div>\n<\/div>\n","protected":false},"excerpt":{"rendered":"<p>Decis\u00e3o ter\u00e1 que ser seguida pelas inst\u00e2ncias inferiores da Justi\u00e7a e tem potencial para destravar o mercado nacional de cannabis para fins medicinais.<\/p>\n","protected":false},"author":1,"featured_media":0,"comment_status":"closed","ping_status":"open","sticky":false,"template":"","format":"standard","meta":{"_exactmetrics_skip_tracking":false,"_exactmetrics_sitenote_active":false,"_exactmetrics_sitenote_note":"","_exactmetrics_sitenote_category":0,"jetpack_post_was_ever_published":false,"_jetpack_newsletter_access":"","_jetpack_dont_email_post_to_subs":false,"_jetpack_newsletter_tier_id":0,"_jetpack_memberships_contains_paywalled_content":false,"_jetpack_memberships_contains_paid_content":false,"footnotes":"","jetpack_publicize_message":"","jetpack_publicize_feature_enabled":true,"jetpack_social_post_already_shared":true,"jetpack_social_options":{"image_generator_settings":{"template":"highway","enabled":false},"version":2}},"categories":[1],"tags":[1190,1191,30],"class_list":["post-36217","post","type-post","status-publish","format-standard","hentry","category-notas","tag-cannabis","tag-medicinal","tag-stf"],"jetpack_publicize_connections":[],"jetpack_sharing_enabled":true,"jetpack_featured_media_url":"","jetpack_shortlink":"https:\/\/wp.me\/p7wKYW-9q9","jetpack-related-posts":[],"_links":{"self":[{"href":"http:\/\/blogdalucianaoliveira.com.br\/blog\/wp-json\/wp\/v2\/posts\/36217","targetHints":{"allow":["GET"]}}],"collection":[{"href":"http:\/\/blogdalucianaoliveira.com.br\/blog\/wp-json\/wp\/v2\/posts"}],"about":[{"href":"http:\/\/blogdalucianaoliveira.com.br\/blog\/wp-json\/wp\/v2\/types\/post"}],"author":[{"embeddable":true,"href":"http:\/\/blogdalucianaoliveira.com.br\/blog\/wp-json\/wp\/v2\/users\/1"}],"replies":[{"embeddable":true,"href":"http:\/\/blogdalucianaoliveira.com.br\/blog\/wp-json\/wp\/v2\/comments?post=36217"}],"version-history":[{"count":1,"href":"http:\/\/blogdalucianaoliveira.com.br\/blog\/wp-json\/wp\/v2\/posts\/36217\/revisions"}],"predecessor-version":[{"id":36219,"href":"http:\/\/blogdalucianaoliveira.com.br\/blog\/wp-json\/wp\/v2\/posts\/36217\/revisions\/36219"}],"wp:attachment":[{"href":"http:\/\/blogdalucianaoliveira.com.br\/blog\/wp-json\/wp\/v2\/media?parent=36217"}],"wp:term":[{"taxonomy":"category","embeddable":true,"href":"http:\/\/blogdalucianaoliveira.com.br\/blog\/wp-json\/wp\/v2\/categories?post=36217"},{"taxonomy":"post_tag","embeddable":true,"href":"http:\/\/blogdalucianaoliveira.com.br\/blog\/wp-json\/wp\/v2\/tags?post=36217"}],"curies":[{"name":"wp","href":"https:\/\/api.w.org\/{rel}","templated":true}]}}