{"id":36220,"date":"2024-11-13T19:25:20","date_gmt":"2024-11-13T23:25:20","guid":{"rendered":"http:\/\/blogdalucianaoliveira.com.br\/blog\/?p=36220"},"modified":"2024-11-13T19:25:20","modified_gmt":"2024-11-13T23:25:20","slug":"explosao-de-bomba-causa-a-morte-de-uma-pessoa-em-frente-ao-predio-do-stf-video","status":"publish","type":"post","link":"http:\/\/blogdalucianaoliveira.com.br\/blog\/2024\/11\/13\/explosao-de-bomba-causa-a-morte-de-uma-pessoa-em-frente-ao-predio-do-stf-video\/","title":{"rendered":"Explos\u00e3o de bomba causa a morte de uma pessoa em frente ao pr\u00e9dio do STF (v\u00eddeo"},"content":{"rendered":"<p><img data-recalc-dims=\"1\" loading=\"lazy\" decoding=\"async\" data-attachment-id=\"36221\" data-permalink=\"http:\/\/blogdalucianaoliveira.com.br\/blog\/2024\/11\/13\/explosao-de-bomba-causa-a-morte-de-uma-pessoa-em-frente-ao-predio-do-stf-video\/img_3013\/\" data-orig-file=\"https:\/\/i0.wp.com\/blogdalucianaoliveira.com.br\/blog\/wp-content\/uploads\/2024\/11\/IMG_3013.webp?fit=500%2C240\" data-orig-size=\"500,240\" data-comments-opened=\"0\" data-image-meta=\"{&quot;aperture&quot;:&quot;0&quot;,&quot;credit&quot;:&quot;&quot;,&quot;camera&quot;:&quot;&quot;,&quot;caption&quot;:&quot;&quot;,&quot;created_timestamp&quot;:&quot;0&quot;,&quot;copyright&quot;:&quot;&quot;,&quot;focal_length&quot;:&quot;0&quot;,&quot;iso&quot;:&quot;0&quot;,&quot;shutter_speed&quot;:&quot;0&quot;,&quot;title&quot;:&quot;&quot;,&quot;orientation&quot;:&quot;0&quot;}\" data-image-title=\"IMG_3013\" data-image-description=\"\" data-image-caption=\"\" data-medium-file=\"https:\/\/i0.wp.com\/blogdalucianaoliveira.com.br\/blog\/wp-content\/uploads\/2024\/11\/IMG_3013.webp?fit=300%2C144\" data-large-file=\"https:\/\/i0.wp.com\/blogdalucianaoliveira.com.br\/blog\/wp-content\/uploads\/2024\/11\/IMG_3013.webp?fit=500%2C240\" class=\"alignnone size-full wp-image-36221\" src=\"https:\/\/i0.wp.com\/blogdalucianaoliveira.com.br\/blog\/wp-content\/uploads\/2024\/11\/IMG_3013.webp?resize=500%2C240\" alt=\"\" width=\"500\" height=\"240\" srcset=\"https:\/\/i0.wp.com\/blogdalucianaoliveira.com.br\/blog\/wp-content\/uploads\/2024\/11\/IMG_3013.webp?w=500 500w, https:\/\/i0.wp.com\/blogdalucianaoliveira.com.br\/blog\/wp-content\/uploads\/2024\/11\/IMG_3013.webp?resize=300%2C144 300w\" sizes=\"auto, (max-width: 500px) 100vw, 500px\" \/><\/p>\n<p><b>247 &#8211; <\/b>Duas explos\u00f5es, em um intervalo de 20 segundos, ocorreram na tarde desta quarta-feira (13) em frente ao pr\u00e9dio do Supremo Tribunal Federal (STF), em Bras\u00edlia (DF). De acordo com relatos feitos por testemunhas, foram ouvidas duas explos\u00f5es &#8220;muito fortes&#8221;. Bombeiros informaram que uma pessoa morreu. O corpo est\u00e1 na cal\u00e7ada, junto a Pra\u00e7a dos Tr\u00eas Poderes.<!--more--><\/p>\n<p>Seguran\u00e7as da C\u00e2mara dos Deputados, de onde foi ouvida a explos\u00e3o, disseram que um carro explodiu no estacionamento que fica entre o STF e o Anexo IV da C\u00e2mara dos Deputados.<\/p>\n<p>As pessoas que estavam no t\u00e9rreo do pr\u00e9dio do STF foram retiradas do local. Militares especializados em explosivos foram ao lugar onde aconteceram as explos\u00f5es.<\/p>\n<p>V\u00eddeo:<\/p>\n<p><a href=\"https:\/\/x.com\/tulio_amancio\/status\/1856833297633976602?ref_src=twsrc%5Etfw%7Ctwcamp%5Etweetembed%7Ctwterm%5E1856833297633976602%7Ctwgr%5Ef0810fb9e126815f24c76cf444175271ea98d229%7Ctwcon%5Es1_c10&amp;ref_url=https%3A%2F%2Fwww.brasil247.com%2Fregionais%2Fbrasilia%2Fexplosao-de-bomba-causa-a-morte-de-uma-pessoa-em-frente-ao-predio-do-stf-video\">https:\/\/x.com\/tulio_amancio\/status\/1856833297633976602?ref_src=twsrc%5Etfw%7Ctwcamp%5Etweetembed%7Ctwterm%5E1856833297633976602%7Ctwgr%5Ef0810fb9e126815f24c76cf444175271ea98d229%7Ctwcon%5Es1_c10&amp;ref_url=https%3A%2F%2Fwww.brasil247.com%2Fregionais%2Fbrasilia%2Fexplosao-de-bomba-causa-a-morte-de-uma-pessoa-em-frente-ao-predio-do-stf-video<\/a><\/p>\n","protected":false},"excerpt":{"rendered":"<p>247 &#8211; Duas explos\u00f5es, em um intervalo de 20 segundos, ocorreram na tarde desta quarta-feira (13) em frente ao pr\u00e9dio do Supremo Tribunal Federal (STF), em Bras\u00edlia (DF). De acordo com relatos feitos por testemunhas, foram ouvidas duas explos\u00f5es &#8220;muito fortes&#8221;. Bombeiros informaram que uma pessoa morreu. O corpo est\u00e1 na cal\u00e7ada, junto a Pra\u00e7a&#8230;<a class=\"more-link\" href=\"http:\/\/blogdalucianaoliveira.com.br\/blog\/2024\/11\/13\/explosao-de-bomba-causa-a-morte-de-uma-pessoa-em-frente-ao-predio-do-stf-video\/\">Continue a leitura <span class=\"meta-nav\">&raquo;<\/span><\/a><\/p>\n","protected":false},"author":1,"featured_media":0,"comment_status":"closed","ping_status":"open","sticky":false,"template":"","format":"standard","meta":{"_exactmetrics_skip_tracking":false,"_exactmetrics_sitenote_active":false,"_exactmetrics_sitenote_note":"","_exactmetrics_sitenote_category":0,"jetpack_post_was_ever_published":false,"_jetpack_newsletter_access":"","_jetpack_dont_email_post_to_subs":false,"_jetpack_newsletter_tier_id":0,"_jetpack_memberships_contains_paywalled_content":false,"_jetpack_memberships_contains_paid_content":false,"footnotes":"","jetpack_publicize_message":"","jetpack_publicize_feature_enabled":true,"jetpack_social_post_already_shared":true,"jetpack_social_options":{"image_generator_settings":{"template":"highway","enabled":false},"version":2}},"categories":[1],"tags":[],"class_list":["post-36220","post","type-post","status-publish","format-standard","hentry","category-notas"],"jetpack_publicize_connections":[],"jetpack_sharing_enabled":true,"jetpack_featured_media_url":"","jetpack_shortlink":"https:\/\/wp.me\/p7wKYW-9qc","jetpack-related-posts":[],"_links":{"self":[{"href":"http:\/\/blogdalucianaoliveira.com.br\/blog\/wp-json\/wp\/v2\/posts\/36220","targetHints":{"allow":["GET"]}}],"collection":[{"href":"http:\/\/blogdalucianaoliveira.com.br\/blog\/wp-json\/wp\/v2\/posts"}],"about":[{"href":"http:\/\/blogdalucianaoliveira.com.br\/blog\/wp-json\/wp\/v2\/types\/post"}],"author":[{"embeddable":true,"href":"http:\/\/blogdalucianaoliveira.com.br\/blog\/wp-json\/wp\/v2\/users\/1"}],"replies":[{"embeddable":true,"href":"http:\/\/blogdalucianaoliveira.com.br\/blog\/wp-json\/wp\/v2\/comments?post=36220"}],"version-history":[{"count":1,"href":"http:\/\/blogdalucianaoliveira.com.br\/blog\/wp-json\/wp\/v2\/posts\/36220\/revisions"}],"predecessor-version":[{"id":36222,"href":"http:\/\/blogdalucianaoliveira.com.br\/blog\/wp-json\/wp\/v2\/posts\/36220\/revisions\/36222"}],"wp:attachment":[{"href":"http:\/\/blogdalucianaoliveira.com.br\/blog\/wp-json\/wp\/v2\/media?parent=36220"}],"wp:term":[{"taxonomy":"category","embeddable":true,"href":"http:\/\/blogdalucianaoliveira.com.br\/blog\/wp-json\/wp\/v2\/categories?post=36220"},{"taxonomy":"post_tag","embeddable":true,"href":"http:\/\/blogdalucianaoliveira.com.br\/blog\/wp-json\/wp\/v2\/tags?post=36220"}],"curies":[{"name":"wp","href":"https:\/\/api.w.org\/{rel}","templated":true}]}}