{"id":36223,"date":"2024-11-13T19:37:53","date_gmt":"2024-11-13T23:37:53","guid":{"rendered":"http:\/\/blogdalucianaoliveira.com.br\/blog\/?p=36223"},"modified":"2024-11-13T19:37:53","modified_gmt":"2024-11-13T23:37:53","slug":"senado-aprova-projeto-que-regula-mercado-de-carbono","status":"publish","type":"post","link":"http:\/\/blogdalucianaoliveira.com.br\/blog\/2024\/11\/13\/senado-aprova-projeto-que-regula-mercado-de-carbono\/","title":{"rendered":"Senado aprova projeto que regula mercado de carbono"},"content":{"rendered":"<p><img data-recalc-dims=\"1\" loading=\"lazy\" decoding=\"async\" data-attachment-id=\"36225\" data-permalink=\"http:\/\/blogdalucianaoliveira.com.br\/blog\/2024\/11\/13\/senado-aprova-projeto-que-regula-mercado-de-carbono\/img_3016\/\" data-orig-file=\"https:\/\/i0.wp.com\/blogdalucianaoliveira.com.br\/blog\/wp-content\/uploads\/2024\/11\/IMG_3016.webp?fit=575%2C575\" data-orig-size=\"575,575\" data-comments-opened=\"0\" data-image-meta=\"{&quot;aperture&quot;:&quot;0&quot;,&quot;credit&quot;:&quot;&quot;,&quot;camera&quot;:&quot;&quot;,&quot;caption&quot;:&quot;&quot;,&quot;created_timestamp&quot;:&quot;0&quot;,&quot;copyright&quot;:&quot;&quot;,&quot;focal_length&quot;:&quot;0&quot;,&quot;iso&quot;:&quot;0&quot;,&quot;shutter_speed&quot;:&quot;0&quot;,&quot;title&quot;:&quot;&quot;,&quot;orientation&quot;:&quot;0&quot;}\" data-image-title=\"IMG_3016\" data-image-description=\"\" data-image-caption=\"\" data-medium-file=\"https:\/\/i0.wp.com\/blogdalucianaoliveira.com.br\/blog\/wp-content\/uploads\/2024\/11\/IMG_3016.webp?fit=300%2C300\" data-large-file=\"https:\/\/i0.wp.com\/blogdalucianaoliveira.com.br\/blog\/wp-content\/uploads\/2024\/11\/IMG_3016.webp?fit=575%2C575\" class=\"alignnone size-full wp-image-36225\" src=\"https:\/\/i0.wp.com\/blogdalucianaoliveira.com.br\/blog\/wp-content\/uploads\/2024\/11\/IMG_3016.webp?resize=575%2C575\" alt=\"\" width=\"575\" height=\"575\" srcset=\"https:\/\/i0.wp.com\/blogdalucianaoliveira.com.br\/blog\/wp-content\/uploads\/2024\/11\/IMG_3016.webp?w=575 575w, https:\/\/i0.wp.com\/blogdalucianaoliveira.com.br\/blog\/wp-content\/uploads\/2024\/11\/IMG_3016.webp?resize=300%2C300 300w, https:\/\/i0.wp.com\/blogdalucianaoliveira.com.br\/blog\/wp-content\/uploads\/2024\/11\/IMG_3016.webp?resize=150%2C150 150w\" sizes=\"auto, (max-width: 575px) 100vw, 575px\" \/><\/p>\n<p>Sistema definir\u00e1 limites de emiss\u00f5es e a possibilidade de venda de cr\u00e9ditos de quem emitiu menos gases de efeito estufa para quem poluiu mais; setor agropecu\u00e1rio n\u00e3o ter\u00e1 obriga\u00e7\u00f5es e poder\u00e1 participar voluntariamente.<!--more--><\/p>\n<p>DW &#8211; O Senado aprovou nesta quarta-feira (13\/11), em vota\u00e7\u00e3o simb\u00f3lica, o texto-base do projeto que <a class=\"internal-link\" href=\"https:\/\/www.dw.com\/pt-br\/o-que-o-brasil-tem-a-ganhar-com-mercado-regulado-de-carbono\/a-67711961\">regula o mercado de carbono<\/a> no Brasil \u2013 sistema que permite a compra e venda de cr\u00e9ditos baseados na emiss\u00e3o ou na redu\u00e7\u00e3o de gases do efeito estufa.<\/p>\n<p>Com a decis\u00e3o, os senadores agora seguem para a an\u00e1lise dos destaques, que s\u00e3o sugest\u00f5es de ajustes ao conte\u00fado da proposta. O projeto depois retornar\u00e1 \u00e0 C\u00e2mara dos Deputados, antes de ser regulamentado pelo Poder Executivo.<\/p>\n<p>O texto, idealizado pelo deputado Jaime Martines (PSD-MG) e relatado no Senado pela senadora Leila Barros (PDT-DF), prop\u00f5e a cria\u00e7\u00e3o do Sistema Brasileiro de Com\u00e9rcio de Emiss\u00f5es de Gases de Efeito Estufa (SBCE).<\/p>\n<p>Esse sistema permitir\u00e1 que o governo federal estabele\u00e7a limites de emiss\u00f5es, impondo custos \u00e0s empresas que ultrapassem esses limites e incentivando a redu\u00e7\u00e3o de poluentes por meio de compensa\u00e7\u00f5es financeiras.<\/p>\n<p>A proposta ganhou prioridade nas \u00faltimas semanas, e o governo de <a class=\"internal-link\" href=\"https:\/\/www.dw.com\/pt-br\/lula\/t-17432178\">Luiz In\u00e1cio Lula da Silva<\/a> quer apresentar o projeto na <a class=\"internal-link\" href=\"https:\/\/www.dw.com\/pt-br\/cop29\/t-70756714\">29\u00aa Confer\u00eancia das Na\u00e7\u00f5es Unidas sobre o Clima (COP 29)<\/a>, que come\u00e7ou nesta semana em Baku, no Azerbaij\u00e3o, e vai at\u00e9 o dia 22 de novembro.<\/p>\n<h2>Como funciona<\/h2>\n<p>Nesse sistema, empresas e governos \u2013 federal e estaduais \u2013 que conseguirem reduzir suas emiss\u00f5es de gases do efeito estufa abaixo de um limite estabelecido podem obter e negociar cr\u00e9ditos. Esses cr\u00e9ditos representam a quantidade de emiss\u00f5es evitadas ou capturadas.<\/p>\n<p>Dessa forma, empresas e governos que emitirem menos carbono poder\u00e3o vender seus cr\u00e9ditos para poluidores, de forma que todos reduzam suas emiss\u00f5es e contenham o desmatamento.<\/p>\n<p>Os cr\u00e9ditos de carbono tamb\u00e9m podem ser comprados e vendidos por meio da aquisi\u00e7\u00e3o de \u00e1reas verdes. Outra forma de gerar cr\u00e9dito \u00e9 por meio de projetos que incentivam diminui\u00e7\u00e3o de emiss\u00e3o de gases, como gera\u00e7\u00e3o de energias renov\u00e1veis.<\/p>\n<p>Esse sistema de compensa\u00e7\u00f5es de emiss\u00e3o \u00e9 uma das apostas do Brasil para cumprir as metas do Acordo de Paris, assinado em 2015 por quase 200 pa\u00edses que se comprometeram a conter o aumento do aquecimento global com medidas pr\u00e1ticas, como a redu\u00e7\u00e3o pela metade das emiss\u00f5es de gases do efeito estufa at\u00e9 2030, em rela\u00e7\u00e3o aos n\u00edveis de 2005.<\/p>\n<p>O governo federal v\u00ea na regula\u00e7\u00e3o do mercado de carbono uma possibilidade de impulsionar o desenvolvimento sustent\u00e1vel do pa\u00eds, com incremento no PIB.<\/p>\n<h2>Agroneg\u00f3cio de fora das obriga\u00e7\u00f5es<\/h2>\n<p>A regulamenta\u00e7\u00e3o exige que atividades com emiss\u00f5es anuais superiores a 10 mil toneladas de di\u00f3xido de carbono enviem planos de monitoramento. Empresas que ultrapassam 25 mil toneladas precisar\u00e3o apresentar documentos adicionais, detalhando o cumprimento das metas ambientais e a titularidade de ativos que compensem as emiss\u00f5es realizadas.<\/p>\n<p>Empresas que descumprirem as regras poder\u00e3o ser multadas em at\u00e9 3% de seu faturamento bruto, enquanto entidades e pessoas f\u00edsicas ter\u00e3o san\u00e7\u00f5es entre R$ 50 mil e R$ 20 milh\u00f5es, dependendo da infra\u00e7\u00e3o.<\/p>\n<p>O setor agropecu\u00e1rio, o segudo com maior participa\u00e7\u00e3o nas emiss\u00f5es brasileiras, n\u00e3o ser\u00e1 obrigado a aderir \u00e0s regra, e sua participa\u00e7\u00e3o ser\u00e1 volunt\u00e1ria.<\/p>\n<p>Os recursos obtidos por meio do SBCE ter\u00e3o destina\u00e7\u00e3o priorit\u00e1ria ao Fundo Nacional sobre Mudan\u00e7a do Clima, \u00e0 manuten\u00e7\u00e3o do sistema e \u00e0 compensa\u00e7\u00e3o de povos ind\u00edgenas e comunidades tradicionais.<\/p>\n<div class=\"vjs-wrapper embed big\">\n<h2 class=\"headline\" aria-label=\"V\u00eddeo incorporado \u2014 Como agricultores melhoram o solo e protegem o clima\">Como agricultores melhoram o solo e protegem o clima<\/h2>\n<div class=\"s1fev2do\">\n<div id=\"videoOverlay_69160235\" class=\"smlfky\"><img data-recalc-dims=\"1\" decoding=\"async\" class=\"i-amphtml-fill-content i-amphtml-replaced-content\" src=\"https:\/\/i0.wp.com\/tvdownloaddw-a.akamaihd.net\/stills\/images\/vdt_br\/2024\/tmtdbra240527_ackerboden_03s_partner.jpg?w=600&#038;ssl=1\" data-vars-id=\"69160235\" data-vars-type=\"Video\" data-vars-classic-url=\"https:\/\/www.dw.com\/pt-br\/como-agricultores-melhoram-o-solo-e-protegem-o-clima-ao-mesmo-tempo\/video-69160235\" data-vars-language=\"5\" data-vars-name=\"Como agricultores melhoram o solo e protegem o clima ao mesmo tempo\" data-vars-duration=\"267000\" data-vars-publication=\"1716788427571\" data-vars-position=\"0\" data-vars-broadcasting-type=\"live\" \/><\/p>\n<div class=\"s1gwt8ei\">\n<div class=\"play-icon squvt5l bfhpvuu b1yws3tm sx4rgdt ih9bob8 wgx1hx2 seipclg b1ho1h07\" tabindex=\"0\" role=\"button\"><\/div>\n<div class=\"snn8laf info-bar\">\n<div class=\"vjs-duration-text\"><span class=\"dohyj9x icns9en t14k9lqz wgx1hx2 r1wgtjne b1ho1h07\">04:27<\/span><\/div>\n<\/div>\n<\/div>\n<\/div>\n<p><video class=\"i-amphtml-fill-content i-amphtml-replaced-content\" poster=\"https:\/\/tvdownloaddw-a.akamaihd.net\/stills\/images\/vdt_br\/2024\/tmtdbra240527_ackerboden_03s_partner.jpg\" controls=\"controls\" width=\"300\" height=\"150\" data-mce-fragment=\"1\"><\/video><\/div>\n<\/div>\n<h2>Novos t\u00edtulos no mercado<\/h2>\n<p>O projeto cria dois tipos de ativos para negocia\u00e7\u00e3o no mercado de carbono: a Cota Brasileira de Emiss\u00f5es (CBE) e o Certificado de Redu\u00e7\u00e3o ou Remo\u00e7\u00e3o Verificada de Emiss\u00f5es (CRVE).<\/p>\n<p>A CBE representa uma autoriza\u00e7\u00e3o para a empresa emitir at\u00e9 uma tonelada de di\u00f3xido de carbono, funcionando como uma licen\u00e7a para poluir dentro de um limite estipulado. J\u00e1 o CRVE equivale \u00e0 redu\u00e7\u00e3o ou remo\u00e7\u00e3o de uma tonelada de di\u00f3xido de carbono, e pode ser gerado por empresas, governos ou comunidades que demonstrem a\u00e7\u00f5es de mitiga\u00e7\u00e3o de emiss\u00f5es.<\/p>\n<p>Esses ativos ser\u00e3o negociados em leil\u00f5es ou na Bolsa de Valores, permitindo que empresas que ultrapassem os limites de emiss\u00e3o estabelecidos pelo SBCE comprem cr\u00e9ditos de organiza\u00e7\u00f5es que poluem menos. Dessa forma, empresas que precisarem &#8220;comprar permiss\u00e3o para poluir&#8221; poder\u00e3o compensar suas emiss\u00f5es ao adquirir CBEs ou CRVEs no mercado regulado.<\/p>\n<p>Haver\u00e1 entidades certificadores para definir a quantidade de cr\u00e9ditos que cada \u00e1rea verde ou projeto pode gerar.<\/p>\n","protected":false},"excerpt":{"rendered":"<p>Sistema definir\u00e1 limites de emiss\u00f5es e a possibilidade de venda de cr\u00e9ditos de quem emitiu menos gases de efeito estufa para quem poluiu mais; setor agropecu\u00e1rio n\u00e3o ter\u00e1 obriga\u00e7\u00f5es e poder\u00e1 participar voluntariamente.<\/p>\n","protected":false},"author":1,"featured_media":0,"comment_status":"closed","ping_status":"open","sticky":false,"template":"","format":"standard","meta":{"_exactmetrics_skip_tracking":false,"_exactmetrics_sitenote_active":false,"_exactmetrics_sitenote_note":"","_exactmetrics_sitenote_category":0,"jetpack_post_was_ever_published":false,"_jetpack_newsletter_access":"","_jetpack_dont_email_post_to_subs":false,"_jetpack_newsletter_tier_id":0,"_jetpack_memberships_contains_paywalled_content":false,"_jetpack_memberships_contains_paid_content":false,"footnotes":"","jetpack_publicize_message":"","jetpack_publicize_feature_enabled":true,"jetpack_social_post_already_shared":true,"jetpack_social_options":{"image_generator_settings":{"template":"highway","enabled":false},"version":2}},"categories":[1],"tags":[],"class_list":["post-36223","post","type-post","status-publish","format-standard","hentry","category-notas"],"jetpack_publicize_connections":[],"jetpack_sharing_enabled":true,"jetpack_featured_media_url":"","jetpack_shortlink":"https:\/\/wp.me\/p7wKYW-9qf","jetpack-related-posts":[],"_links":{"self":[{"href":"http:\/\/blogdalucianaoliveira.com.br\/blog\/wp-json\/wp\/v2\/posts\/36223","targetHints":{"allow":["GET"]}}],"collection":[{"href":"http:\/\/blogdalucianaoliveira.com.br\/blog\/wp-json\/wp\/v2\/posts"}],"about":[{"href":"http:\/\/blogdalucianaoliveira.com.br\/blog\/wp-json\/wp\/v2\/types\/post"}],"author":[{"embeddable":true,"href":"http:\/\/blogdalucianaoliveira.com.br\/blog\/wp-json\/wp\/v2\/users\/1"}],"replies":[{"embeddable":true,"href":"http:\/\/blogdalucianaoliveira.com.br\/blog\/wp-json\/wp\/v2\/comments?post=36223"}],"version-history":[{"count":2,"href":"http:\/\/blogdalucianaoliveira.com.br\/blog\/wp-json\/wp\/v2\/posts\/36223\/revisions"}],"predecessor-version":[{"id":36226,"href":"http:\/\/blogdalucianaoliveira.com.br\/blog\/wp-json\/wp\/v2\/posts\/36223\/revisions\/36226"}],"wp:attachment":[{"href":"http:\/\/blogdalucianaoliveira.com.br\/blog\/wp-json\/wp\/v2\/media?parent=36223"}],"wp:term":[{"taxonomy":"category","embeddable":true,"href":"http:\/\/blogdalucianaoliveira.com.br\/blog\/wp-json\/wp\/v2\/categories?post=36223"},{"taxonomy":"post_tag","embeddable":true,"href":"http:\/\/blogdalucianaoliveira.com.br\/blog\/wp-json\/wp\/v2\/tags?post=36223"}],"curies":[{"name":"wp","href":"https:\/\/api.w.org\/{rel}","templated":true}]}}