{"id":36227,"date":"2024-11-14T13:52:47","date_gmt":"2024-11-14T17:52:47","guid":{"rendered":"http:\/\/blogdalucianaoliveira.com.br\/blog\/?p=36227"},"modified":"2024-11-14T13:54:26","modified_gmt":"2024-11-14T17:54:26","slug":"explosao-em-frente-ao-stf-grupos-extremistas-estao-ativos-e-ataque-nao-foi-caso-isolado-diz-pf","status":"publish","type":"post","link":"http:\/\/blogdalucianaoliveira.com.br\/blog\/2024\/11\/14\/explosao-em-frente-ao-stf-grupos-extremistas-estao-ativos-e-ataque-nao-foi-caso-isolado-diz-pf\/","title":{"rendered":"Explos\u00e3o em frente ao STF: &#8216;Grupos extremistas est\u00e3o ativos&#8217; e ataque n\u00e3o foi caso isolado, diz PF"},"content":{"rendered":"<p><img data-recalc-dims=\"1\" loading=\"lazy\" decoding=\"async\" data-attachment-id=\"36228\" data-permalink=\"http:\/\/blogdalucianaoliveira.com.br\/blog\/2024\/11\/14\/explosao-em-frente-ao-stf-grupos-extremistas-estao-ativos-e-ataque-nao-foi-caso-isolado-diz-pf\/img_3025\/\" data-orig-file=\"https:\/\/i0.wp.com\/blogdalucianaoliveira.com.br\/blog\/wp-content\/uploads\/2024\/11\/IMG_3025.webp?fit=800%2C404\" data-orig-size=\"800,404\" data-comments-opened=\"0\" data-image-meta=\"{&quot;aperture&quot;:&quot;0&quot;,&quot;credit&quot;:&quot;&quot;,&quot;camera&quot;:&quot;&quot;,&quot;caption&quot;:&quot;&quot;,&quot;created_timestamp&quot;:&quot;0&quot;,&quot;copyright&quot;:&quot;&quot;,&quot;focal_length&quot;:&quot;0&quot;,&quot;iso&quot;:&quot;0&quot;,&quot;shutter_speed&quot;:&quot;0&quot;,&quot;title&quot;:&quot;&quot;,&quot;orientation&quot;:&quot;0&quot;}\" data-image-title=\"IMG_3025\" data-image-description=\"\" data-image-caption=\"\" data-medium-file=\"https:\/\/i0.wp.com\/blogdalucianaoliveira.com.br\/blog\/wp-content\/uploads\/2024\/11\/IMG_3025.webp?fit=300%2C152\" data-large-file=\"https:\/\/i0.wp.com\/blogdalucianaoliveira.com.br\/blog\/wp-content\/uploads\/2024\/11\/IMG_3025.webp?fit=600%2C303\" class=\"alignnone size-full wp-image-36228\" src=\"https:\/\/i0.wp.com\/blogdalucianaoliveira.com.br\/blog\/wp-content\/uploads\/2024\/11\/IMG_3025.webp?resize=600%2C303\" alt=\"\" width=\"600\" height=\"303\" srcset=\"https:\/\/i0.wp.com\/blogdalucianaoliveira.com.br\/blog\/wp-content\/uploads\/2024\/11\/IMG_3025.webp?w=800 800w, https:\/\/i0.wp.com\/blogdalucianaoliveira.com.br\/blog\/wp-content\/uploads\/2024\/11\/IMG_3025.webp?resize=300%2C152 300w, https:\/\/i0.wp.com\/blogdalucianaoliveira.com.br\/blog\/wp-content\/uploads\/2024\/11\/IMG_3025.webp?resize=768%2C388 768w, https:\/\/i0.wp.com\/blogdalucianaoliveira.com.br\/blog\/wp-content\/uploads\/2024\/11\/IMG_3025.webp?resize=594%2C300 594w\" sizes=\"auto, (max-width: 600px) 100vw, 600px\" \/><\/p>\n<div class=\"bbc-19j92fr ebmt73l0\" dir=\"ltr\" data-pf_style_display=\"block\" data-pf_style_visibility=\"visible\">\n<p class=\"bbc-hhl7in e17g058b0 added-to-list1\" dir=\"ltr\" data-pf_style_display=\"block\" data-pf_style_visibility=\"visible\"><span class=\"text-node\">BBC &#8211; Ap\u00f3s <\/span><span class=\"text-node\">as <\/span><span class=\"text-node\">explos\u00f5es<\/span><span class=\"text-node\"> que <\/span><span class=\"text-node\">aconteceram<\/span><span class=\"text-node\"> na noite de quarta-feira (<\/span><span class=\"text-node\">13<\/span><span class=\"text-node\">\/11) em frente ao Supremo Tribunal Federal (<\/span><span class=\"text-node\">STF<\/span><span class=\"text-node\">), em <\/span><span class=\"text-node\">Bras\u00edlia<\/span><a class=\"focusIndicatorReducedWidth bbc-n8oauk e1p3sufg0\" href=\"https:\/\/www.bbc.com\/portuguese\/articles\/c36pzy8px12o\" data-pf_style_display=\"inline\" data-pf_style_visibility=\"visible\"><span class=\"text-node\">,<\/span><\/a><span class=\"text-node\"> o diretor-geral da Pol\u00edcia Federal, Andrei Rodrigues, afirmou que &#8220;grupos extremistas est\u00e3o ativos&#8221;. <\/span><\/p>\n<\/div>\n<p><!--more--><\/p>\n<div class=\"bbc-19j92fr ebmt73l0\" dir=\"ltr\" data-pf_style_display=\"block\" data-pf_style_visibility=\"visible\">\n<p class=\"bbc-hhl7in e17g058b0 added-to-list1\" dir=\"ltr\" data-pf_style_display=\"block\" data-pf_style_visibility=\"visible\"><span class=\"text-node\">Rodrigues disse que o epis\u00f3dio &#8220;n\u00e3o \u00e9 fato isolado&#8221; e est\u00e1 &#8220;conectado com v\u00e1rias outras a\u00e7\u00f5es que a PF tem investigado no per\u00edodo recente&#8221;. <\/span><\/p>\n<\/div>\n<div class=\"bbc-19j92fr ebmt73l0\" dir=\"ltr\" data-pf_style_display=\"block\" data-pf_style_visibility=\"visible\">\n<p class=\"bbc-hhl7in e17g058b0 added-to-list1\" dir=\"ltr\" data-pf_style_display=\"block\" data-pf_style_visibility=\"visible\"><span class=\"text-node\">Nesta quinta-feira (14\/11), Rodrigues declarou, ainda, que a situa\u00e7\u00e3o requer que a Pol\u00edcia Federal e todo o sistema de justi\u00e7a criminal atuem &#8220;de maneira en\u00e9rgica&#8221;. <\/span><\/p>\n<\/div>\n<div class=\"bbc-19j92fr ebmt73l0\" dir=\"ltr\" data-pf_style_display=\"block\" data-pf_style_visibility=\"visible\">\n<p class=\"bbc-hhl7in e17g058b0 added-to-list1\" dir=\"ltr\" data-pf_style_display=\"block\" data-pf_style_visibility=\"visible\"><span class=\"text-node\">Um inqu\u00e9rito policial foi instaurado, sob sigilo, e as autoridades trabalham com a hip\u00f3tese de atentado contra o Estado Democr\u00e1tico de Direito e atos terroristas, segundo a PF. O caso tamb\u00e9m ser\u00e1 investigado pelo Supremo Tribunal Federal (STF).<\/span><\/p>\n<\/div>\n<section class=\"bbc-geybui\" role=\"region\" aria-label=\"Publicidade 2\" aria-hidden=\"true\" data-e2e=\"advertisement\" data-pf_style_display=\"block\" data-pf_style_visibility=\"visible\"><\/section>\n<div class=\"bbc-19j92fr ebmt73l0\" dir=\"ltr\" data-pf_style_display=\"block\" data-pf_style_visibility=\"visible\">\n<p class=\"bbc-hhl7in e17g058b0 added-to-list1\" dir=\"ltr\" data-pf_style_display=\"block\" data-pf_style_visibility=\"visible\"><span class=\"text-node\">&#8220;Determinei instaura\u00e7\u00e3o de inqu\u00e9rito policial, que foi inicialmente feito aqui na superintend\u00eancia da Pol\u00edcia Federal, e encaminhamento \u00e0 Suprema Corte, em raz\u00e3o das hip\u00f3teses criminais de atos que atentam contra o estado democr\u00e1tico de direito e tamb\u00e9m de atos terroristas.&#8221;<\/span><\/p>\n<\/div>\n<figure class=\"bbc-1qn0xuy pf-caption added-to-list1 flex-width mediumImage pf-size-full\" data-pf_style_display=\"block\" data-pf_style_visibility=\"visible\">\n<div class=\"bbc-j1srjl\" data-pf_style_display=\"block\" data-pf_style_visibility=\"visible\"><img data-recalc-dims=\"1\" decoding=\"async\" class=\"bbc-139onq pf-large-image caption-img flex-width pf-size-full mediumImage\" src=\"https:\/\/i0.wp.com\/ichef.bbci.co.uk\/ace\/ws\/640\/cpsprodpb\/e476\/live\/d4549690-a2ad-11ef-bdf5-b7cb2fa86e10.png.webp?w=600&#038;ssl=1\" sizes=\"(min-width: 1008px) 760px, 100vw\" srcset=\"\" alt=\"Gr\u00e1fico localiza ponto da explos\u00e3o\"  data-pf_style_display=\"inline\" data-pf_style_visibility=\"visible\" data-pf_rect_width=\"239.03125\" data-pf_rect_height=\"18\" \/><\/div><figcaption class=\"bbc-15f1ujd\" dir=\"ltr\" data-pf_style_display=\"block\" data-pf_style_visibility=\"visible\"><span role=\"text\" data-pf_style_display=\"inline\" data-pf_style_visibility=\"visible\"><span class=\"bbc-m04vo2\" data-pf_style_display=\"inline\" data-pf_style_visibility=\"visible\"><span class=\"text-node\">Legenda da foto, <\/span><\/span><span data-testid=\"caption-paragraph\" data-pf_style_display=\"inline\" data-pf_style_visibility=\"visible\"><span class=\"text-node\">Ap\u00f3s uma primeira explos\u00e3o em estacionamento entre o STF e o Anexo IV da C\u00e2mara dos Deputados, outra explos\u00e3o ocorreu na Pra\u00e7a dos Tr\u00eas Poderes (local indicado acima)<\/span><\/span><\/span><\/figcaption><\/figure>\n<div class=\"bbc-19j92fr ebmt73l0\" dir=\"ltr\" data-pf_style_display=\"block\" data-pf_style_visibility=\"visible\">\n<p class=\"bbc-hhl7in e17g058b0 added-to-list1\" dir=\"ltr\" data-pf_style_display=\"block\" data-pf_style_visibility=\"visible\"><span class=\"text-node\">Rodrigues disse que &#8220;h\u00e1 ind\u00edcios de um planejamento de longo prazo&#8221;.<\/span><\/p>\n<\/div>\n<div class=\"bbc-19j92fr ebmt73l0\" dir=\"ltr\" data-pf_style_display=\"block\" data-pf_style_visibility=\"visible\">\n<p class=\"bbc-hhl7in e17g058b0 added-to-list1\" dir=\"ltr\" data-pf_style_display=\"block\" data-pf_style_visibility=\"visible\"><span class=\"text-node\">Um boletim de ocorr\u00eancia da Pol\u00edcia Civil do Distrito Federal<\/span><a class=\"focusIndicatorReducedWidth bbc-n8oauk e1p3sufg0\" href=\"https:\/\/www.bbc.com\/portuguese\/articles\/c8xp9l4qxxjo\" data-pf_style_display=\"inline\" data-pf_style_visibility=\"visible\"><span class=\"text-node\"> identificou o homem que morreu como Francisco Wanderley Luiz<\/span><\/a><span class=\"text-node\">. Ele pr\u00f3prio lan\u00e7ou artefatos em dire\u00e7\u00e3o ao STF, segundo as investiga\u00e7\u00f5es, e depois se deitou sobre um explosivo, que foi detonado.<\/span><\/p>\n<\/div>\n<div class=\"bbc-19j92fr ebmt73l0\" dir=\"ltr\" data-pf_style_display=\"block\" data-pf_style_visibility=\"visible\">\n<p class=\"bbc-hhl7in e17g058b0 added-to-list1\" dir=\"ltr\" data-pf_style_display=\"block\" data-pf_style_visibility=\"visible\"><span class=\"text-node\">O diretor da PF afirmou que Wanderley Luiz j\u00e1 esteve em Bras\u00edlia em outras oportunidades, <\/span><a class=\"focusIndicatorReducedWidth bbc-n8oauk e1p3sufg0\" href=\"https:\/\/www.bbc.com\/portuguese\/topics\/cpxrg83gnxgt\" data-pf_style_display=\"inline\" data-pf_style_visibility=\"visible\"><span class=\"text-node\">inclusive no come\u00e7o de 2023, quando aconteceram ataques \u00e0 sede dos tr\u00eas poderes por apoiadores do ex-presidente Jair Bolsonaro<\/span><\/a><span class=\"text-node\">. <\/span><\/p>\n<\/div>\n<div class=\"bbc-19j92fr ebmt73l0\" dir=\"ltr\" data-pf_style_display=\"block\" data-pf_style_visibility=\"visible\">\n<p class=\"bbc-hhl7in e17g058b0 added-to-list1\" dir=\"ltr\" data-pf_style_display=\"block\" data-pf_style_visibility=\"visible\"><span class=\"text-node\">&#8220;Ainda \u00e9 cedo dizer se houve participa\u00e7\u00e3o direta nos atos de 8 de janeiro. Isso a investiga\u00e7\u00e3o apontar\u00e1.&#8221;<\/span><\/p>\n<\/div>\n<figure class=\"bbc-1qn0xuy pf-caption added-to-list1 flex-width mediumImage pf-size-full\" data-pf_style_display=\"block\" data-pf_style_visibility=\"visible\">\n<div class=\"bbc-j1srjl\" data-pf_style_display=\"block\" data-pf_style_visibility=\"visible\">\n<p><img data-recalc-dims=\"1\" decoding=\"async\" class=\"bbc-139onq pf-large-image caption-img flex-width pf-size-full mediumImage\" src=\"https:\/\/i0.wp.com\/ichef.bbci.co.uk\/ace\/ws\/640\/cpsprodpb\/b479\/live\/9a2e6f60-a2a6-11ef-bdf5-b7cb2fa86e10.jpg.webp?w=600&#038;ssl=1\" sizes=\"(min-width: 1008px) 760px, 100vw\" srcset=\"\" alt=\"Andrei Rodrigues, um homem branco, de cabelo escuro e barba grisalha, fala no microfone\"  data-pf_style_display=\"inline\" data-pf_style_visibility=\"visible\" data-pf_rect_width=\"599.796875\" data-pf_rect_height=\"18\" \/><\/p>\n<p class=\"bbc-by8ykd added-to-list1\" role=\"text\" data-pf_style_display=\"block\" data-pf_style_visibility=\"visible\"><span class=\"bbc-m04vo2\" data-pf_style_display=\"inline\" data-pf_style_visibility=\"visible\"><span class=\"text-node\">Cr\u00e9dito, <\/span><\/span><span lang=\"en-GB\" data-pf_style_display=\"inline\" data-pf_style_visibility=\"visible\"><span class=\"text-node\">Reuters<\/span><\/span><\/p>\n<\/div><figcaption class=\"bbc-15f1ujd\" dir=\"ltr\" data-pf_style_display=\"block\" data-pf_style_visibility=\"visible\"><span role=\"text\" data-pf_style_display=\"inline\" data-pf_style_visibility=\"visible\"><span class=\"bbc-m04vo2\" data-pf_style_display=\"inline\" data-pf_style_visibility=\"visible\"><span class=\"text-node\">Legenda da foto, <\/span><\/span><span data-testid=\"caption-paragraph\" data-pf_style_display=\"inline\" data-pf_style_visibility=\"visible\"><span class=\"text-node\">Andrei Rodrigues disse que as explos\u00f5es n\u00e3o s\u00e3o fato isolado<\/span><\/span><\/span><\/figcaption><\/figure>\n<div class=\"bbc-4quw3x e1rfboeq7\" dir=\"ltr\" data-pf_style_display=\"block\" data-pf_style_visibility=\"visible\">\n<div class=\"bbc-19j92fr ebmt73l0\" dir=\"ltr\" data-pf_style_display=\"block\" data-pf_style_visibility=\"visible\">\n<p class=\"bbc-hhl7in e17g058b0 added-to-list1\" dir=\"ltr\" data-pf_style_display=\"block\" data-pf_style_visibility=\"visible\"><span class=\"text-node\">Rodrigues disse ainda que os artefatos usados foram constru\u00eddos de maneira artesanal, mas com grande poder de les\u00e3o. <\/span><\/p>\n<\/div>\n<div class=\"bbc-19j92fr ebmt73l0\" dir=\"ltr\" data-pf_style_display=\"block\" data-pf_style_visibility=\"visible\">\n<p class=\"bbc-hhl7in e17g058b0 added-to-list1\" dir=\"ltr\" data-pf_style_display=\"block\" data-pf_style_visibility=\"visible\"><span class=\"text-node\">&#8220;Vamos tentar estudar o processo produtivo para tentar identificar a origem desse material explosivo&#8221;, afirmou.<\/span><\/p>\n<\/div>\n<div class=\"bbc-19j92fr ebmt73l0\" dir=\"ltr\" data-pf_style_display=\"block\" data-pf_style_visibility=\"visible\">\n<p class=\"bbc-hhl7in e17g058b0 added-to-list1\" dir=\"ltr\" data-pf_style_display=\"block\" data-pf_style_visibility=\"visible\"><span class=\"text-node\">As autoridades apreenderam um celular e explosivos na casa em que Luiz havia alugado. Ele contou que a equipe fez buscas com um rob\u00f4 antibombas e que, ao abrir uma gaveta para fazer uma busca, houve uma explos\u00e3o. &#8220;O uso do rob\u00f4 salvou a vida de alguns policiais.&#8221;<\/span><\/p>\n<\/div>\n<div class=\"bbc-19j92fr ebmt73l0\" dir=\"ltr\" data-pf_style_display=\"block\" data-pf_style_visibility=\"visible\">\n<p class=\"bbc-hhl7in e17g058b0 added-to-list1\" dir=\"ltr\" data-pf_style_display=\"block\" data-pf_style_visibility=\"visible\"><span class=\"text-node\">Imagens das c\u00e2meras de seguran\u00e7a do Supremo mostram o homem identificado como Wanderley Luiz aparece se aproximando do pr\u00e9dio do Supremo. Ele lan\u00e7a algo em dire\u00e7\u00e3o \u00e0 est\u00e1tua da Justi\u00e7a.<\/span><\/p>\n<\/div>\n<div class=\"bbc-19j92fr ebmt73l0\" dir=\"ltr\" data-pf_style_display=\"block\" data-pf_style_visibility=\"visible\">\n<p class=\"bbc-hhl7in e17g058b0 added-to-list1\" dir=\"ltr\" data-pf_style_display=\"block\" data-pf_style_visibility=\"visible\"><span class=\"text-node\">Um seguran\u00e7a do STF se aproxima e aborda Wanderley Luiz, que recua. No entanto, pouco depois, ele lan\u00e7a um artefato em dire\u00e7\u00e3o ao STF. Ent\u00e3o lan\u00e7a outro, que explode instantes depois. Em seguida, acende mais um e se deita com a cabe\u00e7a sobre o explosivo, que \u00e9 detonado.<\/span><\/p>\n<\/div>\n<h2 id=\"Excandidato-a-vereador-pelo-PL\" class=\"bbc-1lgzob2 eglt09e0\" tabindex=\"-1\" data-pf_style_display=\"block\" data-pf_style_visibility=\"visible\"><span class=\"text-node\">Ex-candidato a vereador pelo PL<\/span><\/h2>\n<figure class=\"bbc-1qn0xuy pf-caption added-to-list1 flex-width mediumImage pf-size-full\" data-pf_style_display=\"block\" data-pf_style_visibility=\"visible\">\n<div class=\"bbc-j1srjl\" data-pf_style_display=\"block\" data-pf_style_visibility=\"visible\">\n<p><img data-recalc-dims=\"1\" decoding=\"async\" class=\"bbc-139onq pf-large-image caption-img flex-width pf-size-full mediumImage\" src=\"https:\/\/i0.wp.com\/ichef.bbci.co.uk\/ace\/ws\/640\/cpsprodpb\/5a76\/live\/83d053b0-a2a0-11ef-a4fe-a3e9a6c5d640.png.webp?w=600&#038;ssl=1\" sizes=\"(min-width: 1008px) 760px, 100vw\" srcset=\"\" alt=\"Homem de \u00f3culos com molhos de chaves no fundo\"  data-pf_style_display=\"inline\" data-pf_style_visibility=\"visible\" data-pf_rect_width=\"343.046875\" data-pf_rect_height=\"18\" \/><\/p>\n<p class=\"bbc-by8ykd added-to-list1\" role=\"text\" data-pf_style_display=\"block\" data-pf_style_visibility=\"visible\"><span class=\"bbc-m04vo2\" data-pf_style_display=\"inline\" data-pf_style_visibility=\"visible\"><span class=\"text-node\">Cr\u00e9dito, <\/span><\/span><span lang=\"en-GB\" data-pf_style_display=\"inline\" data-pf_style_visibility=\"visible\"><span class=\"text-node\">Reprodu\u00e7\u00e3o\/Youtube<\/span><\/span><\/p>\n<\/div><figcaption class=\"bbc-15f1ujd\" dir=\"ltr\" data-pf_style_display=\"block\" data-pf_style_visibility=\"visible\"><span role=\"text\" data-pf_style_display=\"inline\" data-pf_style_visibility=\"visible\"><span class=\"bbc-m04vo2\" data-pf_style_display=\"inline\" data-pf_style_visibility=\"visible\"><span class=\"text-node\">Legenda da foto, <\/span><\/span><span data-testid=\"caption-paragraph\" data-pf_style_display=\"inline\" data-pf_style_visibility=\"visible\"><span class=\"text-node\">Francisco Wanderley Luiz era chaveiro no interior de Santa Catarina e concorreu a vereador com o nome de Ti\u00fc Fran\u00e7a<\/span><\/span><\/span><\/figcaption><\/figure>\n<div class=\"bbc-19j92fr ebmt73l0\" dir=\"ltr\" data-pf_style_display=\"block\" data-pf_style_visibility=\"visible\">\n<p class=\"bbc-hhl7in e17g058b0 added-to-list1\" dir=\"ltr\" data-pf_style_display=\"block\" data-pf_style_visibility=\"visible\"><span class=\"text-node\">Wanderley Luiz disputou a elei\u00e7\u00e3o de 2020 na cidade de Rio do Sul, em Santa Catarina, pelo Partido Liberal (PL), legenda do ex-presidente Jair Bolsonaro. Mas Wanderley Luiz n\u00e3o conseguiu n\u00famero de votos suficientes para ser eleito vereador.<\/span><\/p>\n<\/div>\n<div class=\"bbc-19j92fr ebmt73l0\" dir=\"ltr\" data-pf_style_display=\"block\" data-pf_style_visibility=\"visible\">\n<p class=\"bbc-hhl7in e17g058b0 added-to-list1\" dir=\"ltr\" data-pf_style_display=\"block\" data-pf_style_visibility=\"visible\"><span class=\"text-node\">Nas urnas, ele se identificou como Ti\u00fc Fran\u00e7a. <\/span><\/p>\n<\/div>\n<div class=\"bbc-19j92fr ebmt73l0\" dir=\"ltr\" data-pf_style_display=\"block\" data-pf_style_visibility=\"visible\">\n<p class=\"bbc-hhl7in e17g058b0 added-to-list1\" dir=\"ltr\" data-pf_style_display=\"block\" data-pf_style_visibility=\"visible\"><span class=\"text-node\">Um perfil no Facebook com esse nome, que n\u00e3o est\u00e1 mais dispon\u00edvel, mostrava uma foto dele dentro do STF e o texto: &#8220;Deixaram a raposa entrar no galinheiro (chiqueiro) ou n\u00e3o sabem o tamanho das presas ou \u00e9 burrice mesmo.&#8221; Ele tamb\u00e9m deixou mensagens afirmando ter colocado bombas na casa de um jornalista e pol\u00edticos.<\/span><\/p>\n<\/div>\n<div class=\"bbc-19j92fr ebmt73l0\" dir=\"ltr\" data-pf_style_display=\"block\" data-pf_style_visibility=\"visible\">\n<p class=\"bbc-hhl7in e17g058b0 added-to-list1\" dir=\"ltr\" data-pf_style_display=\"block\" data-pf_style_visibility=\"visible\"><span class=\"text-node\">Em outra mensagem, ele profere mais amea\u00e7as. &#8220;Cuidado ao abrir gavetas, arm\u00e1rio, estantes, dep\u00f3sito de mat\u00e9rias etc. In\u00edcio 17h48 do dia 13\/11\/2024&#8230;O jogo acaba dia 16\/11\/2024. Boa sorte!!!&#8221;<\/span><\/p>\n<\/div>\n<div class=\"bbc-19j92fr ebmt73l0\" dir=\"ltr\" data-pf_style_display=\"block\" data-pf_style_visibility=\"visible\">\n<p class=\"bbc-hhl7in e17g058b0 added-to-list1\" dir=\"ltr\" data-pf_style_display=\"block\" data-pf_style_visibility=\"visible\"><span class=\"text-node\">Entre as mensagens publicadas, havia cr\u00edticas ao STF. \u201cTudo o que j\u00e1 foi feito para obtermos melhorias em nosso Pa\u00eds e nada deu resultados!!! \u00c9 hora de mudarmos os caminhos e a\u00e7\u00f5es!!! Onde est\u00e1 o grande problema? No judici\u00e1rio(STF).\u201d<\/span><\/p>\n<\/div>\n<h2 id=\"Crescente-preocupa\u00e7\u00e3o-com-seguran\u00e7a-do-STF\" class=\"bbc-1lgzob2 eglt09e0\" tabindex=\"-1\" data-pf_style_display=\"block\" data-pf_style_visibility=\"visible\"><span class=\"text-node\">Crescente preocupa\u00e7\u00e3o com seguran\u00e7a do STF<\/span><\/h2>\n<div class=\"bbc-19j92fr ebmt73l0\" dir=\"ltr\" data-pf_style_display=\"block\" data-pf_style_visibility=\"visible\">\n<p class=\"bbc-hhl7in e17g058b0 added-to-list1\" dir=\"ltr\" data-pf_style_display=\"block\" data-pf_style_visibility=\"visible\"><span class=\"text-node\">A seguran\u00e7a do STF tem sido uma preocupa\u00e7\u00e3o frequentemente apontada pelo \u00f3rg\u00e3o e por seus ministros desde o governo do ex-presidente Jair Bolsonaro (PL), que em diversas ocasi\u00f5es amea\u00e7ou descumprir decis\u00f5es da corte e destratou ministros, em especial Alexandre de Moraes, que vem conduzindo inqu\u00e9ritos que t\u00eam como alvo propagadores de not\u00edcias falsas e mil\u00edcias digitais.<\/span><\/p>\n<\/div>\n<div class=\"bbc-19j92fr ebmt73l0\" dir=\"ltr\" data-pf_style_display=\"block\" data-pf_style_visibility=\"visible\">\n<p class=\"bbc-hhl7in e17g058b0 added-to-list1\" dir=\"ltr\" data-pf_style_display=\"block\" data-pf_style_visibility=\"visible\"><span class=\"text-node\">Em protestos bolsonaristas, cartazes e manifestantes muitas vezes pediam o fechamento do STF.<\/span><\/p>\n<\/div>\n<div class=\"bbc-19j92fr ebmt73l0\" dir=\"ltr\" data-pf_style_display=\"block\" data-pf_style_visibility=\"visible\">\n<p class=\"bbc-hhl7in e17g058b0 added-to-list1\" dir=\"ltr\" data-pf_style_display=\"block\" data-pf_style_visibility=\"visible\"><span class=\"text-node\">Em 8 de janeiro de 2023, a situa\u00e7\u00e3o culminou com a invas\u00e3o e vandaliza\u00e7\u00e3o de pr\u00e9dios na Pra\u00e7a dos Tr\u00eas Poderes por parte de apoiadores de Bolsonaro, que havia sido derrotado na elei\u00e7\u00e3o do ano anterior. O STF foi um dos pr\u00e9dios mais destru\u00eddos nos ataques.<\/span><\/p>\n<\/div>\n<div class=\"bbc-19j92fr ebmt73l0\" dir=\"ltr\" data-pf_style_display=\"block\" data-pf_style_visibility=\"visible\">\n<p class=\"bbc-hhl7in e17g058b0 added-to-list1\" dir=\"ltr\" data-pf_style_display=\"block\" data-pf_style_visibility=\"visible\"><span class=\"text-node\">Moraes j\u00e1 tinha sido amea\u00e7ado de morte por pelo menos dois homens, que foram presos em 2021.<\/span><\/p>\n<\/div>\n<div class=\"bbc-19j92fr ebmt73l0\" dir=\"ltr\" data-pf_style_display=\"block\" data-pf_style_visibility=\"visible\">\n<p class=\"bbc-hhl7in e17g058b0 added-to-list1\" dir=\"ltr\" data-pf_style_display=\"block\" data-pf_style_visibility=\"visible\"><span class=\"text-node\">O ministro afirma tamb\u00e9m ter sido hostilizado junto com a fam\u00edlia no aeroporto de Roma, na It\u00e1lia, em 2023. Um casal e o genro, acusados de xingar Moraes, est\u00e3o respondendo pelo caso na Justi\u00e7a.<\/span><\/p>\n<\/div>\n<div class=\"bbc-19j92fr ebmt73l0\" dir=\"ltr\" data-pf_style_display=\"block\" data-pf_style_visibility=\"visible\">\n<p class=\"bbc-hhl7in e17g058b0 added-to-list1\" dir=\"ltr\" data-pf_style_display=\"block\" data-pf_style_visibility=\"visible\"><span class=\"text-node\">Em novembro de 2022, ap\u00f3s a derrota de Bolsonaro nas elei\u00e7\u00f5es, o ministro Lu\u00eds Roberto Barroso foi abordado de forma hostil por brasileiros nos Estados Unidos. A um deles, que questionava a confiabilidade do sistema eleitoral, Barroso respondeu com a frase &#8220;perdeu, man\u00e9, n\u00e3o amola&#8221;, que ganhou as manchetes.<\/span><\/p>\n<\/div>\n<div class=\"bbc-19j92fr ebmt73l0\" dir=\"ltr\" data-pf_style_display=\"block\" data-pf_style_visibility=\"visible\">\n<p class=\"bbc-hhl7in e17g058b0 added-to-list1\" dir=\"ltr\" data-pf_style_display=\"block\" data-pf_style_visibility=\"visible\"><span class=\"text-node\">A Corte tem uma Secretaria de Seguran\u00e7a e policiais pr\u00f3prios, que atuam nas depend\u00eancias do STF e acompanham os ministros em viagens ou em suas pr\u00f3prias casas. A seguran\u00e7a deles foi refor\u00e7ada nos \u00faltimos anos.<\/span><\/p>\n<\/div>\n<div class=\"bbc-19j92fr ebmt73l0\" dir=\"ltr\" data-pf_style_display=\"block\" data-pf_style_visibility=\"visible\">\n<p class=\"bbc-hhl7in e17g058b0 added-to-list1\" dir=\"ltr\" data-pf_style_display=\"block\" data-pf_style_visibility=\"visible\"><span class=\"text-node\">&#8220;At\u00e9 pouco tempo atr\u00e1s, os ministros do Supremo Tribunal Federal circulavam em agendas pessoais e at\u00e9 institucionais inteiramente s\u00f3s. Infelizmente, nos \u00faltimos anos, fomentou-se um tipo de agressividade e de hostilidade que passaram a exigir o refor\u00e7o da seguran\u00e7a em todas as situa\u00e7\u00f5es. As autoridades p\u00fablicas de todos os poderes circulam com esse tipo de prote\u00e7\u00e3o seja em eventos privados, seja em eventos p\u00fablicos&#8221;, escreveu o presidente do STF, Lu\u00eds Roberto Barroso, em nota de junho.<\/span><\/p>\n<\/div>\n<\/div>\n","protected":false},"excerpt":{"rendered":"<p>BBC &#8211; Ap\u00f3s as explos\u00f5es que aconteceram na noite de quarta-feira (13\/11) em frente ao Supremo Tribunal Federal (STF), em Bras\u00edlia, o diretor-geral da Pol\u00edcia Federal, Andrei Rodrigues, afirmou que &#8220;grupos extremistas est\u00e3o ativos&#8221;.<\/p>\n","protected":false},"author":1,"featured_media":0,"comment_status":"closed","ping_status":"open","sticky":false,"template":"","format":"standard","meta":{"_exactmetrics_skip_tracking":false,"_exactmetrics_sitenote_active":false,"_exactmetrics_sitenote_note":"","_exactmetrics_sitenote_category":0,"jetpack_post_was_ever_published":false,"_jetpack_newsletter_access":"","_jetpack_dont_email_post_to_subs":false,"_jetpack_newsletter_tier_id":0,"_jetpack_memberships_contains_paywalled_content":false,"_jetpack_memberships_contains_paid_content":false,"footnotes":"","jetpack_publicize_message":"","jetpack_publicize_feature_enabled":true,"jetpack_social_post_already_shared":true,"jetpack_social_options":{"image_generator_settings":{"template":"highway","enabled":false},"version":2}},"categories":[1],"tags":[796,1192,1149,30],"class_list":["post-36227","post","type-post","status-publish","format-standard","hentry","category-notas","tag-bolsonarismo","tag-bomba","tag-pl","tag-stf"],"jetpack_publicize_connections":[],"jetpack_sharing_enabled":true,"jetpack_featured_media_url":"","jetpack_shortlink":"https:\/\/wp.me\/p7wKYW-9qj","jetpack-related-posts":[],"_links":{"self":[{"href":"http:\/\/blogdalucianaoliveira.com.br\/blog\/wp-json\/wp\/v2\/posts\/36227","targetHints":{"allow":["GET"]}}],"collection":[{"href":"http:\/\/blogdalucianaoliveira.com.br\/blog\/wp-json\/wp\/v2\/posts"}],"about":[{"href":"http:\/\/blogdalucianaoliveira.com.br\/blog\/wp-json\/wp\/v2\/types\/post"}],"author":[{"embeddable":true,"href":"http:\/\/blogdalucianaoliveira.com.br\/blog\/wp-json\/wp\/v2\/users\/1"}],"replies":[{"embeddable":true,"href":"http:\/\/blogdalucianaoliveira.com.br\/blog\/wp-json\/wp\/v2\/comments?post=36227"}],"version-history":[{"count":3,"href":"http:\/\/blogdalucianaoliveira.com.br\/blog\/wp-json\/wp\/v2\/posts\/36227\/revisions"}],"predecessor-version":[{"id":36231,"href":"http:\/\/blogdalucianaoliveira.com.br\/blog\/wp-json\/wp\/v2\/posts\/36227\/revisions\/36231"}],"wp:attachment":[{"href":"http:\/\/blogdalucianaoliveira.com.br\/blog\/wp-json\/wp\/v2\/media?parent=36227"}],"wp:term":[{"taxonomy":"category","embeddable":true,"href":"http:\/\/blogdalucianaoliveira.com.br\/blog\/wp-json\/wp\/v2\/categories?post=36227"},{"taxonomy":"post_tag","embeddable":true,"href":"http:\/\/blogdalucianaoliveira.com.br\/blog\/wp-json\/wp\/v2\/tags?post=36227"}],"curies":[{"name":"wp","href":"https:\/\/api.w.org\/{rel}","templated":true}]}}