{"id":36241,"date":"2024-11-19T08:50:50","date_gmt":"2024-11-19T12:50:50","guid":{"rendered":"http:\/\/blogdalucianaoliveira.com.br\/blog\/?p=36241"},"modified":"2024-11-19T08:50:50","modified_gmt":"2024-11-19T12:50:50","slug":"pf-prende-militares-suspeitos-de-planejar-matar-lula-e-alckmin-em-2022","status":"publish","type":"post","link":"http:\/\/blogdalucianaoliveira.com.br\/blog\/2024\/11\/19\/pf-prende-militares-suspeitos-de-planejar-matar-lula-e-alckmin-em-2022\/","title":{"rendered":"PF prende militares suspeitos de planejar matar Lula e Alckmin em 2022"},"content":{"rendered":"<p><img data-recalc-dims=\"1\" loading=\"lazy\" decoding=\"async\" data-attachment-id=\"36242\" data-permalink=\"http:\/\/blogdalucianaoliveira.com.br\/blog\/2024\/11\/19\/pf-prende-militares-suspeitos-de-planejar-matar-lula-e-alckmin-em-2022\/img_3248\/\" data-orig-file=\"https:\/\/i0.wp.com\/blogdalucianaoliveira.com.br\/blog\/wp-content\/uploads\/2024\/11\/IMG_3248.webp?fit=1170%2C700\" data-orig-size=\"1170,700\" data-comments-opened=\"0\" data-image-meta=\"{&quot;aperture&quot;:&quot;0&quot;,&quot;credit&quot;:&quot;&quot;,&quot;camera&quot;:&quot;&quot;,&quot;caption&quot;:&quot;&quot;,&quot;created_timestamp&quot;:&quot;0&quot;,&quot;copyright&quot;:&quot;&quot;,&quot;focal_length&quot;:&quot;0&quot;,&quot;iso&quot;:&quot;0&quot;,&quot;shutter_speed&quot;:&quot;0&quot;,&quot;title&quot;:&quot;&quot;,&quot;orientation&quot;:&quot;0&quot;}\" data-image-title=\"IMG_3248\" data-image-description=\"\" data-image-caption=\"\" data-medium-file=\"https:\/\/i0.wp.com\/blogdalucianaoliveira.com.br\/blog\/wp-content\/uploads\/2024\/11\/IMG_3248.webp?fit=300%2C179\" data-large-file=\"https:\/\/i0.wp.com\/blogdalucianaoliveira.com.br\/blog\/wp-content\/uploads\/2024\/11\/IMG_3248.webp?fit=600%2C359\" class=\"alignnone size-full wp-image-36242\" src=\"https:\/\/i0.wp.com\/blogdalucianaoliveira.com.br\/blog\/wp-content\/uploads\/2024\/11\/IMG_3248.webp?resize=600%2C359\" alt=\"\" width=\"600\" height=\"359\" srcset=\"https:\/\/i0.wp.com\/blogdalucianaoliveira.com.br\/blog\/wp-content\/uploads\/2024\/11\/IMG_3248.webp?w=1170 1170w, https:\/\/i0.wp.com\/blogdalucianaoliveira.com.br\/blog\/wp-content\/uploads\/2024\/11\/IMG_3248.webp?resize=300%2C179 300w, https:\/\/i0.wp.com\/blogdalucianaoliveira.com.br\/blog\/wp-content\/uploads\/2024\/11\/IMG_3248.webp?resize=1024%2C613 1024w, https:\/\/i0.wp.com\/blogdalucianaoliveira.com.br\/blog\/wp-content\/uploads\/2024\/11\/IMG_3248.webp?resize=768%2C459 768w, https:\/\/i0.wp.com\/blogdalucianaoliveira.com.br\/blog\/wp-content\/uploads\/2024\/11\/IMG_3248.webp?resize=501%2C300 501w\" sizes=\"auto, (max-width: 600px) 100vw, 600px\" \/><\/p>\n<p>Ag\u00eancia Brasil &#8211; A Pol\u00edcia Federal (PF) deflagrou nesta ter\u00e7a-feira (19) uma opera\u00e7\u00e3o para desarticular organiza\u00e7\u00e3o criminosa respons\u00e1vel por planejar um golpe de Estado para impedir a posse do presidente Luiz In\u00e1cio Lula da Silva ap\u00f3s o pleito de 2022. O plano inclu\u00eda o assassinato de Lula e do vice-presidente Geraldo Alckmin.<img data-recalc-dims=\"1\" decoding=\"async\" src=\"https:\/\/i0.wp.com\/agenciabrasil.ebc.com.br\/ebc.png?w=600&#038;ssl=1\" \/><img data-recalc-dims=\"1\" decoding=\"async\" src=\"https:\/\/i0.wp.com\/agenciabrasil.ebc.com.br\/ebc.gif?w=600&#038;ssl=1\" \/><!--more--><\/p>\n<p>&#8220;Foi identificada a exist\u00eancia de um detalhado planejamento operacional, denominado \u201cPunhal Verde e Amarelo\u201d, que seria executado no dia 15 de dezembro de 2022, voltado ao homic\u00eddio dos candidatos \u00e0 Presid\u00eancia e Vice-Presid\u00eancia da Rep\u00fablica eleitos&#8221;.<\/p>\n<p>Os criminosos tamb\u00e9m planejavam restringir o livre exerc\u00edcio do Poder Judici\u00e1rio. \u201cAinda estavam nos planos a pris\u00e3o e a execu\u00e7\u00e3o de um ministro do Supremo Tribunal Federal (STF), que vinha sendo monitorado continuamente, caso o golpe de Estado fosse consumado\u201d, destacou a PF.<\/p>\n<p>Em opera\u00e7\u00e3o deflagrada em fevereiro, a <a href=\"https:\/\/agenciabrasil.ebc.com.br\/geral\/noticia\/2024-02\/operacao-da-pf-investiga-tentativa-de-golpe-de-estado\" target=\"_blank\" rel=\"noopener\">PF j\u00e1 investigava um grupo<\/a> que atuou na tentativa de golpe de Estado e que monitorava o ministro Alexandre de Moraes.<\/p>\n<p>\u201cO planejamento elaborado pelos investigados detalhava os recursos humanos e b\u00e9licos necess\u00e1rios para o desencadeamento das a\u00e7\u00f5es, com uso de t\u00e9cnicas operacionais militares avan\u00e7adas, al\u00e9m de posterior institui\u00e7\u00e3o de um \u2018gabinete institucional de gest\u00e3o de crise\u2019, a ser integrado pelos pr\u00f3prios investigados para o gerenciamento de conflitos institucionais originados em decorr\u00eancia das a\u00e7\u00f5es.\u201d<\/p>\n<h2>Mandados<\/h2>\n<p>A Opera\u00e7\u00e3o Contragolpe j\u00e1 cumpriu cinco mandados de pris\u00e3o preventiva, e cumpre ainda tr\u00eas mandados de busca e apreens\u00e3o e 15 medidas cautelares diversas, que incluem a proibi\u00e7\u00e3o de manter contato com demais investigados; a proibi\u00e7\u00e3o de se ausentar do pa\u00eds, com entrega de passaportes no prazo de 24 (vinte e quatro) horas; e a suspens\u00e3o do exerc\u00edcio de fun\u00e7\u00f5es p\u00fablicas.<\/p>\n<p>O Ex\u00e9rcito Brasileiro acompanhou o cumprimento dos mandados, que est\u00e3o sendo efetivados nos estados do Rio de Janeiro, de Goi\u00e1s e do Amazonas, al\u00e9m do Distrito Federal.<\/p>\n<p>\u201cAs investiga\u00e7\u00f5es apontam que a organiza\u00e7\u00e3o criminosa se utilizou de elevado n\u00edvel de conhecimento t\u00e9cnico-militar para planejar, coordenar e executar a\u00e7\u00f5es il\u00edcitas nos meses de novembro e dezembro de 2022. Os investigados s\u00e3o, em sua maioria, militares com forma\u00e7\u00e3o em for\u00e7as especiais\u201d, destacou a PF em nota.<\/p>\n<p>Os fatos investigados, segundo a corpora\u00e7\u00e3o, configuram crimes de aboli\u00e7\u00e3o violenta do Estado Democr\u00e1tico de Direito, golpe de Estado e organiza\u00e7\u00e3o criminosa.<\/p>\n<div class=\"noticias-relacionadas rel-position rowflex\"><\/div>\n","protected":false},"excerpt":{"rendered":"<p>Ag\u00eancia Brasil &#8211; A Pol\u00edcia Federal (PF) deflagrou nesta ter\u00e7a-feira (19) uma opera\u00e7\u00e3o para desarticular organiza\u00e7\u00e3o criminosa respons\u00e1vel por planejar um golpe de Estado para impedir a posse do presidente Luiz In\u00e1cio Lula da Silva ap\u00f3s o pleito de 2022. O plano inclu\u00eda o assassinato de Lula e do vice-presidente Geraldo Alckmin.<\/p>\n","protected":false},"author":1,"featured_media":0,"comment_status":"closed","ping_status":"open","sticky":false,"template":"","format":"standard","meta":{"_exactmetrics_skip_tracking":false,"_exactmetrics_sitenote_active":false,"_exactmetrics_sitenote_note":"","_exactmetrics_sitenote_category":0,"jetpack_post_was_ever_published":false,"_jetpack_newsletter_access":"","_jetpack_dont_email_post_to_subs":false,"_jetpack_newsletter_tier_id":0,"_jetpack_memberships_contains_paywalled_content":false,"_jetpack_memberships_contains_paid_content":false,"footnotes":"","jetpack_publicize_message":"","jetpack_publicize_feature_enabled":true,"jetpack_social_post_already_shared":true,"jetpack_social_options":{"image_generator_settings":{"template":"highway","enabled":false},"version":2}},"categories":[1],"tags":[78,449,1197],"class_list":["post-36241","post","type-post","status-publish","format-standard","hentry","category-notas","tag-lula","tag-militares","tag-prisoes"],"jetpack_publicize_connections":[],"jetpack_sharing_enabled":true,"jetpack_featured_media_url":"","jetpack_shortlink":"https:\/\/wp.me\/p7wKYW-9qx","jetpack-related-posts":[],"_links":{"self":[{"href":"http:\/\/blogdalucianaoliveira.com.br\/blog\/wp-json\/wp\/v2\/posts\/36241","targetHints":{"allow":["GET"]}}],"collection":[{"href":"http:\/\/blogdalucianaoliveira.com.br\/blog\/wp-json\/wp\/v2\/posts"}],"about":[{"href":"http:\/\/blogdalucianaoliveira.com.br\/blog\/wp-json\/wp\/v2\/types\/post"}],"author":[{"embeddable":true,"href":"http:\/\/blogdalucianaoliveira.com.br\/blog\/wp-json\/wp\/v2\/users\/1"}],"replies":[{"embeddable":true,"href":"http:\/\/blogdalucianaoliveira.com.br\/blog\/wp-json\/wp\/v2\/comments?post=36241"}],"version-history":[{"count":1,"href":"http:\/\/blogdalucianaoliveira.com.br\/blog\/wp-json\/wp\/v2\/posts\/36241\/revisions"}],"predecessor-version":[{"id":36243,"href":"http:\/\/blogdalucianaoliveira.com.br\/blog\/wp-json\/wp\/v2\/posts\/36241\/revisions\/36243"}],"wp:attachment":[{"href":"http:\/\/blogdalucianaoliveira.com.br\/blog\/wp-json\/wp\/v2\/media?parent=36241"}],"wp:term":[{"taxonomy":"category","embeddable":true,"href":"http:\/\/blogdalucianaoliveira.com.br\/blog\/wp-json\/wp\/v2\/categories?post=36241"},{"taxonomy":"post_tag","embeddable":true,"href":"http:\/\/blogdalucianaoliveira.com.br\/blog\/wp-json\/wp\/v2\/tags?post=36241"}],"curies":[{"name":"wp","href":"https:\/\/api.w.org\/{rel}","templated":true}]}}