{"id":36244,"date":"2024-11-19T10:38:58","date_gmt":"2024-11-19T14:38:58","guid":{"rendered":"http:\/\/blogdalucianaoliveira.com.br\/blog\/?p=36244"},"modified":"2024-11-19T10:38:58","modified_gmt":"2024-11-19T14:38:58","slug":"porto-velho-recebe-14a-mostra-cinema-e-direitos-humanos","status":"publish","type":"post","link":"http:\/\/blogdalucianaoliveira.com.br\/blog\/2024\/11\/19\/porto-velho-recebe-14a-mostra-cinema-e-direitos-humanos\/","title":{"rendered":"Porto Velho recebe 14\u00aa Mostra Cinema e Direitos Humanos"},"content":{"rendered":"<p><img data-recalc-dims=\"1\" loading=\"lazy\" decoding=\"async\" data-attachment-id=\"36245\" data-permalink=\"http:\/\/blogdalucianaoliveira.com.br\/blog\/2024\/11\/19\/porto-velho-recebe-14a-mostra-cinema-e-direitos-humanos\/d6c0d876-704a-4cb6-b3c4-35deb333f8a2\/\" data-orig-file=\"https:\/\/i0.wp.com\/blogdalucianaoliveira.com.br\/blog\/wp-content\/uploads\/2024\/11\/d6c0d876-704a-4cb6-b3c4-35deb333f8a2.jpeg?fit=1080%2C1080\" data-orig-size=\"1080,1080\" data-comments-opened=\"0\" data-image-meta=\"{&quot;aperture&quot;:&quot;0&quot;,&quot;credit&quot;:&quot;&quot;,&quot;camera&quot;:&quot;&quot;,&quot;caption&quot;:&quot;&quot;,&quot;created_timestamp&quot;:&quot;1732021133&quot;,&quot;copyright&quot;:&quot;&quot;,&quot;focal_length&quot;:&quot;0&quot;,&quot;iso&quot;:&quot;0&quot;,&quot;shutter_speed&quot;:&quot;0&quot;,&quot;title&quot;:&quot;&quot;,&quot;orientation&quot;:&quot;1&quot;}\" data-image-title=\"d6c0d876-704a-4cb6-b3c4-35deb333f8a2\" data-image-description=\"\" data-image-caption=\"\" data-medium-file=\"https:\/\/i0.wp.com\/blogdalucianaoliveira.com.br\/blog\/wp-content\/uploads\/2024\/11\/d6c0d876-704a-4cb6-b3c4-35deb333f8a2.jpeg?fit=300%2C300\" data-large-file=\"https:\/\/i0.wp.com\/blogdalucianaoliveira.com.br\/blog\/wp-content\/uploads\/2024\/11\/d6c0d876-704a-4cb6-b3c4-35deb333f8a2.jpeg?fit=600%2C600\" class=\"alignnone size-full wp-image-36245 alignright\" src=\"https:\/\/i0.wp.com\/blogdalucianaoliveira.com.br\/blog\/wp-content\/uploads\/2024\/11\/d6c0d876-704a-4cb6-b3c4-35deb333f8a2.jpeg?resize=600%2C600\" alt=\"\" width=\"600\" height=\"600\" srcset=\"https:\/\/i0.wp.com\/blogdalucianaoliveira.com.br\/blog\/wp-content\/uploads\/2024\/11\/d6c0d876-704a-4cb6-b3c4-35deb333f8a2.jpeg?w=1080 1080w, https:\/\/i0.wp.com\/blogdalucianaoliveira.com.br\/blog\/wp-content\/uploads\/2024\/11\/d6c0d876-704a-4cb6-b3c4-35deb333f8a2.jpeg?resize=300%2C300 300w, https:\/\/i0.wp.com\/blogdalucianaoliveira.com.br\/blog\/wp-content\/uploads\/2024\/11\/d6c0d876-704a-4cb6-b3c4-35deb333f8a2.jpeg?resize=1024%2C1024 1024w, https:\/\/i0.wp.com\/blogdalucianaoliveira.com.br\/blog\/wp-content\/uploads\/2024\/11\/d6c0d876-704a-4cb6-b3c4-35deb333f8a2.jpeg?resize=150%2C150 150w, https:\/\/i0.wp.com\/blogdalucianaoliveira.com.br\/blog\/wp-content\/uploads\/2024\/11\/d6c0d876-704a-4cb6-b3c4-35deb333f8a2.jpeg?resize=768%2C768 768w\" sizes=\"auto, (max-width: 600px) 100vw, 600px\" \/><\/p>\n<p><span class=\"s4\">SEvento \u00e9 uma <\/span><span class=\"s4\">realiza\u00e7\u00e3o do Minist\u00e9rio dos Direitos Humanos e da Cidadania<\/span><span class=\"s4\">;<\/span> <span class=\"s4\">filmes aborda<\/span><span class=\"s4\">m<\/span><span class=\"s4\"> temas como igualdade, justi\u00e7a social e respeito \u00e0 diversidade<\/span><!--more--><\/p>\n<p class=\"s5\">A partir de 26 de novembro, a 14\u00aa Mostra Cinema e Direitos Humanos acontece no Audit\u00f3rio do Minist\u00e9rio P\u00fablico do Trabalho de Rond\u00f4nia, em Porto Velho. Ser\u00e3o quatro dias com a exibi\u00e7\u00e3o de 24 filmes e debates. O tema deste ano \u00e9 &#8220;Viver com Dignidade \u00e9 Direito Humano&#8221;, ressaltando a import\u00e2ncia da dignidade humana para assegurar a qualidade de vida e liberdade para todas as pessoas.<\/p>\n<p class=\"s5\">A Mostra homenageia nesta edi\u00e7\u00e3o a montadora Cristina Amaral, um nome fundamental do cinema brasileiro. Ao longo de sua carreira, Cristina colaborou com grandes diretores e produziu filmes que destacam quest\u00f5es sociais e humanas. Premiada em festivais como Bras\u00edlia e Gramado, Cristina \u00e9 uma refer\u00eancia tanto para profissionais do audiovisual quanto para as novas gera\u00e7\u00f5es de cineastas.<\/p>\n<p class=\"s5\">Sua atua\u00e7\u00e3o em document\u00e1rios como \u201cQuilombo Rio dos Macacos\u201d e \u201cTeatro Experimental do Negro\u201d evidencia seu compromisso com os direitos humanos e com a luta contra as desigualdades. Cristina segue sendo um nome essencial no cinema brasileiro, transformando realidades com sua sensibilidade e experi\u00eancia.<\/p>\n<p class=\"s5\"><span class=\"s6\">A programa\u00e7\u00e3o<\/span> <span class=\"s6\">\u00e9 composta por 8 sess\u00f5es com curtas e longas metragens<\/span> <span class=\"s6\">que foram editados<\/span><span class=\"s6\"> pela<\/span><span class=\"s6\"> homenageada, uma sess\u00e3o infantil, e filmes selecionados <\/span><span class=\"s6\">por<\/span><span class=\"s6\"> chamada p\u00fablica <\/span><span class=\"s6\">com<\/span><span class=\"s6\"> produ\u00e7\u00f5es de todas as regi\u00f5es do pa\u00eds<\/span><span class=\"s6\">, incluindo o estado de Rond\u00f4nia<\/span><span class=\"s6\">. Todas as sess\u00f5es ser\u00e3o seguidas de de<\/span><span class=\"s6\">bate<\/span><span class=\"s6\"> com profissionais<\/span><span class=\"s6\"> e integrantes de movimentos sociais<\/span><span class=\"s6\">.<\/span> <span class=\"s6\">Veja<\/span><span class=\"s6\"> a programa\u00e7\u00e3o completa<\/span><span class=\"s6\"> do evento<\/span><span class=\"s6\"> abaixo.<\/span><\/p>\n<p class=\"s5\">As exibi\u00e7\u00f5es s\u00e3o gratuitas e acess\u00edveis ao p\u00fablico, incluindo legenda descritiva e janelas de Libras, refor\u00e7ando o compromisso da Mostra com a inclus\u00e3o. O evento \u00e9 uma realiza\u00e7\u00e3o do Minist\u00e9rio dos Direitos Humanos e da Cidadania e ocorre em todas as capitais e no Distrito Federalcom produ\u00e7\u00e3o nacional da Universidade Federal Fluminense. A produ\u00e7\u00e3o local \u00e9 do Departamento de Comunica\u00e7\u00e3o e do Programa de P\u00f3s-Gradua\u00e7\u00e3o em Comunica\u00e7\u00e3o da Universidade Federal de Rond\u00f4nia.<\/p>\n<p class=\"s5\">Em Porto Velho, a Mostra conta com os seguintes apoiadores: Comit\u00ea Gestor Interinstitucional da Pol\u00edtica de Equidade de G\u00eanero, Ra\u00e7a e Diversidade; Defensoria P\u00fablica do Estado de Rond\u00f4nia; Instituto Federal de Educa\u00e7\u00e3o, Ci\u00eancia e Tecnologia de Rond\u00f4nia; Minist\u00e9rio P\u00fablico do Trabalho de Rond\u00f4nia; N\u00facleo de Estudos Afro-Brasileiros e Ind\u00edgenas; Prefeitura de Porto Velho; Programa de P\u00f3s-Gradua\u00e7\u00e3o em Direitos Humanos e Desenvolvimento da Justi\u00e7a; Pr\u00f3-Reitoria de Cultura, Extens\u00e3o e Assuntos Estudantis; Sesc Rond\u00f4nia; Tribunal de Justi\u00e7a de Rond\u00f4nia; Tribunal Regional Eleitoral de Rond\u00f4nia; e Ultralab \u2013 Diagn\u00f3stico e Sa\u00fade.<\/p>\n<p class=\"s7\">\n<p class=\"s7\">\n<p class=\"s3\"><span class=\"s2\">Programa\u00e7\u00e3o<\/span><\/p>\n<p class=\"s7\">\n<p class=\"s7\">\n<p class=\"s9\"><a name=\"_heading=h.gjdgxs\"><\/a><span class=\"s8\"><span class=\"bumpedFont15\">Dia 26 (ter\u00e7a-feira)<\/span><\/span><\/p>\n<p class=\"s11\"><span class=\"s2\">19h <\/span><span class=\"s10\">Cerim\u00f4nia +<\/span><\/p>\n<p class=\"s11\"><span class=\"s10\">Sess\u00e3o Homenagem de Abertura seguida de debate +<\/span><\/p>\n<p class=\"s12\"><span class=\"s10\">Apresenta\u00e7\u00e3o Musical: <\/span><span class=\"s10\">Gabri\u00ea<\/span><span class=\"s10\"> e banda<\/span><\/p>\n<p class=\"s12\"><span class=\"s13\">66 min | Classifica\u00e7\u00e3o livre<\/span><\/p>\n<p class=\"s11\">\n<p class=\"s15\"><span class=\"s14\">Ab\u00e1<\/span> &#8211; Document\u00e1rio | 4&#8242; | SP | 1992 | Classifica\u00e7\u00e3o: livre<\/p>\n<p class=\"s15\"><span class=\"s14\">Belos Carnavais<\/span> &#8211; Drama musical | 16&#8242; | SP | 2020 | Classifica\u00e7\u00e3o: livre<\/p>\n<p class=\"s5\"><span class=\"s14\">Sem Asas<\/span> &#8211; Drama | 20&#8242; | SP | 2019 | Classifica\u00e7\u00e3o: livre<\/p>\n<p class=\"s16\"><span class=\"s14\">Conflu\u00eancias<\/span> &#8211; Document\u00e1rio | 26\u2019 | DF | 2024 | Classifica\u00e7\u00e3o: livre<\/p>\n<p>&nbsp;<\/p>\n<p>&nbsp;<\/p>\n<p class=\"s9\"><a name=\"_heading=h.30j0zll\"><\/a><span class=\"s8\"><span class=\"bumpedFont15\">Dia 27 (quarta-feira)<\/span><\/span><\/p>\n<p class=\"s11\"><span class=\"s2\">8h30 <\/span><span class=\"s10\">Sess\u00e3o Infantil seguida de debate <\/span><\/p>\n<p class=\"s15\"><span class=\"s14\">Garoto C\u00f3smico<\/span> &#8211; Anima\u00e7\u00e3o | 76&#8242; | 2007 | Classifica\u00e7\u00e3o: livre<\/p>\n<p class=\"s15\">\n<p class=\"s11\"><span class=\"s2\">14h <\/span><span class=\"s10\">Sess\u00e3o Jovens Curadores seguida de debate<\/span><\/p>\n<p class=\"s11\"><span class=\"s13\">68 min | Classifica\u00e7\u00e3o 10 anos<\/span><\/p>\n<p class=\"s11\">\n<p class=\"s15\"><span class=\"s14\">Possa Poder<\/span> &#8211; Fic\u00e7\u00e3o | 19&#8242; | RS | 2022 | Classifica\u00e7\u00e3o: 10 anos<\/p>\n<p class=\"s15\"><span class=\"s14\">Marina N\u00e3o Vai \u00e0 Praia<\/span> &#8211; Fic\u00e7\u00e3o | 17&#8242; | MG | 2014 | Classifica\u00e7\u00e3o: livre<\/p>\n<p class=\"s15\"><span class=\"s14\">Lapso <\/span>&#8211; \u00a0Fic\u00e7\u00e3o | 20&#8242; | MG | 2023 | Classifica\u00e7\u00e3o: 10 anos<\/p>\n<p class=\"s15\"><span class=\"s14\">Sobre Amizade e Bicicletas<\/span> &#8211; Fic\u00e7\u00e3o | 12&#8242; | PR | 2022 | Classifica\u00e7\u00e3o: livre<\/p>\n<p class=\"s17\">\n<p class=\"s17\">\n<p class=\"s9\"><a name=\"_heading=h.1fob9te\"><\/a><span class=\"s8\"><span class=\"bumpedFont15\">Dia 28 (quinta-feira)<\/span><\/span><\/p>\n<p class=\"s11\"><span class=\"s2\">9h30 <\/span><span class=\"s10\">Sess\u00e3o Homenagem 1 seguida de debate <\/span><\/p>\n<p class=\"s15\"><span class=\"s14\">Cidade; Campo<\/span> &#8211; Fic\u00e7\u00e3o, Drama, Suspense | 120&#8242; | 2024 | Classifica\u00e7\u00e3o: 14 anos<\/p>\n<p class=\"s15\">\n<p class=\"s11\"><span class=\"s2\">14h <\/span><span class=\"s10\">Sess\u00e3o Depois do Expediente seguida de debate<\/span><\/p>\n<p class=\"s11\"><span class=\"s13\">101 min | Classifica\u00e7\u00e3o 12 anos<\/span><\/p>\n<p class=\"s11\">\n<p class=\"s15\"><span class=\"s14\">Big <\/span><span class=\"s14\">Bang<\/span> &#8211; Fic\u00e7\u00e3o | 15&#8242; | RN | 2022 | Classifica\u00e7\u00e3o: livre<\/p>\n<p class=\"s15\"><span class=\"s14\">Habito<\/span> &#8211; H\u00edbrido | 18&#8242; | AL | 2023 | Classifica\u00e7\u00e3o: livre<\/p>\n<p class=\"s15\"><span class=\"s14\">Mborayhu<\/span> <span class=\"s14\">\u00d1emohe\u00f1oi<\/span><span class=\"s14\">: A Luta das Mulheres <\/span><span class=\"s14\">Av\u00e1<\/span><span class=\"s14\">Guarani<\/span><span class=\"s4\"> &#8211; <\/span>Document\u00e1rio | 20&#8242; | PR | 2022 | Classifica\u00e7\u00e3o: 12 anos<\/p>\n<p class=\"s15\"><span class=\"s14\">Sobre a Cabe\u00e7a os Avi\u00f5es<\/span> &#8211; Document\u00e1rio | 19&#8242; | GO | 2022 | Classifica\u00e7\u00e3o: 10 anos<\/p>\n<p class=\"s15\"><span class=\"s14\">P\u00e1ssaro Mem\u00f3ria<\/span> &#8211; \u00a0Drama, Musical | 15&#8242; | RJ | 2023 | Classifica\u00e7\u00e3o: livre<\/p>\n<p class=\"s15\"><span class=\"s14\">Fluxo &#8211; O Filme<\/span> &#8211; Drama | 14&#8242; | SP | 2023 | Classifica\u00e7\u00e3o: 12 anos<\/p>\n<p>&nbsp;<\/p>\n<p>&nbsp;<\/p>\n<p class=\"s9\"><a name=\"_heading=h.3znysh7\"><\/a><span class=\"s8\"><span class=\"bumpedFont15\">Dia 29 (sexta-feira)<\/span><\/span><\/p>\n<p class=\"s11\"><span class=\"s2\">9h30 <\/span><span class=\"s10\">Sess\u00e3o Homenagem 2 seguida de debate<\/span><\/p>\n<p class=\"s15\"><span class=\"s14\">Curtas Jornadas Noite Adentro<\/span> &#8211; Drama musical | 102&#8242; | 2021 | Classifica\u00e7\u00e3o: 16 anos<\/p>\n<p>&nbsp;<\/p>\n<p>\u200b<span class=\"s2\">14h <\/span><span class=\"s10\">Sess\u00e3o Territ\u00f3rios e Dignidade seguida de debate<\/span><\/p>\n<p class=\"s11\"><span class=\"s13\">86 min | Classifica\u00e7\u00e3o 12 anos<\/span><\/p>\n<p class=\"s11\">\n<p class=\"s15\"><span class=\"s14\">Mar\u00e9 Braba<\/span> &#8211; Anima\u00e7\u00e3o | 8&#8242; | BA | 2023 | Classifica\u00e7\u00e3o: livre<\/p>\n<p class=\"s15\"><span class=\"s14\">\u00c1gua Rasa<\/span> &#8211; Fic\u00e7\u00e3o documental | 20&#8242; | MG | 2023 | Classifica\u00e7\u00e3o: livre<\/p>\n<p class=\"s15\"><span class=\"s14\">Mansos <\/span>&#8211; Fic\u00e7\u00e3o | 20&#8242; | PE | 2024 | Classifica\u00e7\u00e3o: 12 anos<\/p>\n<p class=\"s15\"><span class=\"s14\">Somos Terra<\/span> &#8211; Document\u00e1rio | 8&#8242; | RO | 2020 | Classifica\u00e7\u00e3o: livre<\/p>\n<p class=\"s15\"><span class=\"s14\">M\u00e1quinas de Lazer<\/span> &#8211; Document\u00e1rio | 10&#8242; | SC | 2023 | Classifica\u00e7\u00e3o: livre<\/p>\n<p class=\"s15\"><span class=\"s14\">Pulm\u00e3o de Pedra<\/span> &#8211; Document\u00e1rio | 14&#8242; | PB | 2023 | Classifica\u00e7\u00e3o: livre<\/p>\n<p class=\"s15\"><span class=\"s14\">Mar\u00e9s da Noite<\/span> &#8211; Anima\u00e7\u00e3o | 7&#8242; | SP | 2024 | Classifica\u00e7\u00e3o: livre<\/p>\n<p class=\"s7\">\n<p class=\"s7\">\n<p class=\"s7\"><span class=\"s2\">SERVI\u00c7O<\/span><\/p>\n<p class=\"s7\"><span class=\"s2\">14\u00aa Mostra Cinema e Direitos Humanos<\/span><\/p>\n<p class=\"s7\"><span class=\"s2\">Datas<\/span>: 26 a 29 de novembro de 2024 | Entrada gratuita<\/p>\n<p class=\"s7\"><span class=\"s2\">Local<\/span>: Audit\u00f3rio do Minist\u00e9rio P\u00fablico do Trabalho, Avenida Presidente Dutra, n\u00ba 4055, Bairro Olaria, Porto Velho<\/p>\n<p class=\"s7\"><span class=\"s2\">Programa\u00e7\u00e3o<\/span>: <a href=\"https:\/\/mostracinemaedireitoshumanos.mdh.gov.br\/cidades\/porto-velho\/\"><span class=\"s18\">https:\/\/mostracinemaedireitoshumanos.mdh.gov.br\/cidades\/porto-velho\/<\/span><\/a><\/p>\n<p class=\"s7\"><span class=\"s2\">Sess\u00f5es com legenda descritiva e janela de L<\/span><span class=\"s2\">ibras<\/span><\/p>\n<p class=\"s7\"><span class=\"s2\">Perfil oficial no Instagram<\/span>: @mcdh.oficial<\/p>\n","protected":false},"excerpt":{"rendered":"<p>SEvento \u00e9 uma realiza\u00e7\u00e3o do Minist\u00e9rio dos Direitos Humanos e da Cidadania; filmes abordam temas como igualdade, justi\u00e7a social e respeito \u00e0 diversidade<\/p>\n","protected":false},"author":1,"featured_media":0,"comment_status":"closed","ping_status":"open","sticky":false,"template":"","format":"standard","meta":{"_exactmetrics_skip_tracking":false,"_exactmetrics_sitenote_active":false,"_exactmetrics_sitenote_note":"","_exactmetrics_sitenote_category":0,"jetpack_post_was_ever_published":false,"_jetpack_newsletter_access":"","_jetpack_dont_email_post_to_subs":false,"_jetpack_newsletter_tier_id":0,"_jetpack_memberships_contains_paywalled_content":false,"_jetpack_memberships_contains_paid_content":false,"footnotes":"","jetpack_publicize_message":"","jetpack_publicize_feature_enabled":true,"jetpack_social_post_already_shared":true,"jetpack_social_options":{"image_generator_settings":{"template":"highway","enabled":false},"version":2}},"categories":[1],"tags":[317,509],"class_list":["post-36244","post","type-post","status-publish","format-standard","hentry","category-notas","tag-direitos-humanos","tag-mostra"],"jetpack_publicize_connections":[],"jetpack_sharing_enabled":true,"jetpack_featured_media_url":"","jetpack_shortlink":"https:\/\/wp.me\/p7wKYW-9qA","jetpack-related-posts":[],"_links":{"self":[{"href":"http:\/\/blogdalucianaoliveira.com.br\/blog\/wp-json\/wp\/v2\/posts\/36244","targetHints":{"allow":["GET"]}}],"collection":[{"href":"http:\/\/blogdalucianaoliveira.com.br\/blog\/wp-json\/wp\/v2\/posts"}],"about":[{"href":"http:\/\/blogdalucianaoliveira.com.br\/blog\/wp-json\/wp\/v2\/types\/post"}],"author":[{"embeddable":true,"href":"http:\/\/blogdalucianaoliveira.com.br\/blog\/wp-json\/wp\/v2\/users\/1"}],"replies":[{"embeddable":true,"href":"http:\/\/blogdalucianaoliveira.com.br\/blog\/wp-json\/wp\/v2\/comments?post=36244"}],"version-history":[{"count":2,"href":"http:\/\/blogdalucianaoliveira.com.br\/blog\/wp-json\/wp\/v2\/posts\/36244\/revisions"}],"predecessor-version":[{"id":36247,"href":"http:\/\/blogdalucianaoliveira.com.br\/blog\/wp-json\/wp\/v2\/posts\/36244\/revisions\/36247"}],"wp:attachment":[{"href":"http:\/\/blogdalucianaoliveira.com.br\/blog\/wp-json\/wp\/v2\/media?parent=36244"}],"wp:term":[{"taxonomy":"category","embeddable":true,"href":"http:\/\/blogdalucianaoliveira.com.br\/blog\/wp-json\/wp\/v2\/categories?post=36244"},{"taxonomy":"post_tag","embeddable":true,"href":"http:\/\/blogdalucianaoliveira.com.br\/blog\/wp-json\/wp\/v2\/tags?post=36244"}],"curies":[{"name":"wp","href":"https:\/\/api.w.org\/{rel}","templated":true}]}}