{"id":36251,"date":"2024-11-19T10:57:24","date_gmt":"2024-11-19T14:57:24","guid":{"rendered":"http:\/\/blogdalucianaoliveira.com.br\/blog\/?p=36251"},"modified":"2024-11-19T12:25:41","modified_gmt":"2024-11-19T16:25:41","slug":"sarau-manifesto-e-vigilia-pelo-fim-da-violencia-contra-as-mulheres","status":"publish","type":"post","link":"http:\/\/blogdalucianaoliveira.com.br\/blog\/2024\/11\/19\/sarau-manifesto-e-vigilia-pelo-fim-da-violencia-contra-as-mulheres\/","title":{"rendered":"Sarau, manifesto e vig\u00edlia pelo fim da viol\u00eancia contra as mulheres"},"content":{"rendered":"<p><img data-recalc-dims=\"1\" loading=\"lazy\" decoding=\"async\" data-attachment-id=\"36252\" data-permalink=\"http:\/\/blogdalucianaoliveira.com.br\/blog\/2024\/11\/19\/sarau-manifesto-e-vigilia-pelo-fim-da-violencia-contra-as-mulheres\/852e128a-7476-4bd5-b2ff-ef6163bdcfb0\/\" data-orig-file=\"https:\/\/i0.wp.com\/blogdalucianaoliveira.com.br\/blog\/wp-content\/uploads\/2024\/11\/852e128a-7476-4bd5-b2ff-ef6163bdcfb0.jpeg?fit=1080%2C1080\" data-orig-size=\"1080,1080\" data-comments-opened=\"0\" data-image-meta=\"{&quot;aperture&quot;:&quot;0&quot;,&quot;credit&quot;:&quot;&quot;,&quot;camera&quot;:&quot;&quot;,&quot;caption&quot;:&quot;&quot;,&quot;created_timestamp&quot;:&quot;1732027987&quot;,&quot;copyright&quot;:&quot;&quot;,&quot;focal_length&quot;:&quot;0&quot;,&quot;iso&quot;:&quot;0&quot;,&quot;shutter_speed&quot;:&quot;0&quot;,&quot;title&quot;:&quot;&quot;,&quot;orientation&quot;:&quot;1&quot;}\" data-image-title=\"852e128a-7476-4bd5-b2ff-ef6163bdcfb0\" data-image-description=\"\" data-image-caption=\"\" data-medium-file=\"https:\/\/i0.wp.com\/blogdalucianaoliveira.com.br\/blog\/wp-content\/uploads\/2024\/11\/852e128a-7476-4bd5-b2ff-ef6163bdcfb0.jpeg?fit=300%2C300\" data-large-file=\"https:\/\/i0.wp.com\/blogdalucianaoliveira.com.br\/blog\/wp-content\/uploads\/2024\/11\/852e128a-7476-4bd5-b2ff-ef6163bdcfb0.jpeg?fit=600%2C600\" class=\"alignnone size-full wp-image-36252\" src=\"https:\/\/i0.wp.com\/blogdalucianaoliveira.com.br\/blog\/wp-content\/uploads\/2024\/11\/852e128a-7476-4bd5-b2ff-ef6163bdcfb0.jpeg?resize=600%2C600\" alt=\"\" width=\"600\" height=\"600\" srcset=\"https:\/\/i0.wp.com\/blogdalucianaoliveira.com.br\/blog\/wp-content\/uploads\/2024\/11\/852e128a-7476-4bd5-b2ff-ef6163bdcfb0.jpeg?w=1080 1080w, https:\/\/i0.wp.com\/blogdalucianaoliveira.com.br\/blog\/wp-content\/uploads\/2024\/11\/852e128a-7476-4bd5-b2ff-ef6163bdcfb0.jpeg?resize=300%2C300 300w, https:\/\/i0.wp.com\/blogdalucianaoliveira.com.br\/blog\/wp-content\/uploads\/2024\/11\/852e128a-7476-4bd5-b2ff-ef6163bdcfb0.jpeg?resize=1024%2C1024 1024w, https:\/\/i0.wp.com\/blogdalucianaoliveira.com.br\/blog\/wp-content\/uploads\/2024\/11\/852e128a-7476-4bd5-b2ff-ef6163bdcfb0.jpeg?resize=150%2C150 150w, https:\/\/i0.wp.com\/blogdalucianaoliveira.com.br\/blog\/wp-content\/uploads\/2024\/11\/852e128a-7476-4bd5-b2ff-ef6163bdcfb0.jpeg?resize=768%2C768 768w\" sizes=\"auto, (max-width: 600px) 100vw, 600px\" \/><\/p>\n<p class=\"s8\"><span class=\"s9\"><span class=\"bumpedFont15\">O Levante Feminista contra o Feminic\u00eddio, Transfeminic\u00eddio e Lesboc\u00eddio, realiza um ato cultural<\/span><\/span><span class=\"s9\"><span class=\"bumpedFont15\"> &#8211;<\/span><\/span><span class=\"s9\"><span class=\"bumpedFont15\">Sarau pela Vida das Mulheres<\/span><\/span><span class=\"s9\"><span class=\"bumpedFont15\">,<\/span><\/span><span class=\"s9\"><span class=\"bumpedFont15\"> amanh\u00e3 (20\/11), <\/span><\/span><span class=\"s9\"><span class=\"bumpedFont15\">a partir das 18h <\/span><\/span><span class=\"s9\"><span class=\"bumpedFont15\">no espa\u00e7o Lola Karaok\u00ea<\/span><\/span><span class=\"s9\"><span class=\"bumpedFont15\"> em Porto Velho.<\/span><\/span><!--more--><\/p>\n<p class=\"s8\"><span class=\"s9\"><span class=\"bumpedFont15\">A proposta visa celebrar e manifestar <\/span><\/span><span class=\"s9\"><span class=\"bumpedFont15\">por meio de apresenta\u00e7\u00f5es art\u00edsticas culturais, <\/span><\/span><span class=\"s9\"><span class=\"bumpedFont15\">as conquistas e ao mesmo tempo, registrar a luta e a resist\u00eancia d<\/span><\/span><span class=\"s9\"><span class=\"bumpedFont15\">e mulheres e homens, dos artistas e <\/span><\/span><span class=\"s9\"><span class=\"bumpedFont15\">ativistas pelo fim da viol\u00eancia contra mulheres e meninas, pelo fim do feminic\u00eddio e infantic\u00eddio, <\/span><\/span><span class=\"s9\"><span class=\"bumpedFont15\">repudiando toda e qualquer forma de racismo, fascismo e misoginia presente na sociedade.<\/span><\/span><\/p>\n<p class=\"s8\"><span class=\"s9\"><span class=\"bumpedFont15\">O Dia 20 de <\/span><\/span><span class=\"s9\"><span class=\"bumpedFont15\">n<\/span><\/span><span class=\"s9\"><span class=\"bumpedFont15\">ovembro, abre a agenda <\/span><\/span><span class=\"s9\"><span class=\"bumpedFont15\">da Campanha<\/span><\/span><span class=\"s9\"><span class=\"bumpedFont15\">Nacional <\/span><\/span><span class=\"s9\"><span class=\"bumpedFont15\">dos <\/span><\/span><span class=\"s10\"><span class=\"bumpedFont15\">21 Dias de Ativismo pelo fim da viol\u00eancia contra <\/span><\/span><span class=\"s10\"><span class=\"bumpedFont15\">\u00e0 mulher no Brasil<\/span><\/span><span class=\"s9\"><span class=\"bumpedFont15\"> e<\/span><\/span><span class=\"s9\"><span class=\"bumpedFont15\"> marca historicamente a luta e <\/span><\/span><span class=\"s9\"><span class=\"bumpedFont15\">a <\/span><\/span><span class=\"s9\"><span class=\"bumpedFont15\">resist\u00eancia do povo negro<\/span><\/span><span class=\"s9\"><span class=\"bumpedFont15\">,<\/span><\/span><span class=\"s9\"><span class=\"bumpedFont15\"> que na luta pela liberdade, fortaleceu a sua exist\u00eancia human<\/span><\/span><span class=\"s9\"><span class=\"bumpedFont15\">a,<\/span><\/span><span class=\"s9\"><span class=\"bumpedFont15\"> rompendo com a escravid\u00e3o e a intoler\u00e2ncia afro religiosa na sociedade. Al\u00e9m disso, torna-se not\u00f3rio, que todo tipo de racismo provoca garantes fissuras na democracia, por tanto, 20 de novembro, continua sendo um dia resist\u00eancia e luta na mem\u00f3ria e na <\/span><\/span><span class=\"s9\"><span class=\"bumpedFont15\">hist\u00f3ria<\/span><\/span><span class=\"s9\"><span class=\"bumpedFont15\"> do povo brasileiro<\/span><\/span><span class=\"s9\"><span class=\"bumpedFont15\">.<\/span><\/span><\/p>\n<p class=\"s8\"><span class=\"s9\"><span class=\"bumpedFont15\">No contexto da viol\u00eancia contra mulheres baseada em g\u00eanero, a Campanha 21 Dias<\/span><\/span><span class=\"s9\"><span class=\"bumpedFont15\"> de Ativismo pelo Fim da Viol\u00eancia contra a \u00a0mulher, <\/span><\/span><span class=\"s9\"><span class=\"bumpedFont15\">traz a partir do documento elaborado no encontro Nacional do Levante Feminista, a ado\u00e7\u00e3o de <\/span><\/span><span class=\"s9\"><span class=\"bumpedFont15\">medidas concretas para prevenir as viol\u00eancias que atingem seu \u00e1pice com o assassinato<\/span><\/span> <span class=\"s9\"><span class=\"bumpedFont15\">de mulheres, bem como para garantir justi\u00e7a e repara\u00e7\u00e3o. Com a nossa luta, honramos a mem\u00f3ria das v\u00edtimas de transfeminic\u00eddios, feminic\u00eddios e lesboc\u00eddios. <\/span><\/span><\/p>\n<p class=\"s8\"><span class=\"s9\"><span class=\"bumpedFont15\">Somos movidas por profunda repulsa aos assassinatos de mulheres em nosso pa\u00eds, que roubaram cerca de 37.420 vidas entre 2015 e 2023, segundo o F\u00f3rum Brasileiro de Seguran\u00e7a P\u00fablica, com 10.330 feminic\u00eddios. Somente em 2023, ocorreram 1.467 mortes por raz\u00e3o de g\u00eanero no Brasil, o equivalente a mais de 122 assassinatos por m\u00eas ou mais de 4 mulheres ou pessoas trans perdendo a vida por dia devido ao machismo, conforme o Anu\u00e1rio Brasileiro de Seguran\u00e7a P\u00fablica de 2024.<\/span><\/span><\/p>\n<p class=\"s8\"><span class=\"s9\"><span class=\"bumpedFont15\">Diante de tal cen\u00e1rio, nos levantamo<\/span><\/span><span class=\"s9\"><span class=\"bumpedFont15\">s<\/span><\/span><span class=\"s9\"><span class=\"bumpedFont15\"> no Sarau Cultural pela Vidas das Mulheres<\/span><\/span><span class=\"s9\"><span class=\"bumpedFont15\">:<\/span><\/span> <span class=\"s9\"><span class=\"bumpedFont15\">D<\/span><\/span><span class=\"s9\"><span class=\"bumpedFont15\">e Dandara a Capitu<\/span><\/span><span class=\"s9\"><span class=\"bumpedFont15\">,<\/span><\/span> <span class=\"s9\"><span class=\"bumpedFont15\">com v\u00e1rias express\u00f5es e apresenta\u00e7\u00f5es <\/span><\/span><span class=\"s9\"><span class=\"bumpedFont15\">de artistas locais<\/span><\/span> <span class=\"s9\"><span class=\"bumpedFont15\">que j\u00e1 confirmara<\/span><\/span><span class=\"s9\"><span class=\"bumpedFont15\">m sua <\/span><\/span><span class=\"s9\"><span class=\"bumpedFont15\">partici<\/span><\/span><span class=\"s9\"><span class=\"bumpedFont15\">pa\u00e7\u00e3o, no evento em<\/span><\/span><span class=\"s9\"><span class=\"bumpedFont15\"> Porto Velho<\/span><\/span><span class=\"s9\"><span class=\"bumpedFont15\">.<br \/>\n<\/span><\/span><\/p>\n<p class=\"s8\"><span class=\"s9\"><span class=\"bumpedFont15\">Segue a lista das artistas:<\/span><\/span><\/p>\n<p class=\"s11\"><span class=\"s9\"><span class=\"bumpedFont15\">&#8211; Izabela Lima (m\u00fasica)<\/span><\/span><\/p>\n<p class=\"s11\"><span class=\"s9\"><span class=\"bumpedFont15\">&#8211; Marcela Bonfim (m\u00fasica)<\/span><\/span><\/p>\n<p class=\"s11\"><span class=\"s9\"><span class=\"bumpedFont15\">&#8211; \u00c9rika (artesanato)<\/span><\/span><\/p>\n<p class=\"s11\"><span class=\"s9\"><span class=\"bumpedFont15\">&#8211; <\/span><\/span><span class=\"s9\"><span class=\"bumpedFont15\">Gabri\u00ea<\/span><\/span><span class=\"s9\"><span class=\"bumpedFont15\"> (m\u00fasica) <\/span><\/span><\/p>\n<p class=\"s11\"><span class=\"s9\"><span class=\"bumpedFont15\">&#8211; Hadassa Biojoias (artesanato)<\/span><\/span><\/p>\n<p class=\"s11\"><span class=\"s9\"><span class=\"bumpedFont15\">&#8211; <\/span><\/span><span class=\"s9\"><span class=\"bumpedFont15\">Ver\u00f4<\/span><\/span><span class=\"s9\"><span class=\"bumpedFont15\"> (m\u00fasica, DJ<\/span><\/span><span class=\"s9\"><span class=\"bumpedFont15\">)<\/span><\/span><\/p>\n<p class=\"s11\"><span class=\"s9\"><span class=\"bumpedFont15\">&#8211; C\u00e9lia Marques (poesia\/m\u00fasica)<\/span><\/span><\/p>\n<p class=\"s11\"><span class=\"s9\"><span class=\"bumpedFont15\">&#8211; <\/span><\/span><span class=\"s9\"><span class=\"bumpedFont15\">W<\/span><\/span><span class=\"s9\"><span class=\"bumpedFont15\">aldison<\/span><\/span><span class=\"s9\"><span class=\"bumpedFont15\"> Pinheiro e as Pastoras<\/span><\/span><\/p>\n<p class=\"s11\"><span class=\"s9\"><span class=\"bumpedFont15\">&#8211; \u2060<\/span><\/span><span class=\"s9\"><span class=\"bumpedFont15\">Nortismo<\/span><\/span><span class=\"s9\"><span class=\"bumpedFont15\"> (poesia) <\/span><\/span><\/p>\n<p class=\"s11\"><span class=\"s9\"><span class=\"bumpedFont15\">&#8211; Sandra <\/span><\/span><span class=\"s9\"><span class=\"bumpedFont15\">Braids<\/span><\/span><span class=\"s9\"><span class=\"bumpedFont15\"> (m\u00fasica rap<\/span><\/span><span class=\"s9\"><span class=\"bumpedFont15\">)<\/span><\/span><\/p>\n<p class=\"s11\"><span class=\"s9\"><span class=\"bumpedFont15\">&#8211; Selma Pavanelli (performance teatral)<\/span><\/span><\/p>\n<p class=\"s11\"><span class=\"s9\"><span class=\"bumpedFont15\">&#8211; Kali (m\u00fasica)<\/span><\/span><\/p>\n<p class=\"s11\"><span class=\"s9\"><span class=\"bumpedFont15\">&#8211; Charlene (m\u00fasica e exposi\u00e7\u00e3o)<\/span><\/span><\/p>\n<p class=\"s11\"><span class=\"s9\"><span class=\"bumpedFont15\">&#8211; Samuel Bera (m\u00fasica)<\/span><\/span><\/p>\n<p class=\"s11\"><span class=\"s9\"><span class=\"bumpedFont15\">&#8211; <\/span><\/span><span class=\"s9\"><span class=\"bumpedFont15\">Marfiza<\/span><\/span><span class=\"s9\"><span class=\"bumpedFont15\"> (<\/span><\/span><span class=\"s9\"><span class=\"bumpedFont15\">musica<\/span><\/span><span class=\"s9\"><span class=\"bumpedFont15\">\/poesia)<\/span><\/span><\/p>\n<p class=\"s11\"><span class=\"s9\"><span class=\"bumpedFont15\">&#8211; \u2060Rosimar (poesia) <\/span><\/span><\/p>\n<p class=\"s11\"><span class=\"s9\"><span class=\"bumpedFont15\">&#8211; Bado (m\u00fasica) <\/span><\/span><\/p>\n<p class=\"s11\"><span class=\"s9\"><span class=\"bumpedFont15\">&#8211; Herc\u00edlio Santana (m\u00fasica)<\/span><\/span><\/p>\n<p class=\"s11\"><span class=\"s9\"><span class=\"bumpedFont15\">&#8211; As Pastoras do <\/span><\/span><span class=\"s9\"><span class=\"bumpedFont15\">Asfalt\u00e3o<\/span><\/span><span class=\"s9\"><span class=\"bumpedFont15\"> (m\u00fasica) <\/span><\/span><\/p>\n<p class=\"s11\"><span class=\"s9\"><span class=\"bumpedFont15\">&#8211; Junior Lopes (m\u00fasica, percuss\u00e3o) <\/span><\/span><\/p>\n<p class=\"s11\"><span class=\"s9\"><span class=\"bumpedFont15\">&#8211; Companhia Cristina Pontes (dan\u00e7a) <\/span><\/span><\/p>\n<p class=\"s11\"><span class=\"s9\"><span class=\"bumpedFont15\">&#8211; Alyne Louren\u00e7o (poesia) <\/span><\/span><\/p>\n<p class=\"s11\"><span class=\"s9\"><span class=\"bumpedFont15\">&#8211; Carol Aguiar (m\u00fasica) <\/span><\/span><\/p>\n<p class=\"s11\"><span class=\"s9\"><span class=\"bumpedFont15\">&#8211; Sarah Soul (m\u00fasica) <\/span><\/span><\/p>\n<p class=\"s11\"><span class=\"s9\"><span class=\"bumpedFont15\">&#8211; M\u00e1rcia <\/span><\/span><span class=\"s9\"><span class=\"bumpedFont15\">\u00c1guiar<\/span><\/span><\/p>\n<p><img data-recalc-dims=\"1\" loading=\"lazy\" decoding=\"async\" data-attachment-id=\"36253\" data-permalink=\"http:\/\/blogdalucianaoliveira.com.br\/blog\/2024\/11\/19\/sarau-manifesto-e-vigilia-pelo-fim-da-violencia-contra-as-mulheres\/d9ab88e1-397a-444b-85b4-326d74e655c8\/\" data-orig-file=\"https:\/\/i0.wp.com\/blogdalucianaoliveira.com.br\/blog\/wp-content\/uploads\/2024\/11\/d9ab88e1-397a-444b-85b4-326d74e655c8.jpeg?fit=1080%2C1350\" data-orig-size=\"1080,1350\" data-comments-opened=\"0\" data-image-meta=\"{&quot;aperture&quot;:&quot;0&quot;,&quot;credit&quot;:&quot;&quot;,&quot;camera&quot;:&quot;&quot;,&quot;caption&quot;:&quot;&quot;,&quot;created_timestamp&quot;:&quot;1732027981&quot;,&quot;copyright&quot;:&quot;&quot;,&quot;focal_length&quot;:&quot;0&quot;,&quot;iso&quot;:&quot;0&quot;,&quot;shutter_speed&quot;:&quot;0&quot;,&quot;title&quot;:&quot;&quot;,&quot;orientation&quot;:&quot;1&quot;}\" data-image-title=\"d9ab88e1-397a-444b-85b4-326d74e655c8\" data-image-description=\"\" data-image-caption=\"\" data-medium-file=\"https:\/\/i0.wp.com\/blogdalucianaoliveira.com.br\/blog\/wp-content\/uploads\/2024\/11\/d9ab88e1-397a-444b-85b4-326d74e655c8.jpeg?fit=240%2C300\" data-large-file=\"https:\/\/i0.wp.com\/blogdalucianaoliveira.com.br\/blog\/wp-content\/uploads\/2024\/11\/d9ab88e1-397a-444b-85b4-326d74e655c8.jpeg?fit=600%2C750\" class=\"alignnone size-full wp-image-36253\" src=\"https:\/\/i0.wp.com\/blogdalucianaoliveira.com.br\/blog\/wp-content\/uploads\/2024\/11\/d9ab88e1-397a-444b-85b4-326d74e655c8.jpeg?resize=600%2C750\" alt=\"\" width=\"600\" height=\"750\" srcset=\"https:\/\/i0.wp.com\/blogdalucianaoliveira.com.br\/blog\/wp-content\/uploads\/2024\/11\/d9ab88e1-397a-444b-85b4-326d74e655c8.jpeg?w=1080 1080w, https:\/\/i0.wp.com\/blogdalucianaoliveira.com.br\/blog\/wp-content\/uploads\/2024\/11\/d9ab88e1-397a-444b-85b4-326d74e655c8.jpeg?resize=240%2C300 240w, https:\/\/i0.wp.com\/blogdalucianaoliveira.com.br\/blog\/wp-content\/uploads\/2024\/11\/d9ab88e1-397a-444b-85b4-326d74e655c8.jpeg?resize=819%2C1024 819w, https:\/\/i0.wp.com\/blogdalucianaoliveira.com.br\/blog\/wp-content\/uploads\/2024\/11\/d9ab88e1-397a-444b-85b4-326d74e655c8.jpeg?resize=768%2C960 768w\" sizes=\"auto, (max-width: 600px) 100vw, 600px\" \/><\/p>\n<p>&nbsp;<\/p>\n","protected":false},"excerpt":{"rendered":"<p>O Levante Feminista contra o Feminic\u00eddio, Transfeminic\u00eddio e Lesboc\u00eddio, realiza um ato cultural &#8211;Sarau pela Vida das Mulheres, amanh\u00e3 (20\/11), a partir das 18h no espa\u00e7o Lola Karaok\u00ea em Porto Velho.<\/p>\n","protected":false},"author":1,"featured_media":0,"comment_status":"closed","ping_status":"open","sticky":false,"template":"","format":"standard","meta":{"_exactmetrics_skip_tracking":false,"_exactmetrics_sitenote_active":false,"_exactmetrics_sitenote_note":"","_exactmetrics_sitenote_category":0,"jetpack_post_was_ever_published":false,"_jetpack_newsletter_access":"","_jetpack_dont_email_post_to_subs":false,"_jetpack_newsletter_tier_id":0,"_jetpack_memberships_contains_paywalled_content":false,"_jetpack_memberships_contains_paid_content":false,"footnotes":"","jetpack_publicize_message":"","jetpack_publicize_feature_enabled":true,"jetpack_social_post_already_shared":true,"jetpack_social_options":{"image_generator_settings":{"template":"highway","enabled":false},"version":2}},"categories":[1],"tags":[1182,1181,46],"class_list":["post-36251","post","type-post","status-publish","format-standard","hentry","category-notas","tag-feminista","tag-levante","tag-mulheres"],"jetpack_publicize_connections":[],"jetpack_sharing_enabled":true,"jetpack_featured_media_url":"","jetpack_shortlink":"https:\/\/wp.me\/p7wKYW-9qH","jetpack-related-posts":[],"_links":{"self":[{"href":"http:\/\/blogdalucianaoliveira.com.br\/blog\/wp-json\/wp\/v2\/posts\/36251","targetHints":{"allow":["GET"]}}],"collection":[{"href":"http:\/\/blogdalucianaoliveira.com.br\/blog\/wp-json\/wp\/v2\/posts"}],"about":[{"href":"http:\/\/blogdalucianaoliveira.com.br\/blog\/wp-json\/wp\/v2\/types\/post"}],"author":[{"embeddable":true,"href":"http:\/\/blogdalucianaoliveira.com.br\/blog\/wp-json\/wp\/v2\/users\/1"}],"replies":[{"embeddable":true,"href":"http:\/\/blogdalucianaoliveira.com.br\/blog\/wp-json\/wp\/v2\/comments?post=36251"}],"version-history":[{"count":3,"href":"http:\/\/blogdalucianaoliveira.com.br\/blog\/wp-json\/wp\/v2\/posts\/36251\/revisions"}],"predecessor-version":[{"id":36256,"href":"http:\/\/blogdalucianaoliveira.com.br\/blog\/wp-json\/wp\/v2\/posts\/36251\/revisions\/36256"}],"wp:attachment":[{"href":"http:\/\/blogdalucianaoliveira.com.br\/blog\/wp-json\/wp\/v2\/media?parent=36251"}],"wp:term":[{"taxonomy":"category","embeddable":true,"href":"http:\/\/blogdalucianaoliveira.com.br\/blog\/wp-json\/wp\/v2\/categories?post=36251"},{"taxonomy":"post_tag","embeddable":true,"href":"http:\/\/blogdalucianaoliveira.com.br\/blog\/wp-json\/wp\/v2\/tags?post=36251"}],"curies":[{"name":"wp","href":"https:\/\/api.w.org\/{rel}","templated":true}]}}