{"id":36262,"date":"2024-11-21T19:50:17","date_gmt":"2024-11-21T23:50:17","guid":{"rendered":"http:\/\/blogdalucianaoliveira.com.br\/blog\/?p=36262"},"modified":"2024-11-21T19:50:17","modified_gmt":"2024-11-21T23:50:17","slug":"o-golpe-veste-farda","status":"publish","type":"post","link":"http:\/\/blogdalucianaoliveira.com.br\/blog\/2024\/11\/21\/o-golpe-veste-farda\/","title":{"rendered":"O GOLPE VESTE FARDA"},"content":{"rendered":"<h1 class=\"content-excert text-white mb-0\"><img data-recalc-dims=\"1\" loading=\"lazy\" decoding=\"async\" data-attachment-id=\"36263\" data-permalink=\"http:\/\/blogdalucianaoliveira.com.br\/blog\/2024\/11\/21\/o-golpe-veste-farda\/img_3336-2\/\" data-orig-file=\"https:\/\/i0.wp.com\/blogdalucianaoliveira.com.br\/blog\/wp-content\/uploads\/2024\/11\/IMG_3336.webp?fit=1920%2C1080\" data-orig-size=\"1920,1080\" data-comments-opened=\"0\" data-image-meta=\"{&quot;aperture&quot;:&quot;0&quot;,&quot;credit&quot;:&quot;&quot;,&quot;camera&quot;:&quot;&quot;,&quot;caption&quot;:&quot;&quot;,&quot;created_timestamp&quot;:&quot;0&quot;,&quot;copyright&quot;:&quot;&quot;,&quot;focal_length&quot;:&quot;0&quot;,&quot;iso&quot;:&quot;0&quot;,&quot;shutter_speed&quot;:&quot;0&quot;,&quot;title&quot;:&quot;&quot;,&quot;orientation&quot;:&quot;0&quot;}\" data-image-title=\"IMG_3336\" data-image-description=\"\" data-image-caption=\"\" data-medium-file=\"https:\/\/i0.wp.com\/blogdalucianaoliveira.com.br\/blog\/wp-content\/uploads\/2024\/11\/IMG_3336.webp?fit=300%2C169\" data-large-file=\"https:\/\/i0.wp.com\/blogdalucianaoliveira.com.br\/blog\/wp-content\/uploads\/2024\/11\/IMG_3336.webp?fit=600%2C338\" class=\"alignnone size-full wp-image-36263\" src=\"https:\/\/i0.wp.com\/blogdalucianaoliveira.com.br\/blog\/wp-content\/uploads\/2024\/11\/IMG_3336.webp?resize=600%2C338\" alt=\"\" width=\"600\" height=\"338\" srcset=\"https:\/\/i0.wp.com\/blogdalucianaoliveira.com.br\/blog\/wp-content\/uploads\/2024\/11\/IMG_3336.webp?w=1920 1920w, https:\/\/i0.wp.com\/blogdalucianaoliveira.com.br\/blog\/wp-content\/uploads\/2024\/11\/IMG_3336.webp?resize=300%2C169 300w, https:\/\/i0.wp.com\/blogdalucianaoliveira.com.br\/blog\/wp-content\/uploads\/2024\/11\/IMG_3336.webp?resize=1024%2C576 1024w, https:\/\/i0.wp.com\/blogdalucianaoliveira.com.br\/blog\/wp-content\/uploads\/2024\/11\/IMG_3336.webp?resize=768%2C432 768w, https:\/\/i0.wp.com\/blogdalucianaoliveira.com.br\/blog\/wp-content\/uploads\/2024\/11\/IMG_3336.webp?resize=1536%2C864 1536w, https:\/\/i0.wp.com\/blogdalucianaoliveira.com.br\/blog\/wp-content\/uploads\/2024\/11\/IMG_3336.webp?resize=533%2C300 533w, https:\/\/i0.wp.com\/blogdalucianaoliveira.com.br\/blog\/wp-content\/uploads\/2024\/11\/IMG_3336.webp?w=1200 1200w, https:\/\/i0.wp.com\/blogdalucianaoliveira.com.br\/blog\/wp-content\/uploads\/2024\/11\/IMG_3336.webp?w=1800 1800w\" sizes=\"auto, (max-width: 600px) 100vw, 600px\" \/><br \/>\nBolsonaro, Heleno, Braga Netto e Costa Neto: quem s\u00e3o os indiciados por tentativa de golpe<\/h1>\n<p><!--more--><\/p>\n<p class=\"added-to-list1\" data-pf_style_display=\"block\" data-pf_style_visibility=\"visible\"><u data-pf_style_display=\"inline\" data-pf_style_visibility=\"visible\"><span class=\"text-node\">The Intercept- O ex-presidente Jair Bolsonaro<\/span><\/u><span class=\"text-node\">, os generais da reserva e ex-ministros Braga Netto e Augusto Heleno, o general e ex-ministro da Defesa Paulo S\u00e9rgio Nogueira de Oliveira, o ex-diretor da Abin e policial federal Alexandre Ramagem, o ex-ministro da Seguran\u00e7a P\u00fablica Anderson Torres e o presidente do PL, Valdemar Costa Neto, foram indiciados pela Pol\u00edcia Federal por tentarem dar um golpe de estado no Brasil.\u00a0<\/span><\/p>\n<p class=\"added-to-list1\" data-pf_style_display=\"block\" data-pf_style_visibility=\"visible\"><span class=\"text-node\">Al\u00e9m deles, outras 32 pessoas cometeram, de acordo com investiga\u00e7\u00e3o Pol\u00edcia Federal, os crimes de organiza\u00e7\u00e3o criminosa, aboli\u00e7\u00e3o violenta do estado democr\u00e1tico de Direito e golpe de estado. As penas m\u00e1ximas para cada crime v\u00e3o de oito a 12 anos de pris\u00e3o.<\/span><\/p>\n<section class=\"single-content-newsletter single-content-newsletter-page g-col-12 container d-flex flex-column align-items-start p-0 p-lg-6 bg-white my-6 mx-0\" data-pf_style_display=\"block\" data-pf_style_visibility=\"visible\">\n<p class=\"added-to-list1\" data-pf_style_display=\"block\" data-pf_style_visibility=\"visible\"><span class=\"text-node\">Na ter\u00e7a-feira, 19, a PF j\u00e1 havia <\/span><a href=\"https:\/\/www.cnnbrasil.com.br\/politica\/plano-para-matar-lula-alckmin-e-moraes-o-que-se-sabe-sobre-a-operacao-da-pf\/\" data-pf_style_display=\"inline\" data-pf_style_visibility=\"visible\"><span class=\"text-node\">prendido tr\u00eas militares<\/span><\/a><span class=\"text-node\"> envolvidos em um plano de assassinar o presidente Lula, seu vice, Geraldo Alckmin, e o ministro do STF Alexandre de Moraes. Quem <\/span><a href=\"https:\/\/www.cnnbrasil.com.br\/politica\/plano-de-golpe-previa-heleno-e-braga-netto-no-comando-de-gabinete-de-crise\/\" data-pf_style_display=\"inline\" data-pf_style_visibility=\"visible\"><span class=\"text-node\">assumiria o governo<\/span><\/a><span class=\"text-node\"> seria uma junta formada pelos generais Braga Netto e Augusto Heleno \u2013 ambos indiciados pela PF. Os tr\u00eas militares do Ex\u00e9rcito presos, Mario Fernandes, Rafael Martins de Oliveira e H\u00e9lio Ferreira Lima, tamb\u00e9m est\u00e3o entre os indiciados.<\/span><\/p>\n<p class=\"added-to-list1\" data-pf_style_display=\"block\" data-pf_style_visibility=\"visible\"><span class=\"text-node\">A lista dos golpistas \u00e9 composta, em sua maior parte, por militares. Al\u00e9m de Jair Bolsonaro, que \u00e9 capit\u00e3o, h\u00e1 outros 24, incluindo sete generais, todos com influ\u00eancia e presen\u00e7a na alta c\u00fapula do governo Bolsonaro.\u00a0<\/span><\/p>\n<p class=\"added-to-list1\" data-pf_style_display=\"block\" data-pf_style_visibility=\"visible\"><span class=\"text-node\">O general Paulo S\u00e9rgio Nogueira foi comandante do Ex\u00e9rcito e ministro da Defesa; o almirante Almir Garnier comandou a Marinha. J\u00e1 o general Mario Fernandes foi ministro interino da Secretaria-geral da Presid\u00eancia. E os dois generais cogitados para assumir o governo ap\u00f3s o golpe, Walter Braga Netto e Augusto Heleno, estiveram \u00e0 frente dos minist\u00e9rios da Defesa e Casa Civil e do Gabinete de Seguran\u00e7a Institucional, respectivamente.\u00a0<\/span><\/p>\n<p class=\"added-to-list1\" data-pf_style_display=\"block\" data-pf_style_visibility=\"visible\"><span class=\"text-node\">Outro ponto em comum entre eles tamb\u00e9m merece destaque: a maior parte dos militares golpistas indiciados passou pela <\/span><a href=\"https:\/\/www.intercept.com.br\/2023\/08\/31\/jair-bolsonaro-empregou-79-ex-colegas-de-aman-em-cargos-de-comando-e-com-supersalarios-no-governo\/\" data-pf_style_display=\"inline\" data-pf_style_visibility=\"visible\"><span class=\"text-node\">Academia Militar das Agulhas Negras<\/span><\/a><span class=\"text-node\">, a Aman, onde tamb\u00e9m estudou Bolsonaro.<\/span><\/p>\n<p class=\"added-to-list1\" data-pf_style_display=\"block\" data-pf_style_visibility=\"visible\"><span class=\"text-node\">V\u00e1rios dos militares listados tamb\u00e9m se destacam por aparecerem em outros esc\u00e2ndalos envolvendo Bolsonaro, como a fraude nos <\/span><a href=\"https:\/\/www.intercept.com.br\/2024\/03\/19\/fraude-nas-vacinas-reforca-vinculo-de-bolsonaro-com-milicia-do-rio-de-janeiro\/\" data-pf_style_display=\"inline\" data-pf_style_visibility=\"visible\"><span class=\"text-node\">cart\u00f5es de vacina\u00e7\u00e3o<\/span><\/a><span class=\"text-node\"> e o roubo das <\/span><a href=\"https:\/\/www.intercept.com.br\/2024\/07\/13\/bolsonaro-na-cadeia\/\" data-pf_style_display=\"inline\" data-pf_style_visibility=\"visible\"><span class=\"text-node\">joias sauditas<\/span><\/a><span class=\"text-node\">.<\/span><\/p>\n<p class=\"added-to-list1\" data-pf_style_display=\"block\" data-pf_style_visibility=\"visible\"><span class=\"text-node\">A lista tamb\u00e9m tem quatro policiais federais: Anderson Torres, ex-ministro da Justi\u00e7a; Alexandre Ramagem, ex-diretor da Abin, a Ag\u00eancia Brasileira de Intelig\u00eancia; Marcelo Bormevet, investigado por fazer parte do esquema ilegal de espionagem \u201cAbin paralela\u201d; e Wladimir Matos Soares, suspeito de participar de grupo que planejou as mortes de Lula, Alckmin e Moraes.<\/span><\/p>\n<p class=\"added-to-list1\" data-pf_style_display=\"block\" data-pf_style_visibility=\"visible\"><span class=\"text-node\">O relat\u00f3rio final da investiga\u00e7\u00e3o sobre a tentativa de golpe no Brasil entre 2022 e 2023 foi enviado nesta quinta-feira, 21, ao Supremo Tribunal Federal, o STF. Agora, a Procuradoria-Geral da Rep\u00fablica vai decidir se denuncia ou n\u00e3o os 37 \u00e0 Justi\u00e7a.\u00a0<\/span><\/p>\n<p class=\"added-to-list1\" data-pf_style_display=\"block\" data-pf_style_visibility=\"visible\"><span class=\"text-node\">\u201cAs provas foram obtidas por meio de diversas dilig\u00eancias policiais realizadas ao longo de quase dois anos, com base em quebra de sigilos telem\u00e1tico, telef\u00f4nico, banc\u00e1rio, fiscal, colabora\u00e7\u00e3o premiada, buscas e apreens\u00f5es, entre outras medidas devidamente autorizadas pelo poder Judici\u00e1rio\u201d, informou a PF.<\/span><\/p>\n<p class=\"added-to-list1\" data-pf_style_display=\"block\" data-pf_style_visibility=\"visible\"><span class=\"text-node\">Segundo a Pol\u00edcia Federal, os golpistas atuaram divididos em seis n\u00facleos principais:\u00a0<\/span><\/p>\n<ul class=\"added-to-list1\" data-pf_style_display=\"block\" data-pf_style_visibility=\"visible\">\n<li data-pf_style_display=\"list-item\" data-pf_style_visibility=\"visible\"><span class=\"text-node\">1) N\u00facleo de Desinforma\u00e7\u00e3o e Ataques ao Sistema Eleitoral;<\/span><\/li>\n<li data-pf_style_display=\"list-item\" data-pf_style_visibility=\"visible\"><span class=\"text-node\">2) N\u00facleo Respons\u00e1vel por Incitar Militares \u00e0 Aderirem ao Golpe de Estado;<\/span><\/li>\n<li data-pf_style_display=\"list-item\" data-pf_style_visibility=\"visible\"><span class=\"text-node\">3) N\u00facleo Jur\u00eddico;<\/span><\/li>\n<li data-pf_style_display=\"list-item\" data-pf_style_visibility=\"visible\"><span class=\"text-node\">4) N\u00facleo Operacional de Apoio \u00e0s A\u00e7\u00f5es Golpistas;<\/span><\/li>\n<li data-pf_style_display=\"list-item\" data-pf_style_visibility=\"visible\"><span class=\"text-node\">5) N\u00facleo de Intelig\u00eancia Paralela;<\/span><\/li>\n<li data-pf_style_display=\"list-item\" data-pf_style_visibility=\"visible\"><span class=\"text-node\">6) N\u00facleo Operacional para Cumprimento de Medidas Coercitivas.<\/span><\/li>\n<\/ul>\n<p class=\"added-to-list1\" data-pf_style_display=\"block\" data-pf_style_visibility=\"visible\"><span class=\"text-node\">Veja, a seguir, quem s\u00e3o os indiciados:<\/span><\/p>\n<p class=\"added-to-list1\" data-pf_style_display=\"block\" data-pf_style_visibility=\"visible\"><strong data-pf_style_display=\"inline\" data-pf_style_visibility=\"visible\"><span class=\"text-node\">Ailton Gon\u00e7alves Moraes Barros: <\/span><\/strong><span class=\"text-node\">major do Ex\u00e9rcito, j\u00e1 era conhecido da PF e de Bolsonaro. Foi apontado como respons\u00e1vel por <\/span><a href=\"https:\/\/g1.globo.com\/rj\/rio-de-janeiro\/noticia\/2023\/05\/04\/quem-e-ailton-barros-preso-por-fraude-na-vacina-foi-suspeito-de-acordo-com-o-trafico-e-advoga-para-pai-do-menino-henry.ghtml\" data-pf_style_display=\"inline\" data-pf_style_visibility=\"visible\"><span class=\"text-node\">falsificar cart\u00f5es de vacina\u00e7\u00e3o<\/span><\/a><span class=\"text-node\">. Foi oficial da Academia Militar das <\/span><strong data-pf_style_display=\"inline\" data-pf_style_visibility=\"visible\"><span class=\"text-node\">Agulhas Negras.<\/span><\/strong><\/p>\n<p class=\"added-to-list1\" data-pf_style_display=\"block\" data-pf_style_visibility=\"visible\"><strong data-pf_style_display=\"inline\" data-pf_style_visibility=\"visible\"><span class=\"text-node\">Alexandre Castilho Bitencourt da Silva: <\/span><\/strong><span class=\"text-node\">coronel da ativa do Ex\u00e9rcito, <\/span><a href=\"https:\/\/www.estadao.com.br\/politica\/exercito-aponta-autores-da-carta-dos-oficiais-que-pedia-golpe-26-militares-responderao-a-inquerito\/\" data-pf_style_display=\"inline\" data-pf_style_visibility=\"visible\"><span class=\"text-node\">foi um dos autores<\/span><\/a><span class=\"text-node\"> da Carta dos Oficiais que sugeriram golpe. Foi formado pela Academia Militar das Agulhas Negras em 1997.\u00a0<\/span><\/p>\n<p class=\"added-to-list1\" data-pf_style_display=\"block\" data-pf_style_visibility=\"visible\"><strong data-pf_style_display=\"inline\" data-pf_style_visibility=\"visible\"><span class=\"text-node\">Alexandre Ramagem:<\/span><\/strong><span class=\"text-node\"> delegado da PF, chefiou a Ag\u00eancia Brasileira de Intelig\u00eancia, Abin, no governo de Jair Bolsonaro \u2013 \u00e9poca em que o \u00f3rg\u00e3o foi usado para espionagem ilegal, no <\/span><a href=\"https:\/\/www.intercept.com.br\/2024\/08\/03\/nao-existiu-uma-abin-paralela\/\" data-pf_style_display=\"inline\" data-pf_style_visibility=\"visible\"><span class=\"text-node\">esc\u00e2ndalo conhecido como Abin Paralela<\/span><\/a><span class=\"text-node\"> \u2013 e se elegeu deputado federal pelo PL do Rio de Janeiro em 2022. Em 2024, foi derrotado na disputa pela prefeitura da capital fluminense.<\/span><\/p>\n<p class=\"added-to-list1\" data-pf_style_display=\"block\" data-pf_style_visibility=\"visible\"><strong data-pf_style_display=\"inline\" data-pf_style_visibility=\"visible\"><span class=\"text-node\">Almir Garnier<\/span><\/strong><span class=\"text-node\">: ex-comandante da Marinha no governo Bolsonaro, <\/span><a href=\"https:\/\/www.cnnbrasil.com.br\/politica\/investigado-por-golpismo-ex-comandante-da-marinha-diz-que-assinou-nota-em-defesa-dos-acampamentos-para-apoiar-chefe-do-exercito\/\" data-pf_style_display=\"inline\" data-pf_style_visibility=\"visible\"><span class=\"text-node\">assinou nota<\/span><\/a><span class=\"text-node\"> em defesa dos acampamentos golpistas em 2022.<\/span><\/p>\n<p class=\"added-to-list1\" data-pf_style_display=\"block\" data-pf_style_visibility=\"visible\"><strong data-pf_style_display=\"inline\" data-pf_style_visibility=\"visible\"><span class=\"text-node\">Amauri Feres Saad:<\/span><\/strong><span class=\"text-node\"> advogado, foi apontado como <\/span><a href=\"https:\/\/www.poder360.com.br\/poder-flash\/leia-a-integra-do-depoimento-do-advogado-amauri-feres-a-pf\/\" data-pf_style_display=\"inline\" data-pf_style_visibility=\"visible\"><span class=\"text-node\">coautor da minuta golpista<\/span><\/a><span class=\"text-node\">apresentada a Bolsonaro em 2022.\u00a0<\/span><\/p>\n<p class=\"added-to-list1\" data-pf_style_display=\"block\" data-pf_style_visibility=\"visible\"><strong data-pf_style_display=\"inline\" data-pf_style_visibility=\"visible\"><span class=\"text-node\">Anderson Lima de Moura:<\/span><\/strong><span class=\"text-node\"> coronel da ativa no Ex\u00e9rcito, foi um dos respons\u00e1veis por redigir a <\/span><a href=\"https:\/\/www.metropoles.com\/brasil\/militares-carta-do-golpe-inquerito\" data-pf_style_display=\"inline\" data-pf_style_visibility=\"visible\"><span class=\"text-node\">carta do golpe<\/span><\/a><span class=\"text-node\">. Tamb\u00e9m foi formado em 1997 na Academia Militar das Agulhas Negras.<\/span><\/p>\n<p class=\"added-to-list1\" data-pf_style_display=\"block\" data-pf_style_visibility=\"visible\"><strong data-pf_style_display=\"inline\" data-pf_style_visibility=\"visible\"><span class=\"text-node\">Angelo Martins Denicoli:<\/span><\/strong><span class=\"text-node\"> major da reserva do Ex\u00e9rcito, foi diretor do departamento de Monitoramento e Avalia\u00e7\u00e3o do Sistema \u00danico de Sa\u00fade do Minist\u00e9rio da Sa\u00fade na gest\u00e3o de Eduardo Pazuello, no governo Bolsonaro. \u00c9 apontado pela PF como <\/span><a href=\"https:\/\/g1.globo.com\/sp\/sao-paulo\/noticia\/2024\/02\/14\/major-da-reserva-e-demitido-de-empresa-publica-de-sp-apos-ser-alvo-de-operacao-por-suspeita-de-tentativa-de-golpe.ghtml\" data-pf_style_display=\"inline\" data-pf_style_visibility=\"visible\"><span class=\"text-node\">propagador de not\u00edcias falsas<\/span><\/a><span class=\"text-node\"> sobre o processo eleitoral. Foi formado pela Academia Militar das Agulhas Negras.<\/span><\/p>\n<p class=\"added-to-list1\" data-pf_style_display=\"block\" data-pf_style_visibility=\"visible\"><strong data-pf_style_display=\"inline\" data-pf_style_visibility=\"visible\"><span class=\"text-node\">Augusto Heleno<\/span><\/strong><span class=\"text-node\">: \u00e9 general da reserva do Ex\u00e9rcito e ex-chefe do Gabinete de Seguran\u00e7a Institucional, o GSI, no governo Bolsonaro. No plano golpista, Heleno seria, ao lado de Braga Netto, o comandante de um \u201cgabinete de crise\u201d <\/span><a href=\"https:\/\/www.cnnbrasil.com.br\/politica\/plano-de-golpe-previa-heleno-e-braga-netto-no-comando-de-gabinete-de-crise\/\" data-pf_style_display=\"inline\" data-pf_style_visibility=\"visible\"><span class=\"text-node\">que seria instalado<\/span><\/a><span class=\"text-node\">ap\u00f3s o assassinato de Lula, Alckmin e Alexandre de Moraes. Foi formado na Academia Militar das Agulhas Negras, onde tamb\u00e9m lecionou.<\/span><\/p>\n<p class=\"added-to-list1\" data-pf_style_display=\"block\" data-pf_style_visibility=\"visible\"><strong data-pf_style_display=\"inline\" data-pf_style_visibility=\"visible\"><span class=\"text-node\">Bernardo Rom\u00e3o Corr\u00eaa Netto:<\/span><\/strong><span class=\"text-node\"> \u00e9 coronel de cavalaria do Ex\u00e9rcito. Foi <\/span><a href=\"https:\/\/noticias.uol.com.br\/politica\/ultimas-noticias\/2024\/02\/11\/quem-e-o-coronel-suspeito-de-incitar-militares-a-aderirem-ao-golpe.htm?cmpid=copiaecola\" data-pf_style_display=\"inline\" data-pf_style_visibility=\"visible\"><span class=\"text-node\">acusado de incita<\/span><\/a><span class=\"text-node\">r os militares a aderir ao golpe. \u00c9 apontado como organizador da reuni\u00e3o com os \u2018kids pretos\u2019, o grupo de elite do Ex\u00e9rcito que planejou o golpe. Tamb\u00e9m estudou na Academia Militar das Agulhas Negras.<\/span><\/p>\n<p class=\"added-to-list1\" data-pf_style_display=\"block\" data-pf_style_visibility=\"visible\"><strong data-pf_style_display=\"inline\" data-pf_style_visibility=\"visible\"><span class=\"text-node\">Carlos Cesar Moretzsohn Rocha<\/span><\/strong><span class=\"text-node\">: engenheiro, \u00e9 dono do Instituto Voto Legal, <\/span><a href=\"https:\/\/www.metropoles.com\/brasil\/eleicoes-2022\/contratado-pelo-pl-para-questionar-eleicao-tinha-patente-de-urna-para-voto-impresso\" data-pf_style_display=\"inline\" data-pf_style_visibility=\"visible\"><span class=\"text-node\">contratado pelo PL<\/span><\/a><span class=\"text-node\"> para descredibilizar as urnas eletr\u00f4nicas.<\/span><\/p>\n<p class=\"added-to-list1\" data-pf_style_display=\"block\" data-pf_style_visibility=\"visible\"><strong data-pf_style_display=\"inline\" data-pf_style_visibility=\"visible\"><span class=\"text-node\">Carlos Giovani Delevati Pasini: <\/span><\/strong><span class=\"text-node\">coronel da reserva do Ex\u00e9rcito e professor do Col\u00e9gio Militar de Bel\u00e9m, \u00e9 apontado como um dos <\/span><a href=\"https:\/\/g1.globo.com\/politica\/noticia\/2024\/08\/27\/exercito-abre-inquerito-para-investigar-4-militares-por-possiveis-crimes-na-elaboracao-de-carta-golpista-em-2022.ghtml\" data-pf_style_display=\"inline\" data-pf_style_visibility=\"visible\"><span class=\"text-node\">autores da carta golpist<\/span><\/a><span class=\"text-node\">a em 2022.\u00a0<\/span><\/p>\n<p class=\"added-to-list1\" data-pf_style_display=\"block\" data-pf_style_visibility=\"visible\"><strong data-pf_style_display=\"inline\" data-pf_style_visibility=\"visible\"><span class=\"text-node\">Cleverson Ney Magalh\u00e3es:<\/span><\/strong><span class=\"text-node\"> coronel do Ex\u00e9rcito e ex-oficial do Comando de Opera\u00e7\u00f5es Terrestres, tamb\u00e9m foi formado pela Academia Militar das Agulhas Negras, em 1993. \u00c9 apontado como um dos organizadores da<\/span><a href=\"https:\/\/www.metropoles.com\/distrito-federal\/coronel-nega-que-reuniao-na-asa-norte-era-para-redigir-carta-pro-golpe\" data-pf_style_display=\"inline\" data-pf_style_visibility=\"visible\"><span class=\"text-node\"> reuni\u00e3o golpista<\/span><\/a><span class=\"text-node\"> em 2022.<\/span><\/p>\n<p class=\"added-to-list1\" data-pf_style_display=\"block\" data-pf_style_visibility=\"visible\"><strong data-pf_style_display=\"inline\" data-pf_style_visibility=\"visible\"><span class=\"text-node\">Estevam Cals The\u00f3philo Gaspar de Oliveira<\/span><\/strong><span class=\"text-node\">: general da reserva, \u00e9 ex-chefe do Comandante de Opera\u00e7\u00f5es Terrestres do Ex\u00e9rcito. Ele chegou a ser cogitado para assumir o comando do Ex\u00e9rcito no final de 2022. Na trama do golpe, segundo a PF, ele era o respons\u00e1vel <\/span><a href=\"https:\/\/www.estadao.com.br\/politica\/general-alvo-operacao-pf-policia-federal-estevam-theophilo-colocaria-kids-pretos-prender-alexandre-de-moraes-stf-supremo-tribunal-federal-jair-bolsonaro-nprp\/\" data-pf_style_display=\"inline\" data-pf_style_visibility=\"visible\"><span class=\"text-node\">operacional por<\/span><\/a><span class=\"text-node\"> \u201ccolocar na rua\u201d as For\u00e7as Especiais do Ex\u00e9rcito, os \u201ckids pretos\u201d.<\/span><\/p>\n<p class=\"added-to-list1\" data-pf_style_display=\"block\" data-pf_style_visibility=\"visible\"><strong data-pf_style_display=\"inline\" data-pf_style_visibility=\"visible\"><span class=\"text-node\">Fabr\u00edcio Moreira de Bastos<\/span><\/strong><span class=\"text-node\">: coronel do Ex\u00e9rcito tamb\u00e9m formado pela Academia Militar das Agulhas Negras, hoje est\u00e1 em Israel como adido de Defesa, Naval e do Ex\u00e9rcito.<\/span><\/p>\n<p class=\"added-to-list1\" data-pf_style_display=\"block\" data-pf_style_visibility=\"visible\"><strong data-pf_style_display=\"inline\" data-pf_style_visibility=\"visible\"><span class=\"text-node\">Filipe Garcia Martins:<\/span><\/strong><span class=\"text-node\"> ex-assessor especial para assuntos internacionais da Presid\u00eancia, \u00e9 <\/span><a href=\"https:\/\/g1.globo.com\/sp\/sorocaba-jundiai\/noticia\/2024\/02\/08\/filipe-martins-ex-assessor-de-bolsonaro.ghtml\" data-pf_style_display=\"inline\" data-pf_style_visibility=\"visible\"><span class=\"text-node\">apontado como respons\u00e1vel por entregar a Jair Bolsonaro a minuta do golpe<\/span><\/a><span class=\"text-node\">. Em 2021, foi denunciado \u00e0 Justi\u00e7a por um gesto supremacista e racista em uma sess\u00e3o no Senado.<\/span><\/p>\n<p class=\"added-to-list1\" data-pf_style_display=\"block\" data-pf_style_visibility=\"visible\"><strong data-pf_style_display=\"inline\" data-pf_style_visibility=\"visible\"><span class=\"text-node\">Fernando Cerimedo:<\/span><\/strong><span class=\"text-node\"> empres\u00e1rio argentino que ficou conhecido ap\u00f3s fazer uma live colocando em d\u00favida a seguran\u00e7a das urnas eletr\u00f4nicas nas elei\u00e7\u00f5es de 2022.<\/span><\/p>\n<p class=\"added-to-list1\" data-pf_style_display=\"block\" data-pf_style_visibility=\"visible\"><strong data-pf_style_display=\"inline\" data-pf_style_visibility=\"visible\"><span class=\"text-node\">Giancarlo Gomes Rodrigues:<\/span><\/strong><span class=\"text-node\"> subtenente do Ex\u00e9rcito e um dos respons\u00e1veis por fazer monitoramento clandestino de opositores.<\/span><\/p>\n<p class=\"added-to-list1\" data-pf_style_display=\"block\" data-pf_style_visibility=\"visible\"><strong data-pf_style_display=\"inline\" data-pf_style_visibility=\"visible\"><span class=\"text-node\">Guilherme Marques de Almeida:<\/span><\/strong><span class=\"text-node\"> tenente-coronel do Ex\u00e9rcito e <\/span><a href=\"https:\/\/istoe.com.br\/quem-e-o-militar-que-desmaiou-em-operacao-da-pf-e-foi-exonerado-de-comando-do-exercito\/\" data-pf_style_display=\"inline\" data-pf_style_visibility=\"visible\"><span class=\"text-node\">ex-comandante<\/span><\/a><span class=\"text-node\"> do 1\u00ba Batalh\u00e3o de Opera\u00e7\u00f5es Psicol\u00f3gicas em Goi\u00e2nia. Tamb\u00e9m se graduou na Academia Militar das Agulhas Negras, em 2000.<\/span><\/p>\n<p class=\"added-to-list1\" data-pf_style_display=\"block\" data-pf_style_visibility=\"visible\"><strong data-pf_style_display=\"inline\" data-pf_style_visibility=\"visible\"><span class=\"text-node\">H\u00e9lio Ferreira Lima:<\/span><\/strong><span class=\"text-node\"> tenente-coronel do Ex\u00e9rcito cujo nome apareceu em trocas de mensagens com Mauro Cid, ex-ajudante de ordens de Bolsonaro. \u00c9 integrante do grupo \u201ckids pretos\u201d.<\/span><\/p>\n<p class=\"added-to-list1\" data-pf_style_display=\"block\" data-pf_style_visibility=\"visible\"><strong data-pf_style_display=\"inline\" data-pf_style_visibility=\"visible\"><span class=\"text-node\">Jair Messias Bolsonaro<\/span><\/strong><span class=\"text-node\">: ex-presidente da Rep\u00fablica, ex-deputado federal e capit\u00e3o da reserva do Ex\u00e9rcito.<\/span><\/p>\n<p class=\"added-to-list1\" data-pf_style_display=\"block\" data-pf_style_visibility=\"visible\"><strong data-pf_style_display=\"inline\" data-pf_style_visibility=\"visible\"><span class=\"text-node\">Jos\u00e9 Eduardo de Oliveira e Silva:<\/span><\/strong><span class=\"text-node\"> padre da diocese de Osasco, teria participado de uma das reuni\u00f5es sobre o plano golpista no Planalto.<\/span><\/p>\n<p class=\"added-to-list1\" data-pf_style_display=\"block\" data-pf_style_visibility=\"visible\"><strong data-pf_style_display=\"inline\" data-pf_style_visibility=\"visible\"><span class=\"text-node\">Laercio Vergililo:<\/span><\/strong><span class=\"text-node\"> general da reserva do Ex\u00e9rcito, \u00e9 <\/span><a href=\"https:\/\/g1.globo.com\/ms\/mato-grosso-do-sul\/noticia\/2024\/02\/22\/general-suspeito-de-participar-no-planejamento-de-suposta-tentativa-de-golpe-depoe-na-pf-em-campo-grande.ghtml\" data-pf_style_display=\"inline\" data-pf_style_visibility=\"visible\"><span class=\"text-node\">suspeito de participar de plano<\/span><\/a><span class=\"text-node\">para prender o ministro Alexandre de Moraes.<\/span><span class=\"text-node\">Tamb\u00e9m \u00e9 oriundo da Academia Militar das Agulhas Negras.<\/span><\/p>\n<p class=\"added-to-list1\" data-pf_style_display=\"block\" data-pf_style_visibility=\"visible\"><strong data-pf_style_display=\"inline\" data-pf_style_visibility=\"visible\"><span class=\"text-node\">Marcelo Bormevet<\/span><\/strong><span class=\"text-node\">: policial federal, <\/span><a href=\"https:\/\/www.intercept.com.br\/2024\/01\/25\/alexandre-de-moraes-cita-intercept-para-autorizar-operacao-da-pf-sobre-espionagem-ilegal-na-abin\/\" data-pf_style_display=\"inline\" data-pf_style_visibility=\"visible\"><span class=\"text-node\">investigado por participar<\/span><\/a><span class=\"text-node\"> da \u201cAbin paralela\u201d, esquema de espionagem ilegal.\u00a0<\/span><\/p>\n<p class=\"added-to-list1\" data-pf_style_display=\"block\" data-pf_style_visibility=\"visible\"><strong data-pf_style_display=\"inline\" data-pf_style_visibility=\"visible\"><span class=\"text-node\">Marcelo Costa C\u00e2mara:<\/span><\/strong><span class=\"text-node\"> coronel do Ex\u00e9rcito e ex-ajudante de ordens de Jair Bolsonaro. Foi indicado no <\/span><a href=\"https:\/\/noticias.uol.com.br\/colunas\/leonardo-sakamoto\/2024\/07\/04\/bolsonaro-arrasta-8-militares-com-ele-ao-ser-indiciado-por-surrupiar-joias.htm\" data-pf_style_display=\"inline\" data-pf_style_visibility=\"visible\"><span class=\"text-node\">esc\u00e2ndalo das joias<\/span><\/a><span class=\"text-node\"> de Bolsonaro.\u00a0<\/span><\/p>\n<p class=\"added-to-list1\" data-pf_style_display=\"block\" data-pf_style_visibility=\"visible\"><strong data-pf_style_display=\"inline\" data-pf_style_visibility=\"visible\"><span class=\"text-node\">Mario Fernandes<\/span><\/strong><span class=\"text-node\">: general da reserva do Ex\u00e9rcito e ex-n\u00famero 2 da Secretaria-Geral da Presid\u00eancia durante o governo Bolsonaro. \u00c9 um dos suspeitos de participar do plano para matar Lula, Alckmin e Moraes.<\/span><\/p>\n<p class=\"added-to-list1\" data-pf_style_display=\"block\" data-pf_style_visibility=\"visible\"><strong data-pf_style_display=\"inline\" data-pf_style_visibility=\"visible\"><span class=\"text-node\">Mauro Cesar Barbosa Cid<\/span><\/strong><span class=\"text-node\">: tenente-coronel do Ex\u00e9rcito e ex-ajudante de ordens da Presid\u00eancia da Rep\u00fablica. \u00c9 formado pela Academia Militar das Agulhas Negras.<\/span><\/p>\n<p class=\"added-to-list1\" data-pf_style_display=\"block\" data-pf_style_visibility=\"visible\"><strong data-pf_style_display=\"inline\" data-pf_style_visibility=\"visible\"><span class=\"text-node\">Nilton Diniz Rodrigues<\/span><\/strong><span class=\"text-node\">: general do Ex\u00e9rcito e comandante da 2\u00aa Brigada de Infantaria de Selva, no Amazonas.<\/span><\/p>\n<p class=\"added-to-list1\" data-pf_style_display=\"block\" data-pf_style_visibility=\"visible\"><strong data-pf_style_display=\"inline\" data-pf_style_visibility=\"visible\"><span class=\"text-node\">Paulo Renato de Oliveira Figueiredo Filho: <\/span><\/strong><span class=\"text-node\">empres\u00e1rio, ex-comentarista na Jovem Pan e neto do ex-presidente Jo\u00e3o Figueiredo, que comandou o pa\u00eds durante a ditadura militar.<\/span><\/p>\n<p class=\"added-to-list1\" data-pf_style_display=\"block\" data-pf_style_visibility=\"visible\"><strong data-pf_style_display=\"inline\" data-pf_style_visibility=\"visible\"><span class=\"text-node\">Paulo S\u00e9rgio Nogueira de Oliveira:<\/span><\/strong><span class=\"text-node\">general e ex-comandante do Ex\u00e9rcito. Foi ministro da Defesa no governo de Jair Bolsonaro entre abril e dezembro de 2022. Tamb\u00e9m foi da Academia Militar das Agulhas Negras.<\/span><\/p>\n<p class=\"added-to-list1\" data-pf_style_display=\"block\" data-pf_style_visibility=\"visible\"><strong data-pf_style_display=\"inline\" data-pf_style_visibility=\"visible\"><span class=\"text-node\">Rafael Martins de Oliveira: <\/span><\/strong><span class=\"text-node\">major do Ex\u00e9rcito e membro do grupo \u2018kids pretos\u2019, que s\u00e3o especialistas em opera\u00e7\u00f5es especiais. Segundo a PF, ele <\/span><a href=\"https:\/\/www.cartacapital.com.br\/politica\/militar-preso-pela-pf-roubou-dados-de-engenheiro-para-planejar-golpe-de-estado\/\" data-pf_style_display=\"inline\" data-pf_style_visibility=\"visible\"><span class=\"text-node\">chegou a roubar dados<\/span><\/a><span class=\"text-node\"> de uma pessoa para habilitar um celular usado na opera\u00e7\u00e3o.<\/span><\/p>\n<p class=\"added-to-list1\" data-pf_style_display=\"block\" data-pf_style_visibility=\"visible\"><strong data-pf_style_display=\"inline\" data-pf_style_visibility=\"visible\"><span class=\"text-node\">Ronald Ferreira de Araujo Junior: <\/span><\/strong><span class=\"text-node\">tenente-coronel do Ex\u00e9rcito que, de acordo com a PF, <\/span><a href=\"https:\/\/oglobo.globo.com\/politica\/noticia\/2024\/04\/04\/moraes-nega-novo-depoimento-a-militar-suspeito-de-atuar-em-minuta-golpista.ghtml\" data-pf_style_display=\"inline\" data-pf_style_visibility=\"visible\"><span class=\"text-node\">atuou na elabora\u00e7\u00e3o da minuta<\/span><\/a><span class=\"text-node\"> que embasaria um decreto de golpe de Estado. \u00c9 tamb\u00e9m graduado na Academia Militar das Agulhas Negras.<\/span><\/p>\n<p class=\"added-to-list1\" data-pf_style_display=\"block\" data-pf_style_visibility=\"visible\"><strong data-pf_style_display=\"inline\" data-pf_style_visibility=\"visible\"><span class=\"text-node\">Sergio Ricardo Cavaliere de Medeiros:<\/span><\/strong><span class=\"text-node\">tenente-coronel do Ex\u00e9rcito que, <\/span><a href=\"https:\/\/g1.globo.com\/ms\/mato-grosso-do-sul\/noticia\/2024\/02\/08\/militar-do-exercito-em-ms-e-alvo-de-investigacao-em-operacao-sobre-tentativa-de-golpe-em-2022.ghtml\" data-pf_style_display=\"inline\" data-pf_style_visibility=\"visible\"><span class=\"text-node\">segundo a PF<\/span><\/a><span class=\"text-node\">, integrava o N\u00facleo de desinforma\u00e7\u00e3o e ataques ao sistema eleitoral. Tamb\u00e9m foi formado pela Academia Militar das Agulhas Negras, na mesma turma de Mauro Cid.<\/span><\/p>\n<p class=\"added-to-list1\" data-pf_style_display=\"block\" data-pf_style_visibility=\"visible\"><strong data-pf_style_display=\"inline\" data-pf_style_visibility=\"visible\"><span class=\"text-node\">T\u00e9rcio Arnaud Tomaz:<\/span><\/strong><span class=\"text-node\"> ex-assessor de Bolsonaro e apontado como <\/span><a href=\"https:\/\/g1.globo.com\/pb\/paraiba\/noticia\/2024\/02\/08\/quem-e-tercio-arnaud-ex-assessor-de-bolsonaro-e-alvo-de-operacao-da-policia-federal.ghtml\" data-pf_style_display=\"inline\" data-pf_style_visibility=\"visible\"><span class=\"text-node\">integrante do \u201cgabinete do \u00f3dio\u201d<\/span><\/a><span class=\"text-node\">.<\/span><\/p>\n<p class=\"added-to-list1\" data-pf_style_display=\"block\" data-pf_style_visibility=\"visible\"><strong data-pf_style_display=\"inline\" data-pf_style_visibility=\"visible\"><span class=\"text-node\">Valdemar Costa Neto<\/span><\/strong><span class=\"text-node\">: ex-deputado federal e atual presidente do PL, partido pelo qual Bolsonaro e Braga Netto concorreram nas elei\u00e7\u00f5es de 2022<\/span><\/p>\n<p class=\"added-to-list1\" data-pf_style_display=\"block\" data-pf_style_visibility=\"visible\"><strong data-pf_style_display=\"inline\" data-pf_style_visibility=\"visible\"><span class=\"text-node\">Walter Souza Braga Netto:<\/span><\/strong><span class=\"text-node\"> general da reserva do Ex\u00e9rcito, foi ministro da Defesa no governo de Jair Bolsonaro e candidato a vice na chapa do ex-presidente nas elei\u00e7\u00f5es de 2022.<\/span><\/p>\n<p class=\"added-to-list1\" data-pf_style_display=\"block\" data-pf_style_visibility=\"visible\"><strong data-pf_style_display=\"inline\" data-pf_style_visibility=\"visible\"><span class=\"text-node\">Wladimir Matos Soares:<\/span><\/strong><span class=\"text-node\"> policial federal, \u00e9 suspeito de participar de grupo que planejou as mortes de Lula, Alckmin e do ministro do STF Alexandre de Moraes. Atuou na seguran\u00e7a do hotel em que Lula ficou hospedado na transi\u00e7\u00e3o.<\/span><\/p>\n<\/section>\n","protected":false},"excerpt":{"rendered":"<p>Bolsonaro, Heleno, Braga Netto e Costa Neto: quem s\u00e3o os indiciados por tentativa de golpe<\/p>\n","protected":false},"author":1,"featured_media":0,"comment_status":"closed","ping_status":"open","sticky":false,"template":"","format":"standard","meta":{"_exactmetrics_skip_tracking":false,"_exactmetrics_sitenote_active":false,"_exactmetrics_sitenote_note":"","_exactmetrics_sitenote_category":0,"jetpack_post_was_ever_published":false,"_jetpack_newsletter_access":"","_jetpack_dont_email_post_to_subs":false,"_jetpack_newsletter_tier_id":0,"_jetpack_memberships_contains_paywalled_content":false,"_jetpack_memberships_contains_paid_content":false,"footnotes":"","jetpack_publicize_message":"","jetpack_publicize_feature_enabled":true,"jetpack_social_post_already_shared":true,"jetpack_social_options":{"image_generator_settings":{"template":"highway","enabled":false},"version":2}},"categories":[1],"tags":[53,39,449],"class_list":["post-36262","post","type-post","status-publish","format-standard","hentry","category-notas","tag-bolsonaro","tag-golpe","tag-militares"],"jetpack_publicize_connections":[],"jetpack_sharing_enabled":true,"jetpack_featured_media_url":"","jetpack_shortlink":"https:\/\/wp.me\/p7wKYW-9qS","jetpack-related-posts":[],"_links":{"self":[{"href":"http:\/\/blogdalucianaoliveira.com.br\/blog\/wp-json\/wp\/v2\/posts\/36262","targetHints":{"allow":["GET"]}}],"collection":[{"href":"http:\/\/blogdalucianaoliveira.com.br\/blog\/wp-json\/wp\/v2\/posts"}],"about":[{"href":"http:\/\/blogdalucianaoliveira.com.br\/blog\/wp-json\/wp\/v2\/types\/post"}],"author":[{"embeddable":true,"href":"http:\/\/blogdalucianaoliveira.com.br\/blog\/wp-json\/wp\/v2\/users\/1"}],"replies":[{"embeddable":true,"href":"http:\/\/blogdalucianaoliveira.com.br\/blog\/wp-json\/wp\/v2\/comments?post=36262"}],"version-history":[{"count":1,"href":"http:\/\/blogdalucianaoliveira.com.br\/blog\/wp-json\/wp\/v2\/posts\/36262\/revisions"}],"predecessor-version":[{"id":36264,"href":"http:\/\/blogdalucianaoliveira.com.br\/blog\/wp-json\/wp\/v2\/posts\/36262\/revisions\/36264"}],"wp:attachment":[{"href":"http:\/\/blogdalucianaoliveira.com.br\/blog\/wp-json\/wp\/v2\/media?parent=36262"}],"wp:term":[{"taxonomy":"category","embeddable":true,"href":"http:\/\/blogdalucianaoliveira.com.br\/blog\/wp-json\/wp\/v2\/categories?post=36262"},{"taxonomy":"post_tag","embeddable":true,"href":"http:\/\/blogdalucianaoliveira.com.br\/blog\/wp-json\/wp\/v2\/tags?post=36262"}],"curies":[{"name":"wp","href":"https:\/\/api.w.org\/{rel}","templated":true}]}}