{"id":36265,"date":"2024-11-22T13:23:11","date_gmt":"2024-11-22T17:23:11","guid":{"rendered":"http:\/\/blogdalucianaoliveira.com.br\/blog\/?p=36265"},"modified":"2024-11-22T13:23:11","modified_gmt":"2024-11-22T17:23:11","slug":"relatorio-destaca-impactos-da-mineracao-ilegal-nos-direitos-humanos-e-na-biodiversidade-amazonica","status":"publish","type":"post","link":"http:\/\/blogdalucianaoliveira.com.br\/blog\/2024\/11\/22\/relatorio-destaca-impactos-da-mineracao-ilegal-nos-direitos-humanos-e-na-biodiversidade-amazonica\/","title":{"rendered":"Relat\u00f3rio destaca impactos da minera\u00e7\u00e3o ilegal nos direitos humanos e na biodiversidade amaz\u00f4nica"},"content":{"rendered":"<p><img data-recalc-dims=\"1\" loading=\"lazy\" decoding=\"async\" data-attachment-id=\"36266\" data-permalink=\"http:\/\/blogdalucianaoliveira.com.br\/blog\/2024\/11\/22\/relatorio-destaca-impactos-da-mineracao-ilegal-nos-direitos-humanos-e-na-biodiversidade-amazonica\/6cb0646c-a65f-43f5-b400-e6b8e1b1c656\/\" data-orig-file=\"https:\/\/i0.wp.com\/blogdalucianaoliveira.com.br\/blog\/wp-content\/uploads\/2024\/11\/6cb0646c-a65f-43f5-b400-e6b8e1b1c656.jpeg?fit=600%2C372\" data-orig-size=\"600,372\" data-comments-opened=\"0\" data-image-meta=\"{&quot;aperture&quot;:&quot;0&quot;,&quot;credit&quot;:&quot;&quot;,&quot;camera&quot;:&quot;&quot;,&quot;caption&quot;:&quot;&quot;,&quot;created_timestamp&quot;:&quot;1732296086&quot;,&quot;copyright&quot;:&quot;&quot;,&quot;focal_length&quot;:&quot;0&quot;,&quot;iso&quot;:&quot;0&quot;,&quot;shutter_speed&quot;:&quot;0&quot;,&quot;title&quot;:&quot;&quot;,&quot;orientation&quot;:&quot;1&quot;}\" data-image-title=\"6cb0646c-a65f-43f5-b400-e6b8e1b1c656\" data-image-description=\"\" data-image-caption=\"\" data-medium-file=\"https:\/\/i0.wp.com\/blogdalucianaoliveira.com.br\/blog\/wp-content\/uploads\/2024\/11\/6cb0646c-a65f-43f5-b400-e6b8e1b1c656.jpeg?fit=300%2C186\" data-large-file=\"https:\/\/i0.wp.com\/blogdalucianaoliveira.com.br\/blog\/wp-content\/uploads\/2024\/11\/6cb0646c-a65f-43f5-b400-e6b8e1b1c656.jpeg?fit=600%2C372\" class=\"alignnone size-full wp-image-36266\" src=\"https:\/\/i0.wp.com\/blogdalucianaoliveira.com.br\/blog\/wp-content\/uploads\/2024\/11\/6cb0646c-a65f-43f5-b400-e6b8e1b1c656.jpeg?resize=600%2C372\" alt=\"\" width=\"600\" height=\"372\" srcset=\"https:\/\/i0.wp.com\/blogdalucianaoliveira.com.br\/blog\/wp-content\/uploads\/2024\/11\/6cb0646c-a65f-43f5-b400-e6b8e1b1c656.jpeg?w=600 600w, https:\/\/i0.wp.com\/blogdalucianaoliveira.com.br\/blog\/wp-content\/uploads\/2024\/11\/6cb0646c-a65f-43f5-b400-e6b8e1b1c656.jpeg?resize=300%2C186 300w, https:\/\/i0.wp.com\/blogdalucianaoliveira.com.br\/blog\/wp-content\/uploads\/2024\/11\/6cb0646c-a65f-43f5-b400-e6b8e1b1c656.jpeg?resize=484%2C300 484w\" sizes=\"auto, (max-width: 600px) 100vw, 600px\" \/><\/p>\n<p>&nbsp;<\/p>\n<p>Por Camila Pinheiro e Vinicius Miguel &#8211; Um relat\u00f3rio preparado por organiza\u00e7\u00f5es de seis pa\u00edses amaz\u00f4nicos, que aborda os impactos da minera\u00e7\u00e3o ilegal de ouro na Amaz\u00f4nia, foi publicado este m\u00eas por v\u00e1rias organiza\u00e7\u00f5es que trabalharam no estudo.<!--more--><\/p>\n<p>O documento se concentra nos efeitos devastadores sobre os direitos humanos e a biodiversidade na Amaz\u00f4nia, citando Rond\u00f4nia e o caso do garimpo na Reserva Ind\u00edgena Roosevelt, em Espig\u00e3o do Oeste, onde ocorreu um massacre de 29 garimpeiros em decorr\u00eancia de uma disputa por jazidas de diamantes, em 2004. Em decorr\u00eancia disso, o presidente Lula assinou um decreto estabelecendo um grupo de trabalho para o combate ao garimpo ilegal.<\/p>\n<p>O relat\u00f3rio intitulado &#8220;Illegal Gold Mining: Impacts on Human Rights and Biodiversity in the Amazon \u2013 Six Countries Report&#8221; (Minera\u00e7\u00e3o ilegal de ouro: Impactos sobre os direitos humanos e a biodiversidade na Amaz\u00f4nia &#8211; Relat\u00f3rio de seis pa\u00edses) foi elaborado por uma coaliz\u00e3o de organiza\u00e7\u00f5es de seis pa\u00edses amaz\u00f4nicos, incluindo a Hutukara Associa\u00e7\u00e3o Yanomami (Brasil), e institui\u00e7\u00f5es da Bol\u00edvia, Col\u00f4mbia, Equador, Peru, Estados Unidos e Venezuela. Este documento \u00e9 resultado de anos de monitoramento e an\u00e1lise, reunindo evid\u00eancias que detalham os impactos devastadores da minera\u00e7\u00e3o ilegal de ouro sobre os direitos humanos e os ecossistemas da Amaz\u00f4nia. A regi\u00e3o, que \u00e9 uma das mais biodiversas do planeta e desempenha papel crucial no equil\u00edbrio clim\u00e1tico global, enfrenta uma crescente degrada\u00e7\u00e3o ambiental e social devido \u00e0 minera\u00e7\u00e3o desenfreada.<\/p>\n<p>O relat\u00f3rio destaca como a minera\u00e7\u00e3o ilegal est\u00e1 enraizada em redes de crime organizado, frequentemente facilitadas pela corrup\u00e7\u00e3o e pela aus\u00eancia de pol\u00edticas p\u00fablicas eficazes. Embora os pa\u00edses amaz\u00f4nicos possuam legisla\u00e7\u00f5es e acordos internacionais, como a Conven\u00e7\u00e3o de Minamata, que regula o uso de merc\u00fario, a aplica\u00e7\u00e3o dessas normas permanece ineficaz. A situa\u00e7\u00e3o \u00e9 agravada pela falta de fiscaliza\u00e7\u00e3o adequada e pelo desrespeito aos direitos territoriais das popula\u00e7\u00f5es ind\u00edgenas, que s\u00e3o as principais v\u00edtimas deste modelo de explora\u00e7\u00e3o predat\u00f3rio.<\/p>\n<p>*Impactos no Brasil: o caso do Territ\u00f3rio Ind\u00edgena Yanomami*<br \/>\nNo Brasil, o foco do relat\u00f3rio \u00e9 o Territ\u00f3rio Ind\u00edgena Yanomami, uma \u00e1rea que cobre cerca de 96.650 km\u00b2 de floresta tropical nos estados do Amazonas e Roraima. Essa regi\u00e3o, reconhecida por sua rica biodiversidade, abriga mais de 27 mil habitantes ind\u00edgenas, incluindo os povos Yanomami e Ye\u2019kwana. Apesar de sua import\u00e2ncia ecol\u00f3gica e cultural, o territ\u00f3rio enfrenta uma crise humanit\u00e1ria sem precedentes devido \u00e0 expans\u00e3o do garimpo ilegal.<\/p>\n<p>O relat\u00f3rio aponta que, de 2019 a 2022, a \u00e1rea de garimpo dentro das terras Yanomami aumentou drasticamente, alcan\u00e7ando propor\u00e7\u00f5es seis vezes maiores do que em 1985. Esse avan\u00e7o est\u00e1 associado ao uso intensivo de merc\u00fario, uma subst\u00e2ncia altamente t\u00f3xica, empregada no processo de extra\u00e7\u00e3o de ouro. Estudos citados mostram que o merc\u00fario liberado no ambiente contamina os rios e se acumula na cadeia alimentar, especialmente nos peixes, que s\u00e3o a base da alimenta\u00e7\u00e3o de muitas comunidades ind\u00edgenas. Como consequ\u00eancia, as popula\u00e7\u00f5es locais sofrem de graves problemas de sa\u00fade, incluindo intoxica\u00e7\u00f5es por merc\u00fario que causam danos neurol\u00f3gicos irrevers\u00edveis, especialmente em mulheres gr\u00e1vidas e crian\u00e7as.<\/p>\n<p>Al\u00e9m disso, a presen\u00e7a massiva de garimpeiros ilegais na regi\u00e3o trouxe um aumento da viol\u00eancia, destrui\u00e7\u00e3o de aldeias e desestrutura\u00e7\u00e3o das comunidades ind\u00edgenas. O relat\u00f3rio denuncia a neglig\u00eancia estatal, que contribuiu para a escalada da crise. A aus\u00eancia de pol\u00edticas efetivas durante o governo Bolsonaro agravou a vulnerabilidade dos Yanomami, deixando comunidades inteiras \u00e0 merc\u00ea do crime organizado e expostas a condi\u00e7\u00f5es sanit\u00e1rias prec\u00e1rias.<\/p>\n<p>*Impactos em Rond\u00f4nia: amea\u00e7as \u00e0 biodiversidade e \u00e0s popula\u00e7\u00f5es locais*<br \/>\nO estado de Rond\u00f4nia tamb\u00e9m \u00e9 destacado no relat\u00f3rio como uma das regi\u00f5es onde o avan\u00e7o do garimpo ilegal tem causado danos significativos. \u00c1reas como a Floresta Nacional do Jamari e o Parque Nacional Paca\u00e1s Novos est\u00e3o sob crescente press\u00e3o de atividades ilegais. Rond\u00f4nia, embora menos mencionado em compara\u00e7\u00e3o ao Territ\u00f3rio Yanomami, enfrenta desafios semelhantes, como a destrui\u00e7\u00e3o de \u00e1reas protegidas, polui\u00e7\u00e3o dos recursos h\u00eddricos e impacto direto sobre popula\u00e7\u00f5es ind\u00edgenas e ribeirinhas.<\/p>\n<p>A Floresta Nacional do Jamari, por exemplo, \u00e9 constantemente invadida por garimpeiros que utilizam m\u00e9todos destrutivos, como o uso indiscriminado de merc\u00fario, resultando em contamina\u00e7\u00e3o dos rios e afetando a fauna aqu\u00e1tica. No Parque Nacional Paca\u00e1s Novos, a minera\u00e7\u00e3o ilegal tem contribu\u00eddo para o desmatamento acelerado e para a degrada\u00e7\u00e3o de habitats vitais. Al\u00e9m disso, a falta de fiscaliza\u00e7\u00e3o eficiente e a corrup\u00e7\u00e3o local tornam a repress\u00e3o ao garimpo um desafio complexo.<\/p>\n<p>Rond\u00f4nia \u00e9 tamb\u00e9m lar de v\u00e1rias comunidades ind\u00edgenas que dependem diretamente da floresta e dos rios para sua subsist\u00eancia. O avan\u00e7o do garimpo ilegal nessas \u00e1reas n\u00e3o s\u00f3 amea\u00e7a os ecossistemas, mas tamb\u00e9m desestrutura modos de vida tradicionais, resultando em perda de territ\u00f3rios, aumento de conflitos e vulnerabilidade social. As den\u00fancias apontam ainda que muitos desses povos n\u00e3o t\u00eam suas terras plenamente demarcadas, o que facilita invas\u00f5es e dificulta a\u00e7\u00f5es de prote\u00e7\u00e3o.<\/p>\n<p>*Desafios e recomenda\u00e7\u00f5es*<br \/>\nO relat\u00f3rio apresenta uma s\u00e9rie de recomenda\u00e7\u00f5es para enfrentar os desafios impostos pela minera\u00e7\u00e3o ilegal de ouro. Dentre elas, destacam-se:<\/p>\n<p>*1. Fortalecimento da fiscaliza\u00e7\u00e3o ambiental e combate ao uso de merc\u00fario:* \u00c9 essencial que os pa\u00edses amaz\u00f4nicos, incluindo o Brasil, implementem com rigor as diretrizes da Conven\u00e7\u00e3o de Minamata. Isso inclui criar sistemas para rastrear o uso de merc\u00fario e reduzir progressivamente sua utiliza\u00e7\u00e3o, al\u00e9m de punir severamente o com\u00e9rcio ilegal da subst\u00e2ncia.<\/p>\n<p>*2. Prote\u00e7\u00e3o dos direitos ind\u00edgenas:* Os estados devem priorizar a demarca\u00e7\u00e3o e titula\u00e7\u00e3o dos territ\u00f3rios ind\u00edgenas, bem como assegurar a participa\u00e7\u00e3o dessas comunidades na elabora\u00e7\u00e3o de pol\u00edticas ambientais e de conserva\u00e7\u00e3o. \u00c9 imprescind\u00edvel respeitar os conhecimentos tradicionais e promover a autonomia desses povos.<\/p>\n<p>*3. Promo\u00e7\u00e3o de a\u00e7\u00f5es regionais coordenadas:* A coopera\u00e7\u00e3o entre os pa\u00edses da Amaz\u00f4nia \u00e9 fundamental para monitorar e combater a minera\u00e7\u00e3o ilegal, que frequentemente ocorre em \u00e1reas de fronteira. O estabelecimento de um sistema de san\u00e7\u00f5es e a cria\u00e7\u00e3o de mecanismos de monitoramento compartilhado s\u00e3o apontados como medidas urgentes.<\/p>\n<p>4. Apoio aos defensores ambientais: O relat\u00f3rio enfatiza a necessidade de proteger ambientalistas, jornalistas e lideran\u00e7as ind\u00edgenas que denunciam as atividades de garimpo. Essas pessoas frequentemente enfrentam amea\u00e7as e viol\u00eancia em decorr\u00eancia de seu trabalho.<\/p>\n<p>*Conclus\u00e3o do relat\u00f3rio*<br \/>\nO relat\u00f3rio evidencia que a minera\u00e7\u00e3o ilegal de ouro n\u00e3o \u00e9 apenas um problema ambiental, mas uma grave viola\u00e7\u00e3o dos direitos humanos e uma amea\u00e7a direta \u00e0 sobreviv\u00eancia dos povos ind\u00edgenas e das comunidades locais. No Brasil, o caso Yanomami \u00e9 emblem\u00e1tico da devasta\u00e7\u00e3o causada pelo garimpo, enquanto em Rond\u00f4nia a destrui\u00e7\u00e3o de \u00e1reas protegidas e a contamina\u00e7\u00e3o de recursos h\u00eddricos ressaltam a amplitude da crise. Para reverter esse cen\u00e1rio, \u00e9 necess\u00e1rio um esfor\u00e7o conjunto e coordenado, tanto em n\u00edvel nacional quanto internacional, para garantir a preserva\u00e7\u00e3o da Amaz\u00f4nia e o respeito aos seus habitantes.<\/p>\n<p>O relat\u00f3rio est\u00e1 dispon\u00edvel no link:<\/p>\n<p>https:\/\/drive.google.com\/file\/d\/1-Efy5tacSt2gdWCtQR890jYEXH3zHlla\/view<\/p>\n","protected":false},"excerpt":{"rendered":"<p>&nbsp; Por Camila Pinheiro e Vinicius Miguel &#8211; Um relat\u00f3rio preparado por organiza\u00e7\u00f5es de seis pa\u00edses amaz\u00f4nicos, que aborda os impactos da minera\u00e7\u00e3o ilegal de ouro na Amaz\u00f4nia, foi publicado este m\u00eas por v\u00e1rias organiza\u00e7\u00f5es que trabalharam no estudo.<\/p>\n","protected":false},"author":1,"featured_media":0,"comment_status":"closed","ping_status":"open","sticky":false,"template":"","format":"standard","meta":{"_exactmetrics_skip_tracking":false,"_exactmetrics_sitenote_active":false,"_exactmetrics_sitenote_note":"","_exactmetrics_sitenote_category":0,"jetpack_post_was_ever_published":false,"_jetpack_newsletter_access":"","_jetpack_dont_email_post_to_subs":false,"_jetpack_newsletter_tier_id":0,"_jetpack_memberships_contains_paywalled_content":false,"_jetpack_memberships_contains_paid_content":false,"footnotes":"","jetpack_publicize_message":"","jetpack_publicize_feature_enabled":true,"jetpack_social_post_already_shared":true,"jetpack_social_options":{"image_generator_settings":{"template":"highway","enabled":false},"version":2}},"categories":[1],"tags":[195,386,7],"class_list":["post-36265","post","type-post","status-publish","format-standard","hentry","category-notas","tag-garimpo","tag-meio-ambiente","tag-rondonia"],"jetpack_publicize_connections":[],"jetpack_sharing_enabled":true,"jetpack_featured_media_url":"","jetpack_shortlink":"https:\/\/wp.me\/p7wKYW-9qV","jetpack-related-posts":[],"_links":{"self":[{"href":"http:\/\/blogdalucianaoliveira.com.br\/blog\/wp-json\/wp\/v2\/posts\/36265","targetHints":{"allow":["GET"]}}],"collection":[{"href":"http:\/\/blogdalucianaoliveira.com.br\/blog\/wp-json\/wp\/v2\/posts"}],"about":[{"href":"http:\/\/blogdalucianaoliveira.com.br\/blog\/wp-json\/wp\/v2\/types\/post"}],"author":[{"embeddable":true,"href":"http:\/\/blogdalucianaoliveira.com.br\/blog\/wp-json\/wp\/v2\/users\/1"}],"replies":[{"embeddable":true,"href":"http:\/\/blogdalucianaoliveira.com.br\/blog\/wp-json\/wp\/v2\/comments?post=36265"}],"version-history":[{"count":1,"href":"http:\/\/blogdalucianaoliveira.com.br\/blog\/wp-json\/wp\/v2\/posts\/36265\/revisions"}],"predecessor-version":[{"id":36267,"href":"http:\/\/blogdalucianaoliveira.com.br\/blog\/wp-json\/wp\/v2\/posts\/36265\/revisions\/36267"}],"wp:attachment":[{"href":"http:\/\/blogdalucianaoliveira.com.br\/blog\/wp-json\/wp\/v2\/media?parent=36265"}],"wp:term":[{"taxonomy":"category","embeddable":true,"href":"http:\/\/blogdalucianaoliveira.com.br\/blog\/wp-json\/wp\/v2\/categories?post=36265"},{"taxonomy":"post_tag","embeddable":true,"href":"http:\/\/blogdalucianaoliveira.com.br\/blog\/wp-json\/wp\/v2\/tags?post=36265"}],"curies":[{"name":"wp","href":"https:\/\/api.w.org\/{rel}","templated":true}]}}