{"id":36268,"date":"2024-11-25T10:29:59","date_gmt":"2024-11-25T14:29:59","guid":{"rendered":"http:\/\/blogdalucianaoliveira.com.br\/blog\/?p=36268"},"modified":"2024-11-25T10:29:59","modified_gmt":"2024-11-25T14:29:59","slug":"barao-de-itarare-lanca-candidatos-para-participacao-social-na-ebc","status":"publish","type":"post","link":"http:\/\/blogdalucianaoliveira.com.br\/blog\/2024\/11\/25\/barao-de-itarare-lanca-candidatos-para-participacao-social-na-ebc\/","title":{"rendered":"Bar\u00e3o de Itarar\u00e9 lan\u00e7a candidatos para participa\u00e7\u00e3o social na EBC"},"content":{"rendered":"<p><img data-recalc-dims=\"1\" loading=\"lazy\" decoding=\"async\" data-attachment-id=\"36269\" data-permalink=\"http:\/\/blogdalucianaoliveira.com.br\/blog\/2024\/11\/25\/barao-de-itarare-lanca-candidatos-para-participacao-social-na-ebc\/design-sem-nome-1-2\/\" data-orig-file=\"https:\/\/i0.wp.com\/blogdalucianaoliveira.com.br\/blog\/wp-content\/uploads\/2024\/11\/IMG_3427.jpeg?fit=790%2C500\" data-orig-size=\"790,500\" data-comments-opened=\"0\" data-image-meta=\"{&quot;aperture&quot;:&quot;0&quot;,&quot;credit&quot;:&quot;Canal do Barao&quot;,&quot;camera&quot;:&quot;&quot;,&quot;caption&quot;:&quot;&quot;,&quot;created_timestamp&quot;:&quot;0&quot;,&quot;copyright&quot;:&quot;&quot;,&quot;focal_length&quot;:&quot;0&quot;,&quot;iso&quot;:&quot;0&quot;,&quot;shutter_speed&quot;:&quot;0&quot;,&quot;title&quot;:&quot;Design sem nome - 1&quot;,&quot;orientation&quot;:&quot;1&quot;}\" data-image-title=\"Design sem nome &amp;#8211; 1\" data-image-description=\"\" data-image-caption=\"\" data-medium-file=\"https:\/\/i0.wp.com\/blogdalucianaoliveira.com.br\/blog\/wp-content\/uploads\/2024\/11\/IMG_3427.jpeg?fit=300%2C190\" data-large-file=\"https:\/\/i0.wp.com\/blogdalucianaoliveira.com.br\/blog\/wp-content\/uploads\/2024\/11\/IMG_3427.jpeg?fit=600%2C380\" class=\"alignnone size-full wp-image-36269\" src=\"https:\/\/i0.wp.com\/blogdalucianaoliveira.com.br\/blog\/wp-content\/uploads\/2024\/11\/IMG_3427.jpeg?resize=600%2C380\" alt=\"\" width=\"600\" height=\"380\" srcset=\"https:\/\/i0.wp.com\/blogdalucianaoliveira.com.br\/blog\/wp-content\/uploads\/2024\/11\/IMG_3427.jpeg?w=790 790w, https:\/\/i0.wp.com\/blogdalucianaoliveira.com.br\/blog\/wp-content\/uploads\/2024\/11\/IMG_3427.jpeg?resize=300%2C190 300w, https:\/\/i0.wp.com\/blogdalucianaoliveira.com.br\/blog\/wp-content\/uploads\/2024\/11\/IMG_3427.jpeg?resize=768%2C486 768w, https:\/\/i0.wp.com\/blogdalucianaoliveira.com.br\/blog\/wp-content\/uploads\/2024\/11\/IMG_3427.jpeg?resize=474%2C300 474w\" sizes=\"auto, (max-width: 600px) 100vw, 600px\" \/><\/p>\n<p>A Empresa Brasil de Comunica\u00e7\u00e3o (EBC) iniciou, nesta quinta-feira (21), por meio de seu site, <a href=\"https:\/\/brasilparticipativo.presidencia.gov.br\/processes\/participacaosocialcomunicacaopublica\/\" target=\"_blank\" rel=\"noopener\">a vota\u00e7\u00e3o para eleger os membros do Comit\u00ea de Participa\u00e7\u00e3o Social, Diversidade e Inclus\u00e3o (Cpadi) e do Comit\u00ea Editorial e de Programa\u00e7\u00e3o (Comep)<\/a>. Os dois f\u00f3runs comp\u00f5em o Sistema Nacional de Participa\u00e7\u00e3o Social na Comunica\u00e7\u00e3o P\u00fablica (Sinpas).<!--more--><\/p>\n<p>Os comit\u00eas ser\u00e3o compostos por organiza\u00e7\u00f5es da sociedade civil, entidades e emissoras p\u00fablicas de r\u00e1dio e televis\u00e3o e visam, entre outras tarefas, \u201cacompanhar as diretrizes da programa\u00e7\u00e3o dos ve\u00edculos da empresa em rela\u00e7\u00e3o \u00e0 diversidade social, pluralidade de ideias e de fontes, al\u00e9m das finalidades educativa, art\u00edstica, cultural, informativa e de promo\u00e7\u00e3o da cidadania\u201d, informa a EBC.<\/p>\n<p>O Centro de Estudos da M\u00eddia Alternativa Bar\u00e3o de Itarar\u00e9 participa da iniciativa e indica, para representar a organiza\u00e7\u00e3o no Cpadi, no segmento \u201cSociedade Civil\u201d,\u00a0 a jornalista e coordenadora do Bar\u00e3o, Luciana de Oliveira, com a supl\u00eancia do coordenador da entidade e fundador do Jornal Empoderado, Anderson Moraes. Para o Comep, o Bar\u00e3o apoia a candidatura da Associa\u00e7\u00e3o Brasileira de Imprensa (ABI), encabe\u00e7ada por Lalo Leal Filho, com Eliane Ben\u00edcio na supl\u00eancia.<\/p>\n<p>A vota\u00e7\u00e3o \u00e9 online e ocorre at\u00e9 a pr\u00f3xima quinta-feira (28). Para votar basta ser cadastrado no portal de servi\u00e7os do Governo Federal (<a href=\"https:\/\/www.gov.br\/pt-br\">gov.br<\/a>). Segundo a EBC, o Comep, ser\u00e1 formado por 11 titulares e mais 11 suplentes. J\u00e1 o Cpadi ter\u00e1 16 titulares e igual n\u00famero de suplentes.<\/p>\n<p><strong>Conhe\u00e7a os candidatos:<\/strong><\/p>\n<p><em><strong>Comit\u00ea de Participa\u00e7\u00e3o Social, Diversidade e Inclus\u00e3o (Cpadi)<\/strong><\/em><\/p>\n<p><strong><a href=\"https:\/\/brasilparticipativo.presidencia.gov.br\/processes\/participacaosocialcomunicacaopublica\/f\/356\/proposals\/22081\" target=\"_blank\" rel=\"noopener\">Luciana de Oliveira (vote aqui)<\/a><\/strong><\/p>\n<p><img data-recalc-dims=\"1\" loading=\"lazy\" decoding=\"async\" data-attachment-id=\"8226\" data-permalink=\"http:\/\/blogdalucianaoliveira.com.br\/blog\/2017\/02\/04\/bloco-pirarucu-do-madeira-anuncia-24o-desfile\/pirarucu\/\" data-orig-file=\"https:\/\/i0.wp.com\/blogdalucianaoliveira.com.br\/blog\/wp-content\/uploads\/2017\/02\/pirarucu.jpg?fit=828%2C316\" data-orig-size=\"828,316\" data-comments-opened=\"0\" data-image-meta=\"{&quot;aperture&quot;:&quot;0&quot;,&quot;credit&quot;:&quot;&quot;,&quot;camera&quot;:&quot;&quot;,&quot;caption&quot;:&quot;&quot;,&quot;created_timestamp&quot;:&quot;0&quot;,&quot;copyright&quot;:&quot;&quot;,&quot;focal_length&quot;:&quot;0&quot;,&quot;iso&quot;:&quot;0&quot;,&quot;shutter_speed&quot;:&quot;0&quot;,&quot;title&quot;:&quot;&quot;,&quot;orientation&quot;:&quot;1&quot;}\" data-image-title=\"pirarucu\" data-image-description=\"\" data-image-caption=\"\" data-medium-file=\"https:\/\/i0.wp.com\/blogdalucianaoliveira.com.br\/blog\/wp-content\/uploads\/2017\/02\/pirarucu.jpg?fit=300%2C114\" data-large-file=\"https:\/\/i0.wp.com\/blogdalucianaoliveira.com.br\/blog\/wp-content\/uploads\/2017\/02\/pirarucu.jpg?fit=600%2C229\" class=\" wp-image-8226 alignleft\" src=\"https:\/\/i0.wp.com\/baraodeitarare.org.br\/wp-content\/uploads\/2024\/11\/lucianaa.jpeg?resize=134%2C168&#038;ssl=1\" alt=\"\" width=\"134\" height=\"168\" \/>Nascida em Porto Velho\/RO, \u00e9 jornalista e bacharel em Direito, e ativista pelos Direitos Humanos. Foi rep\u00f3rter, editora e apresentadora da TV RO, TV Alamanda, TV Meridional e Sistema Gurgacz de Comunica\u00e7\u00e3o. Atualmente produz reportagens para o blog que tem o seu nome, o blog da da Luciana Oliveira. \u00c9 colunista e rep\u00f3rter do portal Brasil 247, al\u00e9m disso, colabora com os portais da m\u00eddia alternativa como Brasil de Fato, Jornalistas Livres e M\u00eddia Ninja. Uma voz para ecoar todas as vozes dos povos das terras, das \u00e1guas e das florestas do Norte, da Amaz\u00f4nia.<\/p>\n<p>&nbsp;<\/p>\n<p><strong>Anderson Moraes (Suplente)<br \/>\n<\/strong><br \/>\n<img data-recalc-dims=\"1\" loading=\"lazy\" decoding=\"async\" class=\"wp-image-8227 alignleft\" src=\"https:\/\/i0.wp.com\/baraodeitarare.org.br\/wp-content\/uploads\/2024\/11\/anderson-e1732280768110.jpg?resize=147%2C174&#038;ssl=1\" sizes=\"auto, (max-width: 147px) 100vw, 147px\" srcset=\"https:\/\/baraodeitarare.org.br\/wp-content\/uploads\/2024\/11\/anderson-e1732280768110.jpg 1080w, https:\/\/baraodeitarare.org.br\/wp-content\/uploads\/2024\/11\/anderson-e1732280768110-254x300.jpg 254w, https:\/\/baraodeitarare.org.br\/wp-content\/uploads\/2024\/11\/anderson-e1732280768110-868x1024.jpg 868w, https:\/\/baraodeitarare.org.br\/wp-content\/uploads\/2024\/11\/anderson-e1732280768110-768x906.jpg 768w\" alt=\"\" width=\"147\" height=\"174\" \/>Nascido em S\u00e3o Paulo\/SP, \u00e9 jornalista e assessor de imprensa. Ap\u00f3s ter uma WebRadio esportiva, fundou em 2016, o Jornal Empoderado que se tornou uma refer\u00eancia em um jornalismo Antirracista e com compromisso nos direitos humanos, \u2013 recebeu o pr\u00eamio \u201cCidadania na Periferia\u201d pelo Minist\u00e9rio dos Direitos Humanos e SECOM. Militante do movimento negro e contribui desde a funda\u00e7\u00e3o da Frente Nacional Antirracista (FNA) e na Frente Parlamentar Popular pela Democratiza\u00e7\u00e3o da Comunica\u00e7\u00e3o (FrenteCom)<\/p>\n<p>&nbsp;<\/p>\n<p>&nbsp;<\/p>\n<p><em><strong>Comit\u00ea Editorial e de Programa\u00e7\u00e3o da empresa (Comep)<\/strong><\/em><\/p>\n<p><a href=\"https:\/\/brasilparticipativo.presidencia.gov.br\/processes\/participacaosocialcomunicacaopublica\/f\/358\/proposals\/22141\" target=\"_blank\" rel=\"noopener\"><strong>Laurindo Lalo Leal Filho (vote aqui)<\/strong><\/a><\/p>\n<p><img data-recalc-dims=\"1\" loading=\"lazy\" decoding=\"async\" class=\"wp-image-8228 alignleft\" src=\"https:\/\/i0.wp.com\/baraodeitarare.org.br\/wp-content\/uploads\/2024\/11\/lalo-e1732281188788.jpg?resize=153%2C151&#038;ssl=1\" sizes=\"auto, (max-width: 153px) 100vw, 153px\" srcset=\"https:\/\/baraodeitarare.org.br\/wp-content\/uploads\/2024\/11\/lalo-e1732281188788.jpg 366w, https:\/\/baraodeitarare.org.br\/wp-content\/uploads\/2024\/11\/lalo-e1732281188788-300x295.jpg 300w\" alt=\"\" width=\"153\" height=\"151\" \/>\u00c9 formado em Ci\u00eancias Sociais pela USP, com mestrado em Sociologia pela PUC\/SP, doutorado em Ci\u00eancias da Comunica\u00e7\u00e3o pela USP e p\u00f3s-doutorado no Goldsmiths College, da Universidade de Londres. Tem v\u00e1rios livros e artigos publicados sobre cultura e comunica\u00e7\u00e3o, com \u00eanfase na comunica\u00e7\u00e3o p\u00fablica. Foi professor na ECA\/USP, na PUC\/SP e na p\u00f3s-gradua\u00e7\u00e3o da Faculdade C\u00e1sper Libero. Atuou como rep\u00f3rter, editor e apresentador nas Tvs Globo, Cultura, Gazeta, Bandeirantes (onde foi editor-chefe do Jornal da Band) e Brasil (onde dirigiu e apresentou por dez anos o programa VerTV). Exerceu o cargo de Ouvidor-Geral da EBC entre 2008 e 2010.<\/p>\n<p><strong>Eliane Benicio (suplente)<br \/>\n<\/strong><br \/>\n<img data-recalc-dims=\"1\" loading=\"lazy\" decoding=\"async\" class=\"wp-image-8231 alignleft\" src=\"https:\/\/i0.wp.com\/baraodeitarare.org.br\/wp-content\/uploads\/2024\/11\/Eliane-Benicio-e-a-nova-apresentadora-do-telejornal-%25E2%2580%2598Reporter-Brasil-Tarde-e1732281924307.jpeg?resize=152%2C164&#038;ssl=1\" sizes=\"auto, (max-width: 152px) 100vw, 152px\" srcset=\"https:\/\/baraodeitarare.org.br\/wp-content\/uploads\/2024\/11\/Eliane-Benicio-e-a-nova-apresentadora-do-telejornal-%E2%80%98Reporter-Brasil-Tarde-e1732281924307.jpeg 298w, https:\/\/baraodeitarare.org.br\/wp-content\/uploads\/2024\/11\/Eliane-Benicio-e-a-nova-apresentadora-do-telejornal-%E2%80%98Reporter-Brasil-Tarde-e1732281924307-278x300.jpeg 278w\" alt=\"\" width=\"152\" height=\"164\" \/>Jornalista p\u00f3s-graduada em Hist\u00f3ria do S\u00e9culo XX, com pr\u00e1tica na cobertura de not\u00edcias para jornais \u2013 Jornal do Brasil, O Dia e O Povo \u2013 e TV\u2019s \u2013 Band e TV Brasil. Nesta atuou de 2008 a 2013, e de 2022 a 2023, quando foi selecionada para o cargo de Gerente de Telejornais\/Rio, editora-chefe e apresentadora do Rep\u00f3rter Brasil Tarde. Passou ainda pelo Canal Futura e pela TV Escola. Em 2021 foi convidada a criar e comandar um programa na Roquette-Pinto \u2013 a r\u00e1dio p\u00fablica do Estado. O \u2018Papo Reto\u2019 destaca personagens e fatos positivos de favelas e periferias. A vasta experi\u00eancia com Comunica\u00e7\u00e3o P\u00fablica inclui a Rio TV C\u00e2mara, onde atua no momento.<\/p>\n<div class=\"relpost-thumb-wrapper\">\n<div class=\"relpost-thumb-container\"><\/div>\n<\/div>\n","protected":false},"excerpt":{"rendered":"<p>A Empresa Brasil de Comunica\u00e7\u00e3o (EBC) iniciou, nesta quinta-feira (21), por meio de seu site, a vota\u00e7\u00e3o para eleger os membros do Comit\u00ea de Participa\u00e7\u00e3o Social, Diversidade e Inclus\u00e3o (Cpadi) e do Comit\u00ea Editorial e de Programa\u00e7\u00e3o (Comep). Os dois f\u00f3runs comp\u00f5em o Sistema Nacional de Participa\u00e7\u00e3o Social na Comunica\u00e7\u00e3o P\u00fablica (Sinpas).<\/p>\n","protected":false},"author":1,"featured_media":0,"comment_status":"closed","ping_status":"open","sticky":false,"template":"","format":"standard","meta":{"_exactmetrics_skip_tracking":false,"_exactmetrics_sitenote_active":false,"_exactmetrics_sitenote_note":"","_exactmetrics_sitenote_category":0,"jetpack_post_was_ever_published":false,"_jetpack_newsletter_access":"","_jetpack_dont_email_post_to_subs":false,"_jetpack_newsletter_tier_id":0,"_jetpack_memberships_contains_paywalled_content":false,"_jetpack_memberships_contains_paid_content":false,"footnotes":"","jetpack_publicize_message":"","jetpack_publicize_feature_enabled":true,"jetpack_social_post_already_shared":true,"jetpack_social_options":{"image_generator_settings":{"template":"highway","enabled":false},"version":2}},"categories":[1],"tags":[1201,331,1200],"class_list":["post-36268","post","type-post","status-publish","format-standard","hentry","category-notas","tag-comite","tag-ebc","tag-votacao"],"jetpack_publicize_connections":[],"jetpack_sharing_enabled":true,"jetpack_featured_media_url":"","jetpack_shortlink":"https:\/\/wp.me\/p7wKYW-9qY","jetpack-related-posts":[],"_links":{"self":[{"href":"http:\/\/blogdalucianaoliveira.com.br\/blog\/wp-json\/wp\/v2\/posts\/36268","targetHints":{"allow":["GET"]}}],"collection":[{"href":"http:\/\/blogdalucianaoliveira.com.br\/blog\/wp-json\/wp\/v2\/posts"}],"about":[{"href":"http:\/\/blogdalucianaoliveira.com.br\/blog\/wp-json\/wp\/v2\/types\/post"}],"author":[{"embeddable":true,"href":"http:\/\/blogdalucianaoliveira.com.br\/blog\/wp-json\/wp\/v2\/users\/1"}],"replies":[{"embeddable":true,"href":"http:\/\/blogdalucianaoliveira.com.br\/blog\/wp-json\/wp\/v2\/comments?post=36268"}],"version-history":[{"count":1,"href":"http:\/\/blogdalucianaoliveira.com.br\/blog\/wp-json\/wp\/v2\/posts\/36268\/revisions"}],"predecessor-version":[{"id":36270,"href":"http:\/\/blogdalucianaoliveira.com.br\/blog\/wp-json\/wp\/v2\/posts\/36268\/revisions\/36270"}],"wp:attachment":[{"href":"http:\/\/blogdalucianaoliveira.com.br\/blog\/wp-json\/wp\/v2\/media?parent=36268"}],"wp:term":[{"taxonomy":"category","embeddable":true,"href":"http:\/\/blogdalucianaoliveira.com.br\/blog\/wp-json\/wp\/v2\/categories?post=36268"},{"taxonomy":"post_tag","embeddable":true,"href":"http:\/\/blogdalucianaoliveira.com.br\/blog\/wp-json\/wp\/v2\/tags?post=36268"}],"curies":[{"name":"wp","href":"https:\/\/api.w.org\/{rel}","templated":true}]}}