{"id":36279,"date":"2024-11-27T16:14:22","date_gmt":"2024-11-27T20:14:22","guid":{"rendered":"http:\/\/blogdalucianaoliveira.com.br\/blog\/?p=36279"},"modified":"2024-11-27T16:14:22","modified_gmt":"2024-11-27T20:14:22","slug":"tropa-de-choque-da-pm-invade-aldeia-no-ms-e-ataca-indigenas-que-protestam-apos-meses-sem-agua-potavel","status":"publish","type":"post","link":"http:\/\/blogdalucianaoliveira.com.br\/blog\/2024\/11\/27\/tropa-de-choque-da-pm-invade-aldeia-no-ms-e-ataca-indigenas-que-protestam-apos-meses-sem-agua-potavel\/","title":{"rendered":"Tropa de choque da PM invade aldeia no MS e ataca ind\u00edgenas que protestam ap\u00f3s meses sem \u00e1gua pot\u00e1vel"},"content":{"rendered":"<p><img data-recalc-dims=\"1\" loading=\"lazy\" decoding=\"async\" data-attachment-id=\"36280\" data-permalink=\"http:\/\/blogdalucianaoliveira.com.br\/blog\/2024\/11\/27\/tropa-de-choque-da-pm-invade-aldeia-no-ms-e-ataca-indigenas-que-protestam-apos-meses-sem-agua-potavel\/img_3607\/\" data-orig-file=\"https:\/\/i0.wp.com\/blogdalucianaoliveira.com.br\/blog\/wp-content\/uploads\/2024\/11\/IMG_3607.webp?fit=800%2C457\" data-orig-size=\"800,457\" data-comments-opened=\"0\" data-image-meta=\"{&quot;aperture&quot;:&quot;0&quot;,&quot;credit&quot;:&quot;&quot;,&quot;camera&quot;:&quot;&quot;,&quot;caption&quot;:&quot;&quot;,&quot;created_timestamp&quot;:&quot;0&quot;,&quot;copyright&quot;:&quot;&quot;,&quot;focal_length&quot;:&quot;0&quot;,&quot;iso&quot;:&quot;0&quot;,&quot;shutter_speed&quot;:&quot;0&quot;,&quot;title&quot;:&quot;&quot;,&quot;orientation&quot;:&quot;0&quot;}\" data-image-title=\"IMG_3607\" data-image-description=\"\" data-image-caption=\"\" data-medium-file=\"https:\/\/i0.wp.com\/blogdalucianaoliveira.com.br\/blog\/wp-content\/uploads\/2024\/11\/IMG_3607.webp?fit=300%2C171\" data-large-file=\"https:\/\/i0.wp.com\/blogdalucianaoliveira.com.br\/blog\/wp-content\/uploads\/2024\/11\/IMG_3607.webp?fit=600%2C343\" class=\"alignnone size-full wp-image-36280\" src=\"https:\/\/i0.wp.com\/blogdalucianaoliveira.com.br\/blog\/wp-content\/uploads\/2024\/11\/IMG_3607.webp?resize=600%2C343\" alt=\"\" width=\"600\" height=\"343\" srcset=\"https:\/\/i0.wp.com\/blogdalucianaoliveira.com.br\/blog\/wp-content\/uploads\/2024\/11\/IMG_3607.webp?w=800 800w, https:\/\/i0.wp.com\/blogdalucianaoliveira.com.br\/blog\/wp-content\/uploads\/2024\/11\/IMG_3607.webp?resize=300%2C171 300w, https:\/\/i0.wp.com\/blogdalucianaoliveira.com.br\/blog\/wp-content\/uploads\/2024\/11\/IMG_3607.webp?resize=768%2C439 768w, https:\/\/i0.wp.com\/blogdalucianaoliveira.com.br\/blog\/wp-content\/uploads\/2024\/11\/IMG_3607.webp?resize=525%2C300 525w\" sizes=\"auto, (max-width: 600px) 100vw, 600px\" \/><\/p>\n<h2 class=\"description\">Comunidades Kaiow\u00e1 e Terena estavam h\u00e1 tr\u00eas dias em bloqueios de rodovia e ruas por solu\u00e7\u00e3o definitiva da crise h\u00eddrica<\/h2>\n<p><!--more--><\/p>\n<div class=\"details-bar\">\n<div class=\"author-time\">\n<div class=\"author\">Gabriela Moncau<\/div>\n<div class=\"place-and-time\">\n<div class=\"place\">Brasil de Fato | S\u00e3o Paulo<\/div>\n<\/div>\n<div>A Tropa de Choque da Pol\u00edcia Militar (PM) do Mato Grosso do Sul reprimiu com bombas, spray de pimenta e bala de borracha ind\u00edgenas da Reserva de <a href=\"https:\/\/www.brasildefato.com.br\/2024\/09\/13\/estamos-na-guerra-retomadas-kaiowa-em-douradina-ms-se-tornam-epicentro-do-conflito-fundiario-por-demarcacao\" target=\"_blank\" rel=\"noopener\">Dourados<\/a> que protestam por acesso \u00e0 \u00e1gua pot\u00e1vel, nesta quarta-feira (27).<\/div>\n<div>\n<p>A repress\u00e3o foi fartamente <a href=\"https:\/\/www.instagram.com\/reel\/DC4On9dOWcy\/?igsh=QkFHcExiYWFwMQ%3D%3D\" target=\"_blank\" rel=\"noopener\">registrada<\/a> pelos ind\u00edgenas. Um v\u00eddeo mostra policiais com escudos dentro da aldeia Jaguapiru, derrubando e levando um homem \u00e0 for\u00e7a e atirando com bala de borracha \u00e0 queima-roupa na perna de uma mulher. Outro registra uma ind\u00edgena sentada em uma cadeira com a orelha sangrando, sendo acudida por parentes.<\/p>\n<div class=\"ads-googletag article_2\">\n<div id=\"div-gpt-ad-1719930917983-0\" data-google-query-id=\"CKDi4tWo_YkDFZZPuAQdzR0oVg\">\n<p>Ap\u00f3s meses sem \u00e1gua e com a situa\u00e7\u00e3o especialmente grave nas aldeias Jaguapiru e Boror\u00f3, os ind\u00edgenas dos povos Terena e <a href=\"https:\/\/www.brasildefato.com.br\/2024\/11\/18\/uniao-paga-indenizacao-de-r-27-8-milhoes-e-fazendeiros-se-retiram-de-territorio-guarani-kaiowa-no-ms\" target=\"_blank\" rel=\"noopener\">Guarani Kaiow\u00e1<\/a> se mobilizaram. Desde segunda-feira (25) bloqueiam a rodovia MS-156, que liga Dourados (MS) a Itapor\u00e3 (MS), e outros pontos na estrada que d\u00e1 acesso ao Hospital da Miss\u00e3o Evang\u00e9lica Caiu\u00e1, dentro da aldeia. Todos os locais foram reprimidos pela PM.<\/p>\n<p>A reivindica\u00e7\u00e3o principal \u00e9 o imediato in\u00edcio da perfura\u00e7\u00e3o de po\u00e7os na Reserva Ind\u00edgena de Dourados, onde vivem cerca de 20 mil pessoas. A <a href=\"https:\/\/www.brasildefato.com.br\/2023\/03\/28\/desafios-para-a-universalizacao-do-direito-a-agua-no-brasil\" target=\"_blank\" rel=\"noopener\">crise h\u00eddrica<\/a> na comunidade se arrasta h\u00e1 d\u00e9cadas e se intensificou nos \u00faltimos meses com a escassez do abastecimento feito por caminh\u00f5es-pipa.<\/p>\n<div class=\"ads-googletag article_4\">\n<div id=\"div-gpt-ad-1720010829506-0\" data-google-query-id=\"CJj35NWo_YkDFZZPuAQdzR0oVg\">\n<div id=\"google_ads_iframe_\/23047072124\/article-content-4_0__container__\"><iframe loading=\"lazy\" id=\"google_ads_iframe_\/23047072124\/article-content-4_0\" tabindex=\"0\" title=\"3rd party ad content\" src=\"https:\/\/8bf9625d4731c9f556bb411c4eb4470b.safeframe.googlesyndication.com\/safeframe\/1-0-40\/html\/container.html\" name=\"\" width=\"468\" height=\"60\" frameborder=\"0\" marginwidth=\"0\" marginheight=\"0\" scrolling=\"no\" sandbox=\"allow-forms allow-popups allow-popups-to-escape-sandbox allow-same-origin allow-scripts allow-top-navigation-by-user-activation\" data-is-safeframe=\"true\" aria-label=\"Advertisement\" data-google-container-id=\"7\" data-load-complete=\"true\"><\/iframe><\/div>\n<\/div>\n<\/div>\n<p><iframe loading=\"lazy\" title=\"PM invade aldeia Jaguapiru (MS) e dispara contra ind\u00edgenas que protestam por \u00e1gua pot\u00e1vel\" src=\"https:\/\/www.youtube.com\/embed\/q7WL_cpyE-Q\" width=\"315\" height=\"560\" frameborder=\"0\" allowfullscreen=\"allowfullscreen\"><\/iframe><\/p>\n<p class=\"ckeditor-subtitle\">\u2018Ao inv\u00e9s de \u00e1gua, mandam Tropa de Choque\u2019<\/p>\n<p>\u201cA Tropa de Choque j\u00e1 chegou atirando. Tem idosos, crian\u00e7as, pessoas machucadas. Se n\u00e3o houver resolu\u00e7\u00e3o, vai ficar feia a situa\u00e7\u00e3o aqui\u201d, conta Leomar Trov\u00e3o, lideran\u00e7a Guarani Kaiow\u00e1 da aldeia Jaguapiru.<\/p>\n<p>Na repress\u00e3o policial na rodovia estadual, que aconteceu ao som de gritos de ordem repetindo \u201c\u00e1gua, \u00e1gua\u201d, ao menos uma crian\u00e7a se feriu e teve de ser socorrida pela ambul\u00e2ncia do Corpo de Bombeiros.<\/p>\n<p>\u201cN\u00e3o tem como viver sem \u00e1gua. N\u00e3o tem condi\u00e7\u00f5es. A PM est\u00e1 aqui dentro do territ\u00f3rio, pelo menos tr\u00eas pessoas foram presas e estamos sem apoio de nenhum \u00f3rg\u00e3o federal. N\u00e3o tem Funai, n\u00e3o tem Pol\u00edcia Federal, n\u00e3o tem ningu\u00e9m para nos auxiliar\u201d, ressalta Leomar.<\/p>\n<p>Em outro v\u00eddeo, um morador da aldeia Jaguapiru mostra a PM ao fundo e a marca de bala de borracha na costela de uma ind\u00edgena que est\u00e1 de bicicleta.<\/p>\n<p>\u201cA indigna\u00e7\u00e3o \u00e9 muito grande porque \u00e9 muito f\u00e1cil de resolver e n\u00e3o querem. Ao inv\u00e9s de mandar solu\u00e7\u00e3o para a nossa comunidade, mandam a Tropa de Choque. N\u00f3s estamos no nosso direito de pedir o b\u00e1sico para a nossa aldeia, que \u00e9 o abastecimento de \u00e1gua. Olha a situa\u00e7\u00e3o horr\u00edvel que est\u00e1 acontecendo, isso n\u00e3o pode acontecer\u201d, denuncia Ezequias, o ind\u00edgena autor do v\u00eddeo.<\/p>\n<p>Em nota conjunta, a Aty Guasu, Grande Assembleia Guarani Kaiow\u00e1, o Conselho Terena e o Conselho Indigenista Mission\u00e1rio (Cimi) denunciam que \u201cconforme a Constitui\u00e7\u00e3o Federal, \u00e1rea ind\u00edgena \u00e9 de jurisdi\u00e7\u00e3o federal, ou seja, a a\u00e7\u00e3o da Pol\u00edcia Militar na aldeia Jaguapiru \u00e9 ilegal e, conforme lideran\u00e7as ouvidas, se tornou comum, como se a reserva fosse apenas um bairro de Dourados\u201d.<\/p>\n<p class=\"ckeditor-subtitle\">\u2018Comunidade revoltada\u2019<\/p>\n<p>Tamb\u00e9m moradora da aldeia Jaguapiru, J\u00falia* Kaiow\u00e1 conversou com o <strong>Brasil de Fato<\/strong> ao som de bombas no fundo. Dentro de sua casa, pediu que o marido ligasse a TV para amenizar o susto do sobrinho, ainda crian\u00e7a.<\/p>\n<p>\u201cNessa \u00e9poca do ano tem poucas chuvas e um consumo maior por conta do ver\u00e3o, ent\u00e3o falta muita \u00e1gua. Sempre tem promessas de fazer po\u00e7os, mas n\u00e3o acontece. Aqui na aldeia tem sete po\u00e7os artesianos, mas a popula\u00e7\u00e3o \u00e9 muito grande, estamos beirando os 20 mil, n\u00e3o tem capacidade de abastecimento\u201d, explica J\u00falia.<\/p>\n<p>\u201cA comunidade est\u00e1 decepcionada e revoltada. Com a mudan\u00e7a do governo federal, a gente esperava que a situa\u00e7\u00e3o da \u00e1gua ia melhorar, porque afeta escola, sa\u00fade. Tem alunos que \u00e0s vezes n\u00e3o v\u00e3o para a escola porque tem que ir buscar \u00e1gua para fazer higiene b\u00e1sica, para alimenta\u00e7\u00e3o\u201d, descreve a ind\u00edgena Guarani Kaiow\u00e1.<\/p>\n<p>Cristiane Terena conta que a decis\u00e3o de bloquear rodovias veio ap\u00f3s esgotadas outras vias. &#8220;J\u00e1 tentamos di\u00e1logo, j\u00e1 enviamos documentos, j\u00e1 fizemos reuni\u00e3o&#8221;, relata.<\/p>\n<p>&#8220;N\u00f3s est\u00e1vamos numa expectativa de um projeto, uma parceria entre governo federal pelo MPI [Minist\u00e9rio dos Povos Ind\u00edgenas], governo estadual, Itaipu e os munic\u00edpios, para a perfura\u00e7\u00e3o de po\u00e7os da regi\u00e3o Cone Sul do nosso estado. Teve o lan\u00e7amento semana passada em Ponta Por\u00e3 (MS). J\u00e1 v\u00ednhamos ouvindo que nossa comunidade n\u00e3o estaria contemplada no projeto. No lan\u00e7amento, tivemos a certeza&#8221;, explica Cristiane.<\/p>\n<p>&#8220;Ao inv\u00e9s de ouvir nosso clamor&#8221;, segue Cristiane Terena, se referindo \u00e0 gest\u00e3o de Eduardo Riedel (PSDB), &#8220;o governo estadual manda a Tropa de Choque nos atacar dentro da nossa comunidade. Invadiu casas. Estamos com uma <em>\u00f1andesy<\/em>[rezadora] hospitalizada, temos crian\u00e7as que inalaram muito g\u00e1s&#8221;.<\/p>\n<p>O <strong>Brasil de Fato<\/strong> entrou em contato com a Secretaria de Seguran\u00e7a P\u00fablica do Mato Grosso do Sul, mas n\u00e3o teve retorno at\u00e9 o fechamento da mat\u00e9ria. O texto ser\u00e1 atualizado caso a pasta do governo Riedel se posicione.<\/p>\n<p>De acordo com J\u00falia Kaiow\u00e1, nesta ter\u00e7a-feira (26) houve uma tentativa de negocia\u00e7\u00e3o com a prefeitura de Itapor\u00e3: um caminh\u00e3o-pipa em troca da libera\u00e7\u00e3o das vias. \u201cEles trouxeram um caminh\u00e3o-pipa todo enferrujado, inadequado do ponto de vista de higiene, desses usados para tirar poeira da estrada. Como que essa \u00e1gua vai ser para consumo? Gerou mais revolta\u201d, alega.<\/p>\n<p class=\"ckeditor-subtitle\">A resposta da Secretaria de Sa\u00fade Ind\u00edgena<\/p>\n<p>Procurada, a\u00a0Funda\u00e7\u00e3o Nacional dos Povos Ind\u00edgenas (Funai) n\u00e3o enviou posicionamento sobre a situa\u00e7\u00e3o, se limitou a dizer que se busque a Secretaria de Sa\u00fade Ind\u00edgena (Sesai). Vinculados ao Minist\u00e9rio da Sa\u00fade, a Sesai e o Distrito Sanit\u00e1rio Especial Ind\u00edgena (DSEI) do MS informaram que tem \u201cum contrato para a distribui\u00e7\u00e3o de mais de 70 mil litros de \u00e1gua pot\u00e1vel por semana via caminh\u00f5es-pipa e articula com a Prefeitura de Itapor\u00e3 o fornecimento de 100 mil litros de \u00e1gua por dia, sendo 50 mil destinados a Jaguapiru e 50 mil a Boror\u00f3\u201d.<\/p>\n<p>\u201cAl\u00e9m disso, est\u00e3o em andamento a perfura\u00e7\u00e3o de dois novos po\u00e7os, um em cada aldeia, em parceria com a Prefeitura Municipal de Dourados e a Secretaria de Estado e Cidadania, com previs\u00e3o de conclus\u00e3o em at\u00e9 40 dias\u201d, diz a Sesai, em nota.<\/p>\n<p>A solu\u00e7\u00e3o a longo prazo, segundo a secretaria vinculada ao Minist\u00e9rio da Sa\u00fade, est\u00e1 numa aposta de construir uma rede de abastecimento que atenda a regi\u00e3o urbana de Dourados, em conjunto com o Minist\u00e9rio das Cidades, o governo do MS e a Sanesul, empresa de saneamento do estado. A proposta, no entanto, ainda est\u00e1 em negocia\u00e7\u00e3o.<\/p>\n<p>Enquanto isso, para a Sesai, os \u201c14 sistemas simplificados de abastecimento de \u00e1gua n\u00e3o atendem plenamente \u00e0 demanda local\u201d por conta de \u201cdesperd\u00edcio\u201d e \u201cuso inadequado da \u00e1gua tratada\u201d.<\/p>\n<p>De acordo com Cristiane Terena, mesmo ap\u00f3s a repress\u00e3o, &#8220;a mobiliza\u00e7\u00e3o segue&#8221;: &#8220;N\u00e3o vamos arredar o p\u00e9 se n\u00e3o trouxerem para n\u00f3s um projeto com data prevista para o in\u00edcio da obra de perfura\u00e7\u00e3o de po\u00e7os nas comunidades Boror\u00f3 e Jaguapiru. E um socorro imediato com distribui\u00e7\u00e3o de caixas d&#8217;\u00e1gua para quem n\u00e3o tem. N\u00e3o aguentamos mais&#8221;.<\/p>\n<div class=\"ads-googletag article_last\">\n<div id=\"div-gpt-ad-1720010836345-0\" data-google-query-id=\"CJn35NWo_YkDFZZPuAQdzR0oVg\">\n<div id=\"google_ads_iframe_\/23047072124\/article-last_0__container__\"><em>*Nome alterado para a preserva\u00e7\u00e3o da fonte.<\/em><\/div>\n<\/div>\n<\/div>\n<p class=\"editor\">Edi\u00e7\u00e3o: Martina Medina<\/p>\n<\/div>\n<\/div>\n<\/div>\n<\/div>\n<\/div>\n","protected":false},"excerpt":{"rendered":"<p>Comunidades Kaiow\u00e1 e Terena estavam h\u00e1 tr\u00eas dias em bloqueios de rodovia e ruas por solu\u00e7\u00e3o definitiva da crise h\u00eddrica<\/p>\n","protected":false},"author":1,"featured_media":0,"comment_status":"closed","ping_status":"open","sticky":false,"template":"","format":"standard","meta":{"_exactmetrics_skip_tracking":false,"_exactmetrics_sitenote_active":false,"_exactmetrics_sitenote_note":"","_exactmetrics_sitenote_category":0,"jetpack_post_was_ever_published":false,"_jetpack_newsletter_access":"","_jetpack_dont_email_post_to_subs":false,"_jetpack_newsletter_tier_id":0,"_jetpack_memberships_contains_paywalled_content":false,"_jetpack_memberships_contains_paid_content":false,"footnotes":"","jetpack_publicize_message":"","jetpack_publicize_feature_enabled":true,"jetpack_social_post_already_shared":true,"jetpack_social_options":{"image_generator_settings":{"template":"highway","enabled":false},"version":2}},"categories":[1],"tags":[863,798,306,26],"class_list":["post-36279","post","type-post","status-publish","format-standard","hentry","category-notas","tag-agua","tag-ataque","tag-indigenas","tag-protesto"],"jetpack_publicize_connections":[],"jetpack_sharing_enabled":true,"jetpack_featured_media_url":"","jetpack_shortlink":"https:\/\/wp.me\/p7wKYW-9r9","jetpack-related-posts":[],"_links":{"self":[{"href":"http:\/\/blogdalucianaoliveira.com.br\/blog\/wp-json\/wp\/v2\/posts\/36279","targetHints":{"allow":["GET"]}}],"collection":[{"href":"http:\/\/blogdalucianaoliveira.com.br\/blog\/wp-json\/wp\/v2\/posts"}],"about":[{"href":"http:\/\/blogdalucianaoliveira.com.br\/blog\/wp-json\/wp\/v2\/types\/post"}],"author":[{"embeddable":true,"href":"http:\/\/blogdalucianaoliveira.com.br\/blog\/wp-json\/wp\/v2\/users\/1"}],"replies":[{"embeddable":true,"href":"http:\/\/blogdalucianaoliveira.com.br\/blog\/wp-json\/wp\/v2\/comments?post=36279"}],"version-history":[{"count":1,"href":"http:\/\/blogdalucianaoliveira.com.br\/blog\/wp-json\/wp\/v2\/posts\/36279\/revisions"}],"predecessor-version":[{"id":36281,"href":"http:\/\/blogdalucianaoliveira.com.br\/blog\/wp-json\/wp\/v2\/posts\/36279\/revisions\/36281"}],"wp:attachment":[{"href":"http:\/\/blogdalucianaoliveira.com.br\/blog\/wp-json\/wp\/v2\/media?parent=36279"}],"wp:term":[{"taxonomy":"category","embeddable":true,"href":"http:\/\/blogdalucianaoliveira.com.br\/blog\/wp-json\/wp\/v2\/categories?post=36279"},{"taxonomy":"post_tag","embeddable":true,"href":"http:\/\/blogdalucianaoliveira.com.br\/blog\/wp-json\/wp\/v2\/tags?post=36279"}],"curies":[{"name":"wp","href":"https:\/\/api.w.org\/{rel}","templated":true}]}}