{"id":36283,"date":"2024-12-02T12:34:50","date_gmt":"2024-12-02T16:34:50","guid":{"rendered":"http:\/\/blogdalucianaoliveira.com.br\/blog\/?p=36283"},"modified":"2024-12-02T12:34:50","modified_gmt":"2024-12-02T16:34:50","slug":"mpf-investiga-por-que-municipios-de-rondonia-nao-participam-de-programa-nacional-de-seguranca-alimentar","status":"publish","type":"post","link":"http:\/\/blogdalucianaoliveira.com.br\/blog\/2024\/12\/02\/mpf-investiga-por-que-municipios-de-rondonia-nao-participam-de-programa-nacional-de-seguranca-alimentar\/","title":{"rendered":"MPF investiga por que munic\u00edpios de Rond\u00f4nia n\u00e3o participam de programa nacional de seguran\u00e7a alimentar"},"content":{"rendered":"<div class=\"img\">\n<p class=\"discreet\"><img data-recalc-dims=\"1\" loading=\"lazy\" decoding=\"async\" data-attachment-id=\"36284\" data-permalink=\"http:\/\/blogdalucianaoliveira.com.br\/blog\/2024\/12\/02\/mpf-investiga-por-que-municipios-de-rondonia-nao-participam-de-programa-nacional-de-seguranca-alimentar\/img_3717\/\" data-orig-file=\"https:\/\/i0.wp.com\/blogdalucianaoliveira.com.br\/blog\/wp-content\/uploads\/2024\/12\/IMG_3717.png?fit=400%2C266\" data-orig-size=\"400,266\" data-comments-opened=\"0\" data-image-meta=\"{&quot;aperture&quot;:&quot;0&quot;,&quot;credit&quot;:&quot;&quot;,&quot;camera&quot;:&quot;&quot;,&quot;caption&quot;:&quot;&quot;,&quot;created_timestamp&quot;:&quot;0&quot;,&quot;copyright&quot;:&quot;&quot;,&quot;focal_length&quot;:&quot;0&quot;,&quot;iso&quot;:&quot;0&quot;,&quot;shutter_speed&quot;:&quot;0&quot;,&quot;title&quot;:&quot;&quot;,&quot;orientation&quot;:&quot;0&quot;}\" data-image-title=\"IMG_3717\" data-image-description=\"\" data-image-caption=\"\" data-medium-file=\"https:\/\/i0.wp.com\/blogdalucianaoliveira.com.br\/blog\/wp-content\/uploads\/2024\/12\/IMG_3717.png?fit=300%2C200\" data-large-file=\"https:\/\/i0.wp.com\/blogdalucianaoliveira.com.br\/blog\/wp-content\/uploads\/2024\/12\/IMG_3717.png?fit=400%2C266\" class=\"alignnone size-full wp-image-36284\" src=\"https:\/\/i0.wp.com\/blogdalucianaoliveira.com.br\/blog\/wp-content\/uploads\/2024\/12\/IMG_3717.png?resize=400%2C266\" alt=\"\" width=\"400\" height=\"266\" srcset=\"https:\/\/i0.wp.com\/blogdalucianaoliveira.com.br\/blog\/wp-content\/uploads\/2024\/12\/IMG_3717.png?w=400 400w, https:\/\/i0.wp.com\/blogdalucianaoliveira.com.br\/blog\/wp-content\/uploads\/2024\/12\/IMG_3717.png?resize=300%2C200 300w\" sizes=\"auto, (max-width: 400px) 100vw, 400px\" \/><\/p>\n<\/div>\n<p>O Minist\u00e9rio P\u00fablico Federal (MPF) abriu inqu\u00e9rito para investigar por que diversos munic\u00edpios de Rond\u00f4nia ainda n\u00e3o participam do Sistema Nacional de Seguran\u00e7a Alimentar e Nutricional (Sisan).<!--more--><\/p>\n<p>O programa \u00e9 respons\u00e1vel por criar e aplicar pol\u00edticas de seguran\u00e7a alimentar e nutricional e promover a parceria entre o governo e a sociedade civil para garantir uma alimenta\u00e7\u00e3o de qualidade para a popula\u00e7\u00e3o. Participar do Sisan tamb\u00e9m permite que os munic\u00edpios recebam recursos do governo federal para investir em a\u00e7\u00f5es relacionadas \u00e0 alimenta\u00e7\u00e3o e nutri\u00e7\u00e3o.<\/p>\n<p>No despacho que determinou a instaura\u00e7\u00e3o de inqu\u00e9rito civil, o procurador regional dos Direitos do Cidad\u00e3o do MPF em Rond\u00f4nia, Raphael Bevilaqua, destaca que apenas 21 dos 52 munic\u00edpios do estado aderiram ao programa, apesar do processo ser simples e de existirem tutoriais para orientar os gestores municipais.<\/p>\n<p>O MPF pediu explica\u00e7\u00f5es sobre a falta de ades\u00e3o ao Sisan aos munic\u00edpios de Porto Velho, Alto Para\u00edso, Buritis, Cujubim, Governador Jorge Teixeira, Itapu\u00e3 do Oeste, Jaru, Machadinho d&#8217;Oeste, Monte Negro, Rio Crespo, Theobroma e Vale do Anari. A Secretaria de Estado da Assist\u00eancia e do Desenvolvimento Social (Seas) de Rond\u00f4nia tamb\u00e9m foi acionada para informar se algum munic\u00edpio est\u00e1 em processo de ades\u00e3o e se h\u00e1 registros de dificuldades relatadas pelas prefeituras.<\/p>\n<p>Tanto os munic\u00edpios quanto a Seas t\u00eam um prazo de 15 dias \u00fateis para responder ao MPF.<\/p>\n<div>\n<p>&nbsp;<\/p>\n<\/div>\n","protected":false},"excerpt":{"rendered":"<p>O Minist\u00e9rio P\u00fablico Federal (MPF) abriu inqu\u00e9rito para investigar por que diversos munic\u00edpios de Rond\u00f4nia ainda n\u00e3o participam do Sistema Nacional de Seguran\u00e7a Alimentar e Nutricional (Sisan).<\/p>\n","protected":false},"author":1,"featured_media":0,"comment_status":"closed","ping_status":"open","sticky":false,"template":"","format":"standard","meta":{"_exactmetrics_skip_tracking":false,"_exactmetrics_sitenote_active":false,"_exactmetrics_sitenote_note":"","_exactmetrics_sitenote_category":0,"jetpack_post_was_ever_published":false,"_jetpack_newsletter_access":"","_jetpack_dont_email_post_to_subs":false,"_jetpack_newsletter_tier_id":0,"_jetpack_memberships_contains_paywalled_content":false,"_jetpack_memberships_contains_paid_content":false,"footnotes":"","jetpack_publicize_message":"","jetpack_publicize_feature_enabled":true,"jetpack_social_post_already_shared":true,"jetpack_social_options":{"image_generator_settings":{"template":"highway","enabled":false},"version":2}},"categories":[1],"tags":[],"class_list":["post-36283","post","type-post","status-publish","format-standard","hentry","category-notas"],"jetpack_publicize_connections":[],"jetpack_sharing_enabled":true,"jetpack_featured_media_url":"","jetpack_shortlink":"https:\/\/wp.me\/p7wKYW-9rd","jetpack-related-posts":[],"_links":{"self":[{"href":"http:\/\/blogdalucianaoliveira.com.br\/blog\/wp-json\/wp\/v2\/posts\/36283","targetHints":{"allow":["GET"]}}],"collection":[{"href":"http:\/\/blogdalucianaoliveira.com.br\/blog\/wp-json\/wp\/v2\/posts"}],"about":[{"href":"http:\/\/blogdalucianaoliveira.com.br\/blog\/wp-json\/wp\/v2\/types\/post"}],"author":[{"embeddable":true,"href":"http:\/\/blogdalucianaoliveira.com.br\/blog\/wp-json\/wp\/v2\/users\/1"}],"replies":[{"embeddable":true,"href":"http:\/\/blogdalucianaoliveira.com.br\/blog\/wp-json\/wp\/v2\/comments?post=36283"}],"version-history":[{"count":1,"href":"http:\/\/blogdalucianaoliveira.com.br\/blog\/wp-json\/wp\/v2\/posts\/36283\/revisions"}],"predecessor-version":[{"id":36285,"href":"http:\/\/blogdalucianaoliveira.com.br\/blog\/wp-json\/wp\/v2\/posts\/36283\/revisions\/36285"}],"wp:attachment":[{"href":"http:\/\/blogdalucianaoliveira.com.br\/blog\/wp-json\/wp\/v2\/media?parent=36283"}],"wp:term":[{"taxonomy":"category","embeddable":true,"href":"http:\/\/blogdalucianaoliveira.com.br\/blog\/wp-json\/wp\/v2\/categories?post=36283"},{"taxonomy":"post_tag","embeddable":true,"href":"http:\/\/blogdalucianaoliveira.com.br\/blog\/wp-json\/wp\/v2\/tags?post=36283"}],"curies":[{"name":"wp","href":"https:\/\/api.w.org\/{rel}","templated":true}]}}