{"id":36286,"date":"2024-12-02T12:49:05","date_gmt":"2024-12-02T16:49:05","guid":{"rendered":"http:\/\/blogdalucianaoliveira.com.br\/blog\/?p=36286"},"modified":"2024-12-02T12:49:05","modified_gmt":"2024-12-02T16:49:05","slug":"efeito-lula-vendas-disparam-e-brasil-registra-a-melhor-black-friday-em-4-anos","status":"publish","type":"post","link":"http:\/\/blogdalucianaoliveira.com.br\/blog\/2024\/12\/02\/efeito-lula-vendas-disparam-e-brasil-registra-a-melhor-black-friday-em-4-anos\/","title":{"rendered":"Efeito Lula: vendas disparam e Brasil registra a melhor Black Friday em 4 anos"},"content":{"rendered":"<p><img data-recalc-dims=\"1\" loading=\"lazy\" decoding=\"async\" data-attachment-id=\"36287\" data-permalink=\"http:\/\/blogdalucianaoliveira.com.br\/blog\/2024\/12\/02\/efeito-lula-vendas-disparam-e-brasil-registra-a-melhor-black-friday-em-4-anos\/img_3719\/\" data-orig-file=\"https:\/\/i0.wp.com\/blogdalucianaoliveira.com.br\/blog\/wp-content\/uploads\/2024\/12\/IMG_3719.webp?fit=425%2C230\" data-orig-size=\"425,230\" data-comments-opened=\"0\" data-image-meta=\"{&quot;aperture&quot;:&quot;0&quot;,&quot;credit&quot;:&quot;&quot;,&quot;camera&quot;:&quot;&quot;,&quot;caption&quot;:&quot;&quot;,&quot;created_timestamp&quot;:&quot;0&quot;,&quot;copyright&quot;:&quot;&quot;,&quot;focal_length&quot;:&quot;0&quot;,&quot;iso&quot;:&quot;0&quot;,&quot;shutter_speed&quot;:&quot;0&quot;,&quot;title&quot;:&quot;&quot;,&quot;orientation&quot;:&quot;0&quot;}\" data-image-title=\"IMG_3719\" data-image-description=\"\" data-image-caption=\"\" data-medium-file=\"https:\/\/i0.wp.com\/blogdalucianaoliveira.com.br\/blog\/wp-content\/uploads\/2024\/12\/IMG_3719.webp?fit=300%2C162\" data-large-file=\"https:\/\/i0.wp.com\/blogdalucianaoliveira.com.br\/blog\/wp-content\/uploads\/2024\/12\/IMG_3719.webp?fit=425%2C230\" class=\"alignnone size-full wp-image-36287\" src=\"https:\/\/i0.wp.com\/blogdalucianaoliveira.com.br\/blog\/wp-content\/uploads\/2024\/12\/IMG_3719.webp?resize=425%2C230\" alt=\"\" width=\"425\" height=\"230\" srcset=\"https:\/\/i0.wp.com\/blogdalucianaoliveira.com.br\/blog\/wp-content\/uploads\/2024\/12\/IMG_3719.webp?w=425 425w, https:\/\/i0.wp.com\/blogdalucianaoliveira.com.br\/blog\/wp-content\/uploads\/2024\/12\/IMG_3719.webp?resize=300%2C162 300w\" sizes=\"auto, (max-width: 425px) 100vw, 425px\" \/><\/p>\n<h2 class=\"bajada\">Tanto as compras online quanto as feitas em lojas f\u00edsicas superaram as proje\u00e7\u00f5es para o per\u00edodo<\/h2>\n<p><!--more--><\/p>\n<p>Revista F\u00f3rum- A <a href=\"https:\/\/revistaforum.com.br\/temas\/black-friday-25693.html\" target=\"_blank\" rel=\"noopener\">Black Friday<\/a> deste ano trouxe um resultado<strong> inesperado e animador<\/strong> para o varejo brasileiro, tanto no online quanto nas lojas f\u00edsicas. O <strong>&#8220;efeito Lula&#8221;<\/strong> \u2013\u00a0medidas de reaquecimento econ\u00f4mico e melhorias na renda dos consumidores \u2013 pode ter sido o principal catalisador do crescimento acima das proje\u00e7\u00f5es.<\/p>\n<p>Dados de consultorias e empresas parceiras de varejistas divulgados pelo site <a href=\"https:\/\/valor.globo.com\/empresas\/noticia\/2024\/12\/01\/exclusivo-black-friday-e-a-melhor-em-4-anos-e-supera-projecoes.ghtml\" target=\"_blank\" rel=\"noopener\">&#8220;Valor&#8221;<\/a> mostram que, entre quinta-feira (28) e a manh\u00e3 deste domingo (1\u00ba), o faturamento\u00a0do e-commerce <strong>subiu 11%<\/strong>, atingindo cerca de R$ 8 bilh\u00f5es. <strong>Essa \u00e9 a maior taxa de expans\u00e3o desde 2020<\/strong>, quando a pandemia provocou um boom no varejo digital. A proje\u00e7\u00e3o inicial de alta era de 9%, segundo a Neotrust Confi.<\/p>\n<p>Especialistas apontam que a antecipa\u00e7\u00e3o da primeira parcela do 13\u00ba sal\u00e1rio, paga na sexta-feira da Black Friday \u2014 algo que n\u00e3o acontecia desde 2019 \u2014, foi um dos fatores decisivos para o desempenho.<br \/>\nLojas f\u00edsicas tamb\u00e9m registraram bons resultados, especialmente nos setores de moda, vestu\u00e1rio e cal\u00e7ados. Na sexta-feira, as vendas presenciais cresceram 23% em compara\u00e7\u00e3o ao mesmo dia de 2023, enquanto o crescimento semanal foi de 13%. O setor de cal\u00e7ados apresentou um aumento de 15% em rela\u00e7\u00e3o ao ano anterior.<\/p>\n<p>O &#8220;efeito Lula&#8221; tamb\u00e9m refletiu nos marketplaces, onde o faturamento saltou 24% em rela\u00e7\u00e3o ao ano passado. Entre os dias 25 e 29 de novembro, a alta acumulada foi de 45%. Dados da Linx, do grupo StoneCo, indicam que, na sexta-feira, as vendas no online cresceram 76% em rela\u00e7\u00e3o ao dia anterior e 4% comparado a 2023.<\/p>\n<p>O pr\u00f3prio presidente <a href=\"https:\/\/revistaforum.com.br\/temas\/lula-558.html\" target=\"_blank\" rel=\"noopener\">Luiz In\u00e1cio Lula da Silva<\/a> comemorou o aumento das vendas na Black Friday deste ano em publica\u00e7\u00e3o nas redes sociais nesta segunda-feira (2). &#8220;Boa segunda-feira depois da melhor black friday em anos&#8221;, escreveu o mandat\u00e1rio.<\/p>\n<p><img data-recalc-dims=\"1\" loading=\"lazy\" decoding=\"async\" data-attachment-id=\"36288\" data-permalink=\"http:\/\/blogdalucianaoliveira.com.br\/blog\/2024\/12\/02\/efeito-lula-vendas-disparam-e-brasil-registra-a-melhor-black-friday-em-4-anos\/img_3720\/\" data-orig-file=\"https:\/\/i0.wp.com\/blogdalucianaoliveira.com.br\/blog\/wp-content\/uploads\/2024\/12\/IMG_3720.jpeg?fit=1170%2C1356\" data-orig-size=\"1170,1356\" data-comments-opened=\"0\" data-image-meta=\"{&quot;aperture&quot;:&quot;0&quot;,&quot;credit&quot;:&quot;&quot;,&quot;camera&quot;:&quot;&quot;,&quot;caption&quot;:&quot;&quot;,&quot;created_timestamp&quot;:&quot;0&quot;,&quot;copyright&quot;:&quot;&quot;,&quot;focal_length&quot;:&quot;0&quot;,&quot;iso&quot;:&quot;0&quot;,&quot;shutter_speed&quot;:&quot;0&quot;,&quot;title&quot;:&quot;&quot;,&quot;orientation&quot;:&quot;1&quot;}\" data-image-title=\"IMG_3720\" data-image-description=\"\" data-image-caption=\"\" data-medium-file=\"https:\/\/i0.wp.com\/blogdalucianaoliveira.com.br\/blog\/wp-content\/uploads\/2024\/12\/IMG_3720.jpeg?fit=259%2C300\" data-large-file=\"https:\/\/i0.wp.com\/blogdalucianaoliveira.com.br\/blog\/wp-content\/uploads\/2024\/12\/IMG_3720.jpeg?fit=600%2C695\" class=\"alignnone size-full wp-image-36288\" src=\"https:\/\/i0.wp.com\/blogdalucianaoliveira.com.br\/blog\/wp-content\/uploads\/2024\/12\/IMG_3720.jpeg?resize=600%2C695\" alt=\"\" width=\"600\" height=\"695\" srcset=\"https:\/\/i0.wp.com\/blogdalucianaoliveira.com.br\/blog\/wp-content\/uploads\/2024\/12\/IMG_3720.jpeg?w=1170 1170w, https:\/\/i0.wp.com\/blogdalucianaoliveira.com.br\/blog\/wp-content\/uploads\/2024\/12\/IMG_3720.jpeg?resize=259%2C300 259w, https:\/\/i0.wp.com\/blogdalucianaoliveira.com.br\/blog\/wp-content\/uploads\/2024\/12\/IMG_3720.jpeg?resize=884%2C1024 884w, https:\/\/i0.wp.com\/blogdalucianaoliveira.com.br\/blog\/wp-content\/uploads\/2024\/12\/IMG_3720.jpeg?resize=768%2C890 768w\" sizes=\"auto, (max-width: 600px) 100vw, 600px\" \/><\/p>\n","protected":false},"excerpt":{"rendered":"<p>Tanto as compras online quanto as feitas em lojas f\u00edsicas superaram as proje\u00e7\u00f5es para o per\u00edodo<\/p>\n","protected":false},"author":1,"featured_media":0,"comment_status":"closed","ping_status":"open","sticky":false,"template":"","format":"standard","meta":{"_exactmetrics_skip_tracking":false,"_exactmetrics_sitenote_active":false,"_exactmetrics_sitenote_note":"","_exactmetrics_sitenote_category":0,"jetpack_post_was_ever_published":false,"_jetpack_newsletter_access":"","_jetpack_dont_email_post_to_subs":false,"_jetpack_newsletter_tier_id":0,"_jetpack_memberships_contains_paywalled_content":false,"_jetpack_memberships_contains_paid_content":false,"footnotes":"","jetpack_publicize_message":"","jetpack_publicize_feature_enabled":true,"jetpack_social_post_already_shared":true,"jetpack_social_options":{"image_generator_settings":{"template":"highway","enabled":false},"version":2}},"categories":[1],"tags":[459,1202,1203],"class_list":["post-36286","post","type-post","status-publish","format-standard","hentry","category-notas","tag-aumento","tag-black-friday","tag-vendas"],"jetpack_publicize_connections":[],"jetpack_sharing_enabled":true,"jetpack_featured_media_url":"","jetpack_shortlink":"https:\/\/wp.me\/p7wKYW-9rg","jetpack-related-posts":[],"_links":{"self":[{"href":"http:\/\/blogdalucianaoliveira.com.br\/blog\/wp-json\/wp\/v2\/posts\/36286","targetHints":{"allow":["GET"]}}],"collection":[{"href":"http:\/\/blogdalucianaoliveira.com.br\/blog\/wp-json\/wp\/v2\/posts"}],"about":[{"href":"http:\/\/blogdalucianaoliveira.com.br\/blog\/wp-json\/wp\/v2\/types\/post"}],"author":[{"embeddable":true,"href":"http:\/\/blogdalucianaoliveira.com.br\/blog\/wp-json\/wp\/v2\/users\/1"}],"replies":[{"embeddable":true,"href":"http:\/\/blogdalucianaoliveira.com.br\/blog\/wp-json\/wp\/v2\/comments?post=36286"}],"version-history":[{"count":1,"href":"http:\/\/blogdalucianaoliveira.com.br\/blog\/wp-json\/wp\/v2\/posts\/36286\/revisions"}],"predecessor-version":[{"id":36289,"href":"http:\/\/blogdalucianaoliveira.com.br\/blog\/wp-json\/wp\/v2\/posts\/36286\/revisions\/36289"}],"wp:attachment":[{"href":"http:\/\/blogdalucianaoliveira.com.br\/blog\/wp-json\/wp\/v2\/media?parent=36286"}],"wp:term":[{"taxonomy":"category","embeddable":true,"href":"http:\/\/blogdalucianaoliveira.com.br\/blog\/wp-json\/wp\/v2\/categories?post=36286"},{"taxonomy":"post_tag","embeddable":true,"href":"http:\/\/blogdalucianaoliveira.com.br\/blog\/wp-json\/wp\/v2\/tags?post=36286"}],"curies":[{"name":"wp","href":"https:\/\/api.w.org\/{rel}","templated":true}]}}