{"id":36290,"date":"2024-12-02T18:18:01","date_gmt":"2024-12-02T22:18:01","guid":{"rendered":"https:\/\/blogdalucianaoliveira.com.br\/blog\/?p=36290"},"modified":"2024-12-02T18:18:01","modified_gmt":"2024-12-02T22:18:01","slug":"o-que-explica-as-disputas-de-projetos-de-carbono-na-amazonia","status":"publish","type":"post","link":"http:\/\/blogdalucianaoliveira.com.br\/blog\/2024\/12\/02\/o-que-explica-as-disputas-de-projetos-de-carbono-na-amazonia\/","title":{"rendered":"O que explica as disputas de projetos de carbono na Amaz\u00f4nia"},"content":{"rendered":"<header class=\"sgeegmk\"><img data-recalc-dims=\"1\" loading=\"lazy\" decoding=\"async\" data-attachment-id=\"36291\" data-permalink=\"http:\/\/blogdalucianaoliveira.com.br\/blog\/2024\/12\/02\/o-que-explica-as-disputas-de-projetos-de-carbono-na-amazonia\/69295118_1004\/\" data-orig-file=\"https:\/\/i0.wp.com\/blogdalucianaoliveira.com.br\/blog\/wp-content\/uploads\/2024\/12\/69295118_1004.webp?fit=1200%2C525\" data-orig-size=\"1200,525\" data-comments-opened=\"0\" data-image-meta=\"{&quot;aperture&quot;:&quot;0&quot;,&quot;credit&quot;:&quot;&quot;,&quot;camera&quot;:&quot;&quot;,&quot;caption&quot;:&quot;&quot;,&quot;created_timestamp&quot;:&quot;0&quot;,&quot;copyright&quot;:&quot;&quot;,&quot;focal_length&quot;:&quot;0&quot;,&quot;iso&quot;:&quot;0&quot;,&quot;shutter_speed&quot;:&quot;0&quot;,&quot;title&quot;:&quot;&quot;,&quot;orientation&quot;:&quot;0&quot;}\" data-image-title=\"69295118_1004\" data-image-description=\"\" data-image-caption=\"\" data-medium-file=\"https:\/\/i0.wp.com\/blogdalucianaoliveira.com.br\/blog\/wp-content\/uploads\/2024\/12\/69295118_1004.webp?fit=300%2C131\" data-large-file=\"https:\/\/i0.wp.com\/blogdalucianaoliveira.com.br\/blog\/wp-content\/uploads\/2024\/12\/69295118_1004.webp?fit=600%2C263\" class=\"alignnone size-full wp-image-36291\" src=\"https:\/\/i0.wp.com\/blogdalucianaoliveira.com.br\/blog\/wp-content\/uploads\/2024\/12\/69295118_1004.webp?resize=600%2C263\" alt=\"\" width=\"600\" height=\"263\" srcset=\"https:\/\/i0.wp.com\/blogdalucianaoliveira.com.br\/blog\/wp-content\/uploads\/2024\/12\/69295118_1004.webp?w=1200 1200w, https:\/\/i0.wp.com\/blogdalucianaoliveira.com.br\/blog\/wp-content\/uploads\/2024\/12\/69295118_1004.webp?resize=300%2C131 300w, https:\/\/i0.wp.com\/blogdalucianaoliveira.com.br\/blog\/wp-content\/uploads\/2024\/12\/69295118_1004.webp?resize=1024%2C448 1024w, https:\/\/i0.wp.com\/blogdalucianaoliveira.com.br\/blog\/wp-content\/uploads\/2024\/12\/69295118_1004.webp?resize=768%2C336 768w, https:\/\/i0.wp.com\/blogdalucianaoliveira.com.br\/blog\/wp-content\/uploads\/2024\/12\/69295118_1004.webp?resize=686%2C300 686w\" sizes=\"auto, (max-width: 600px) 100vw, 600px\" \/><\/p>\n<p class=\"teaser-text s1811lbz t1qen3t4 m1km9ap7 wgx1hx2 b1ho1h07\">Enquanto projeto para regulamentar o mercado de cr\u00e9ditos de carbono recebe aval do Congresso, Amaz\u00f4nia \u00e9 palco de disputas judiciais envolvendo projetos estaduais em andamento e questionamentos sobre efic\u00e1cia.<\/p>\n<\/header>\n<p><!--more--><\/p>\n<section class=\"s75t7t0 hh5424a in-line closed\" data-tracking-name=\"sharing-icons-inline\">\n<div class=\"always-visible\">\n<div class=\"more-icon icon t1ax1i04 b1yws3tm sx4rgdt ih9bob8 seipclg wgx1hx2 b1ho1h07\" tabindex=\"0\" title=\"Mostrar mais op\u00e7\u00f5es de compartilhamento\" role=\"button\" aria-expanded=\"false\">\n<p>DW &#8211; Matheus Gouvea de Andrade,\u00a0Em meio \u00e0 aprova\u00e7\u00e3o no Congresso do projeto para <a class=\"internal-link\" href=\"https:\/\/www.dw.com\/pt-br\/projeto-que-regula-mercado-de-carbono-%C3%A9-aprovado-na-c%C3%A2mara\/a-70826577\">regulamentar o mercado de carbono no Brasil<\/a>, o tema vem sendo alvo de intensas disputas em estados amaz\u00f4nicos.<\/p>\n<p>Nos \u00faltimos meses, o Minist\u00e9rio P\u00fablico Federal (MPF) cobrou maior transpar\u00eancia em iniciativas e at\u00e9 pediu a suspens\u00e3o de um projeto no Amazonas. Em todas as situa\u00e7\u00f5es, o temor \u00e9 o de que os direitos de povos ind\u00edgenas possam ser violados durante as vendas dos cr\u00e9ditos.<\/p>\n<p>O movimento ocorre em um contexto de ceticismo com as iniciativas ao redor do mundo, com sua efetividade questionada e acusa\u00e7\u00f5es de &#8220;<a class=\"internal-link\" href=\"https:\/\/www.dw.com\/pt-br\/o-que-%C3%A9-a-lavagem-verde\/a-69179863\">greenwashing<\/a>&#8221; \u2013 estrat\u00e9gia utilizada para que uma empresa ou servi\u00e7o venda sua imagem como sendo melhor para o meio ambiente do que realmente \u00e9.<\/p>\n<p>Durante a 29\u00aa Confer\u00eancia das Na\u00e7\u00f5es Unidas sobre as Mudan\u00e7as Clim\u00e1ticas (COP29), a ministra do Meio Ambiente e Mudan\u00e7a do Clima, Marina Silva, celebrou a aprova\u00e7\u00e3o no Senado do\u00a0<a class=\"internal-link\" href=\"https:\/\/www.dw.com\/pt-br\/cr%C3%A9ditos-de-carbono-na-amaz%C3%B4nia-s%C3%A3o-ineficazes-diz-estudo\/a-66829606\">mercado regulado de cr\u00e9dito de carbono<\/a>, e disse que &#8220;o contexto n\u00e3o poderia ser melhor&#8221;.<\/p>\n<p>No entanto, na mesma \u00e9poca, o MPF ajuizou uma a\u00e7\u00e3o civil p\u00fablica para que a Justi\u00e7a Federal suspendesse o projeto de cr\u00e9dito de carbono\/REDD+ \u2013 Redu\u00e7\u00e3o das Emiss\u00f5es por Desmatamento e Degrada\u00e7\u00e3o Florestal \u2013, lan\u00e7ado pela Secretaria de Meio Ambiente do Estado do Amazonas (Sema) para as unidades de conserva\u00e7\u00e3o estaduais, onde habitam povos ind\u00edgenas e tradicionais.<\/p>\n<p>\u00c0 DW, o MPF do Amazonas afirmou que h\u00e1 v\u00e1rias irregularidades e riscos identificados. &#8220;No projeto da Sema, comunit\u00e1rios e lideran\u00e7as tradicionais relataram em reuni\u00f5es que n\u00e3o foram sequer ouvidos. Tamb\u00e9m informaram que nada conhecem do tema cr\u00e9dito carbono&#8221;, indicou.<\/p>\n<p>No Par\u00e1, neste mesmo m\u00eas, o MPF e o Minist\u00e9rio P\u00fablico do Estado do Par\u00e1 (MPPA) requisitaram que a Secretaria Estadual de Meio Ambiente e Sustentabilidade (Semas) cumprisse medidas urgentes para que as leis n\u00e3o sejam violadas em uma eventual concretiza\u00e7\u00e3o da venda anunciada pelo governo do Par\u00e1 de quase R$ 1 bilh\u00e3o em cr\u00e9ditos de carbono.<\/p>\n<p>Neste caso, al\u00e9m da falta de contato com as comunidades, existem d\u00favidas sobre a legalidade do projeto, j\u00e1 que parte dos cr\u00e9ditos seria decorrente de im\u00f3veis rurais que n\u00e3o comp\u00f5em o patrim\u00f4nio fundi\u00e1rio do Estado do Par\u00e1, como terras ind\u00edgenas.<\/p>\n<p>Os questionamentos n\u00e3o s\u00e3o uma exce\u00e7\u00e3o brasileira. Inigo Wyburd, especialista em pol\u00edticas de mercados globais de carbono do Carbon Market Watch, afirma que a aus\u00eancia de um di\u00e1logo efetivo com as comunidades locais e ind\u00edgenas \u00e9 um problema comum em projetos de REDD+. \u201cAs salvaguardas se destinam a proteger estas comunidades e o ambiente, mas a sua implementa\u00e7\u00e3o muitas vezes \u00e9 insuficiente\u201d, aponta.<\/p>\n<h2>&#8220;Cen\u00e1rio de viola\u00e7\u00f5es&#8221;<\/h2>\n<p>Segundo o MPF-AM, \u00e9 poss\u00edvel constatar que h\u00e1 um &#8220;cen\u00e1rio de viola\u00e7\u00f5es&#8221; em diversos projetos e territ\u00f3rios. &#8220;Muitos dos contratos de cr\u00e9ditos de carbono est\u00e3o sendo trabalhados e constru\u00eddos em sigilo, sem qualquer interfer\u00eancia ou participa\u00e7\u00e3o dos \u00f3rg\u00e3os de controle, nem mesmo Funai&#8221;, afirma.<\/p>\n<p>Segundo o \u00f3rg\u00e3o, h\u00e1 a constata\u00e7\u00e3o de que n\u00e3o est\u00e1 havendo boa f\u00e9 e nem informa\u00e7\u00e3o adequada nas pretensas consultas em andamento, al\u00e9m de viola\u00e7\u00f5es \u00e0s consultas j\u00e1 demonstradas. S\u00e3o registrados ainda atritos em v\u00e1rios projetos, entre os comunit\u00e1rios, em face do ass\u00e9dio de empresas e institui\u00e7\u00f5es, aponta.<\/p>\n<p>Neste ano, a Ag\u00eancia P\u00fablica, apresentou o caso da Guiana, pa\u00eds pioneiro nos mercados volunt\u00e1rios de carbono, com um modelo similar ao adotado no Par\u00e1. Em certa regi\u00e3o, a falta de planejamento para o destino dos recursos gerados pelos projetos levou ao caso da constru\u00e7\u00e3o de um shopping praticamente inutilizado em uma aldeia. Em outras partes do pa\u00eds, as promessas das verbas beneficiando as comunidades locais tamb\u00e9m foram pouco cumpridas.<\/p>\n<p>&#8220;As salvaguardas para proteger as comunidades s\u00e3o fracas e mal aplicadas, e os benef\u00edcios muitas vezes n\u00e3o se materializam ou s\u00e3o distribu\u00eddos de forma desigual&#8221;, afirma Wyburd.<\/p>\n<p>Al\u00e9m das viola\u00e7\u00f5es dos direitos das comunidades locais, neste ano, tr\u00eas projetos de cr\u00e9ditos de carbono foram suspensos na Amaz\u00f4nia depois que a Opera\u00e7\u00e3o Greenwashing, da Pol\u00edcia Federal, mostrou a liga\u00e7\u00e3o entre os l\u00edderes das iniciativas supostamente &#8220;verdes&#8221; e esquemas de grilagem de terras e extra\u00e7\u00e3o ilegal de madeira.<\/p>\n<p>A Verra, certificadora do projeto \u2013 uma das maiores do mundo no mercado volunt\u00e1rio de carbono \u2013 anunciou a decis\u00e3o em 10 de junho. &#8220;A suspens\u00e3o de uma conta \u00e9 uma a\u00e7\u00e3o extraordin\u00e1ria que significa que nenhuma transa\u00e7\u00e3o pode ser feita na conta, incluindo os cr\u00e9ditos mantidos na conta, at\u00e9 que todos os problemas ou incertezas identificadas tenham sido resolvidos&#8221;, declarou.<\/p>\n<h2>Preocupa\u00e7\u00e3o global com efic\u00e1cia<\/h2>\n<p>Estudos realizados pela sociedade civil revelaram que muitos projetos de REDD+ superestimam significativamente o seu impacto, levantando s\u00e9rias preocupa\u00e7\u00f5es sobre a sua credibilidade, afirma Wyburd. Um relat\u00f3rio do Carbon Market Watch chegou \u00e0 conclus\u00e3o de que apenas uma a cada 13 iniciativas REDD+ representou uma queda real no desmatamento, o que fica em linha com outros estudos divulgados pelo mundo.<\/p>\n<p>Uma publica\u00e7\u00e3o do Projeto de Com\u00e9rcio de Carbono da Universidade de Berkeley\u00a0<a class=\"internal-link\" href=\"https:\/\/www.dw.com\/pt-br\/cr%C3%A9ditos-de-carbono-na-amaz%C3%B4nia-s%C3%A3o-ineficazes-diz-estudo\/a-66829606\">concluiu que o excesso de cr\u00e9dito \u00e9 &#8220;significativo e generalizado&#8221;<\/a>\u00a0em projetos REDD+. A divulga\u00e7\u00e3o cita um estudo publicado na revista Science, que avalia os efeitos de 26 projetos deste tipo em seis pa\u00edses de tr\u00eas continentes, descobrindo que a maioria n\u00e3o reduziu significativamente o desmatamento. Nos que o que o fizeram, as redu\u00e7\u00f5es foram substancialmente inferiores \u00e0s reivindicadas.<\/p>\n<p>&#8220;A quest\u00e3o central reside no fracasso das metodologias existentes em garantir a precis\u00e3o. As linhas de base s\u00e3o frequentemente inflacionadas, as fugas s\u00e3o subestimadas e os estoques de carbono s\u00e3o exagerados, resultando na emiss\u00e3o de cr\u00e9ditos de carbono de baixa qualidade&#8221;, explica o especialista.<\/p>\n<p>A publica\u00e7\u00e3o do Projeto de Com\u00e9rcio de Carbono afirma que as metodologias s\u00e3o comumente escritas pelos desenvolvedores dos projetos, enquanto os promotores se beneficiam da gera\u00e7\u00e3o de mais cr\u00e9ditos com menos investimento, e os compradores conseguem cr\u00e9ditos de custo mais baixo.<\/p>\n<p>Para Wyburd, nos projetos atuais, h\u00e1 ainda uma falta significativa de transpar\u00eancia financeira, particularmente no que diz respeito \u00e0 divulga\u00e7\u00e3o p\u00fablica de informa\u00e7\u00f5es pelos principais intervenientes. Com base em um estudo do seu observat\u00f3rio, ele lembra que a maioria dos promotores de projetos est\u00e1 baseada no Norte Global, enquanto os pr\u00f3prios projetos est\u00e3o em grande parte no Sul, levantando quest\u00f5es cr\u00edticas sobre os fluxos financeiros.<\/p>\n<p>&#8220;Ap\u00f3s anos de crescente escrut\u00ednio por parte dos meios de comunica\u00e7\u00e3o social e da sociedade civil, a procura de cr\u00e9ditos REDD+ estagnou significativamente&#8221;, aponta. O especialista cita a relut\u00e2ncia das empresas em adquirir cr\u00e9ditos sobrestimados, j\u00e1 que se corre o risco de acusa\u00e7\u00f5es de greenwashing, o que j\u00e1 levou v\u00e1rias empresas a enfrentar desafios legais.<\/p>\n<p>Por sua vez, Wyburd cita alguns desenvolvimentos positivos. &#8220;Iniciativas como o Conselho de Integridade para os Mercados Volunt\u00e1rios de Carbono (ICVCM) est\u00e3o trabalhando para estabelecer padr\u00f5es de refer\u00eancia de maior qualidade para cr\u00e9ditos de carbono, enfatizando a transpar\u00eancia, a precis\u00e3o e a inclus\u00e3o das partes interessadas&#8221;, explica.<\/p>\n<\/div>\n<\/div>\n<div class=\"more closed\"><\/div>\n<div class=\"copy-button-wrapper closed\"><\/div>\n<\/section>\n","protected":false},"excerpt":{"rendered":"<p>Enquanto projeto para regulamentar o mercado de cr\u00e9ditos de carbono recebe aval do Congresso, Amaz\u00f4nia \u00e9 palco de disputas judiciais envolvendo projetos estaduais em andamento e questionamentos sobre efic\u00e1cia.<\/p>\n","protected":false},"author":1,"featured_media":0,"comment_status":"closed","ping_status":"open","sticky":false,"template":"","format":"standard","meta":{"_exactmetrics_skip_tracking":false,"_exactmetrics_sitenote_active":false,"_exactmetrics_sitenote_note":"","_exactmetrics_sitenote_category":0,"jetpack_post_was_ever_published":false,"_jetpack_newsletter_access":"","_jetpack_dont_email_post_to_subs":false,"_jetpack_newsletter_tier_id":0,"_jetpack_memberships_contains_paywalled_content":false,"_jetpack_memberships_contains_paid_content":false,"footnotes":"","jetpack_publicize_message":"","jetpack_publicize_feature_enabled":true,"jetpack_social_post_already_shared":true,"jetpack_social_options":{"image_generator_settings":{"template":"highway","enabled":false},"version":2}},"categories":[1],"tags":[1167,1204,1178],"class_list":["post-36290","post","type-post","status-publish","format-standard","hentry","category-notas","tag-carbono","tag-creditos","tag-mercado"],"jetpack_publicize_connections":[],"jetpack_sharing_enabled":true,"jetpack_featured_media_url":"","jetpack_shortlink":"https:\/\/wp.me\/p7wKYW-9rk","jetpack-related-posts":[],"_links":{"self":[{"href":"http:\/\/blogdalucianaoliveira.com.br\/blog\/wp-json\/wp\/v2\/posts\/36290","targetHints":{"allow":["GET"]}}],"collection":[{"href":"http:\/\/blogdalucianaoliveira.com.br\/blog\/wp-json\/wp\/v2\/posts"}],"about":[{"href":"http:\/\/blogdalucianaoliveira.com.br\/blog\/wp-json\/wp\/v2\/types\/post"}],"author":[{"embeddable":true,"href":"http:\/\/blogdalucianaoliveira.com.br\/blog\/wp-json\/wp\/v2\/users\/1"}],"replies":[{"embeddable":true,"href":"http:\/\/blogdalucianaoliveira.com.br\/blog\/wp-json\/wp\/v2\/comments?post=36290"}],"version-history":[{"count":1,"href":"http:\/\/blogdalucianaoliveira.com.br\/blog\/wp-json\/wp\/v2\/posts\/36290\/revisions"}],"predecessor-version":[{"id":36292,"href":"http:\/\/blogdalucianaoliveira.com.br\/blog\/wp-json\/wp\/v2\/posts\/36290\/revisions\/36292"}],"wp:attachment":[{"href":"http:\/\/blogdalucianaoliveira.com.br\/blog\/wp-json\/wp\/v2\/media?parent=36290"}],"wp:term":[{"taxonomy":"category","embeddable":true,"href":"http:\/\/blogdalucianaoliveira.com.br\/blog\/wp-json\/wp\/v2\/categories?post=36290"},{"taxonomy":"post_tag","embeddable":true,"href":"http:\/\/blogdalucianaoliveira.com.br\/blog\/wp-json\/wp\/v2\/tags?post=36290"}],"curies":[{"name":"wp","href":"https:\/\/api.w.org\/{rel}","templated":true}]}}