{"id":36293,"date":"2024-12-02T18:23:41","date_gmt":"2024-12-02T22:23:41","guid":{"rendered":"https:\/\/blogdalucianaoliveira.com.br\/blog\/?p=36293"},"modified":"2024-12-02T18:23:41","modified_gmt":"2024-12-02T22:23:41","slug":"como-ainda-estou-aqui-inspira-jovens-a-compartilhar-no-tiktok-historias-de-pais-e-avos-torturados-na-ditadura","status":"publish","type":"post","link":"http:\/\/blogdalucianaoliveira.com.br\/blog\/2024\/12\/02\/como-ainda-estou-aqui-inspira-jovens-a-compartilhar-no-tiktok-historias-de-pais-e-avos-torturados-na-ditadura\/","title":{"rendered":"Como &#8216;Ainda Estou Aqui&#8217; inspira jovens a compartilhar no TikTok hist\u00f3rias de pais e av\u00f3s torturados na ditadura"},"content":{"rendered":"<div class=\"bbc-19j92fr ebmt73l0\" dir=\"ltr\">\n<p dir=\"ltr\"><img data-recalc-dims=\"1\" loading=\"lazy\" decoding=\"async\" data-attachment-id=\"36294\" data-permalink=\"http:\/\/blogdalucianaoliveira.com.br\/blog\/2024\/12\/02\/como-ainda-estou-aqui-inspira-jovens-a-compartilhar-no-tiktok-historias-de-pais-e-avos-torturados-na-ditadura\/04e52890-b0de-11ef-a6ec-dd05787bd0e4-jpg\/\" data-orig-file=\"https:\/\/i0.wp.com\/blogdalucianaoliveira.com.br\/blog\/wp-content\/uploads\/2024\/12\/04e52890-b0de-11ef-a6ec-dd05787bd0e4.jpg.webp?fit=800%2C449\" data-orig-size=\"800,449\" data-comments-opened=\"0\" data-image-meta=\"{&quot;aperture&quot;:&quot;0&quot;,&quot;credit&quot;:&quot;&quot;,&quot;camera&quot;:&quot;&quot;,&quot;caption&quot;:&quot;&quot;,&quot;created_timestamp&quot;:&quot;0&quot;,&quot;copyright&quot;:&quot;&quot;,&quot;focal_length&quot;:&quot;0&quot;,&quot;iso&quot;:&quot;0&quot;,&quot;shutter_speed&quot;:&quot;0&quot;,&quot;title&quot;:&quot;&quot;,&quot;orientation&quot;:&quot;0&quot;}\" data-image-title=\"04e52890-b0de-11ef-a6ec-dd05787bd0e4.jpg\" data-image-description=\"\" data-image-caption=\"\" data-medium-file=\"https:\/\/i0.wp.com\/blogdalucianaoliveira.com.br\/blog\/wp-content\/uploads\/2024\/12\/04e52890-b0de-11ef-a6ec-dd05787bd0e4.jpg.webp?fit=300%2C168\" data-large-file=\"https:\/\/i0.wp.com\/blogdalucianaoliveira.com.br\/blog\/wp-content\/uploads\/2024\/12\/04e52890-b0de-11ef-a6ec-dd05787bd0e4.jpg.webp?fit=600%2C337\" class=\"alignnone size-full wp-image-36294\" src=\"https:\/\/i0.wp.com\/blogdalucianaoliveira.com.br\/blog\/wp-content\/uploads\/2024\/12\/04e52890-b0de-11ef-a6ec-dd05787bd0e4.jpg.webp?resize=600%2C337\" alt=\"\" width=\"600\" height=\"337\" srcset=\"https:\/\/i0.wp.com\/blogdalucianaoliveira.com.br\/blog\/wp-content\/uploads\/2024\/12\/04e52890-b0de-11ef-a6ec-dd05787bd0e4.jpg.webp?w=800 800w, https:\/\/i0.wp.com\/blogdalucianaoliveira.com.br\/blog\/wp-content\/uploads\/2024\/12\/04e52890-b0de-11ef-a6ec-dd05787bd0e4.jpg.webp?resize=300%2C168 300w, https:\/\/i0.wp.com\/blogdalucianaoliveira.com.br\/blog\/wp-content\/uploads\/2024\/12\/04e52890-b0de-11ef-a6ec-dd05787bd0e4.jpg.webp?resize=768%2C431 768w, https:\/\/i0.wp.com\/blogdalucianaoliveira.com.br\/blog\/wp-content\/uploads\/2024\/12\/04e52890-b0de-11ef-a6ec-dd05787bd0e4.jpg.webp?resize=535%2C300 535w\" sizes=\"auto, (max-width: 600px) 100vw, 600px\" \/><\/p>\n<p class=\"bbc-hhl7in e17g058b0\" dir=\"ltr\">BBC, por <span role=\"text\"><span class=\"bbc-1ypcc2\">Priscila Carvalho &#8211; <\/span><\/span>Maria Petrucci, de 22 anos, teve o pai preso por militares durante <a class=\"focusIndicatorReducedWidth bbc-n8oauk e1p3sufg0\" href=\"https:\/\/www.bbc.com\/portuguese\/topics\/c070x2x9gent\">a ditadura<\/a>\u00a0no in\u00edcio dos anos 1970.<\/p>\n<\/div>\n<div class=\"bbc-19j92fr ebmt73l0\" dir=\"ltr\">\n<p class=\"bbc-hhl7in e17g058b0\" dir=\"ltr\">Luana Lungaretti, de 22 anos, tamb\u00e9m<a class=\"focusIndicatorReducedWidth bbc-n8oauk e1p3sufg0\" href=\"https:\/\/www.bbc.com\/portuguese\/noticias\/2013\/05\/130430_clinicas_testemunho_mv\">\u00a0sofreu com a tortura e pris\u00e3o do pai<\/a>\u00a0por agentes no DOI-CODI, na mesma d\u00e9cada.<\/p>\n<\/div>\n<div class=\"bbc-19j92fr ebmt73l0\" dir=\"ltr\">\n<p class=\"bbc-hhl7in e17g058b0\" dir=\"ltr\">J\u00e1 Elisa Nunes, de 21 anos, teve a av\u00f3 exilada na Fran\u00e7a durante dez anos nesta mesma \u00e9poca.<\/p>\n<\/div>\n<div class=\"bbc-19j92fr ebmt73l0\" dir=\"ltr\">\n<p class=\"bbc-hhl7in e17g058b0\" dir=\"ltr\">As tr\u00eas jovens, de idades semelhantes, compartilham hist\u00f3rias de familiares\u00a0<a class=\"focusIndicatorReducedWidth bbc-n8oauk e1p3sufg0\" href=\"https:\/\/www.bbc.com\/portuguese\/articles\/cz4dd1zq5qno\">marcados pela repress\u00e3o do regime militar\u00a0<\/a>brasileiro, que durou 21 anos.<\/p>\n<\/div>\n<p><!--more--><\/p>\n<section class=\"bbc-geybui\" role=\"region\" aria-label=\"Publicidade 2\" aria-hidden=\"true\" data-e2e=\"advertisement\"><\/section>\n<div class=\"bbc-19j92fr ebmt73l0\" dir=\"ltr\">\n<div class=\"bbc-19j92fr ebmt73l0\" dir=\"ltr\">\n<p class=\"bbc-hhl7in e17g058b0\" dir=\"ltr\">Os relatos foram compartilhados gra\u00e7as a uma trend no TikTok, inspirada no\u00a0<a class=\"focusIndicatorReducedWidth bbc-n8oauk e1p3sufg0\" href=\"https:\/\/www.bbc.com\/portuguese\/articles\/c5yx0xg39jpo\">filme Ainda Estou Aqui,<\/a>\u00a0do diretor Walter Salles, e que rendeu postagens virais, com mais de quatro milh\u00f5es de visualiza\u00e7\u00f5es.<\/p>\n<\/div>\n<div class=\"bbc-1n4f7vm ebmt73l0\" dir=\"ltr\">\n<section class=\"bbc-1saxq9t etbfg571\" role=\"region\" data-e2e=\"recommendations-heading\" aria-labelledby=\"recommendations-heading\">\n<div class=\"bbc-bjn8wh eveec6k2\">\n<div class=\"bbc-19j92fr ebmt73l0\" dir=\"ltr\">\n<p class=\"bbc-hhl7in e17g058b0\" dir=\"ltr\">Um dos primeiros v\u00eddeos foi o de Maria, onde ela segura a foto 3&#215;4 do pai, preso na \u00e9poca, e escreve: &#8220;O impacto de ver esse filme sendo filha de um preso pol\u00edtico da ditadura que hoje tem\u00a0<a class=\"focusIndicatorReducedWidth bbc-n8oauk e1p3sufg0\" href=\"https:\/\/www.bbc.com\/portuguese\/topics\/c8y94y3pjygt\">Alzheimer<\/a>\u00a0em estado avan\u00e7ado&#8221;.<\/p>\n<\/div>\n<section class=\"bbc-1n4f7vm ebmt73l0\" dir=\"ltr\" role=\"region\" aria-label=\"Hist\u00f3rias relacionadas\">\n<div class=\"bbc-2e8h64 e145786u2\">\n<div class=\"bbc-19j92fr ebmt73l0\" dir=\"ltr\">\n<p class=\"bbc-hhl7in e17g058b0\" dir=\"ltr\">O post tinha como trilha sonora a m\u00fasica<i class=\"bbc-h1y5j7 eih42320\">\u00a0\u00c9 Preciso Dar um Jeito, Meu Amigo<\/i>, do cantor Erasmo Carlos, e que comp\u00f5e o longa.<\/p>\n<\/div>\n<div class=\"bbc-19j92fr ebmt73l0\" dir=\"ltr\">\n<p class=\"bbc-hhl7in e17g058b0\" dir=\"ltr\">Ap\u00f3s essa publica\u00e7\u00e3o, outros jovens come\u00e7aram a compartilhar relatos sobre pais e av\u00f3s que sofreram com a persegui\u00e7\u00e3o, destacando como o filme se tornou um marco para que o tema fosse falado abertamente.<\/p>\n<\/div>\n<div class=\"bbc-19j92fr ebmt73l0\" dir=\"ltr\">\n<p class=\"bbc-hhl7in e17g058b0\" dir=\"ltr\">&#8220;Eu n\u00e3o imaginei que ia ter essa repercuss\u00e3o e muitas pessoas jovens perguntando o que foi a ditadura. Fiquei feliz que pude contribuir para que outras pessoas pudessem ter mais consci\u00eancia de todo o preju\u00edzo que muitas fam\u00edlias sofreram. Vi um paralelo com a hist\u00f3ria do meu pai&#8221;, diz Maria.<\/p>\n<\/div>\n<div class=\"bbc-19j92fr ebmt73l0\" dir=\"ltr\">\n<h2 id=\"Codinome-Frederico\" class=\"bbc-1lgzob2 eglt09e0\" tabindex=\"-1\">Codinome Frederico<\/h2>\n<p><main class=\"bbc-fa0wmp\" role=\"main\"><\/p>\n<div class=\"bbc-19j92fr ebmt73l0\" dir=\"ltr\">\n<p class=\"bbc-hhl7in e17g058b0\" dir=\"ltr\">Logo que ingressou na faculdade de administra\u00e7\u00e3o p\u00fablica na d\u00e9cada de 1970, o pai de Maria, S\u00e9rgio de Azevedo, hoje com 78 anos, entrou para o movimento estudantil e ajudou pessoas que eram perseguidas pela ditadura.<\/p>\n<\/div>\n<div class=\"bbc-19j92fr ebmt73l0\" dir=\"ltr\">\n<p class=\"bbc-hhl7in e17g058b0\" dir=\"ltr\">Ele e os amigos usavam um apartamento para salvar e abrigar indiv\u00edduos e deix\u00e1-los em seguran\u00e7a.<\/p>\n<\/div>\n<div class=\"bbc-19j92fr ebmt73l0\" dir=\"ltr\">\n<p class=\"bbc-hhl7in e17g058b0\" dir=\"ltr\">&#8220;Eles chamavam de &#8216;aparelho&#8217; e funcionava como uma esp\u00e9cie de esconderijo. Para dificultar a identifica\u00e7\u00e3o, ele tamb\u00e9m usava o nome de Frederico&#8221;, diz Maria.<\/p>\n<\/div>\n<div class=\"bbc-19j92fr ebmt73l0\" dir=\"ltr\">\n<p class=\"bbc-hhl7in e17g058b0\" dir=\"ltr\">Na \u00e9poca, ele tinha uma amiga chamada Anita e os dois combinaram de se encontrar em uma pra\u00e7a no bairro do Leblon, na zona sul do Rio de Janeiro. Ela demorou muito a aparecer no local e quando ele e um amigo estavam indo embora, foram surpreendidos por militares.<\/p>\n<\/div>\n<div class=\"bbc-19j92fr ebmt73l0\" dir=\"ltr\">\n<p class=\"bbc-hhl7in e17g058b0\" dir=\"ltr\">&#8220;Os militares os pisotearam e os levaram para a penitenci\u00e1ria da Tijuca&#8221;, relembra a estudante.<\/p>\n<\/div>\n<div class=\"bbc-19j92fr ebmt73l0\" dir=\"ltr\">\n<p class=\"bbc-hhl7in e17g058b0\" dir=\"ltr\">Chegando ao local, ele passou cinco dias em uma cela, deitado em uma esteira no ch\u00e3o, com um militar armado ao seu lado.<\/p>\n<\/div>\n<div class=\"bbc-19j92fr ebmt73l0\" dir=\"ltr\">\n<p class=\"bbc-hhl7in e17g058b0\" dir=\"ltr\">&#8220;Ele ficou por volta de dois meses na pris\u00e3o e, nesse meio tempo, ocorreram diversas situa\u00e7\u00f5es que o impediram de ser torturado&#8221;, conta. Na primeira vez, segundo Maria, os militares haviam encontrado jovens de outro grupo e n\u00e3o realizaram a tortura.<\/p>\n<\/div>\n<div class=\"bbc-19j92fr ebmt73l0\" dir=\"ltr\">\n<p class=\"bbc-hhl7in e17g058b0\" dir=\"ltr\">&#8220;Provavelmente acharam um outro grupo mais significativo. E talvez n\u00e3o desconfiaram dele, porque ele realmente escondeu muita gente relevante no apartamento&#8221;, acrescenta.<\/p>\n<\/div>\n<div class=\"bbc-19j92fr ebmt73l0\" dir=\"ltr\">\n<p class=\"bbc-hhl7in e17g058b0\" dir=\"ltr\">Em um outro momento, ele foi levado para uma sess\u00e3o de tortura na qual as pessoas eram chamadas em ordem alfab\u00e9tica.<\/p>\n<\/div>\n<div class=\"bbc-19j92fr ebmt73l0\" dir=\"ltr\">\n<p class=\"bbc-hhl7in e17g058b0\" dir=\"ltr\">Por ter o nome S, ele estava entre os \u00faltimos e, bem naquele dia, o hor\u00e1rio para tortura havia acabado. &#8220;Ele nunca agradeceu tanto por ser S\u00e9rgio e ter o S no nome&#8221;, relembra.<\/p>\n<\/div>\n<div class=\"bbc-19j92fr ebmt73l0\" dir=\"ltr\">\n<p class=\"bbc-hhl7in e17g058b0\" dir=\"ltr\">Em outro momento, um militar o acorda no meio da noite e pergunta se ele era o Frederico e diz &#8220;que n\u00e3o queria estar na pele dele e que ele havia ca\u00eddo&#8221;.<\/p>\n<\/div>\n<div class=\"bbc-19j92fr ebmt73l0\" dir=\"ltr\">\n<p class=\"bbc-hhl7in e17g058b0\" dir=\"ltr\">Maria conta que o pai chegou a pensar que fora delatado pelos amigos, mas, ao chegar na sala de tortura, viu seu amigo ensanguentado e, mesmo assim, o companheiro disse que aquele n\u00e3o era o Frederico que os militares estavam buscando.<\/p>\n<\/div>\n<div class=\"bbc-19j92fr ebmt73l0\" dir=\"ltr\">\n<p class=\"bbc-hhl7in e17g058b0\" dir=\"ltr\">&#8220;At\u00e9 hoje a gente n\u00e3o sabe se ele quis poup\u00e1-lo ou se n\u00e3o era ele mesmo. Ele passou &#8216;raspando&#8217; por sess\u00f5es de tortura&#8221;, conta a jovem.<\/p>\n<\/div>\n<div class=\"bbc-19j92fr ebmt73l0\" dir=\"ltr\">\n<p class=\"bbc-hhl7in e17g058b0\" dir=\"ltr\">Ap\u00f3s quase dois meses, ele consegue ser solto com a ajuda de um militar conhecido da fam\u00edlia, que o ajuda com argumentos de que ele tinha bons antecedentes e que j\u00e1 havia estudado no col\u00e9gio naval na adolesc\u00eancia.<\/p>\n<\/div>\n<figure class=\"bbc-1qn0xuy\">\n<div class=\"bbc-18ywsw9\"><img data-recalc-dims=\"1\" loading=\"lazy\" decoding=\"async\" class=\"bbc-139onq\" src=\"https:\/\/i0.wp.com\/ichef.bbci.co.uk\/ace\/ws\/640\/cpsprodpb\/e19a\/live\/32e5e9b0-b0f1-11ef-a5b0-8d8b2a0d4391.jpg.webp?resize=600%2C600&#038;ssl=1\" sizes=\"auto, (min-width: 1008px) 760px, 100vw\" srcset=\"https:\/\/ichef.bbci.co.uk\/ace\/ws\/240\/cpsprodpb\/e19a\/live\/32e5e9b0-b0f1-11ef-a5b0-8d8b2a0d4391.jpg.webp 240w, https:\/\/ichef.bbci.co.uk\/ace\/ws\/320\/cpsprodpb\/e19a\/live\/32e5e9b0-b0f1-11ef-a5b0-8d8b2a0d4391.jpg.webp 320w, https:\/\/ichef.bbci.co.uk\/ace\/ws\/480\/cpsprodpb\/e19a\/live\/32e5e9b0-b0f1-11ef-a5b0-8d8b2a0d4391.jpg.webp 480w, https:\/\/ichef.bbci.co.uk\/ace\/ws\/624\/cpsprodpb\/e19a\/live\/32e5e9b0-b0f1-11ef-a5b0-8d8b2a0d4391.jpg.webp 624w, https:\/\/ichef.bbci.co.uk\/ace\/ws\/800\/cpsprodpb\/e19a\/live\/32e5e9b0-b0f1-11ef-a5b0-8d8b2a0d4391.jpg.webp 800w\" alt=\"Maria Petrucci com o pai, S\u00e9rgio, nos dias de hoje\" width=\"600\" height=\"600\" \/><\/p>\n<p class=\"bbc-by8ykd\" role=\"text\"><span class=\"bbc-m04vo2\">Cr\u00e9dito,<\/span><span lang=\"en-GB\">Arquivo pessoal<\/span><\/p>\n<\/div><figcaption class=\"bbc-15f1ujd\" dir=\"ltr\"><span role=\"text\"><span class=\"bbc-m04vo2\">Legenda da foto,<\/span><span data-testid=\"caption-paragraph\">O pai de Maria tem Alzheimer em estado avan\u00e7ado e n\u00e3o se recorda da tortura que sofreu na ditadura<\/span><\/span><\/figcaption><\/figure>\n<div class=\"bbc-19j92fr ebmt73l0\" dir=\"ltr\">\n<p class=\"bbc-hhl7in e17g058b0\" dir=\"ltr\">Ao sair da cadeia, Maria conta que o pai era vigiado constantemente por militares e precisou mudar de casa. Ele havia passado em um concurso para ser fiscal de renda e sofreu amea\u00e7as para assumir o cargo, o que o fez desistir.<\/p>\n<\/div>\n<div class=\"bbc-19j92fr ebmt73l0\" dir=\"ltr\">\n<p class=\"bbc-hhl7in e17g058b0\" dir=\"ltr\">&#8220;Eles n\u00e3o queriam que algu\u00e9m contra o regime ocupasse um cargo p\u00fablico&#8221;, conta.<\/p>\n<\/div>\n<div class=\"bbc-19j92fr ebmt73l0\" dir=\"ltr\">\n<p class=\"bbc-hhl7in e17g058b0\" dir=\"ltr\">S\u00f3 depois de muito tempo e com uma liminar na Justi\u00e7a, que ele conseguiu, de fato, pleitear o cargo.<\/p>\n<\/div>\n<div class=\"bbc-19j92fr ebmt73l0\" dir=\"ltr\">\n<p class=\"bbc-hhl7in e17g058b0\" dir=\"ltr\">Depois, passou por processos de ex\u00edlio, quando foi estudar para um mestrado no Chile e na Argentina, at\u00e9 retornar ao Brasil, nos anos 70.<\/p>\n<\/div>\n<div class=\"bbc-19j92fr ebmt73l0\" dir=\"ltr\">\n<p class=\"bbc-hhl7in e17g058b0\" dir=\"ltr\">Devido a todas as adversidades, S\u00e9rgio sofreu traumas e sempre falava sobre o assunto com muito receio e medo. &#8220;Ele falava baixo, falava com medo. Chegou a dar\u00a0<a class=\"focusIndicatorReducedWidth bbc-n8oauk e1p3sufg0\" href=\"https:\/\/www.bbc.com\/portuguese\/geral-61171113\">depoimento na Comiss\u00e3o Nacional da Verdade<\/a>\u00a0e ficou realmente nervoso&#8221;, relembra a filha.<\/p>\n<\/div>\n<div class=\"bbc-19j92fr ebmt73l0\" dir=\"ltr\">\n<h2 id=\"Fim-dos-sonhos-e-Alzheimer\" class=\"bbc-1lgzob2 eglt09e0\" tabindex=\"-1\">Fim dos sonhos e Alzheimer<\/h2>\n<\/div>\n<div class=\"bbc-19j92fr ebmt73l0\" dir=\"ltr\">\n<p class=\"bbc-hhl7in e17g058b0\" dir=\"ltr\">Mesmo n\u00e3o sofrendo tortura f\u00edsica, as sequelas psicol\u00f3gicas foram graves, de acordo com Maria. Ele conta que o pai tomou por muito tempo ansiol\u00edticos e, mesmo ap\u00f3s anos, ainda tinha receio de falar sobre tudo que viveu na pris\u00e3o.<\/p>\n<\/div>\n<div class=\"bbc-19j92fr ebmt73l0\" dir=\"ltr\">\n<p class=\"bbc-hhl7in e17g058b0\" dir=\"ltr\">A estudante tamb\u00e9m relata que o pai parou de sonhar, literalmente, anos ap\u00f3s sair da cadeia.<\/p>\n<\/div>\n<div class=\"bbc-19j92fr ebmt73l0\" dir=\"ltr\">\n<p class=\"bbc-hhl7in e17g058b0\" dir=\"ltr\">&#8220;Ele n\u00e3o tinha mais a experi\u00eancia de sonhar como as pessoas normais. Quando ele saiu da pris\u00e3o, ele sonhava muito com tortura, tirando a camisa, a cal\u00e7a, para se &#8216;desidentificar'&#8221;, diz.<\/p>\n<\/div>\n<div class=\"bbc-19j92fr ebmt73l0\" dir=\"ltr\">\n<p class=\"bbc-hhl7in e17g058b0\" dir=\"ltr\">&#8220;Como fazia abuso de ansiol\u00edticos, teve um comprometimento ps\u00edquico e neural. Ent\u00e3o, ele realmente n\u00e3o sonhava com nada ou n\u00e3o se lembrava. E tamb\u00e9m n\u00e3o tinha mais esperan\u00e7a com a vida. Tornou-se uma pessoa muito pessimista&#8221;, acrescenta.<\/p>\n<\/div>\n<div class=\"bbc-19j92fr ebmt73l0\" dir=\"ltr\">\n<p class=\"bbc-hhl7in e17g058b0\" dir=\"ltr\">Em 2018, S\u00e9rgio foi diagnosticado com dem\u00eancia e a doen\u00e7a foi evoluindo. Ele precisou se retirar da faculdade em que dava aula e foi tendo uma piora no quadro de sa\u00fade.<\/p>\n<\/div>\n<div class=\"bbc-19j92fr ebmt73l0\" dir=\"ltr\">\n<p class=\"bbc-hhl7in e17g058b0\" dir=\"ltr\">Atualmente, por decis\u00e3o da fam\u00edlia, ele vive em uma ILPI (Institui\u00e7\u00e3o de Longa Perman\u00eancia), e tem dificuldade em reconhecer as filhas. &#8220;Hoje, ele j\u00e1 est\u00e1 em est\u00e1gio avan\u00e7ado do Alzheimer e muito debilitado. Tem dificuldade para se comunicar, para formar frase&#8221;, diz.<\/p>\n<\/div>\n<div class=\"bbc-19j92fr ebmt73l0\" dir=\"ltr\">\n<p class=\"bbc-hhl7in e17g058b0\" dir=\"ltr\">Mesmo diante da condi\u00e7\u00e3o, Maria acredita que os resqu\u00edcios da ditadura ainda permanecem. &#8220;Uma vez eu estava cantando Chico Buarque para ele e ele disse para eu n\u00e3o cantar aquilo que iam me prender&#8221;, relembra.<\/p>\n<\/div>\n<div class=\"bbc-19j92fr ebmt73l0\" dir=\"ltr\">\n<p class=\"bbc-hhl7in e17g058b0\" dir=\"ltr\">Para a jovem, a identifica\u00e7\u00e3o com o filme veio justamente da\u00ed, j\u00e1 que, para ela, a cena mais emblem\u00e1tica foi quando a atriz Fernanda Montenegro, que interpreta Eunice no fim da vida, reconhece o marido na televis\u00e3o e esbo\u00e7a rea\u00e7\u00e3o sem dizer uma palavra.<\/p>\n<\/div>\n<div class=\"bbc-19j92fr ebmt73l0\" dir=\"ltr\">\n<p class=\"bbc-hhl7in e17g058b0\" dir=\"ltr\">&#8220;Foi muito impactante. Ela ressurge de si mesma. Fiquei muito comovida com esses paralelos&#8221;, diz.<\/p>\n<\/div>\n<div class=\"bbc-19j92fr ebmt73l0\" dir=\"ltr\">\n<p class=\"bbc-hhl7in e17g058b0\" dir=\"ltr\">Para ela, a obra \u00e9 fundamental para preservar a hist\u00f3ria de todas as pessoas que passaram por algum tipo de tortura nessa \u00e9poca, al\u00e9m de mostrar para outras que duvidam que isso existiu.<\/p>\n<\/div>\n<div class=\"bbc-19j92fr ebmt73l0\" dir=\"ltr\">\n<p class=\"bbc-hhl7in e17g058b0\" dir=\"ltr\">&#8220;Tenho relato de amigos que foram assistir com pais conservadores. E s\u00f3 de conseguirem ter empatia e entender o que pelo menos foi o regime militar, fico feliz. \u00c9 muito importante a empatia que o cinema proporciona&#8221;, diz.<\/p>\n<\/div>\n<div class=\"bbc-19j92fr ebmt73l0\" dir=\"ltr\">\n<h2 id=\"Meu-pai-foi-torturado-e-teve-o-t\u00edmpano-perfurado\" class=\"bbc-1lgzob2 eglt09e0\" tabindex=\"-1\">&#8216;Meu pai foi torturado e teve o t\u00edmpano perfurado&#8217;<\/h2>\n<\/div>\n<figure class=\"bbc-1qn0xuy\">\n<div class=\"bbc-18ywsw9\"><img data-recalc-dims=\"1\" loading=\"lazy\" decoding=\"async\" class=\"bbc-139onq\" src=\"https:\/\/i0.wp.com\/ichef.bbci.co.uk\/ace\/ws\/640\/cpsprodpb\/5c9c\/live\/164ca270-b0f2-11ef-a5b0-8d8b2a0d4391.jpg.webp?resize=378%2C213&#038;ssl=1\" sizes=\"auto, (min-width: 1008px) 760px, 100vw\" srcset=\"https:\/\/ichef.bbci.co.uk\/ace\/ws\/240\/cpsprodpb\/5c9c\/live\/164ca270-b0f2-11ef-a5b0-8d8b2a0d4391.jpg.webp 240w, https:\/\/ichef.bbci.co.uk\/ace\/ws\/320\/cpsprodpb\/5c9c\/live\/164ca270-b0f2-11ef-a5b0-8d8b2a0d4391.jpg.webp 320w, https:\/\/ichef.bbci.co.uk\/ace\/ws\/378\/cpsprodpb\/5c9c\/live\/164ca270-b0f2-11ef-a5b0-8d8b2a0d4391.jpg.webp 378w\" alt=\"Celso Lungaretti em depoimento na Marinha durante a ditadura\" width=\"378\" height=\"213\" \/><\/p>\n<p class=\"bbc-by8ykd\" role=\"text\"><span class=\"bbc-m04vo2\">Cr\u00e9dito,<\/span><span lang=\"en-GB\">Arquivo pessoal<\/span><\/p>\n<\/div><figcaption class=\"bbc-15f1ujd\" dir=\"ltr\"><span role=\"text\"><span class=\"bbc-m04vo2\">Legenda da foto,<\/span><span data-testid=\"caption-paragraph\">Celso Lungaretti foi preso pelo regime militar quando era guerrilheiro<\/span><\/span><\/figcaption><\/figure>\n<div class=\"bbc-19j92fr ebmt73l0\" dir=\"ltr\">\n<p class=\"bbc-hhl7in e17g058b0\" dir=\"ltr\">A estudante Luana Lungaretti, de 22 anos, cresceu ouvindo sobre o impacto da ditadura militar na vida de seu pai, Celso Lungaretti, hoje com 74 anos.<\/p>\n<\/div>\n<div class=\"bbc-19j92fr ebmt73l0\" dir=\"ltr\">\n<p class=\"bbc-hhl7in e17g058b0\" dir=\"ltr\">Jornalista e ex-guerrilheiro da Vanguarda Popular Revolucion\u00e1ria (VPR), ele foi preso aos 19 anos em uma opera\u00e7\u00e3o que desarticulou o grupo ao qual pertencia.<\/p>\n<\/div>\n<div class=\"bbc-19j92fr ebmt73l0\" dir=\"ltr\">\n<p class=\"bbc-hhl7in e17g058b0\" dir=\"ltr\">Celso foi preso no dia 16 de abril de 1970 e levado para a sede do DOI-CODI, na zona norte do Rio de Janeiro.<\/p>\n<\/div>\n<div class=\"bbc-19j92fr ebmt73l0\" dir=\"ltr\">\n<p class=\"bbc-hhl7in e17g058b0\" dir=\"ltr\">Durante o tempo de deten\u00e7\u00e3o, foi submetido as sess\u00f5es de tortura que inclu\u00edam choques el\u00e9tricos e espancamentos.<\/p>\n<\/div>\n<div class=\"bbc-19j92fr ebmt73l0\" dir=\"ltr\">\n<p class=\"bbc-hhl7in e17g058b0\" dir=\"ltr\">&#8220;Choques nos dedos, nos test\u00edculos e com eletrodos atados nos ouvidos, de forma que sent\u00edamos como se um raio atravessasse nosso c\u00e9rebro&#8221;, relembra Celso, em entrevista \u00e0 BBC News Brasil.<\/p>\n<\/div>\n<div class=\"bbc-19j92fr ebmt73l0\" dir=\"ltr\">\n<p class=\"bbc-hhl7in e17g058b0\" dir=\"ltr\">Ele sofreu agress\u00f5es pelo tenente Ailton Joaquim, que, segundo S\u00e9rgio, era considerado um dos mais violentos da \u00e9poca. O militar chegou a ministrar uma aula pr\u00e1tica de tortura na Vila Militar, em outubro de 1969, para um grupo de sargentos e oficiais.<\/p>\n<\/div>\n<div class=\"bbc-19j92fr ebmt73l0\" dir=\"ltr\">\n<p class=\"bbc-hhl7in e17g058b0\" dir=\"ltr\">&#8220;Em uma dessas sess\u00f5es, ele teve o t\u00edmpano do ouvido direito estourado, uma les\u00e3o que resultou em anos de crises de labirintite e cirurgias&#8221;, conta Luana.<\/p>\n<\/div>\n<div class=\"bbc-19j92fr ebmt73l0\" dir=\"ltr\">\n<p class=\"bbc-hhl7in e17g058b0\" dir=\"ltr\">&#8220;Fiz tr\u00eas cirurgias, mas at\u00e9 hoje continua perfurado. O buraco s\u00f3 diminuiu de di\u00e2metro, mas, se entrar \u00e1gua, infecciona&#8221;, afirma o jornalista.<\/p>\n<\/div>\n<figure class=\"bbc-1qn0xuy\">\n<div class=\"bbc-18ywsw9\"><img data-recalc-dims=\"1\" loading=\"lazy\" decoding=\"async\" class=\"bbc-139onq\" src=\"https:\/\/i0.wp.com\/ichef.bbci.co.uk\/ace\/ws\/640\/cpsprodpb\/e7c4\/live\/cf7e8ba0-b0de-11ef-a2ca-e99d0c9a24e3.jpg.webp?resize=600%2C849&#038;ssl=1\" sizes=\"auto, (min-width: 1008px) 760px, 100vw\" srcset=\"https:\/\/ichef.bbci.co.uk\/ace\/ws\/240\/cpsprodpb\/e7c4\/live\/cf7e8ba0-b0de-11ef-a2ca-e99d0c9a24e3.jpg.webp 240w, https:\/\/ichef.bbci.co.uk\/ace\/ws\/320\/cpsprodpb\/e7c4\/live\/cf7e8ba0-b0de-11ef-a2ca-e99d0c9a24e3.jpg.webp 320w, https:\/\/ichef.bbci.co.uk\/ace\/ws\/480\/cpsprodpb\/e7c4\/live\/cf7e8ba0-b0de-11ef-a2ca-e99d0c9a24e3.jpg.webp 480w, https:\/\/ichef.bbci.co.uk\/ace\/ws\/624\/cpsprodpb\/e7c4\/live\/cf7e8ba0-b0de-11ef-a2ca-e99d0c9a24e3.jpg.webp 624w, https:\/\/ichef.bbci.co.uk\/ace\/ws\/800\/cpsprodpb\/e7c4\/live\/cf7e8ba0-b0de-11ef-a2ca-e99d0c9a24e3.jpg.webp 800w\" alt=\"Cartaz da \u00e9poca da ditadura com fotos de pessoas procuradas pelo regime, com os dizeres &quot;Terroristas assassinos procurados - Depois de terem roubado e assassinado v\u00e1rios pais de fam\u00edlia, est\u00e3o foragidos. Avise o primeiro policial que encontrar se voc\u00ea suspeitar da presen\u00e7a de um dos procurados. Ajude-nos a proteger sua pr\u00f3pria vida e a de seus familiares&quot; \" width=\"600\" height=\"849\" \/><\/p>\n<p class=\"bbc-by8ykd\" role=\"text\"><span class=\"bbc-m04vo2\">Cr\u00e9dito,<\/span><span lang=\"en-GB\">Arquivo pessoal de Luana Lungaretti<\/span><\/p>\n<\/div>\n<\/figure>\n<div class=\"bbc-19j92fr ebmt73l0\" dir=\"ltr\">\n<p class=\"bbc-hhl7in e17g058b0\" dir=\"ltr\">Al\u00e9m dos danos f\u00edsicos, as marcas psicol\u00f3gicas e sociais foram severas. &#8220;Ele passou quase um ano tentando se reerguer psicologicamente ap\u00f3s a pris\u00e3o. Ainda assim, enfrentou difama\u00e7\u00f5es e foi acusado injustamente de delatar seus colegas. Isso o isolou de muitas pessoas e comprometeu sua carreira profissional por d\u00e9cadas&#8221;, relata a filha.<\/p>\n<\/div>\n<div class=\"bbc-19j92fr ebmt73l0\" dir=\"ltr\">\n<p class=\"bbc-hhl7in e17g058b0\" dir=\"ltr\">Ele chegou a ficar um ano preso, e levou praticamente o mesmo tempo em que ficou em c\u00e1rcere para se recuperar. &#8220;N\u00e3o tinha dinheiro para pagar terapeuta, mas fui superando os traumas e revolta represada&#8221;, diz.<\/p>\n<\/div>\n<div class=\"bbc-19j92fr ebmt73l0\" dir=\"ltr\">\n<p class=\"bbc-hhl7in e17g058b0\" dir=\"ltr\">Segundo Celso, pelo menos 20 pessoas que ele conhecia pessoalmente foram assassinadas durante a luta armada ao participar de uma comunidade alternativa, a convite de antigos amigos dele da escola.<\/p>\n<\/div>\n<div class=\"bbc-19j92fr ebmt73l0\" dir=\"ltr\">\n<p class=\"bbc-hhl7in e17g058b0\" dir=\"ltr\">Para driblar a hostilidade e os preconceitos, ele chegou a usar pseud\u00f4nimos para assinar trabalhos na imprensa e conseguir trabalho.<\/p>\n<\/div>\n<div class=\"bbc-19j92fr ebmt73l0\" dir=\"ltr\">\n<p class=\"bbc-hhl7in e17g058b0\" dir=\"ltr\">A hist\u00f3ria do pai nunca foi um tabu dentro de casa. Desde cedo, Luana ouviu sobre o per\u00edodo repressivo e como ele moldou sua vis\u00e3o de mundo.<\/p>\n<\/div>\n<div class=\"bbc-19j92fr ebmt73l0\" dir=\"ltr\">\n<p class=\"bbc-hhl7in e17g058b0\" dir=\"ltr\">&#8220;Meu pai nunca se calou sobre o que viveu. Ele sempre participou de debates, deu entrevistas e escreveu sobre o tema. Em 2005, publicou o livro\u00a0<i class=\"bbc-h1y5j7 eih42320\">N\u00e1ufrago da Utopia<\/i>, onde relata sua trajet\u00f3ria na guerrilha e as marcas deixadas pela ditadura&#8221;, ressalta.<\/p>\n<\/div>\n<div class=\"bbc-19j92fr ebmt73l0\" dir=\"ltr\">\n<p class=\"bbc-hhl7in e17g058b0\" dir=\"ltr\">Ao assistir ao filme\u00a0<i class=\"bbc-h1y5j7 eih42320\">Ainda Estou Aqui<\/i>, a estudante sentiu-se representada.&#8221;Foi imposs\u00edvel n\u00e3o me emocionar e pensar no que meu pai enfrentou. Era como se eu pudesse sentir, mesmo que minimamente, o que ele viveu na pele&#8221;, diz.<\/p>\n<\/div>\n<div class=\"bbc-19j92fr ebmt73l0\" dir=\"ltr\">\n<p class=\"bbc-hhl7in e17g058b0\" dir=\"ltr\">No entanto, a experi\u00eancia foi marcada por limita\u00e7\u00f5es: tanto ela quanto Celso t\u00eam defici\u00eancia auditiva, e a aus\u00eancia de legendas nos cinemas brasileiros dificultou o acesso.<\/p>\n<\/div>\n<div class=\"bbc-19j92fr ebmt73l0\" dir=\"ltr\">\n<p class=\"bbc-hhl7in e17g058b0\" dir=\"ltr\">&#8220;Uma pessoa que me acompanhava precisou escrever pelo WhatsApp o que acontecia para que eu pudesse entender.&#8221; O pai da jovem ainda n\u00e3o conseguiu assistir ao longa, justamente pela falta de acessibilidade.<\/p>\n<\/div>\n<figure class=\"bbc-1qn0xuy\">\n<div class=\"bbc-18ywsw9\"><img data-recalc-dims=\"1\" loading=\"lazy\" decoding=\"async\" class=\"bbc-139onq\" src=\"https:\/\/i0.wp.com\/ichef.bbci.co.uk\/ace\/ws\/640\/cpsprodpb\/8aff\/live\/80901d70-b0f1-11ef-a5b0-8d8b2a0d4391.jpg.webp?resize=600%2C600&#038;ssl=1\" sizes=\"auto, (min-width: 1008px) 760px, 100vw\" srcset=\"https:\/\/ichef.bbci.co.uk\/ace\/ws\/240\/cpsprodpb\/8aff\/live\/80901d70-b0f1-11ef-a5b0-8d8b2a0d4391.jpg.webp 240w, https:\/\/ichef.bbci.co.uk\/ace\/ws\/320\/cpsprodpb\/8aff\/live\/80901d70-b0f1-11ef-a5b0-8d8b2a0d4391.jpg.webp 320w, https:\/\/ichef.bbci.co.uk\/ace\/ws\/480\/cpsprodpb\/8aff\/live\/80901d70-b0f1-11ef-a5b0-8d8b2a0d4391.jpg.webp 480w, https:\/\/ichef.bbci.co.uk\/ace\/ws\/624\/cpsprodpb\/8aff\/live\/80901d70-b0f1-11ef-a5b0-8d8b2a0d4391.jpg.webp 624w, https:\/\/ichef.bbci.co.uk\/ace\/ws\/800\/cpsprodpb\/8aff\/live\/80901d70-b0f1-11ef-a5b0-8d8b2a0d4391.jpg.webp 800w\" alt=\"Luana Lungaretti com seu pai, Celso, nos dias de hoje\" width=\"600\" height=\"600\" \/><\/p>\n<p class=\"bbc-by8ykd\" role=\"text\"><span class=\"bbc-m04vo2\">Cr\u00e9dito,<\/span><span lang=\"en-GB\">Arquivo pessoal<\/span><\/p>\n<\/div><figcaption class=\"bbc-15f1ujd\" dir=\"ltr\"><span role=\"text\"><span class=\"bbc-m04vo2\">Legenda da foto,<\/span><span data-testid=\"caption-paragraph\">Luana conta que a hist\u00f3ria de seu pai nunca foi tabu em casa<\/span><\/span><\/figcaption><\/figure>\n<div class=\"bbc-19j92fr ebmt73l0\" dir=\"ltr\">\n<p class=\"bbc-hhl7in e17g058b0\" dir=\"ltr\">A repercuss\u00e3o do filme e dos v\u00eddeos no TikTok, onde Luana compartilhou a hist\u00f3ria de sua fam\u00edlia, \u00e9, para ela, uma oportunidade de conscientizar as novas gera\u00e7\u00f5es.<\/p>\n<\/div>\n<div class=\"bbc-19j92fr ebmt73l0\" dir=\"ltr\">\n<p class=\"bbc-hhl7in e17g058b0\" dir=\"ltr\">&#8220;A maioria que defende, muitas vezes, \u00e9 influenciada por opini\u00f5es extremistas e, em alguns casos, sem fundamento sobre o assunto. Falta mais estudo e, principalmente, humanidade&#8221;, diz Luana.<\/p>\n<\/div>\n<div class=\"bbc-19j92fr ebmt73l0\" dir=\"ltr\">\n<p class=\"bbc-hhl7in e17g058b0\" dir=\"ltr\">Questionados sobre as pessoas que pedem para que a ditadura retorne, ambos s\u00e3o categ\u00f3ricos nas respostas. Para eles, defender a volta desse regime \u00e9 fruto da falta de informa\u00e7\u00e3o.<\/p>\n<\/div>\n<div class=\"bbc-19j92fr ebmt73l0\" dir=\"ltr\">\n<p class=\"bbc-hhl7in e17g058b0\" dir=\"ltr\">&#8220;Tais pessoas, ou est\u00e3o sendo enganadas por gente inescrupulosa que lhes impingem mentiras cabeludas aproveitando sua inoc\u00eancia, ou s\u00e3o seres desumanos ao extremo&#8221;, diz Celso.<\/p>\n<\/div>\n<div class=\"bbc-19j92fr ebmt73l0\" dir=\"ltr\">\n<p class=\"bbc-hhl7in e17g058b0\" dir=\"ltr\">A filha ainda faz um apelo para que essas pessoas se coloquem no lugar das minorias, de quem perdeu algu\u00e9m e de quem teve que lutar.<\/p>\n<\/div>\n<div class=\"bbc-19j92fr ebmt73l0\" dir=\"ltr\">\n<p class=\"bbc-hhl7in e17g058b0\" dir=\"ltr\">&#8220;Viver com medo, viver sendo vigiado, viver sob cautela o tempo todo, viver sem direitos. Isso n\u00e3o \u00e9 viver, e n\u00e3o podemos permitir que se repita.&#8221;<\/p>\n<\/div>\n<div class=\"bbc-19j92fr ebmt73l0\" dir=\"ltr\">\n<h2 id=\"Minha-av\u00f3-ficou-exilada-por-dez-anos-na-Fran\u00e7a\" class=\"bbc-1lgzob2 eglt09e0\" tabindex=\"-1\">&#8216;Minha av\u00f3 ficou exilada por dez anos na Fran\u00e7a&#8217;<\/h2>\n<\/div>\n<figure class=\"bbc-1qn0xuy\">\n<div class=\"bbc-18ywsw9\"><img data-recalc-dims=\"1\" loading=\"lazy\" decoding=\"async\" class=\"bbc-139onq\" src=\"https:\/\/i0.wp.com\/ichef.bbci.co.uk\/ace\/ws\/640\/cpsprodpb\/a94c\/live\/89d52410-b0de-11ef-a2ca-e99d0c9a24e3.jpg.webp?resize=600%2C574&#038;ssl=1\" sizes=\"auto, (min-width: 1008px) 760px, 100vw\" srcset=\"https:\/\/ichef.bbci.co.uk\/ace\/ws\/240\/cpsprodpb\/a94c\/live\/89d52410-b0de-11ef-a2ca-e99d0c9a24e3.jpg.webp 240w, https:\/\/ichef.bbci.co.uk\/ace\/ws\/320\/cpsprodpb\/a94c\/live\/89d52410-b0de-11ef-a2ca-e99d0c9a24e3.jpg.webp 320w, https:\/\/ichef.bbci.co.uk\/ace\/ws\/480\/cpsprodpb\/a94c\/live\/89d52410-b0de-11ef-a2ca-e99d0c9a24e3.jpg.webp 480w, https:\/\/ichef.bbci.co.uk\/ace\/ws\/624\/cpsprodpb\/a94c\/live\/89d52410-b0de-11ef-a2ca-e99d0c9a24e3.jpg.webp 624w, https:\/\/ichef.bbci.co.uk\/ace\/ws\/800\/cpsprodpb\/a94c\/live\/89d52410-b0de-11ef-a2ca-e99d0c9a24e3.jpg.webp 800w\" alt=\"A foto em preto e branco mostra uma mulher jovem, de pele clara e cabelos escuros, olhando para a c\u00e2mera. \" width=\"600\" height=\"574\" \/><\/p>\n<p class=\"bbc-by8ykd\" role=\"text\"><span class=\"bbc-m04vo2\">Cr\u00e9dito,<\/span><span lang=\"en-GB\">Arquivo pessoal de Elisa Nunes<\/span><\/p>\n<\/div><figcaption class=\"bbc-15f1ujd\" dir=\"ltr\"><span role=\"text\"><span class=\"bbc-m04vo2\">Legenda da foto,<\/span><span data-testid=\"caption-paragraph\">Vera Tude de Souza precisou abandonar sua vida no Brasil durante a ditadura militar<\/span><\/span><\/figcaption><\/figure>\n<div class=\"bbc-19j92fr ebmt73l0\" dir=\"ltr\">\n<p class=\"bbc-hhl7in e17g058b0\" dir=\"ltr\">A av\u00f3 da estudante Elisa Nunes, Vera Tude de Souza, precisou abandonar sua vida no Brasil durante a ditadura militar.<\/p>\n<\/div>\n<div class=\"bbc-19j92fr ebmt73l0\" dir=\"ltr\">\n<p class=\"bbc-hhl7in e17g058b0\" dir=\"ltr\">&#8220;Minha av\u00f3 era muito jovem, praticamente da minha idade, e teve que largar tudo para acompanhar meu av\u00f4, que era da luta armada. Ela n\u00e3o era militante, mas ajudava pessoas perseguidas, como o\u00a0<a class=\"focusIndicatorReducedWidth bbc-n8oauk e1p3sufg0\" href=\"https:\/\/www.bbc.com\/portuguese\/articles\/cj6e5886n3do\">Rubens Paiva<\/a>&#8220;, conta Elisa.<\/p>\n<\/div>\n<div class=\"bbc-19j92fr ebmt73l0\" dir=\"ltr\">\n<p class=\"bbc-hhl7in e17g058b0\" dir=\"ltr\">Vera acabou sendo identificada pelas autoridades ap\u00f3s ajudar na fuga de um amigo, que acabou capturado. A situa\u00e7\u00e3o se tornou insustent\u00e1vel, e ela partiu para o ex\u00edlio na Fran\u00e7a em 1969. L\u00e1, ingressou no Partido Comunista Franc\u00eas e passou a observar as diferen\u00e7as sociais e pol\u00edticas em rela\u00e7\u00e3o ao Brasil.<\/p>\n<\/div>\n<div class=\"bbc-19j92fr ebmt73l0\" dir=\"ltr\">\n<p class=\"bbc-hhl7in e17g058b0\" dir=\"ltr\">&#8220;Ela via como pol\u00edticas p\u00fablicas, sa\u00fade e educa\u00e7\u00e3o de qualidade mudavam a vida das pessoas, e isso marcou muito a vis\u00e3o dela&#8221;, explica a neta.<\/p>\n<\/div>\n<div class=\"bbc-19j92fr ebmt73l0\" dir=\"ltr\">\n<p class=\"bbc-hhl7in e17g058b0\" dir=\"ltr\">Mesmo politicamente ativa no ex\u00edlio, sua av\u00f3 enfrentou dificuldades financeiras. Sem forma\u00e7\u00e3o acad\u00eamica completa, fez trabalhos manuais e passeava com cachorros para sustentar as filhas g\u00eameas. &#8220;A ditadura roubou isso dela, e ela teve que se virar com o que dava para criar minha m\u00e3e e minha tia&#8221;, relata Elisa.<\/p>\n<\/div>\n<div class=\"bbc-19j92fr ebmt73l0\" dir=\"ltr\">\n<p class=\"bbc-hhl7in e17g058b0\" dir=\"ltr\">Segundo a jovem, a av\u00f3 conta que o per\u00edodo, apesar dos desafios, foi importante para a forma\u00e7\u00e3o pol\u00edtica dela, que agora tem 81 anos. &#8220;Ela nunca escondeu essa parte da vida para a fam\u00edlia, sempre contou suas experi\u00eancias. Foi uma \u00e9poca dif\u00edcil, mas que trouxe muito aprendizado para ela e meu av\u00f4.&#8221;<\/p>\n<\/div>\n<div class=\"bbc-19j92fr ebmt73l0\" dir=\"ltr\">\n<p class=\"bbc-hhl7in e17g058b0\" dir=\"ltr\">Elisa tamb\u00e9m explorou a hist\u00f3ria da av\u00f3 em sua monografia do ensino m\u00e9dio, que abordava o papel das mulheres na ditadura.<\/p>\n<\/div>\n<div class=\"bbc-19j92fr ebmt73l0\" dir=\"ltr\">\n<p class=\"bbc-hhl7in e17g058b0\" dir=\"ltr\">&#8220;Usei os relatos dela para mostrar como era ser mulher na linha de frente naquele per\u00edodo. Foi muito especial trazer essa mem\u00f3ria para o trabalho&#8221;, afirma.<\/p>\n<\/div>\n<div class=\"bbc-19j92fr ebmt73l0\" dir=\"ltr\">\n<p class=\"bbc-hhl7in e17g058b0\" dir=\"ltr\">A identifica\u00e7\u00e3o da fam\u00edlia com o filme de Walter Salles foi imediata. &#8220;Assistimos juntos porque sab\u00edamos que nos reconhecer\u00edamos nos personagens. Somos uma fam\u00edlia de classe m\u00e9dia, e a trajet\u00f3ria deles lembra muito a da minha av\u00f3.&#8221;<\/p>\n<\/div>\n<div class=\"bbc-19j92fr ebmt73l0\" dir=\"ltr\">\n<p class=\"bbc-hhl7in e17g058b0\" dir=\"ltr\">Ao levar a hist\u00f3ria de Vera para o TikTok, a estudante quis destacar a for\u00e7a e resili\u00eancia da av\u00f3.<\/p>\n<\/div>\n<div class=\"bbc-19j92fr ebmt73l0\" dir=\"ltr\">\n<p class=\"bbc-hhl7in e17g058b0\" dir=\"ltr\">&#8220;Ela \u00e9 uma hero\u00edna invis\u00edvel, a mulher que eu mais admiro no mundo. \u00c9 importante contar essas hist\u00f3rias para que ningu\u00e9m esque\u00e7a o que aconteceu e para que possamos entender melhor nosso passado.&#8221;<\/p>\n<\/div>\n<div class=\"bbc-19j92fr ebmt73l0\" dir=\"ltr\">\n<p class=\"bbc-hhl7in e17g058b0\" dir=\"ltr\">Para Elisa, a falta de puni\u00e7\u00e3o aos respons\u00e1veis pelo regime contribui para o esquecimento coletivo.<\/p>\n<\/div>\n<div class=\"bbc-19j92fr ebmt73l0\" dir=\"ltr\">\n<p class=\"bbc-hhl7in e17g058b0\" dir=\"ltr\">&#8220;Os culpados nunca foram punidos, e isso cria um fator de esquecimento muito grande nas pessoas. Muitos defendem a ditadura sem saber o que realmente aconteceu\u201d, diz<\/p>\n<\/div>\n<p><\/main><\/p>\n<aside class=\"bbc-1l5nxv5 e5jcirq1\" role=\"complementary\" data-testid=\"related-topics\" aria-labelledby=\"related-topics\">\n<div class=\"e5jcirq0 bbc-1f2ds04 e1m6nvxw1\">\n<h2 id=\"section-label-heading-related-topics\" class=\"bbc-a5e1ct e1m6nvxw0\" tabindex=\"-1\"><\/h2>\n<\/div>\n<\/aside>\n<\/div>\n<\/div>\n<\/section>\n<\/div>\n<\/section>\n<\/div>\n<\/div>\n","protected":false},"excerpt":{"rendered":"<p>BBC, por Priscila Carvalho &#8211; Maria Petrucci, de 22 anos, teve o pai preso por militares durante a ditadura\u00a0no in\u00edcio dos anos 1970. Luana Lungaretti, de 22 anos, tamb\u00e9m\u00a0sofreu com a tortura e pris\u00e3o do pai\u00a0por agentes no DOI-CODI, na mesma d\u00e9cada. J\u00e1 Elisa Nunes, de 21 anos, teve a av\u00f3 exilada na Fran\u00e7a durante&#8230;<a class=\"more-link\" href=\"http:\/\/blogdalucianaoliveira.com.br\/blog\/2024\/12\/02\/como-ainda-estou-aqui-inspira-jovens-a-compartilhar-no-tiktok-historias-de-pais-e-avos-torturados-na-ditadura\/\">Continue a leitura <span class=\"meta-nav\">&raquo;<\/span><\/a><\/p>\n","protected":false},"author":1,"featured_media":0,"comment_status":"closed","ping_status":"open","sticky":false,"template":"","format":"standard","meta":{"_exactmetrics_skip_tracking":false,"_exactmetrics_sitenote_active":false,"_exactmetrics_sitenote_note":"","_exactmetrics_sitenote_category":0,"jetpack_post_was_ever_published":false,"_jetpack_newsletter_access":"","_jetpack_dont_email_post_to_subs":false,"_jetpack_newsletter_tier_id":0,"_jetpack_memberships_contains_paywalled_content":false,"_jetpack_memberships_contains_paid_content":false,"footnotes":"","jetpack_publicize_message":"","jetpack_publicize_feature_enabled":true,"jetpack_social_post_already_shared":true,"jetpack_social_options":{"image_generator_settings":{"template":"highway","enabled":false},"version":2}},"categories":[1],"tags":[1205,325,253],"class_list":["post-36293","post","type-post","status-publish","format-standard","hentry","category-notas","tag-ainda-estou-aqui","tag-ditadura","tag-filme"],"jetpack_publicize_connections":[],"jetpack_sharing_enabled":true,"jetpack_featured_media_url":"","jetpack_shortlink":"https:\/\/wp.me\/p7wKYW-9rn","jetpack-related-posts":[],"_links":{"self":[{"href":"http:\/\/blogdalucianaoliveira.com.br\/blog\/wp-json\/wp\/v2\/posts\/36293","targetHints":{"allow":["GET"]}}],"collection":[{"href":"http:\/\/blogdalucianaoliveira.com.br\/blog\/wp-json\/wp\/v2\/posts"}],"about":[{"href":"http:\/\/blogdalucianaoliveira.com.br\/blog\/wp-json\/wp\/v2\/types\/post"}],"author":[{"embeddable":true,"href":"http:\/\/blogdalucianaoliveira.com.br\/blog\/wp-json\/wp\/v2\/users\/1"}],"replies":[{"embeddable":true,"href":"http:\/\/blogdalucianaoliveira.com.br\/blog\/wp-json\/wp\/v2\/comments?post=36293"}],"version-history":[{"count":1,"href":"http:\/\/blogdalucianaoliveira.com.br\/blog\/wp-json\/wp\/v2\/posts\/36293\/revisions"}],"predecessor-version":[{"id":36295,"href":"http:\/\/blogdalucianaoliveira.com.br\/blog\/wp-json\/wp\/v2\/posts\/36293\/revisions\/36295"}],"wp:attachment":[{"href":"http:\/\/blogdalucianaoliveira.com.br\/blog\/wp-json\/wp\/v2\/media?parent=36293"}],"wp:term":[{"taxonomy":"category","embeddable":true,"href":"http:\/\/blogdalucianaoliveira.com.br\/blog\/wp-json\/wp\/v2\/categories?post=36293"},{"taxonomy":"post_tag","embeddable":true,"href":"http:\/\/blogdalucianaoliveira.com.br\/blog\/wp-json\/wp\/v2\/tags?post=36293"}],"curies":[{"name":"wp","href":"https:\/\/api.w.org\/{rel}","templated":true}]}}