{"id":36297,"date":"2024-12-03T16:18:06","date_gmt":"2024-12-03T20:18:06","guid":{"rendered":"http:\/\/blogdalucianaoliveira.com.br\/blog\/?p=36297"},"modified":"2024-12-03T16:18:06","modified_gmt":"2024-12-03T20:18:06","slug":"reporter-do-247-luciana-oliveira-vai-compor-comite-de-participacao-social-na-ebc","status":"publish","type":"post","link":"http:\/\/blogdalucianaoliveira.com.br\/blog\/2024\/12\/03\/reporter-do-247-luciana-oliveira-vai-compor-comite-de-participacao-social-na-ebc\/","title":{"rendered":"Rep\u00f3rter do 247 Luciana Oliveira vai compor comit\u00ea de participa\u00e7\u00e3o social na EBC"},"content":{"rendered":"<p><img data-recalc-dims=\"1\" loading=\"lazy\" decoding=\"async\" data-attachment-id=\"36298\" data-permalink=\"http:\/\/blogdalucianaoliveira.com.br\/blog\/2024\/12\/03\/reporter-do-247-luciana-oliveira-vai-compor-comite-de-participacao-social-na-ebc\/img_7648\/\" data-orig-file=\"https:\/\/i0.wp.com\/blogdalucianaoliveira.com.br\/blog\/wp-content\/uploads\/2024\/12\/IMG_7648.jpeg?fit=960%2C959\" data-orig-size=\"960,959\" data-comments-opened=\"0\" data-image-meta=\"{&quot;aperture&quot;:&quot;0&quot;,&quot;credit&quot;:&quot;&quot;,&quot;camera&quot;:&quot;&quot;,&quot;caption&quot;:&quot;&quot;,&quot;created_timestamp&quot;:&quot;0&quot;,&quot;copyright&quot;:&quot;&quot;,&quot;focal_length&quot;:&quot;0&quot;,&quot;iso&quot;:&quot;0&quot;,&quot;shutter_speed&quot;:&quot;0&quot;,&quot;title&quot;:&quot;&quot;,&quot;orientation&quot;:&quot;1&quot;}\" data-image-title=\"IMG_7648\" data-image-description=\"\" data-image-caption=\"\" data-medium-file=\"https:\/\/i0.wp.com\/blogdalucianaoliveira.com.br\/blog\/wp-content\/uploads\/2024\/12\/IMG_7648.jpeg?fit=300%2C300\" data-large-file=\"https:\/\/i0.wp.com\/blogdalucianaoliveira.com.br\/blog\/wp-content\/uploads\/2024\/12\/IMG_7648.jpeg?fit=600%2C599\" class=\"alignnone size-full wp-image-36298\" src=\"https:\/\/i0.wp.com\/blogdalucianaoliveira.com.br\/blog\/wp-content\/uploads\/2024\/12\/IMG_7648.jpeg?resize=600%2C599\" alt=\"\" width=\"600\" height=\"599\" srcset=\"https:\/\/i0.wp.com\/blogdalucianaoliveira.com.br\/blog\/wp-content\/uploads\/2024\/12\/IMG_7648.jpeg?w=960 960w, https:\/\/i0.wp.com\/blogdalucianaoliveira.com.br\/blog\/wp-content\/uploads\/2024\/12\/IMG_7648.jpeg?resize=300%2C300 300w, https:\/\/i0.wp.com\/blogdalucianaoliveira.com.br\/blog\/wp-content\/uploads\/2024\/12\/IMG_7648.jpeg?resize=150%2C150 150w, https:\/\/i0.wp.com\/blogdalucianaoliveira.com.br\/blog\/wp-content\/uploads\/2024\/12\/IMG_7648.jpeg?resize=768%2C767 768w\" sizes=\"auto, (max-width: 600px) 100vw, 600px\" \/><\/p>\n<p><b>247 &#8211; <\/b>A jornalista, ativista e rep\u00f3rter \u00a0do Brasil 247, Luciana Oliveira, foi indicada pelo Centro de Estudos Bar\u00e3o do Itarar\u00e9 e obteve a maior vota\u00e7\u00e3o para vaga no Comit\u00ea de Participa\u00e7\u00e3o Social, Diversidade e Inclus\u00e3o (Cipadi) da EBC.<!--more--><\/p>\n<p>Na supl\u00eancia o indicado foi Anderson Luiz, lideran\u00e7a importante do movimento negro e da luta antirracista e fundador do jornal O Empoderado.<\/p>\n<p>De 32 inscri\u00e7\u00f5es, 22 foram habilitadas para o processo eleitoral no Cipadi.<\/p>\n<p>\u201c\u00c9 um lugar de fala que ser\u00e1 ocupado por uma mulher amaz\u00f4nida, do Norte, que vai ecoar as vozes dos povos das terras, das \u00e1guas e das florestas. Da beira, do campo e da cidade. Agrade\u00e7o ao Centro de Estudo Bar\u00e3o do Itarar\u00e9 e a todos e todas que dedicaram tempo e confian\u00e7a ao votar\u201d, disse Luciana.<\/p>\n<p>O Comep tem a finalidade de promover a participa\u00e7\u00e3o da sociedade civil no acompanhamento da aplica\u00e7\u00e3o dos princ\u00edpios do sistema p\u00fablico de radiodifus\u00e3o, observada a pluralidade da sociedade brasileira. O Processo Seletivo visa \u00e0 sele\u00e7\u00e3o de 10 representantes titulares e 10 suplentes dos seguintes seguimentos: emissoras p\u00fablicas de r\u00e1dio e televis\u00e3o; cursos superiores de Comunica\u00e7\u00e3o Social, setor audiovisual independente; ve\u00edculos legislativos de comunica\u00e7\u00e3o; comunidade cultural; comunidade cient\u00edfica e tecnol\u00f3gica; entidades de defesa dos direitos de crian\u00e7as e adolescentes; entidade da sociedade civil de defesa do direito \u00e0 comunica\u00e7\u00e3o; e cursos superiores de Educa\u00e7\u00e3o.<\/p>\n<p>Al\u00e9m dos dez membros, haver\u00e1 representante das empregadas e empregados da EBC, com o respectivo suplente.<\/p>\n<p><b>Sobre o Cipadi<\/b><\/p>\n<p>O Cipadi tem entre suas fun\u00e7\u00f5es o acompanhamento das diretrizes da programa\u00e7\u00e3o veiculada pelas emissoras de comunica\u00e7\u00e3o p\u00fablica operadas pela EBC no que tange \u00e0 participa\u00e7\u00e3o social, diversidade social, cultural, regional e \u00e9tnica. O foco tamb\u00e9m est\u00e1 na pluralidade de ideias na abordagem dos fatos, na perspectiva da observ\u00e2ncia dos princ\u00edpios de promo\u00e7\u00e3o da cultura nacional, pluralidade de fontes de conte\u00fado, est\u00edmulo \u00e0 produ\u00e7\u00e3o regional e \u00e0 produ\u00e7\u00e3o independente, al\u00e9m de suas finalidades educativas, art\u00edsticas, culturais, cient\u00edficas, informativas e promotoras da cidadania.<\/p>\n<p>O processo seletivo para o Cipadi vai selecionar 16 representantes titulares, com seus respectivos suplentes. Ser\u00e3o considerados para composi\u00e7\u00e3o deste Comit\u00ea 11 representantes de organiza\u00e7\u00f5es gerais da sociedade civil, sendo que um deles dever\u00e1 ser representante de entidades sindicais de radialistas ou jornalistas. Ao menos cinco representantes de organiza\u00e7\u00f5es gerais da sociedade civil dever\u00e3o ser indicados por entidades ou organiza\u00e7\u00f5es com atua\u00e7\u00e3o direta e comprovada no campo da comunica\u00e7\u00e3o p\u00fablica.<\/p>\n<p>Ainda far\u00e3o parte do Cipadi cinco representantes de emissoras p\u00fablicas integrantes da Rede Nacional de Comunica\u00e7\u00e3o P\u00fablica (RNCP), sendo um de cada macrorregi\u00e3o geogr\u00e1fica. Tamb\u00e9m compor\u00e3o o Cipadi os 11 membros selecionados para o Comep.<\/p>\n","protected":false},"excerpt":{"rendered":"<p>247 &#8211; A jornalista, ativista e rep\u00f3rter \u00a0do Brasil 247, Luciana Oliveira, foi indicada pelo Centro de Estudos Bar\u00e3o do Itarar\u00e9 e obteve a maior vota\u00e7\u00e3o para vaga no Comit\u00ea de Participa\u00e7\u00e3o Social, Diversidade e Inclus\u00e3o (Cipadi) da EBC.<\/p>\n","protected":false},"author":1,"featured_media":0,"comment_status":"closed","ping_status":"open","sticky":false,"template":"","format":"standard","meta":{"_exactmetrics_skip_tracking":false,"_exactmetrics_sitenote_active":false,"_exactmetrics_sitenote_note":"","_exactmetrics_sitenote_category":0,"jetpack_post_was_ever_published":false,"_jetpack_newsletter_access":"","_jetpack_dont_email_post_to_subs":false,"_jetpack_newsletter_tier_id":0,"_jetpack_memberships_contains_paywalled_content":false,"_jetpack_memberships_contains_paid_content":false,"footnotes":"","jetpack_publicize_message":"","jetpack_publicize_feature_enabled":true,"jetpack_social_post_already_shared":true,"jetpack_social_options":{"image_generator_settings":{"template":"highway","enabled":false},"version":2}},"categories":[1],"tags":[1206,331,203],"class_list":["post-36297","post","type-post","status-publish","format-standard","hentry","category-notas","tag-comites","tag-ebc","tag-eleicao"],"jetpack_publicize_connections":[],"jetpack_sharing_enabled":true,"jetpack_featured_media_url":"","jetpack_shortlink":"https:\/\/wp.me\/p7wKYW-9rr","jetpack-related-posts":[],"_links":{"self":[{"href":"http:\/\/blogdalucianaoliveira.com.br\/blog\/wp-json\/wp\/v2\/posts\/36297","targetHints":{"allow":["GET"]}}],"collection":[{"href":"http:\/\/blogdalucianaoliveira.com.br\/blog\/wp-json\/wp\/v2\/posts"}],"about":[{"href":"http:\/\/blogdalucianaoliveira.com.br\/blog\/wp-json\/wp\/v2\/types\/post"}],"author":[{"embeddable":true,"href":"http:\/\/blogdalucianaoliveira.com.br\/blog\/wp-json\/wp\/v2\/users\/1"}],"replies":[{"embeddable":true,"href":"http:\/\/blogdalucianaoliveira.com.br\/blog\/wp-json\/wp\/v2\/comments?post=36297"}],"version-history":[{"count":1,"href":"http:\/\/blogdalucianaoliveira.com.br\/blog\/wp-json\/wp\/v2\/posts\/36297\/revisions"}],"predecessor-version":[{"id":36299,"href":"http:\/\/blogdalucianaoliveira.com.br\/blog\/wp-json\/wp\/v2\/posts\/36297\/revisions\/36299"}],"wp:attachment":[{"href":"http:\/\/blogdalucianaoliveira.com.br\/blog\/wp-json\/wp\/v2\/media?parent=36297"}],"wp:term":[{"taxonomy":"category","embeddable":true,"href":"http:\/\/blogdalucianaoliveira.com.br\/blog\/wp-json\/wp\/v2\/categories?post=36297"},{"taxonomy":"post_tag","embeddable":true,"href":"http:\/\/blogdalucianaoliveira.com.br\/blog\/wp-json\/wp\/v2\/tags?post=36297"}],"curies":[{"name":"wp","href":"https:\/\/api.w.org\/{rel}","templated":true}]}}