{"id":36300,"date":"2024-12-03T18:23:46","date_gmt":"2024-12-03T22:23:46","guid":{"rendered":"http:\/\/blogdalucianaoliveira.com.br\/blog\/?p=36300"},"modified":"2024-12-03T18:23:46","modified_gmt":"2024-12-03T22:23:46","slug":"assassinatos-e-guerra-civil-eram-danos-colaterais-aceitaveis-no-plano-de-bolsonaro","status":"publish","type":"post","link":"http:\/\/blogdalucianaoliveira.com.br\/blog\/2024\/12\/03\/assassinatos-e-guerra-civil-eram-danos-colaterais-aceitaveis-no-plano-de-bolsonaro\/","title":{"rendered":"Assassinatos e guerra civil eram danos colaterais aceit\u00e1veis no plano de Bolsonaro"},"content":{"rendered":"<p><img data-recalc-dims=\"1\" loading=\"lazy\" decoding=\"async\" data-attachment-id=\"36301\" data-permalink=\"http:\/\/blogdalucianaoliveira.com.br\/blog\/2024\/12\/03\/assassinatos-e-guerra-civil-eram-danos-colaterais-aceitaveis-no-plano-de-bolsonaro\/img_3769\/\" data-orig-file=\"https:\/\/i0.wp.com\/blogdalucianaoliveira.com.br\/blog\/wp-content\/uploads\/2024\/12\/IMG_3769.jpeg?fit=1024%2C682\" data-orig-size=\"1024,682\" data-comments-opened=\"0\" data-image-meta=\"{&quot;aperture&quot;:&quot;0&quot;,&quot;credit&quot;:&quot;&quot;,&quot;camera&quot;:&quot;&quot;,&quot;caption&quot;:&quot;&quot;,&quot;created_timestamp&quot;:&quot;0&quot;,&quot;copyright&quot;:&quot;&quot;,&quot;focal_length&quot;:&quot;0&quot;,&quot;iso&quot;:&quot;0&quot;,&quot;shutter_speed&quot;:&quot;0&quot;,&quot;title&quot;:&quot;&quot;,&quot;orientation&quot;:&quot;0&quot;}\" data-image-title=\"IMG_3769\" data-image-description=\"\" data-image-caption=\"\" data-medium-file=\"https:\/\/i0.wp.com\/blogdalucianaoliveira.com.br\/blog\/wp-content\/uploads\/2024\/12\/IMG_3769.jpeg?fit=300%2C200\" data-large-file=\"https:\/\/i0.wp.com\/blogdalucianaoliveira.com.br\/blog\/wp-content\/uploads\/2024\/12\/IMG_3769.jpeg?fit=600%2C400\" class=\"alignnone size-full wp-image-36301\" src=\"https:\/\/i0.wp.com\/blogdalucianaoliveira.com.br\/blog\/wp-content\/uploads\/2024\/12\/IMG_3769.jpeg?resize=600%2C400\" alt=\"\" width=\"600\" height=\"400\" srcset=\"https:\/\/i0.wp.com\/blogdalucianaoliveira.com.br\/blog\/wp-content\/uploads\/2024\/12\/IMG_3769.jpeg?w=1024 1024w, https:\/\/i0.wp.com\/blogdalucianaoliveira.com.br\/blog\/wp-content\/uploads\/2024\/12\/IMG_3769.jpeg?resize=300%2C200 300w, https:\/\/i0.wp.com\/blogdalucianaoliveira.com.br\/blog\/wp-content\/uploads\/2024\/12\/IMG_3769.jpeg?resize=768%2C512 768w, https:\/\/i0.wp.com\/blogdalucianaoliveira.com.br\/blog\/wp-content\/uploads\/2024\/12\/IMG_3769.jpeg?resize=450%2C300 450w\" sizes=\"auto, (max-width: 600px) 100vw, 600px\" \/><\/p>\n<p class=\"pf-br-replacement\"><span class=\"text-node\"><br \/>\nWilson Gomes, na FSP &#8211; Agora \u00e9 oficial. Um relat\u00f3rio detalhado da Diretoria de Intelig\u00eancia da Pol\u00edcia Federal, resultado de uma longa e minuciosa investiga\u00e7\u00e3o, comprova que <\/span><a href=\"https:\/\/www1.folha.uol.com.br\/folha-topicos\/jair-bolsonaro\/\" data-pf_style_display=\"inline\" data-pf_style_visibility=\"visible\"><span class=\"text-node\">Jair Bolsonaro<\/span><\/a><span class=\"text-node\"> planejou manter-se no poder por meios il\u00edcitos e violentos, chegando a colocar o plano em marcha. Bolsonaro e seu c\u00edrculo \u00edntimo \u2014afinal, ningu\u00e9m organiza <\/span><a href=\"https:\/\/www1.folha.uol.com.br\/folha-topicos\/ataque-a-democracia\/\" target=\"\" rel=\"\" data-pf_style_display=\"inline\" data-pf_style_visibility=\"visible\"><span class=\"text-node\">uma opera\u00e7\u00e3o dessa<\/span><\/a><span class=\"text-node\">magnitude sem uma estrutura bem articulada e posicionada.<\/span><!--more--><\/p>\n<p class=\"pf-br-replacement\"><span class=\"text-node\">O relat\u00f3rio detalha quem foram os Goebbels, Himmler, G\u00f6ring, Heydrich e R\u00f6hm de Bolsonaro. A maioria ostenta altas patentes militares \u2014general, almirante, coronel, tenente-coronel\u2014, mas tamb\u00e9m havia &#8220;juristas&#8221;, pol\u00edticos e at\u00e9 padre e juiz federal, deixando claro que o desprezo pela democracia n\u00e3o se restringe aos meios militares deste pa\u00eds.<\/span><\/p>\n<p class=\"pf-br-replacement\"><span class=\"text-node\">Como o c\u00edrculo \u00edntimo de Hitler, o de Bolsonaro tamb\u00e9m se dividia em especialidades bem definidas: a propaganda preparava o terreno; os conspiradores constru\u00edam pactos de lealdade e alian\u00e7as estrat\u00e9gicas; os assassinos eliminavam (ou &#8220;neutralizavam&#8221;, como preferem dizer) os obst\u00e1culos; os comandantes de tropas se preparavam para enfrentar ou intimidar a resist\u00eancia; enquanto o n\u00facleo jur\u00eddico fornecia um verniz de legalidade \u00e0s monstruosas ilegalidades e corria para criar leis para um novo regime erguido sobre arb\u00edtrio, cad\u00e1veres e sangue. Tudo foi planejado, articulado, posto em movimento e, agora, devidamente investigado e documentado.<\/span><\/p>\n<p><span class=\"text-node\">Uma conspira\u00e7\u00e3o com tantas etapas naturalmente teria v\u00e1rias oportunidades de fracasso. E fracassou. N\u00e3o, certamente, por falha da propaganda, que entregou aos golpistas uma base popular extremamente mobilizada e disposta a tudo, como se viu no 8 de Janeiro, quando o benefici\u00e1rio do golpe j\u00e1 havia recuado e o plano militar estava desabilitado. Tampouco falharam os que estavam prontos para legalizar e institucionalizar o golpe consumado, como atestam os in\u00fameros planos estrat\u00e9gicos, minutas do golpe e at\u00e9 o discurso de posse do novo ditador encontrados pela pol\u00edcia.<\/span><\/p>\n<p class=\"pf-br-replacement\"><span class=\"text-node\">O elaborad\u00edssimo plano para &#8220;neutralizar&#8221; Alexandre de Moraes foi abortado, mas n\u00e3o devido a falhas do n\u00facleo de assassinos, recrutados entre os agora famigerados &#8220;kids pretos&#8221;, e sim por for\u00e7a das circunst\u00e2ncias e, posteriormente, por decis\u00e3o pol\u00edtica.<\/span><\/p>\n<p class=\"pf-br-replacement\"><span class=\"text-node\">A verdadeira falha parece ter ocorrido entre os conspiradores, que n\u00e3o conseguiram convencer todos os envolvidos de que os ganhos superavam os riscos. N\u00e3o foi virtude moral nem apego \u00e0 democracia o que emperrou a engrenagem golpista, mas c\u00e1lculos pragm\u00e1ticos. Alguns conjurados em posi\u00e7\u00e3o de comando reavaliaram custos, perdas prov\u00e1veis e riscos presumidos, concluindo que n\u00e3o valia a pena. Afinal, sequestrar e assassinar um ministro do Supremo, envenenar o presidente eleito, &#8220;neutralizar&#8221; o vice-presidente, prender opositores e correr o risco de uma guerra civil \u2014e tudo isso para qu\u00ea? Para garantir poderes ditatoriais a Jair Bolsonaro, algu\u00e9m com perfil mais de golpista de artigo 171 que de golpista comandante de tropas? S\u00f3 para lun\u00e1ticos essa conta fecharia.<\/span><\/p>\n<p><span class=\"text-node\">Ainda assim, foi uma proeza consider\u00e1vel. N\u00e3o parece plaus\u00edvel que um homem com t\u00e3o poucas qualidades tenha convencido tantos a arriscar tudo por sua perman\u00eancia no poder. \u00c9 mais razo\u00e1vel supor que havia interesses t\u00e3o determinados a destruir um regime em que esquerda e liberais podem vencer elei\u00e7\u00f5es que aceitaram Bolsonaro como um inconveniente menor. Isso era o de menos para quem considerava a guerra civil como hip\u00f3tese e achava &#8220;danos colaterais aceit\u00e1veis&#8221; as mortes de Moraes e sua equipe de seguran\u00e7a, os assassinatos de Lula e Alckmin, al\u00e9m de planejar, como primeira medida estrat\u00e9gica p\u00f3s-golpe, a pris\u00e3o preventiva dos ju\u00edzes do STF &#8220;geradores de instabilidade&#8221;.<\/span><\/p>\n<p class=\"pf-br-replacement\"><span class=\"text-node\">O relat\u00f3rio n\u00e3o apenas revela as entranhas de uma conspira\u00e7\u00e3o, mas ilumina a natureza de alguns protagonistas da pol\u00edtica nacional. Mostra o desconforto de boa parte da elite militar com governos civis, com os freios impostos por uma Constitui\u00e7\u00e3o democr\u00e1tica e com a abstin\u00eancia de poder pol\u00edtico. E o qu\u00e3o longe est\u00e3o dispostos a ir para mudar essa situa\u00e7\u00e3o.<\/span><\/p>\n<p><span class=\"text-node\">Assim como exp\u00f5e a completa aus\u00eancia de escr\u00fapulos de Bolsonaro e de seus aliados, mesmo considerando apenas o senso moral mais elementar. Afinal, o que se pode dizer de algu\u00e9m que, para permanecer no poder, aceita que se elimine o juiz que arbitrou as elei\u00e7\u00f5es, mate-se o advers\u00e1rio que o derrotou nas urnas e se arraste o pa\u00eds para uma guerra civil? Tal disposi\u00e7\u00e3o s\u00f3 evidencia a absoluta falta de qualquer limite moral de Bolsonaro e do projeto autorit\u00e1rio que ele representou<\/span><\/p>\n","protected":false},"excerpt":{"rendered":"<p>Wilson Gomes, na FSP &#8211; Agora \u00e9 oficial. Um relat\u00f3rio detalhado da Diretoria de Intelig\u00eancia da Pol\u00edcia Federal, resultado de uma longa e minuciosa investiga\u00e7\u00e3o, comprova que Jair Bolsonaro planejou manter-se no poder por meios il\u00edcitos e violentos, chegando a colocar o plano em marcha. Bolsonaro e seu c\u00edrculo \u00edntimo \u2014afinal, ningu\u00e9m organiza uma opera\u00e7\u00e3o&#8230;<a class=\"more-link\" href=\"http:\/\/blogdalucianaoliveira.com.br\/blog\/2024\/12\/03\/assassinatos-e-guerra-civil-eram-danos-colaterais-aceitaveis-no-plano-de-bolsonaro\/\">Continue a leitura <span class=\"meta-nav\">&raquo;<\/span><\/a><\/p>\n","protected":false},"author":1,"featured_media":0,"comment_status":"closed","ping_status":"open","sticky":false,"template":"","format":"standard","meta":{"_exactmetrics_skip_tracking":false,"_exactmetrics_sitenote_active":false,"_exactmetrics_sitenote_note":"","_exactmetrics_sitenote_category":0,"jetpack_post_was_ever_published":false,"_jetpack_newsletter_access":"","_jetpack_dont_email_post_to_subs":false,"_jetpack_newsletter_tier_id":0,"_jetpack_memberships_contains_paywalled_content":false,"_jetpack_memberships_contains_paid_content":false,"footnotes":"","jetpack_publicize_message":"","jetpack_publicize_feature_enabled":true,"jetpack_social_post_already_shared":true,"jetpack_social_options":{"image_generator_settings":{"template":"highway","enabled":false},"version":2}},"categories":[1],"tags":[53,39,449],"class_list":["post-36300","post","type-post","status-publish","format-standard","hentry","category-notas","tag-bolsonaro","tag-golpe","tag-militares"],"jetpack_publicize_connections":[],"jetpack_sharing_enabled":true,"jetpack_featured_media_url":"","jetpack_shortlink":"https:\/\/wp.me\/p7wKYW-9ru","jetpack-related-posts":[],"_links":{"self":[{"href":"http:\/\/blogdalucianaoliveira.com.br\/blog\/wp-json\/wp\/v2\/posts\/36300","targetHints":{"allow":["GET"]}}],"collection":[{"href":"http:\/\/blogdalucianaoliveira.com.br\/blog\/wp-json\/wp\/v2\/posts"}],"about":[{"href":"http:\/\/blogdalucianaoliveira.com.br\/blog\/wp-json\/wp\/v2\/types\/post"}],"author":[{"embeddable":true,"href":"http:\/\/blogdalucianaoliveira.com.br\/blog\/wp-json\/wp\/v2\/users\/1"}],"replies":[{"embeddable":true,"href":"http:\/\/blogdalucianaoliveira.com.br\/blog\/wp-json\/wp\/v2\/comments?post=36300"}],"version-history":[{"count":1,"href":"http:\/\/blogdalucianaoliveira.com.br\/blog\/wp-json\/wp\/v2\/posts\/36300\/revisions"}],"predecessor-version":[{"id":36302,"href":"http:\/\/blogdalucianaoliveira.com.br\/blog\/wp-json\/wp\/v2\/posts\/36300\/revisions\/36302"}],"wp:attachment":[{"href":"http:\/\/blogdalucianaoliveira.com.br\/blog\/wp-json\/wp\/v2\/media?parent=36300"}],"wp:term":[{"taxonomy":"category","embeddable":true,"href":"http:\/\/blogdalucianaoliveira.com.br\/blog\/wp-json\/wp\/v2\/categories?post=36300"},{"taxonomy":"post_tag","embeddable":true,"href":"http:\/\/blogdalucianaoliveira.com.br\/blog\/wp-json\/wp\/v2\/tags?post=36300"}],"curies":[{"name":"wp","href":"https:\/\/api.w.org\/{rel}","templated":true}]}}