{"id":36303,"date":"2024-12-04T10:48:10","date_gmt":"2024-12-04T14:48:10","guid":{"rendered":"http:\/\/blogdalucianaoliveira.com.br\/blog\/?p=36303"},"modified":"2024-12-04T10:48:10","modified_gmt":"2024-12-04T14:48:10","slug":"ibge-pobreza-e-extrema-pobreza-atingem-menor-nivel-no-pais-desde-2012","status":"publish","type":"post","link":"http:\/\/blogdalucianaoliveira.com.br\/blog\/2024\/12\/04\/ibge-pobreza-e-extrema-pobreza-atingem-menor-nivel-no-pais-desde-2012\/","title":{"rendered":"IBGE: pobreza e extrema pobreza atingem menor n\u00edvel no pa\u00eds desde 2012"},"content":{"rendered":"<p style=\"text-align: right;\"><img data-recalc-dims=\"1\" loading=\"lazy\" decoding=\"async\" data-attachment-id=\"36304\" data-permalink=\"http:\/\/blogdalucianaoliveira.com.br\/blog\/2024\/12\/04\/ibge-pobreza-e-extrema-pobreza-atingem-menor-nivel-no-pais-desde-2012\/img_3773-2\/\" data-orig-file=\"https:\/\/i0.wp.com\/blogdalucianaoliveira.com.br\/blog\/wp-content\/uploads\/2024\/12\/IMG_3773.webp?fit=1170%2C700\" data-orig-size=\"1170,700\" data-comments-opened=\"0\" data-image-meta=\"{&quot;aperture&quot;:&quot;0&quot;,&quot;credit&quot;:&quot;&quot;,&quot;camera&quot;:&quot;&quot;,&quot;caption&quot;:&quot;&quot;,&quot;created_timestamp&quot;:&quot;0&quot;,&quot;copyright&quot;:&quot;&quot;,&quot;focal_length&quot;:&quot;0&quot;,&quot;iso&quot;:&quot;0&quot;,&quot;shutter_speed&quot;:&quot;0&quot;,&quot;title&quot;:&quot;&quot;,&quot;orientation&quot;:&quot;0&quot;}\" data-image-title=\"IMG_3773\" data-image-description=\"\" data-image-caption=\"\" data-medium-file=\"https:\/\/i0.wp.com\/blogdalucianaoliveira.com.br\/blog\/wp-content\/uploads\/2024\/12\/IMG_3773.webp?fit=300%2C179\" data-large-file=\"https:\/\/i0.wp.com\/blogdalucianaoliveira.com.br\/blog\/wp-content\/uploads\/2024\/12\/IMG_3773.webp?fit=600%2C359\" class=\"alignnone size-full wp-image-36304\" src=\"https:\/\/i0.wp.com\/blogdalucianaoliveira.com.br\/blog\/wp-content\/uploads\/2024\/12\/IMG_3773.webp?resize=600%2C359\" alt=\"\" width=\"600\" height=\"359\" srcset=\"https:\/\/i0.wp.com\/blogdalucianaoliveira.com.br\/blog\/wp-content\/uploads\/2024\/12\/IMG_3773.webp?w=1170 1170w, https:\/\/i0.wp.com\/blogdalucianaoliveira.com.br\/blog\/wp-content\/uploads\/2024\/12\/IMG_3773.webp?resize=300%2C179 300w, https:\/\/i0.wp.com\/blogdalucianaoliveira.com.br\/blog\/wp-content\/uploads\/2024\/12\/IMG_3773.webp?resize=1024%2C613 1024w, https:\/\/i0.wp.com\/blogdalucianaoliveira.com.br\/blog\/wp-content\/uploads\/2024\/12\/IMG_3773.webp?resize=768%2C459 768w, https:\/\/i0.wp.com\/blogdalucianaoliveira.com.br\/blog\/wp-content\/uploads\/2024\/12\/IMG_3773.webp?resize=501%2C300 501w\" sizes=\"auto, (max-width: 600px) 100vw, 600px\" \/><\/p>\n<p>Ag\u00eancia Brasil &#8211; O Brasil terminou 2023 com os menores n\u00edveis de pobreza e de extrema pobreza j\u00e1 registrados pela S\u00edntese de Indicadores Sociais, pesquisa feita pelo Instituto Brasileiro de Geografia e Estat\u00edstica (IBGE) desde 2012. Apesar do recuo, os dados divulgados nesta quarta-feira (4) mostram que 58,9 milh\u00f5es de pessoas ainda viviam na pobreza; enquanto 9,5 milh\u00f5es, na extrema pobreza.<img data-recalc-dims=\"1\" decoding=\"async\" src=\"https:\/\/i0.wp.com\/agenciabrasil.ebc.com.br\/ebc.png?w=600&#038;ssl=1\" \/><img data-recalc-dims=\"1\" decoding=\"async\" src=\"https:\/\/i0.wp.com\/agenciabrasil.ebc.com.br\/ebc.gif?w=600&#038;ssl=1\" \/><!--more--><\/p>\n<p>O estudo leva em conta a chamada pobreza monet\u00e1ria, ou seja, a fam\u00edlia n\u00e3o ter rendimentos suficientes para prover o bem-estar. Para tra\u00e7ar as linhas limites, o IBGE utilizou o crit\u00e9rio do Banco Mundial de US$ 2,15 por pessoa por dia (ou R$ 209 por m\u00eas) para a extrema pobreza e de US$ 6,85 por pessoa por dia (ou R$ 665 por m\u00eas) para a pobreza.<\/p>\n<p>A propor\u00e7\u00e3o da popula\u00e7\u00e3o na extrema pobreza terminou 2023 em 4,4%. O \u00edndice era 6,6% em 2012 e 5,9% em 2022. Entre os dois \u00faltimos anos da pesquisa, 3,1 milh\u00f5es de pessoas deixaram de ser extremamente pobres, ou seja, passaram a poder contar com o equivalente a pelo menos US$ 2,15 por dia.<\/p>\n<p>Em rela\u00e7\u00e3o \u00e0 pobreza, a propor\u00e7\u00e3o da popula\u00e7\u00e3o com o equivalente a menos de US$ 6,85 por dia ficou em 27,4%. O \u00edndice era de 34,7% em 2012 e de 31,6% em 2022. Entre 2022 e 2023, 8,7 milh\u00f5es de pessoas deixaram a ser pobres.<\/p>\n<div class=\"dnd-widget-wrapper context-cheio_8colunas type-image\">\n<div class=\"dnd-atom-rendered\"><img data-recalc-dims=\"1\" decoding=\"async\" title=\"Arte\/Ag\u00eancia Brasil\" src=\"https:\/\/i0.wp.com\/imagens.ebc.com.br\/oKarPnU937GWsuFXlNGxqIAuQu8%3D\/754x0\/smart\/https%3A\/\/agenciabrasil.ebc.com.br\/sites\/default\/files\/thumbnails\/image\/2024\/12\/03\/brasil-tem-menores-niveis-de-pobreza.jpg?w=600&#038;ssl=1\" alt=\"Bras\u00edlia (DF), 03\/12\/2024 - Arte para a mat\u00e9ria Indicadores sociais da pobreza. Arte\/Ag\u00eancia Brasil\" \/><\/div>\n<div class=\"dnd-caption-wrapper\">\n<h6 class=\"meta\"><strong>Arte\/Ag\u00eancia Brasil<\/strong><\/h6>\n<\/div>\n<\/div>\n<h2>Emprego e renda<\/h2>\n<p>De acordo com o pesquisador do IBGE Bruno Mandelli Perez, dois fatores explicam as redu\u00e7\u00f5es da pobreza e extrema pobreza: o emprego e os benef\u00edcios sociais, como o Bolsa Fam\u00edlia e o Benef\u00edcio de Presta\u00e7\u00e3o Continuada (BPC), que garante um sal\u00e1rio m\u00ednimo para idosos e pessoas com defici\u00eancia.<\/p>\n<p>\u201cTanto o mercado de trabalho quanto benef\u00edcios de programas sociais s\u00e3o importantes para explicar a redu\u00e7\u00e3o na pobreza, mas o mercado de trabalho \u00e9 mais importante no caso da pobreza; e os benef\u00edcios de programas sociais, na extrema pobreza\u201d, explica.<\/p>\n<p>\u201cO aumento dos valores m\u00e9dios dos benef\u00edcios concedidos pelo Bolsa Fam\u00edlia, em 2023, quando comparado com o Aux\u00edlio Brasil 2022, certamente teve impactos sobre a manuten\u00e7\u00e3o da trajet\u00f3ria de redu\u00e7\u00e3o da pobreza e da extrema pobreza em 2023\u201d, ressalta o texto da S\u00edntese de Indicadores Sociais.<\/p>\n<p>A pesquisa aponta que o Nordeste tem a maior propor\u00e7\u00e3o de pessoas na extrema pobreza (9,1%), sendo mais que o dobro da m\u00e9dia nacional (4,4%). J\u00e1 no Sul, o \u00edndice \u00e9 de 1,7% da popula\u00e7\u00e3o, o mais baixo do pa\u00eds.<\/p>\n<p>O Nordeste figura tamb\u00e9m como a regi\u00e3o com maior parcela de pessoas pobres, 47,2%. Novamente, o Sul aparece no extremo oposto, com 14,8% &#8211; praticamente metade da propor\u00e7\u00e3o m\u00e9dia do pa\u00eds.<\/p>\n<h2>Mulheres, negros e jovens<\/h2>\n<p>Ao analisar a popula\u00e7\u00e3o pobre, o IBGE constata que as maiores v\u00edtimas da pobreza e extrema pobreza s\u00e3o as mulheres, negros (conjunto de pretos e pardos) e jovens.<\/p>\n<p>Enquanto a parcela de homens na pobreza \u00e9 de 26,3%, a das mulheres alcan\u00e7a 28,4%. Em rela\u00e7\u00e3o \u00e0 extrema pobreza, as propor\u00e7\u00f5es s\u00e3o 4,3% e 4,5%, respectivamente.<\/p>\n<p>No recorte por cor, entre os brancos, 17,7% s\u00e3o pobres. Entre os pardos, a propor\u00e7\u00e3o \u00e9 praticamente o dobro, 35,5%; e entre os pretos, 30,8%.<\/p>\n<p>Quando se observa a linha da extrema pobreza, entre os brancos s\u00e3o apenas 2,6%; j\u00e1 entre os pardos e pretos, 6% e 4,7%, respectivamente.<\/p>\n<p>Analisando por faixa et\u00e1ria, percebe-se que a popula\u00e7\u00e3o jovem tem taxas superiores \u00e0 m\u00e9dia nacional (27,4%). Entre os que t\u00eam at\u00e9 15 anos, s\u00e3o 44,8%. Entre 15 e 29 anos, 29,9%.<\/p>\n<p>O pesquisador Bruno Perez destaca que tanto a pobreza quanto a extrema pobreza s\u00e3o menores em pessoas com mais de 60 anos, propor\u00e7\u00e3o de 11,3% e 2%, respectivamente.<\/p>\n<p>\u201c\u00c9 a popula\u00e7\u00e3o que, no geral, est\u00e1 coberta por acesso \u00e0 aposentadoria, pens\u00f5es, que t\u00eam [os rendimentos] vinculados ao sal\u00e1rio m\u00ednimo\u201d, justifica.<\/p>\n<h2>Benef\u00edcios sociais<\/h2>\n<p>A S\u00edntese de Indicadores Sociais traz dados que mostram a import\u00e2ncia de benef\u00edcios sociais para a popula\u00e7\u00e3o mais pobre. Em 2023, a renda proveniente do trabalho era a principal fonte de dinheiro dos domic\u00edlios. De cada R$ 100, R$ 74,20 vinham do trabalho.<\/p>\n<p>Mas no grupo de fam\u00edlias com menores rendimentos, isto \u00e9, os que recebem at\u00e9 um quarto do sal\u00e1rio m\u00ednimo por pessoa, os benef\u00edcios sociais representaram mais da metade do rendimento obtido. De cada R$ 100, R$ 57,10 vinham de benef\u00edcios, superando R$ 34,60 que eram origin\u00e1rios do trabalho.<\/p>\n<p>Quando a pesquisa se iniciou, em 2012, os benef\u00edcios sociais respondiam por apenas 23,5% do rendimento domiciliar dos mais pobres. Dez anos depois, essa parcela passou para 42,2%.<\/p>\n<p>\u201cEntre esses domic\u00edlios com menor rendimento, at\u00e9 um quarto do sal\u00e1rio m\u00ednimo, o fator trabalho est\u00e1 perdendo participa\u00e7\u00e3o, e os benef\u00edcios de programas sociais est\u00e3o ganhando participa\u00e7\u00e3o\u201d, destaca Perez.<\/p>\n<p>Os pesquisadores tra\u00e7aram o comportamento da propor\u00e7\u00e3o de pessoas que viviam em fam\u00edlias que recebiam benef\u00edcios de programas sociais. Em 2012, eram 25,6%. A propor\u00e7\u00e3o segue\u00a0tend\u00eancia praticamente de queda at\u00e9 chegar a 22,7% em 2019, \u00faltimo ano antes da pandemia de covid-19.<\/p>\n<p>Por causa da pandemia, o n\u00famero saltou para 36,8% em 2020, o maior j\u00e1 registrado, at\u00e9 cair a 25,8% em 2022. De 2022 para 2023, o \u00edndice subiu, representando 27,9% da popula\u00e7\u00e3o vivendo em domic\u00edlio beneficiado por programa de transfer\u00eancia de renda. De acordo como o IBGE, o aumento \u00e9 explicado pela <a href=\"https:\/\/agenciabrasil.ebc.com.br\/politica\/noticia\/2023-03\/lula-cobra-fiscalizacao-rigorosa-do-novo-bolsa-familia\" target=\"_blank\" rel=\"noopener\">reedi\u00e7\u00e3o do Bolsa Fam\u00edlia<\/a>, em mar\u00e7o de 2023.<\/p>\n<p>As maiores propor\u00e7\u00f5es de benefici\u00e1rios \u2013 acima da m\u00e9dia nacional \u2013 s\u00e3o de moradores de \u00e1reas rurais (50,9%), mulheres (29,0%), pretos (34,1%), pardos (36,4%) e crian\u00e7as (42,7%).<\/p>\n<p>O pesquisador Bruno Perez apresentou uma simula\u00e7\u00e3o de qual seria o comportamento da pobreza e da extrema pobreza se n\u00e3o houvesse programas de transfer\u00eancia de renda. Em vez de 4,4%, a extrema pobreza seria de 11,2%. A pobreza seria 32,4% em vez de 27,4%.<\/p>\n<h2>Desigualdade<\/h2>\n<p>Em 2023, o \u00edndice de Gini, indicador que mede a distribui\u00e7\u00e3o de renda em um pa\u00eds, foi 0,518, mesmo valor de 2022 e o melhor patamar j\u00e1 registrado na s\u00e9rie hist\u00f3rica desde 2012. O Gini vai de 0 a 1, sendo que quanto mais pr\u00f3ximo de zero, menos desigual \u00e9 a sociedade. O pior n\u00edvel de desigualdade da s\u00e9rie foi em 2018 (0,545).<\/p>\n<p>De acordo com o IBGE, se n\u00e3o existissem programas de transfer\u00eancia de renda, o indicador de 2023 estaria em 0,555.<\/p>\n<div class=\"noticias-relacionadas rel-position rowflex\"><\/div>\n","protected":false},"excerpt":{"rendered":"<p>Ag\u00eancia Brasil &#8211; O Brasil terminou 2023 com os menores n\u00edveis de pobreza e de extrema pobreza j\u00e1 registrados pela S\u00edntese de Indicadores Sociais, pesquisa feita pelo Instituto Brasileiro de Geografia e Estat\u00edstica (IBGE) desde 2012. Apesar do recuo, os dados divulgados nesta quarta-feira (4) mostram que 58,9 milh\u00f5es de pessoas ainda viviam na pobreza;&#8230;<a class=\"more-link\" href=\"http:\/\/blogdalucianaoliveira.com.br\/blog\/2024\/12\/04\/ibge-pobreza-e-extrema-pobreza-atingem-menor-nivel-no-pais-desde-2012\/\">Continue a leitura <span class=\"meta-nav\">&raquo;<\/span><\/a><\/p>\n","protected":false},"author":1,"featured_media":0,"comment_status":"closed","ping_status":"open","sticky":false,"template":"","format":"standard","meta":{"_exactmetrics_skip_tracking":false,"_exactmetrics_sitenote_active":false,"_exactmetrics_sitenote_note":"","_exactmetrics_sitenote_category":0,"jetpack_post_was_ever_published":false,"_jetpack_newsletter_access":"","_jetpack_dont_email_post_to_subs":false,"_jetpack_newsletter_tier_id":0,"_jetpack_memberships_contains_paywalled_content":false,"_jetpack_memberships_contains_paid_content":false,"footnotes":"","jetpack_publicize_message":"","jetpack_publicize_feature_enabled":true,"jetpack_social_post_already_shared":true,"jetpack_social_options":{"image_generator_settings":{"template":"highway","enabled":false},"version":2}},"categories":[1],"tags":[],"class_list":["post-36303","post","type-post","status-publish","format-standard","hentry","category-notas"],"jetpack_publicize_connections":[],"jetpack_sharing_enabled":true,"jetpack_featured_media_url":"","jetpack_shortlink":"https:\/\/wp.me\/p7wKYW-9rx","jetpack-related-posts":[],"_links":{"self":[{"href":"http:\/\/blogdalucianaoliveira.com.br\/blog\/wp-json\/wp\/v2\/posts\/36303","targetHints":{"allow":["GET"]}}],"collection":[{"href":"http:\/\/blogdalucianaoliveira.com.br\/blog\/wp-json\/wp\/v2\/posts"}],"about":[{"href":"http:\/\/blogdalucianaoliveira.com.br\/blog\/wp-json\/wp\/v2\/types\/post"}],"author":[{"embeddable":true,"href":"http:\/\/blogdalucianaoliveira.com.br\/blog\/wp-json\/wp\/v2\/users\/1"}],"replies":[{"embeddable":true,"href":"http:\/\/blogdalucianaoliveira.com.br\/blog\/wp-json\/wp\/v2\/comments?post=36303"}],"version-history":[{"count":1,"href":"http:\/\/blogdalucianaoliveira.com.br\/blog\/wp-json\/wp\/v2\/posts\/36303\/revisions"}],"predecessor-version":[{"id":36305,"href":"http:\/\/blogdalucianaoliveira.com.br\/blog\/wp-json\/wp\/v2\/posts\/36303\/revisions\/36305"}],"wp:attachment":[{"href":"http:\/\/blogdalucianaoliveira.com.br\/blog\/wp-json\/wp\/v2\/media?parent=36303"}],"wp:term":[{"taxonomy":"category","embeddable":true,"href":"http:\/\/blogdalucianaoliveira.com.br\/blog\/wp-json\/wp\/v2\/categories?post=36303"},{"taxonomy":"post_tag","embeddable":true,"href":"http:\/\/blogdalucianaoliveira.com.br\/blog\/wp-json\/wp\/v2\/tags?post=36303"}],"curies":[{"name":"wp","href":"https:\/\/api.w.org\/{rel}","templated":true}]}}