{"id":36317,"date":"2024-12-06T11:42:52","date_gmt":"2024-12-06T15:42:52","guid":{"rendered":"http:\/\/blogdalucianaoliveira.com.br\/blog\/?p=36317"},"modified":"2024-12-06T11:43:24","modified_gmt":"2024-12-06T15:43:24","slug":"ebc-entrega-radio-nacional-do-alto-solimoes-para-governo-que-apoia-garimpo","status":"publish","type":"post","link":"http:\/\/blogdalucianaoliveira.com.br\/blog\/2024\/12\/06\/ebc-entrega-radio-nacional-do-alto-solimoes-para-governo-que-apoia-garimpo\/","title":{"rendered":"EBC entrega R\u00e1dio Nacional do Alto Solim\u00f5es para governo que apoia garimpo"},"content":{"rendered":"<p><img data-recalc-dims=\"1\" loading=\"lazy\" decoding=\"async\" data-attachment-id=\"36318\" data-permalink=\"http:\/\/blogdalucianaoliveira.com.br\/blog\/2024\/12\/06\/ebc-entrega-radio-nacional-do-alto-solimoes-para-governo-que-apoia-garimpo\/img_3823\/\" data-orig-file=\"https:\/\/i0.wp.com\/blogdalucianaoliveira.com.br\/blog\/wp-content\/uploads\/2024\/12\/IMG_3823.jpeg?fit=448%2C599\" data-orig-size=\"448,599\" data-comments-opened=\"0\" data-image-meta=\"{&quot;aperture&quot;:&quot;0&quot;,&quot;credit&quot;:&quot;&quot;,&quot;camera&quot;:&quot;&quot;,&quot;caption&quot;:&quot;&quot;,&quot;created_timestamp&quot;:&quot;0&quot;,&quot;copyright&quot;:&quot;&quot;,&quot;focal_length&quot;:&quot;0&quot;,&quot;iso&quot;:&quot;0&quot;,&quot;shutter_speed&quot;:&quot;0&quot;,&quot;title&quot;:&quot;&quot;,&quot;orientation&quot;:&quot;0&quot;}\" data-image-title=\"IMG_3823\" data-image-description=\"\" data-image-caption=\"\" data-medium-file=\"https:\/\/i0.wp.com\/blogdalucianaoliveira.com.br\/blog\/wp-content\/uploads\/2024\/12\/IMG_3823.jpeg?fit=224%2C300\" data-large-file=\"https:\/\/i0.wp.com\/blogdalucianaoliveira.com.br\/blog\/wp-content\/uploads\/2024\/12\/IMG_3823.jpeg?fit=448%2C599\" class=\"alignnone size-full wp-image-36318\" src=\"https:\/\/i0.wp.com\/blogdalucianaoliveira.com.br\/blog\/wp-content\/uploads\/2024\/12\/IMG_3823.jpeg?resize=448%2C599\" alt=\"\" width=\"448\" height=\"599\" srcset=\"https:\/\/i0.wp.com\/blogdalucianaoliveira.com.br\/blog\/wp-content\/uploads\/2024\/12\/IMG_3823.jpeg?w=448 448w, https:\/\/i0.wp.com\/blogdalucianaoliveira.com.br\/blog\/wp-content\/uploads\/2024\/12\/IMG_3823.jpeg?resize=224%2C300 224w\" sizes=\"auto, (max-width: 448px) 100vw, 448px\" \/><\/p>\n<p>Emissora fica em Tabatinga, tr\u00edplice fronteira e regi\u00e3o estrat\u00e9gica, onde Bruno Pereira e Dom Phillips foram assassinados. Cess\u00e3o representa perda para a comunica\u00e7\u00e3o p\u00fablica<!--more--><br \/>\n<strong><br \/>\nLe Monde Diplomatique<\/strong> &#8211; A Empresa Brasil de Comunica\u00e7\u00e3o (EBC) assinou um protocolo com a inten\u00e7\u00e3o de transferir para o Sistema Encontro das \u00c1guas, a rede de r\u00e1dio e TV ligada ao governo do Amazonas, o controle da R\u00e1dio Nacional do Alto Solim\u00f5es, a maior e mais importante emissora de r\u00e1dio na tr\u00edplice fronteira entre Brasil, Col\u00f4mbia e Peru, criada pela EBC a partir de um pedido da popula\u00e7\u00e3o local. O an\u00fancio foi feito nesta segunda-feira, dia 2, mas n\u00e3o foi detalhado pela empresa federal.<\/p>\n<p>Com isso, o governo do Amazonas, que j\u00e1 domina a comunica\u00e7\u00e3o privada, contar\u00e1 com mais um ve\u00edculo para a comunica\u00e7\u00e3o do governador, Wilson Lima (Uni\u00e3o Brasil). Ele \u00e9 reconhecido por seu apoio a Jair Bolsonaro e por medidas controversas, como incentivo ao garimpo e o fortalecimento do agroneg\u00f3cio no Amazonas.<a href=\"https:\/\/diplomatique.org.br\/ebc-entrega-radio-nacional-do-alto-solimoes-para-governo-que-apoia-garimpo\/#_ftn1\" name=\"_ftnref1\"><sup>[1]<\/sup><\/a> Importante frisar tamb\u00e9m que n\u00e3o h\u00e1 participa\u00e7\u00e3o e controle social no Sistema Encontro das \u00c1guas, requisitos da comunica\u00e7\u00e3o p\u00fablica, segundo par\u00e2metros internacionais da Unesco.<\/p>\n<p>Para entender a dimens\u00e3o do que significa transferir a mais importante emissora de r\u00e1dio da tr\u00edplice fronteira, resgatamos entrevista concedida na \u00faltima semana de novembro pelo Xam\u00e3 do povo Yanomami, Davi Kopenawa, para o programa Revista Brasil, da R\u00e1dio Nacional do Alto do Solim\u00f5es. Nela, ele detalhou a uma carta entregue por ele \u00e0 ministra do Supremo Tribunal Federal (STF), C\u00e1rmen L\u00facia, na qual relatava a grave situa\u00e7\u00e3o dos ind\u00edgenas e falou dos graves impactos do garimpo, que polui rios, derruba matas para instala\u00e7\u00e3o de maquin\u00e1rio e espalha doen\u00e7as.<\/p>\n<p>Ser\u00e1 que vozes como de Kopenawa continuar\u00e3o a ter espa\u00e7o agora que a R\u00e1dio Nacional passa a ser Encontro das \u00c1guas?<\/p>\n<p>Localizada em Tabatinga, <a href=\"https:\/\/agenciabrasil.ebc.com.br\/geral\/noticia\/2022-12\/radio-nacional-do-alto-solimoes-festeja-16-anos-com-atracoes-especiais\">a R\u00e1dio Nacional do Alto Solim\u00f5es interliga, atualmente, nove munic\u00edpios<\/a> e serve de ponte de informa\u00e7\u00e3o e comunica\u00e7\u00e3o \u00e0 popula\u00e7\u00e3o urbana, povos ind\u00edgenas e comunidades tradicionais da Tr\u00edplice Fronteira. Criada em 2006, <a href=\"https:\/\/www.youtube.com\/watch?v=G8V3H7egVzc\">atendendo a uma antiga reivindica\u00e7\u00e3o da popula\u00e7\u00e3o local<\/a>, a emissora \u00e9 ca\u00e7ula da EBC e surgiu <a href=\"https:\/\/portaltabatinga.com.br\/2016\/radio-nacional-do-alto-solimoestbt-completa-10-anos-de-programacao-regional\/\">ap\u00f3s um encontro de lideran\u00e7as da regi\u00e3o<\/a> cobrando uma r\u00e1dio que transmitisse em portugu\u00eas, divulgasse informa\u00e7\u00f5es do Brasil, regionais, locais e prestasse servi\u00e7o em uma regi\u00e3o com pouca cobertura de ve\u00edculos de comunica\u00e7\u00e3o brasileiros e onde a internet n\u00e3o funciona bem.<\/p>\n<p>A iniciativa foi viabilizada a partir de parceria com o Minist\u00e9rio da Integra\u00e7\u00e3o Nacional e alcan\u00e7a cerca de 60 milh\u00f5es de pessoas entre Brasil, Peru e Col\u00f4mbia, segundo o site da EBC. A emissora era considerada estrat\u00e9gica, por sua localiza\u00e7\u00e3o, em uma regi\u00e3o conflagrada, como aponta o l\u00edder ind\u00edgena, por conta do garimpo e do tr\u00e1fico de drogas, que vem sendo bastante denunciado ap\u00f3s as mortes de Bruno Pereira e Dom Phillips.<\/p>\n<p>Pela localiza\u00e7\u00e3o da emissora p\u00fablica e seu alcance j\u00e1 poder\u00edamos dizer que ela \u00e9 fundamental, com papel de informar sobre a\u00e7\u00f5es do governo para proteger a popula\u00e7\u00e3o e sobre as demais agendas nacionais para a regi\u00e3o, em um cen\u00e1rio em que a desinforma\u00e7\u00e3o tem levado aos parlamentos representantes contra os povos tradicionais, os direitos sociais, o meio ambiente, mas aliados de grandes grupos criminosos.<\/p>\n<p>Muitas cr\u00edticas podem ser feitas ao governo de Jair Bolsonaro, que aparelhou a EBC e a utilizou para defender teses estapaf\u00fardias, como a fraude nas urnas eletr\u00f4nicas e negar a gravidade da Covid-19, inclusive, sobre a popula\u00e7\u00e3o ind\u00edgena, conforme denunciado em dossi\u00eas sobre censura elaborados pelos jornalistas da EBC e seus sindicatos. Por\u00e9m, <a href=\"https:\/\/radios.ebc.com.br\/reporter-solimoes\/2021\/05\/diretor-da-ebc-explica-migracao-da-radio-nacional-do-alto-solimoes-para-fm\">os militares, cientes do papel estrat\u00e9gico da emissora, fortaleceram a esta\u00e7\u00e3o<\/a>. E jamais a doariam de m\u00e3o beijada para um governo de oposi\u00e7\u00e3o, como faz o PT e o preposto do ministro Paulo Pimenta, Jeansley Lima, presidente da EBC.<\/p>\n<p>O momento \u00e9, ao contr\u00e1rio, de fortalecer a R\u00e1dio Nacional do Alto Solim\u00f5es e parcerias com a sociedade civil, sobretudo pensando em envolver a popula\u00e7\u00e3o da Amaz\u00f4nia que ter\u00e1 os olhos do mundo sobre si nos debates da COP-30, em 2025.<\/p>\n<p>A cess\u00e3o \u00e9 uma grande perda para o sistema p\u00fablico, previsto no Artigo 223 da Constitui\u00e7\u00e3o Federal, e uma contradi\u00e7\u00e3o, considerando o projeto de expans\u00e3o da Rede Nacional de Comunica\u00e7\u00e3o P\u00fablica, da EBC, que s\u00f3 tem conseguido atrair emissoras de r\u00e1dio educativas, vinculadas \u00e0s universidades e institui\u00e7\u00f5es de ensino, muitas operando com dificuldade, na web, ou em fase de implanta\u00e7\u00e3o, longe de entrar no ar.<\/p>\n<p>Recentemente, as r\u00e1dios da EBC na Amaz\u00f4nia foram tema de <a href=\"https:\/\/agenciabrasil.ebc.com.br\/geral\/noticia\/2024-03\/radio-na-amazonia-pode-ser-aliada-no-combate-desigualdades\">debate entre a Sociedade Brasileira de Estudos Interdisciplinares da Comunica\u00e7\u00e3o (Intercom) e a EBC<\/a>. Especialistas confirmaram o potencial das emissoras para estimular o desenvolvimento e combater as desigualdades na regi\u00e3o. No evento, o pesquisador em m\u00eddia digital Andr\u00e9 Barbosa Filho, do Instituto Brasileiro de Informa\u00e7\u00e3o em Ci\u00eancia e Tecnologia (Ibict), defendeu que o potencial do r\u00e1dio n\u00e3o se alterou com as revolu\u00e7\u00f5es tecnol\u00f3gicas e permanece estrat\u00e9gico. \u201cO que importa \u00e9 o p\u00fablico que est\u00e1 ouvindo\u201d, disse na ocasi\u00e3o.<\/p>\n<p>Ao celebrar o Dia Mundial do R\u00e1dio, o <a href=\"https:\/\/agenciabrasil.ebc.com.br\/geral\/noticia\/2023-02\/dia-mundial-do-radio-reforca-veiculo-como-pilar-para-paz-0\">coordenador de Comunica\u00e7\u00e3o e Informa\u00e7\u00e3o do Escrit\u00f3rio da Unesco no Brasil, Adauto C\u00e2ndido Soares, ressaltou<\/a>: \u201co discurso de \u00f3dio ganhou muita visibilidade e se expandiu nas m\u00eddias digitais. O r\u00e1dio pode ser usado para dirimir d\u00favidas, amenizar posi\u00e7\u00f5es, promover o debate, trazer o contraponto porque o r\u00e1dio tem a confian\u00e7a de um p\u00fablico cativo, que \u00e9 imenso\u201d.<\/p>\n<p>&nbsp;<\/p>\n<p><strong>Frente em Defesa da EBC e da Comunica\u00e7\u00e3o P\u00fablica<\/strong> \u00e9 um coletivo composto por movimentos sociais, entidades, academia e trabalhadores\/as da EBC.<\/p>\n<p>&nbsp;<\/p>\n<p>*Aproveitamos para lembrar os dois empregados da EBC, Osman de Oliveira Melo e Francisco Alves de Oliveira, <a href=\"https:\/\/memoria.ebc.com.br\/agenciabrasil\/noticia\/2006-10-02\/informacoes-sobre-os-funcionarios-da-radiobras-que-estavam-no-voo-1907?_gl=1*1ey0abz*_ga*Nzc2OTE2NDg1LjE3MzMyNDQzMzE.*_ga_TGW7R30M20*MTczMzI1NDE4My40LjEuMTczMzI1NDI0NS42MC4wLjA\">que morreram no acidente da Gol, em 2006<\/a>. Eles voltavam de Tabatinga, onde trabalharam na instala\u00e7\u00e3o do transmissor da emissora.<\/p>\n","protected":false},"excerpt":{"rendered":"<p>Emissora fica em Tabatinga, tr\u00edplice fronteira e regi\u00e3o estrat\u00e9gica, onde Bruno Pereira e Dom Phillips foram assassinados. Cess\u00e3o representa perda para a comunica\u00e7\u00e3o p\u00fablica<\/p>\n","protected":false},"author":1,"featured_media":0,"comment_status":"closed","ping_status":"open","sticky":false,"template":"","format":"standard","meta":{"_exactmetrics_skip_tracking":false,"_exactmetrics_sitenote_active":false,"_exactmetrics_sitenote_note":"","_exactmetrics_sitenote_category":0,"jetpack_post_was_ever_published":false,"_jetpack_newsletter_access":"","_jetpack_dont_email_post_to_subs":false,"_jetpack_newsletter_tier_id":0,"_jetpack_memberships_contains_paywalled_content":false,"_jetpack_memberships_contains_paid_content":false,"footnotes":"","jetpack_publicize_message":"","jetpack_publicize_feature_enabled":true,"jetpack_social_post_already_shared":true,"jetpack_social_options":{"image_generator_settings":{"template":"highway","enabled":false},"version":2}},"categories":[1],"tags":[],"class_list":["post-36317","post","type-post","status-publish","format-standard","hentry","category-notas"],"jetpack_publicize_connections":[],"jetpack_sharing_enabled":true,"jetpack_featured_media_url":"","jetpack_shortlink":"https:\/\/wp.me\/p7wKYW-9rL","jetpack-related-posts":[],"_links":{"self":[{"href":"http:\/\/blogdalucianaoliveira.com.br\/blog\/wp-json\/wp\/v2\/posts\/36317","targetHints":{"allow":["GET"]}}],"collection":[{"href":"http:\/\/blogdalucianaoliveira.com.br\/blog\/wp-json\/wp\/v2\/posts"}],"about":[{"href":"http:\/\/blogdalucianaoliveira.com.br\/blog\/wp-json\/wp\/v2\/types\/post"}],"author":[{"embeddable":true,"href":"http:\/\/blogdalucianaoliveira.com.br\/blog\/wp-json\/wp\/v2\/users\/1"}],"replies":[{"embeddable":true,"href":"http:\/\/blogdalucianaoliveira.com.br\/blog\/wp-json\/wp\/v2\/comments?post=36317"}],"version-history":[{"count":2,"href":"http:\/\/blogdalucianaoliveira.com.br\/blog\/wp-json\/wp\/v2\/posts\/36317\/revisions"}],"predecessor-version":[{"id":36320,"href":"http:\/\/blogdalucianaoliveira.com.br\/blog\/wp-json\/wp\/v2\/posts\/36317\/revisions\/36320"}],"wp:attachment":[{"href":"http:\/\/blogdalucianaoliveira.com.br\/blog\/wp-json\/wp\/v2\/media?parent=36317"}],"wp:term":[{"taxonomy":"category","embeddable":true,"href":"http:\/\/blogdalucianaoliveira.com.br\/blog\/wp-json\/wp\/v2\/categories?post=36317"},{"taxonomy":"post_tag","embeddable":true,"href":"http:\/\/blogdalucianaoliveira.com.br\/blog\/wp-json\/wp\/v2\/tags?post=36317"}],"curies":[{"name":"wp","href":"https:\/\/api.w.org\/{rel}","templated":true}]}}