{"id":36321,"date":"2024-12-06T13:21:24","date_gmt":"2024-12-06T17:21:24","guid":{"rendered":"http:\/\/blogdalucianaoliveira.com.br\/blog\/?p=36321"},"modified":"2024-12-06T13:21:24","modified_gmt":"2024-12-06T17:21:24","slug":"justica-obriga-uniao-estado-e-prefeitura-de-porto-velho-ro-a-fornecer-agua-e-alimentos-ao-baixo-madeira","status":"publish","type":"post","link":"http:\/\/blogdalucianaoliveira.com.br\/blog\/2024\/12\/06\/justica-obriga-uniao-estado-e-prefeitura-de-porto-velho-ro-a-fornecer-agua-e-alimentos-ao-baixo-madeira\/","title":{"rendered":"Justi\u00e7a obriga Uni\u00e3o, Estado e Prefeitura de Porto Velho (RO) a fornecer \u00e1gua e alimentos ao Baixo Madeira"},"content":{"rendered":"<p><img data-recalc-dims=\"1\" loading=\"lazy\" decoding=\"async\" data-attachment-id=\"36322\" data-permalink=\"http:\/\/blogdalucianaoliveira.com.br\/blog\/2024\/12\/06\/justica-obriga-uniao-estado-e-prefeitura-de-porto-velho-ro-a-fornecer-agua-e-alimentos-ao-baixo-madeira\/img_3828\/\" data-orig-file=\"https:\/\/i0.wp.com\/blogdalucianaoliveira.com.br\/blog\/wp-content\/uploads\/2024\/12\/IMG_3828.png?fit=400%2C266\" data-orig-size=\"400,266\" data-comments-opened=\"0\" data-image-meta=\"{&quot;aperture&quot;:&quot;0&quot;,&quot;credit&quot;:&quot;&quot;,&quot;camera&quot;:&quot;&quot;,&quot;caption&quot;:&quot;&quot;,&quot;created_timestamp&quot;:&quot;0&quot;,&quot;copyright&quot;:&quot;&quot;,&quot;focal_length&quot;:&quot;0&quot;,&quot;iso&quot;:&quot;0&quot;,&quot;shutter_speed&quot;:&quot;0&quot;,&quot;title&quot;:&quot;&quot;,&quot;orientation&quot;:&quot;0&quot;}\" data-image-title=\"IMG_3828\" data-image-description=\"\" data-image-caption=\"\" data-medium-file=\"https:\/\/i0.wp.com\/blogdalucianaoliveira.com.br\/blog\/wp-content\/uploads\/2024\/12\/IMG_3828.png?fit=300%2C200\" data-large-file=\"https:\/\/i0.wp.com\/blogdalucianaoliveira.com.br\/blog\/wp-content\/uploads\/2024\/12\/IMG_3828.png?fit=400%2C266\" class=\"alignnone size-full wp-image-36322\" src=\"https:\/\/i0.wp.com\/blogdalucianaoliveira.com.br\/blog\/wp-content\/uploads\/2024\/12\/IMG_3828.png?resize=400%2C266\" alt=\"\" width=\"400\" height=\"266\" srcset=\"https:\/\/i0.wp.com\/blogdalucianaoliveira.com.br\/blog\/wp-content\/uploads\/2024\/12\/IMG_3828.png?w=400 400w, https:\/\/i0.wp.com\/blogdalucianaoliveira.com.br\/blog\/wp-content\/uploads\/2024\/12\/IMG_3828.png?resize=300%2C200 300w\" sizes=\"auto, (max-width: 400px) 100vw, 400px\" \/><\/p>\n<div class=\"img\">\n<p class=\"discreet\">\n<\/div>\n<p class=\"Standard\">Da Assessoria &#8211; Ap\u00f3s pedido em a\u00e7\u00e3o civil p\u00fablica, o Minist\u00e9rio P\u00fablico Federal (MPF), a Defensoria P\u00fablica da Uni\u00e3o (DPU) e o Minist\u00e9rio P\u00fablico do Trabalho (MPT) conseguiram decis\u00e3o urgente e favor\u00e1vel na Justi\u00e7a Federal. De acordo com a liminar, Uni\u00e3o, Estado de Rond\u00f4nia e Prefeitura de Porto Velho devem fornecer \u00e0s comunidades ribeirinhas do Baixo Madeira, em at\u00e9 30 dias, condi\u00e7\u00f5es b\u00e1sicas de subsist\u00eancia.<!--more--><\/p>\n<p class=\"Standard\">Os r\u00e9us (Uni\u00e3o, estado e prefeitura) devem fornecer \u00e1gua pot\u00e1vel, de forma cont\u00ednua, por meio terrestre, fluvial ou at\u00e9 a\u00e9reo, se for preciso. Tamb\u00e9m devem distribuir alimentos e insumos b\u00e1sicos, materiais de higiene e medicamentos, em quantidade suficiente para suprir as necessidades b\u00e1sicas das comunidades afetadas pela seca extrema que abalou a produ\u00e7\u00e3o local de alimentos.<\/p>\n<p class=\"Standard\">Eles tamb\u00e9m devem apresentar um plano estrat\u00e9gico conjunto, coordenado e integrado para enfrentamento das crises h\u00eddricas e humanit\u00e1rias futuras. O plano deve conter medidas preventivas e de resposta, como constru\u00e7\u00e3o de po\u00e7os artesianos, instala\u00e7\u00e3o de cisternas, amplia\u00e7\u00e3o de sistemas de capta\u00e7\u00e3o e distribui\u00e7\u00e3o de \u00e1gua e implementa\u00e7\u00e3o de sistemas de filtragem. Em no m\u00e1ximo dez dias, devem fazer as reuni\u00f5es entre seus \u00f3rg\u00e3os estrat\u00e9gicos para serem iniciadas as medidas de implementa\u00e7\u00e3o desse plano.<\/p>\n<p class=\"Standard\">Os casos de descumprimento devem ser punidos com multas di\u00e1rias de R$ 10 mil para a Uni\u00e3o, R$ 5 mil para o Estado de Rond\u00f4nia e R$ 1 mil para a Prefeitura de Porto Velho. A soma das multas fica limitada ao m\u00e1ximo de R$ 1 milh\u00e3o, a ser revertido \u00e0s comunidades afetadas.<\/p>\n<p class=\"Standard\"><b>Mudan\u00e7a clim\u00e1tica<\/b> \u2013 Para os autores da a\u00e7\u00e3o, a mudan\u00e7a clim\u00e1tica j\u00e1 est\u00e1 ocorrendo e em Porto Velho isso foi observado pela seca extrema que atingiu principalmente as comunidades que dependem do Rio Madeira. Essas comunidades ainda enfrentam desabastecimento cr\u00edtico de \u00e1gua pot\u00e1vel e alimentos, situa\u00e7\u00f5es que s\u00e3o intensificadas pela omiss\u00e3o do poder p\u00fablico.<\/p>\n<p class=\"Standard\">Na decis\u00e3o liminar, a Justi\u00e7a apontou que as comunidades vulner\u00e1veis s\u00e3o as primeiras a sentir os efeitos devastadores de enchentes, secas e desastres naturais. \u201cO Poder Judici\u00e1rio tem sido chamado a desempenhar um papel crucial na mitiga\u00e7\u00e3o dessas vulnerabilidades ao aplicar uma \u00e9tica clim\u00e1tica que reconhe\u00e7a as desigualdades e proteja os direitos fundamentais ao meio ambiente\u201d, diz trecho do documento.<\/p>\n<p class=\"Standard\">De acordo com a Organiza\u00e7\u00e3o das Na\u00e7\u00f5es Unidas (ONU), mudan\u00e7as clim\u00e1ticas podem ser definidas como altera\u00e7\u00f5es de longo prazo nas temperaturas e nos padr\u00f5es do clima. Produzem, em consequ\u00eancia, eventos clim\u00e1ticos, extremos ou n\u00e3o, desencadeados por causas naturais ou pela interven\u00e7\u00e3o humana no ambiente da atmosfera e da pr\u00f3pria crosta terrestre, gerando tamb\u00e9m altera\u00e7\u00f5es ambientais que, em per\u00edodo recente, t\u00eam sido mais recorrentes, como as secas dos rios da Amaz\u00f4nia.<\/p>\n<p class=\"Standard\"><b>A\u00e7\u00e3o Civil P\u00fablica n\u00ba 1016403-41.2024.4.01.4100<\/p>\n<p><a class=\"external-link\" title=\"\" href=\"https:\/\/pje1g.trf1.jus.br\/consultapublica\/ConsultaPublica\/listView.seam\" target=\"_self\">Consulta processual<\/a><\/b><\/p>\n","protected":false},"excerpt":{"rendered":"<p>Da Assessoria &#8211; Ap\u00f3s pedido em a\u00e7\u00e3o civil p\u00fablica, o Minist\u00e9rio P\u00fablico Federal (MPF), a Defensoria P\u00fablica da Uni\u00e3o (DPU) e o Minist\u00e9rio P\u00fablico do Trabalho (MPT) conseguiram decis\u00e3o urgente e favor\u00e1vel na Justi\u00e7a Federal. De acordo com a liminar, Uni\u00e3o, Estado de Rond\u00f4nia e Prefeitura de Porto Velho devem fornecer \u00e0s comunidades ribeirinhas do&#8230;<a class=\"more-link\" href=\"http:\/\/blogdalucianaoliveira.com.br\/blog\/2024\/12\/06\/justica-obriga-uniao-estado-e-prefeitura-de-porto-velho-ro-a-fornecer-agua-e-alimentos-ao-baixo-madeira\/\">Continue a leitura <span class=\"meta-nav\">&raquo;<\/span><\/a><\/p>\n","protected":false},"author":1,"featured_media":0,"comment_status":"closed","ping_status":"open","sticky":false,"template":"","format":"standard","meta":{"_exactmetrics_skip_tracking":false,"_exactmetrics_sitenote_active":false,"_exactmetrics_sitenote_note":"","_exactmetrics_sitenote_category":0,"jetpack_post_was_ever_published":false,"_jetpack_newsletter_access":"","_jetpack_dont_email_post_to_subs":false,"_jetpack_newsletter_tier_id":0,"_jetpack_memberships_contains_paywalled_content":false,"_jetpack_memberships_contains_paid_content":false,"footnotes":"","jetpack_publicize_message":"","jetpack_publicize_feature_enabled":true,"jetpack_social_post_already_shared":true,"jetpack_social_options":{"image_generator_settings":{"template":"highway","enabled":false},"version":2}},"categories":[1],"tags":[347,837,864],"class_list":["post-36321","post","type-post","status-publish","format-standard","hentry","category-notas","tag-justica","tag-ribeirinho","tag-seca"],"jetpack_publicize_connections":[],"jetpack_sharing_enabled":true,"jetpack_featured_media_url":"","jetpack_shortlink":"https:\/\/wp.me\/p7wKYW-9rP","jetpack-related-posts":[],"_links":{"self":[{"href":"http:\/\/blogdalucianaoliveira.com.br\/blog\/wp-json\/wp\/v2\/posts\/36321","targetHints":{"allow":["GET"]}}],"collection":[{"href":"http:\/\/blogdalucianaoliveira.com.br\/blog\/wp-json\/wp\/v2\/posts"}],"about":[{"href":"http:\/\/blogdalucianaoliveira.com.br\/blog\/wp-json\/wp\/v2\/types\/post"}],"author":[{"embeddable":true,"href":"http:\/\/blogdalucianaoliveira.com.br\/blog\/wp-json\/wp\/v2\/users\/1"}],"replies":[{"embeddable":true,"href":"http:\/\/blogdalucianaoliveira.com.br\/blog\/wp-json\/wp\/v2\/comments?post=36321"}],"version-history":[{"count":1,"href":"http:\/\/blogdalucianaoliveira.com.br\/blog\/wp-json\/wp\/v2\/posts\/36321\/revisions"}],"predecessor-version":[{"id":36323,"href":"http:\/\/blogdalucianaoliveira.com.br\/blog\/wp-json\/wp\/v2\/posts\/36321\/revisions\/36323"}],"wp:attachment":[{"href":"http:\/\/blogdalucianaoliveira.com.br\/blog\/wp-json\/wp\/v2\/media?parent=36321"}],"wp:term":[{"taxonomy":"category","embeddable":true,"href":"http:\/\/blogdalucianaoliveira.com.br\/blog\/wp-json\/wp\/v2\/categories?post=36321"},{"taxonomy":"post_tag","embeddable":true,"href":"http:\/\/blogdalucianaoliveira.com.br\/blog\/wp-json\/wp\/v2\/tags?post=36321"}],"curies":[{"name":"wp","href":"https:\/\/api.w.org\/{rel}","templated":true}]}}