{"id":36328,"date":"2024-12-13T10:59:14","date_gmt":"2024-12-13T14:59:14","guid":{"rendered":"http:\/\/blogdalucianaoliveira.com.br\/blog\/?p=36328"},"modified":"2024-12-13T10:59:14","modified_gmt":"2024-12-13T14:59:14","slug":"varejo-brasileiro-surpreende-em-outubro-e-2024-pode-ser-o-melhor-ano-para-o-setor-desde-2013","status":"publish","type":"post","link":"http:\/\/blogdalucianaoliveira.com.br\/blog\/2024\/12\/13\/varejo-brasileiro-surpreende-em-outubro-e-2024-pode-ser-o-melhor-ano-para-o-setor-desde-2013\/","title":{"rendered":"Varejo brasileiro surpreende em outubro e 2024 pode ser o melhor ano para o setor desde 2013"},"content":{"rendered":"<p><img data-recalc-dims=\"1\" loading=\"lazy\" decoding=\"async\" data-attachment-id=\"36329\" data-permalink=\"http:\/\/blogdalucianaoliveira.com.br\/blog\/2024\/12\/13\/varejo-brasileiro-surpreende-em-outubro-e-2024-pode-ser-o-melhor-ano-para-o-setor-desde-2013\/img_4379\/\" data-orig-file=\"https:\/\/i0.wp.com\/blogdalucianaoliveira.com.br\/blog\/wp-content\/uploads\/2024\/12\/IMG_4379.webp?fit=500%2C240\" data-orig-size=\"500,240\" data-comments-opened=\"0\" data-image-meta=\"{&quot;aperture&quot;:&quot;0&quot;,&quot;credit&quot;:&quot;&quot;,&quot;camera&quot;:&quot;&quot;,&quot;caption&quot;:&quot;&quot;,&quot;created_timestamp&quot;:&quot;0&quot;,&quot;copyright&quot;:&quot;&quot;,&quot;focal_length&quot;:&quot;0&quot;,&quot;iso&quot;:&quot;0&quot;,&quot;shutter_speed&quot;:&quot;0&quot;,&quot;title&quot;:&quot;&quot;,&quot;orientation&quot;:&quot;0&quot;}\" data-image-title=\"IMG_4379\" data-image-description=\"\" data-image-caption=\"\" data-medium-file=\"https:\/\/i0.wp.com\/blogdalucianaoliveira.com.br\/blog\/wp-content\/uploads\/2024\/12\/IMG_4379.webp?fit=300%2C144\" data-large-file=\"https:\/\/i0.wp.com\/blogdalucianaoliveira.com.br\/blog\/wp-content\/uploads\/2024\/12\/IMG_4379.webp?fit=500%2C240\" class=\"alignnone size-full wp-image-36329\" src=\"https:\/\/i0.wp.com\/blogdalucianaoliveira.com.br\/blog\/wp-content\/uploads\/2024\/12\/IMG_4379.webp?resize=500%2C240\" alt=\"\" width=\"500\" height=\"240\" srcset=\"https:\/\/i0.wp.com\/blogdalucianaoliveira.com.br\/blog\/wp-content\/uploads\/2024\/12\/IMG_4379.webp?w=500 500w, https:\/\/i0.wp.com\/blogdalucianaoliveira.com.br\/blog\/wp-content\/uploads\/2024\/12\/IMG_4379.webp?resize=300%2C144 300w\" sizes=\"auto, (max-width: 500px) 100vw, 500px\" \/><\/p>\n<h2 class=\"article__lead\">Apesar dos juros altos, crescimento robusto do setor impulsiona as previs\u00f5es econ\u00f4micas. Na compara\u00e7\u00e3o com outubro de 2023, o crescimento foi de 6,5%<\/h2>\n<p><!--more--><\/p>\n<p><b>247 &#8211; <\/b>O varejo brasileiro registrou um desempenho superior \u00e0s expectativas em outubro, consolidando 2024 como um dos anos mais positivos para o setor desde 2013, segundo economistas ouvidos pelo jornal <a href=\"https:\/\/valor.globo.com\/brasil\/noticia\/2024\/12\/13\/varejo-surpreende-em-outubro-e-ruma-para-melhor-ano-desde-2013.ghtml\" target=\"_blank\" rel=\"noopener noreferrer\">Valor Econ\u00f4mico<\/a>. A Pesquisa Mensal do Com\u00e9rcio (PMC), divulgada pelo IBGE, revelou que o volume de vendas no varejo restrito cresceu 0,4% em rela\u00e7\u00e3o a setembro, superando a previs\u00e3o de recuo de 0,2% feita por consultorias e institui\u00e7\u00f5es financeiras. Na compara\u00e7\u00e3o com outubro de 2023, o crescimento foi de impressionantes 6,5%, tamb\u00e9m acima da proje\u00e7\u00e3o de 4,8%.<\/p>\n<p>Os resultados foram analisados por economistas, como Isabela Tavares, da Tend\u00eancias Consultoria, e Rodolfo Margato, da XP Investimentos, que destacaram os fatores que impulsionaram esse desempenho, como o fortalecimento do poder de compra e a estabilidade do mercado de trabalho.<\/p>\n<p>O varejo ampliado, que inclui categorias como ve\u00edculos, motos, material de constru\u00e7\u00e3o e atacarejo, cresceu 0,9% em outubro, superando a previs\u00e3o de estabilidade. Em rela\u00e7\u00e3o ao mesmo m\u00eas de 2023, o avan\u00e7o foi de 8,8%, tamb\u00e9m acima da expectativa de 7,3%. Entre os segmentos mais destacados no varejo restrito, m\u00f3veis e eletrodom\u00e9sticos lideraram, com alta de 7,5%, seguidos por equipamentos de inform\u00e1tica e comunica\u00e7\u00e3o (2,7%) e tecidos, vestu\u00e1rio e cal\u00e7ados (1,7%).<\/p>\n<p>Isabela Tavares aponta que o aumento do poder de compra, impulsionado pela estabilidade no mercado de trabalho e pelo crescimento da massa de renda, foi fundamental para esse desempenho. &#8220;Nosso \u00edndice de poder de compra, que considera infla\u00e7\u00e3o, condi\u00e7\u00f5es financeiras e cr\u00e9dito, subiu 9,7% em outubro, contra 6,7% no mesmo m\u00eas de 2023. Isso explica por que o consumo tem surpreendido&#8221;, afirmou.<\/p>\n<p>Ainda conforme a reportagem, o bom desempenho do varejo levou institui\u00e7\u00f5es financeiras como a XP a revisar suas proje\u00e7\u00f5es para o crescimento do PIB no quarto trimestre, passando de 0,6% para 0,7%. Para 2024, a previs\u00e3o de crescimento do PIB permanece em 3,5%, enquanto o varejo ampliado deve crescer 5% e o restrito, 4,9%, segundo a Tend\u00eancias Consultoria.<\/p>\n<p>Rodolfo Margato destacou o papel decisivo das vendas de ve\u00edculos nesse cen\u00e1rio. &#8220;Apesar dos juros elevados, o aumento do cr\u00e9dito para aquisi\u00e7\u00e3o de ve\u00edculos foi determinante. Estimamos crescimento de 15% nas vendas de ve\u00edculos em 2024&#8221;, afirmou.<\/p>\n<p>Apesar do otimismo em rela\u00e7\u00e3o a 2024, os especialistas preveem uma desacelera\u00e7\u00e3o para 2025, impulsionada por juros mais altos, infla\u00e7\u00e3o e um c\u00e2mbio desvalorizado. &#8220;Todas as contribui\u00e7\u00f5es positivas de 2024 devem perder for\u00e7a. N\u00e3o prevemos recess\u00e3o, mas um arrefecimento especialmente a partir do segundo trimestre&#8221;, diz Margato. Ge\u00f3rgia Veloso, do FGV Ibre, alerta que segmentos dependentes de importa\u00e7\u00e3o, como o de tecnologia, podem ser os mais impactados.<\/p>\n<p>A Black Friday tamb\u00e9m desempenhou um papel importante, com o fluxo de pessoas em shoppings crescendo 19,8% em compara\u00e7\u00e3o com 2023, segundo Tavares. &#8220;\u00c9 um indicador de que novembro deve continuar no mesmo ritmo positivo, refor\u00e7ando o desempenho geral do ano&#8221;, analisou a economista.<\/p>\n","protected":false},"excerpt":{"rendered":"<p>Apesar dos juros altos, crescimento robusto do setor impulsiona as previs\u00f5es econ\u00f4micas. Na compara\u00e7\u00e3o com outubro de 2023, o crescimento foi de 6,5%<\/p>\n","protected":false},"author":1,"featured_media":0,"comment_status":"closed","ping_status":"open","sticky":false,"template":"","format":"standard","meta":{"_exactmetrics_skip_tracking":false,"_exactmetrics_sitenote_active":false,"_exactmetrics_sitenote_note":"","_exactmetrics_sitenote_category":0,"jetpack_post_was_ever_published":false,"_jetpack_newsletter_access":"","_jetpack_dont_email_post_to_subs":false,"_jetpack_newsletter_tier_id":0,"_jetpack_memberships_contains_paywalled_content":false,"_jetpack_memberships_contains_paid_content":false,"footnotes":"","jetpack_publicize_message":"","jetpack_publicize_feature_enabled":true,"jetpack_social_post_already_shared":true,"jetpack_social_options":{"image_generator_settings":{"template":"highway","enabled":false},"version":2}},"categories":[1],"tags":[1127,1215,1203],"class_list":["post-36328","post","type-post","status-publish","format-standard","hentry","category-notas","tag-alta","tag-varejo","tag-vendas"],"jetpack_publicize_connections":[],"jetpack_sharing_enabled":true,"jetpack_featured_media_url":"","jetpack_shortlink":"https:\/\/wp.me\/p7wKYW-9rW","jetpack-related-posts":[],"_links":{"self":[{"href":"http:\/\/blogdalucianaoliveira.com.br\/blog\/wp-json\/wp\/v2\/posts\/36328","targetHints":{"allow":["GET"]}}],"collection":[{"href":"http:\/\/blogdalucianaoliveira.com.br\/blog\/wp-json\/wp\/v2\/posts"}],"about":[{"href":"http:\/\/blogdalucianaoliveira.com.br\/blog\/wp-json\/wp\/v2\/types\/post"}],"author":[{"embeddable":true,"href":"http:\/\/blogdalucianaoliveira.com.br\/blog\/wp-json\/wp\/v2\/users\/1"}],"replies":[{"embeddable":true,"href":"http:\/\/blogdalucianaoliveira.com.br\/blog\/wp-json\/wp\/v2\/comments?post=36328"}],"version-history":[{"count":1,"href":"http:\/\/blogdalucianaoliveira.com.br\/blog\/wp-json\/wp\/v2\/posts\/36328\/revisions"}],"predecessor-version":[{"id":36330,"href":"http:\/\/blogdalucianaoliveira.com.br\/blog\/wp-json\/wp\/v2\/posts\/36328\/revisions\/36330"}],"wp:attachment":[{"href":"http:\/\/blogdalucianaoliveira.com.br\/blog\/wp-json\/wp\/v2\/media?parent=36328"}],"wp:term":[{"taxonomy":"category","embeddable":true,"href":"http:\/\/blogdalucianaoliveira.com.br\/blog\/wp-json\/wp\/v2\/categories?post=36328"},{"taxonomy":"post_tag","embeddable":true,"href":"http:\/\/blogdalucianaoliveira.com.br\/blog\/wp-json\/wp\/v2\/tags?post=36328"}],"curies":[{"name":"wp","href":"https:\/\/api.w.org\/{rel}","templated":true}]}}