{"id":36331,"date":"2024-12-13T11:32:36","date_gmt":"2024-12-13T15:32:36","guid":{"rendered":"http:\/\/blogdalucianaoliveira.com.br\/blog\/?p=36331"},"modified":"2024-12-13T11:34:17","modified_gmt":"2024-12-13T15:34:17","slug":"aniversario-da-bailarina-da-praca-e-neste-sabado","status":"publish","type":"post","link":"http:\/\/blogdalucianaoliveira.com.br\/blog\/2024\/12\/13\/aniversario-da-bailarina-da-praca-e-neste-sabado\/","title":{"rendered":"Anivers\u00e1rio da Bailarina da Pra\u00e7a \u00e9 neste s\u00e1bado"},"content":{"rendered":"<p><img data-recalc-dims=\"1\" loading=\"lazy\" decoding=\"async\" data-attachment-id=\"36332\" data-permalink=\"http:\/\/blogdalucianaoliveira.com.br\/blog\/2024\/12\/13\/aniversario-da-bailarina-da-praca-e-neste-sabado\/img_4380-2\/\" data-orig-file=\"https:\/\/i0.wp.com\/blogdalucianaoliveira.com.br\/blog\/wp-content\/uploads\/2024\/12\/IMG_4380.jpeg?fit=1047%2C646\" data-orig-size=\"1047,646\" data-comments-opened=\"0\" data-image-meta=\"{&quot;aperture&quot;:&quot;0&quot;,&quot;credit&quot;:&quot;&quot;,&quot;camera&quot;:&quot;&quot;,&quot;caption&quot;:&quot;&quot;,&quot;created_timestamp&quot;:&quot;0&quot;,&quot;copyright&quot;:&quot;&quot;,&quot;focal_length&quot;:&quot;0&quot;,&quot;iso&quot;:&quot;0&quot;,&quot;shutter_speed&quot;:&quot;0&quot;,&quot;title&quot;:&quot;&quot;,&quot;orientation&quot;:&quot;1&quot;}\" data-image-title=\"IMG_4380\" data-image-description=\"\" data-image-caption=\"\" data-medium-file=\"https:\/\/i0.wp.com\/blogdalucianaoliveira.com.br\/blog\/wp-content\/uploads\/2024\/12\/IMG_4380.jpeg?fit=300%2C185\" data-large-file=\"https:\/\/i0.wp.com\/blogdalucianaoliveira.com.br\/blog\/wp-content\/uploads\/2024\/12\/IMG_4380.jpeg?fit=600%2C370\" class=\"alignnone size-full wp-image-36332\" src=\"https:\/\/i0.wp.com\/blogdalucianaoliveira.com.br\/blog\/wp-content\/uploads\/2024\/12\/IMG_4380.jpeg?resize=600%2C370\" alt=\"\" width=\"600\" height=\"370\" srcset=\"https:\/\/i0.wp.com\/blogdalucianaoliveira.com.br\/blog\/wp-content\/uploads\/2024\/12\/IMG_4380.jpeg?w=1047 1047w, https:\/\/i0.wp.com\/blogdalucianaoliveira.com.br\/blog\/wp-content\/uploads\/2024\/12\/IMG_4380.jpeg?resize=300%2C185 300w, https:\/\/i0.wp.com\/blogdalucianaoliveira.com.br\/blog\/wp-content\/uploads\/2024\/12\/IMG_4380.jpeg?resize=1024%2C632 1024w, https:\/\/i0.wp.com\/blogdalucianaoliveira.com.br\/blog\/wp-content\/uploads\/2024\/12\/IMG_4380.jpeg?resize=768%2C474 768w, https:\/\/i0.wp.com\/blogdalucianaoliveira.com.br\/blog\/wp-content\/uploads\/2024\/12\/IMG_4380.jpeg?resize=486%2C300 486w\" sizes=\"auto, (max-width: 600px) 100vw, 600px\" \/><\/p>\n<p>\u201cSer\u00e1 um dia para agradecer as pessoas que me ajudaram e celebrar a minha vida\u201d, disse a artes\u00e3 e artista de rua portovelhense que usa a dan\u00e7a para expressar sua resist\u00eancia e alegria.<!--more--><\/p>\n<p>Elieuza Bailarina Ramos Freire, incluiu judicialmente em seu nome, o substantivo feminino que lhe deu popularidade.<\/p>\n<p>Este ano ela passou por tratamento contra um c\u00e2ncer que a impediu de fazer o que mais gosta: dan\u00e7ar nas pra\u00e7as, nas ruas e eventos onde o povo est\u00e1.<\/p>\n<p>\u201dFui curada pela corrente de ora\u00e7\u00f5es que fizeram e pela minha f\u00e9\u201d.<\/p>\n<p>O parab\u00e9ns ser\u00e1 coletivo, a partir das 17 hs, na pra\u00e7a Marechal Rondon. Quem for pode levar algo para compartilhar.<\/p>\n<p>O bolo foi garantido atrav\u00e9s de doa\u00e7\u00f5es em campanha do Blog da Luciana Oliveira.<\/p>\n<p>\u201cFiquei muito feliz e agrade\u00e7o demais a todos que doaram. A minha festa na pra\u00e7a sempre quem faz \u00e9 o povo. Cada um leva um suco, um doce, salgado e o que quiser compartilhar\u201d, disse.<\/p>\n<p>A bailarina tamb\u00e9m est\u00e1 pedindo doa\u00e7\u00f5es no pix 69-99240-3025, para realizar o sonho de comprar sua casa.<\/p>\n","protected":false},"excerpt":{"rendered":"<p>\u201cSer\u00e1 um dia para agradecer as pessoas que me ajudaram e celebrar a minha vida\u201d, disse a artes\u00e3 e artista de rua portovelhense que usa a dan\u00e7a para expressar sua resist\u00eancia e alegria.<\/p>\n","protected":false},"author":1,"featured_media":36332,"comment_status":"closed","ping_status":"open","sticky":false,"template":"","format":"standard","meta":{"_exactmetrics_skip_tracking":false,"_exactmetrics_sitenote_active":false,"_exactmetrics_sitenote_note":"","_exactmetrics_sitenote_category":0,"jetpack_post_was_ever_published":false,"_jetpack_newsletter_access":"","_jetpack_dont_email_post_to_subs":false,"_jetpack_newsletter_tier_id":0,"_jetpack_memberships_contains_paywalled_content":false,"_jetpack_memberships_contains_paid_content":false,"footnotes":"","jetpack_publicize_message":"","jetpack_publicize_feature_enabled":true,"jetpack_social_post_already_shared":true,"jetpack_social_options":{"image_generator_settings":{"template":"highway","enabled":false},"version":2}},"categories":[1],"tags":[],"class_list":["post-36331","post","type-post","status-publish","format-standard","has-post-thumbnail","hentry","category-notas"],"jetpack_publicize_connections":[],"jetpack_sharing_enabled":true,"jetpack_featured_media_url":"https:\/\/i0.wp.com\/blogdalucianaoliveira.com.br\/blog\/wp-content\/uploads\/2024\/12\/IMG_4380.jpeg?fit=1047%2C646","jetpack_shortlink":"https:\/\/wp.me\/p7wKYW-9rZ","jetpack-related-posts":[],"_links":{"self":[{"href":"http:\/\/blogdalucianaoliveira.com.br\/blog\/wp-json\/wp\/v2\/posts\/36331","targetHints":{"allow":["GET"]}}],"collection":[{"href":"http:\/\/blogdalucianaoliveira.com.br\/blog\/wp-json\/wp\/v2\/posts"}],"about":[{"href":"http:\/\/blogdalucianaoliveira.com.br\/blog\/wp-json\/wp\/v2\/types\/post"}],"author":[{"embeddable":true,"href":"http:\/\/blogdalucianaoliveira.com.br\/blog\/wp-json\/wp\/v2\/users\/1"}],"replies":[{"embeddable":true,"href":"http:\/\/blogdalucianaoliveira.com.br\/blog\/wp-json\/wp\/v2\/comments?post=36331"}],"version-history":[{"count":1,"href":"http:\/\/blogdalucianaoliveira.com.br\/blog\/wp-json\/wp\/v2\/posts\/36331\/revisions"}],"predecessor-version":[{"id":36333,"href":"http:\/\/blogdalucianaoliveira.com.br\/blog\/wp-json\/wp\/v2\/posts\/36331\/revisions\/36333"}],"wp:featuredmedia":[{"embeddable":true,"href":"http:\/\/blogdalucianaoliveira.com.br\/blog\/wp-json\/wp\/v2\/media\/36332"}],"wp:attachment":[{"href":"http:\/\/blogdalucianaoliveira.com.br\/blog\/wp-json\/wp\/v2\/media?parent=36331"}],"wp:term":[{"taxonomy":"category","embeddable":true,"href":"http:\/\/blogdalucianaoliveira.com.br\/blog\/wp-json\/wp\/v2\/categories?post=36331"},{"taxonomy":"post_tag","embeddable":true,"href":"http:\/\/blogdalucianaoliveira.com.br\/blog\/wp-json\/wp\/v2\/tags?post=36331"}],"curies":[{"name":"wp","href":"https:\/\/api.w.org\/{rel}","templated":true}]}}