{"id":36334,"date":"2024-12-16T22:11:51","date_gmt":"2024-12-17T02:11:51","guid":{"rendered":"http:\/\/blogdalucianaoliveira.com.br\/blog\/?p=36334"},"modified":"2024-12-16T22:17:34","modified_gmt":"2024-12-17T02:17:34","slug":"iphan-nao-autoriza-mega-reveillon-no-complexo-da-efmm","status":"publish","type":"post","link":"http:\/\/blogdalucianaoliveira.com.br\/blog\/2024\/12\/16\/iphan-nao-autoriza-mega-reveillon-no-complexo-da-efmm\/","title":{"rendered":"IPHAN N\u00c3O AUTORIZA MEGA R\u00c9VEILLON NO COMPLEXO DA EFMM"},"content":{"rendered":"<p><img data-recalc-dims=\"1\" loading=\"lazy\" decoding=\"async\" data-attachment-id=\"36337\" data-permalink=\"http:\/\/blogdalucianaoliveira.com.br\/blog\/2024\/12\/16\/iphan-nao-autoriza-mega-reveillon-no-complexo-da-efmm\/img_4673\/\" data-orig-file=\"https:\/\/i0.wp.com\/blogdalucianaoliveira.com.br\/blog\/wp-content\/uploads\/2024\/12\/IMG_4673.jpeg?fit=1049%2C837\" data-orig-size=\"1049,837\" data-comments-opened=\"0\" data-image-meta=\"{&quot;aperture&quot;:&quot;0&quot;,&quot;credit&quot;:&quot;&quot;,&quot;camera&quot;:&quot;&quot;,&quot;caption&quot;:&quot;&quot;,&quot;created_timestamp&quot;:&quot;0&quot;,&quot;copyright&quot;:&quot;&quot;,&quot;focal_length&quot;:&quot;0&quot;,&quot;iso&quot;:&quot;0&quot;,&quot;shutter_speed&quot;:&quot;0&quot;,&quot;title&quot;:&quot;&quot;,&quot;orientation&quot;:&quot;1&quot;}\" data-image-title=\"IMG_4673\" data-image-description=\"\" data-image-caption=\"\" data-medium-file=\"https:\/\/i0.wp.com\/blogdalucianaoliveira.com.br\/blog\/wp-content\/uploads\/2024\/12\/IMG_4673.jpeg?fit=300%2C239\" data-large-file=\"https:\/\/i0.wp.com\/blogdalucianaoliveira.com.br\/blog\/wp-content\/uploads\/2024\/12\/IMG_4673.jpeg?fit=600%2C479\" class=\"alignnone size-medium wp-image-36337\" src=\"https:\/\/i0.wp.com\/blogdalucianaoliveira.com.br\/blog\/wp-content\/uploads\/2024\/12\/IMG_4673.jpeg?resize=300%2C239\" alt=\"\" width=\"300\" height=\"239\" srcset=\"https:\/\/i0.wp.com\/blogdalucianaoliveira.com.br\/blog\/wp-content\/uploads\/2024\/12\/IMG_4673.jpeg?resize=300%2C239 300w, https:\/\/i0.wp.com\/blogdalucianaoliveira.com.br\/blog\/wp-content\/uploads\/2024\/12\/IMG_4673.jpeg?resize=1024%2C817 1024w, https:\/\/i0.wp.com\/blogdalucianaoliveira.com.br\/blog\/wp-content\/uploads\/2024\/12\/IMG_4673.jpeg?resize=768%2C613 768w, https:\/\/i0.wp.com\/blogdalucianaoliveira.com.br\/blog\/wp-content\/uploads\/2024\/12\/IMG_4673.jpeg?resize=376%2C300 376w, https:\/\/i0.wp.com\/blogdalucianaoliveira.com.br\/blog\/wp-content\/uploads\/2024\/12\/IMG_4673.jpeg?w=1049 1049w\" sizes=\"auto, (max-width: 300px) 100vw, 300px\" \/><\/p>\n<p>O of\u00edcio foi encaminhado nesta segunda-feira, 16, \u00e0 Superintend\u00eancia do Patrim\u00f4nio da Uni\u00e3o, ao Minist\u00e9rio P\u00fablico Federal, \u00e0 Prefeitura de Porto Velho e ao Grupo Amazonfort, elencando irregularidades na cess\u00e3o do patrim\u00f4nio tombado para mega r\u00e9veillon promovido por empresa de eventos.<\/p>\n<p><!--more--><\/p>\n<p>Veja o documento:<\/p>\n<p>Assunto: Descumprimento das normavas referente ao patrim\u00f4nio tombado<br \/>\nRefer\u00eancia: Caso responda este, indicar expressamente o Processo n\u00ba 01410.000070\/2024-84.<\/p>\n<p>Prezados Senhores,<\/p>\n<p>1. Cumprimentando-os cordialmente, em aten\u00e7\u00e3o ao Of\u00edcio SEI N\u00ba 176085\/2024\/MGI<br \/>\n(5935364), que tem como assunto &#8220;Manifesta\u00e7\u00e3o do \u00f3rg\u00e3o competente pelo Patrim\u00f4nio Hist\u00f3rico quanto \u00e0 libera\u00e7\u00e3o eventos e festividades no espa\u00e7o da Estrada de Ferro Madeira-Mamor\u00e9&#8221;, informamos que a empresa Amazon Fort, respons\u00e1vel pela concess\u00e3o do Complexo da Estrada de Ferro Madeira Mamor\u00e9, tem desrespeitado reiteradamente as normas do IPHAN referentes a prote\u00e7\u00e3o do patrim\u00f4nio<br \/>\ntombado em \u00e2mbito federal.<br \/>\n2. Foi observado a ocorr\u00eancia de diversos eventos e instala\u00e7\u00f5es provis\u00f3rias no complexo sem a apresenta\u00e7\u00e3o de projetos e consequentemente sem a anu\u00eancia do Instituto. Por diversas vezes a empresa foi alertada sobre a necessidade de apresenta\u00e7\u00e3o de projetos para realiza\u00e7\u00e3o de interven\u00e7\u00f5es no local, em aten\u00e7\u00e3o a Portaria Iphan n\u00ba 420\/2010, que disp\u00f5e sobre os procedimentos a serem observados para a concess\u00e3o de autoriza\u00e7\u00e3o para realiza\u00e7\u00e3o de interven\u00e7\u00f5es em bens edificados tombados e nas respectivas \u00e1reas de entorno.<br \/>\n3. Na oportunidade, informamos que no dia 07\/12\/2024 ocorreu nas depend\u00eancias do Galp\u00e3o 3 o evento denominado &#8220;Pagode Carioca&#8221;, onde houve a instala\u00e7\u00e3o de estruturas provis\u00f3rias em seu interior. \u00c9 importante ressaltar que a equipe de fiscaliza\u00e7\u00e3o esteve presente antes da realiza\u00e7\u00e3o do evento, informando aos respons\u00e1veis, mais uma vez, sobre a necessidade de apresenta\u00e7\u00e3o de projeto para aprova\u00e7\u00e3o do evento, conforme Of\u00edcio 595 (5918727). O que n\u00e3o foi acatado e o evento ocorreu sem atendimento \u00e0s normas do IPHAN.<br \/>\n4. Em rela\u00e7\u00e3o ao evento denominado &#8220;Mega R\u00e9veillon &#8220;, foi protocolado nesta Superintend\u00eancia o projeto referente ao evento apenas na sexta &#8211; feira (13\/12\/24) as 16h:45min, por\u00e9m, sem as autoriza\u00e7\u00f5es anteriormente indicadas no Of\u00edcio 548 (5863279). A promotora do evento, bem como, a p\u00e1gina do Complexo tem divulgado amplamente a previs\u00e3o de participa\u00e7\u00e3o de mais de 3 mil pessoas por meio de redes sociais, al\u00e9m de tamb\u00e9m divulgar a programa\u00e7\u00e3o, sem que esse tivesse ocorrido qualquer comunica\u00e7\u00e3o formal a este Instituto da realiza\u00e7\u00e3o do mesmo. A empresa mais uma vez foi alertada sobre a necessidade de apresenta\u00e7\u00e3o do projeto para an\u00e1lise, conforme Of\u00edcio 585 (5895192).<br \/>\nO evento em quest\u00e3o causa grande preocupa\u00e7\u00e3o ao IPHAN, uma vez que apresenta um alto risco a integridade do patrim\u00f4nio hist\u00f3rico, visto que ser\u00e3o ocupados o Galp\u00e3o 3 e a parte que ainda n\u00e3o foi aberta ao p\u00fablico, pois se trata de um grande quantitativo de pessoas em circula\u00e7\u00e3o. Al\u00e9m de n\u00e3o termos conhecimento das estruturas previstas, tamb\u00e9m n\u00e3o sabemos as medidas de seguran\u00e7a que ser\u00e3o tomadas, em raz\u00e3o de ter sido observado ainda atrav\u00e9s das redes sociais que ter\u00e3o instala\u00e7\u00f5es pr\u00f3ximas a<br \/>\noficina do Complexo, que cont\u00e9m grande quantidade de acervo hist\u00f3rico, sem grades de isolamento.<br \/>\n5. Oportunamente, informamos que n\u00e3o h\u00e1 tempo h\u00e1bil para an\u00e1lise de projetos de interven\u00e7\u00f5es provis\u00f3rias, que, de acordo com a Portaria Iphan n\u00ba 420\/2010, \u00e9 de 45 dias.<br \/>\nSalientamos que de 23 a 27 de dezembro entraremos em recesso de fim de ano, e, como \u00e9 de ci\u00eancia de todos, h\u00e1 somente um t\u00e9cnico na Unidade respons\u00e1vel pela an\u00e1lise de requerimentos para bens tombados, o qual<br \/>\nestar\u00e1 de recesso nos dias supracitados. Ademais, ainda que seja encaminhado para a sede para an\u00e1lise por outro t\u00e9cnico, o prazo obedecido ser\u00e1 o j\u00e1 mencionado.<br \/>\n6. Sendo assim, uma vez que h\u00e1 um acompanhamento e responsabilidade coletiva de todas as esferas no atendimento as normativas de prote\u00e7\u00e3o ao patrim\u00f4nio cultural.<\/p>\n<p>Solicitamos atua\u00e7\u00e3o conjunta com intuito de fortalecer a a\u00e7\u00e3o das tr\u00eas esferas (Uni\u00e3o, MPF &#8211; sociedade e Prefeitura), de maneira a garantir que o uso e usufruto do bem tombado, aconte\u00e7am de forma sustent\u00e1vel e respons\u00e1vel, conforme acordo e tratativas realizadas em conjunto.<\/p>\n<p>Alyne Mayra Rufino dos Santos<br \/>\n____________________________<br \/>\nSuperintendente do IPHAN em Rond\u00f4nia<br \/>\nInstuto do Patrim\u00f4nio Hist\u00f3rico e Arsco Nacional<\/p>\n<p>&nbsp;<\/p>\n<p>&nbsp;<\/p>\n","protected":false},"excerpt":{"rendered":"<p>O of\u00edcio foi encaminhado nesta segunda-feira, 16, \u00e0 Superintend\u00eancia do Patrim\u00f4nio da Uni\u00e3o, ao Minist\u00e9rio P\u00fablico Federal, \u00e0 Prefeitura de Porto Velho e ao Grupo Amazonfort, elencando irregularidades na cess\u00e3o do patrim\u00f4nio tombado para mega r\u00e9veillon promovido por empresa de eventos.<\/p>\n","protected":false},"author":1,"featured_media":0,"comment_status":"closed","ping_status":"open","sticky":false,"template":"","format":"standard","meta":{"_exactmetrics_skip_tracking":false,"_exactmetrics_sitenote_active":false,"_exactmetrics_sitenote_note":"","_exactmetrics_sitenote_category":0,"jetpack_post_was_ever_published":false,"_jetpack_newsletter_access":"","_jetpack_dont_email_post_to_subs":false,"_jetpack_newsletter_tier_id":0,"_jetpack_memberships_contains_paywalled_content":false,"_jetpack_memberships_contains_paid_content":false,"footnotes":"","jetpack_publicize_message":"","jetpack_publicize_feature_enabled":true,"jetpack_social_post_already_shared":true,"jetpack_social_options":{"image_generator_settings":{"template":"highway","enabled":false},"version":2}},"categories":[1],"tags":[786,1217,1216],"class_list":["post-36334","post","type-post","status-publish","format-standard","hentry","category-notas","tag-efmm","tag-iphan","tag-reveillon"],"jetpack_publicize_connections":[],"jetpack_sharing_enabled":true,"jetpack_featured_media_url":"","jetpack_shortlink":"https:\/\/wp.me\/p7wKYW-9s2","jetpack-related-posts":[],"_links":{"self":[{"href":"http:\/\/blogdalucianaoliveira.com.br\/blog\/wp-json\/wp\/v2\/posts\/36334","targetHints":{"allow":["GET"]}}],"collection":[{"href":"http:\/\/blogdalucianaoliveira.com.br\/blog\/wp-json\/wp\/v2\/posts"}],"about":[{"href":"http:\/\/blogdalucianaoliveira.com.br\/blog\/wp-json\/wp\/v2\/types\/post"}],"author":[{"embeddable":true,"href":"http:\/\/blogdalucianaoliveira.com.br\/blog\/wp-json\/wp\/v2\/users\/1"}],"replies":[{"embeddable":true,"href":"http:\/\/blogdalucianaoliveira.com.br\/blog\/wp-json\/wp\/v2\/comments?post=36334"}],"version-history":[{"count":5,"href":"http:\/\/blogdalucianaoliveira.com.br\/blog\/wp-json\/wp\/v2\/posts\/36334\/revisions"}],"predecessor-version":[{"id":36342,"href":"http:\/\/blogdalucianaoliveira.com.br\/blog\/wp-json\/wp\/v2\/posts\/36334\/revisions\/36342"}],"wp:attachment":[{"href":"http:\/\/blogdalucianaoliveira.com.br\/blog\/wp-json\/wp\/v2\/media?parent=36334"}],"wp:term":[{"taxonomy":"category","embeddable":true,"href":"http:\/\/blogdalucianaoliveira.com.br\/blog\/wp-json\/wp\/v2\/categories?post=36334"},{"taxonomy":"post_tag","embeddable":true,"href":"http:\/\/blogdalucianaoliveira.com.br\/blog\/wp-json\/wp\/v2\/tags?post=36334"}],"curies":[{"name":"wp","href":"https:\/\/api.w.org\/{rel}","templated":true}]}}