{"id":36349,"date":"2024-12-17T18:35:20","date_gmt":"2024-12-17T22:35:20","guid":{"rendered":"https:\/\/blogdalucianaoliveira.com.br\/blog\/?p=36349"},"modified":"2024-12-17T18:35:20","modified_gmt":"2024-12-17T22:35:20","slug":"antonio-candido-lanca-nesta-quinta-a-3a-edicao-do-livro-madeira-mamore-o-vagao-dos-esquecidos","status":"publish","type":"post","link":"http:\/\/blogdalucianaoliveira.com.br\/blog\/2024\/12\/17\/antonio-candido-lanca-nesta-quinta-a-3a-edicao-do-livro-madeira-mamore-o-vagao-dos-esquecidos\/","title":{"rendered":"Ant\u00f4nio C\u00e2ndido lan\u00e7a nesta quinta a 3\u00aa edi\u00e7\u00e3o do livro \u201cMadeira-Mamor\u00e9: o vag\u00e3o dos esquecidos\u201d"},"content":{"rendered":"<p><img data-recalc-dims=\"1\" loading=\"lazy\" decoding=\"async\" data-attachment-id=\"36350\" data-permalink=\"http:\/\/blogdalucianaoliveira.com.br\/blog\/2024\/12\/17\/antonio-candido-lanca-nesta-quinta-a-3a-edicao-do-livro-madeira-mamore-o-vagao-dos-esquecidos\/imagem-do-whatsapp-de-2024-12-17-as-18-28-44_f8aae4da\/\" data-orig-file=\"https:\/\/i0.wp.com\/blogdalucianaoliveira.com.br\/blog\/wp-content\/uploads\/2024\/12\/Imagem-do-WhatsApp-de-2024-12-17-as-18.28.44_f8aae4da.jpg?fit=588%2C572\" data-orig-size=\"588,572\" data-comments-opened=\"0\" data-image-meta=\"{&quot;aperture&quot;:&quot;0&quot;,&quot;credit&quot;:&quot;&quot;,&quot;camera&quot;:&quot;&quot;,&quot;caption&quot;:&quot;&quot;,&quot;created_timestamp&quot;:&quot;0&quot;,&quot;copyright&quot;:&quot;&quot;,&quot;focal_length&quot;:&quot;0&quot;,&quot;iso&quot;:&quot;0&quot;,&quot;shutter_speed&quot;:&quot;0&quot;,&quot;title&quot;:&quot;&quot;,&quot;orientation&quot;:&quot;0&quot;}\" data-image-title=\"Imagem do WhatsApp de 2024-12-17 \u00e0(s) 18.28.44_f8aae4da\" data-image-description=\"\" data-image-caption=\"\" data-medium-file=\"https:\/\/i0.wp.com\/blogdalucianaoliveira.com.br\/blog\/wp-content\/uploads\/2024\/12\/Imagem-do-WhatsApp-de-2024-12-17-as-18.28.44_f8aae4da.jpg?fit=300%2C292\" data-large-file=\"https:\/\/i0.wp.com\/blogdalucianaoliveira.com.br\/blog\/wp-content\/uploads\/2024\/12\/Imagem-do-WhatsApp-de-2024-12-17-as-18.28.44_f8aae4da.jpg?fit=588%2C572\" class=\"alignnone size-medium wp-image-36350\" src=\"https:\/\/i0.wp.com\/blogdalucianaoliveira.com.br\/blog\/wp-content\/uploads\/2024\/12\/Imagem-do-WhatsApp-de-2024-12-17-as-18.28.44_f8aae4da.jpg?resize=300%2C292\" alt=\"\" width=\"300\" height=\"292\" srcset=\"https:\/\/i0.wp.com\/blogdalucianaoliveira.com.br\/blog\/wp-content\/uploads\/2024\/12\/Imagem-do-WhatsApp-de-2024-12-17-as-18.28.44_f8aae4da.jpg?resize=300%2C292 300w, https:\/\/i0.wp.com\/blogdalucianaoliveira.com.br\/blog\/wp-content\/uploads\/2024\/12\/Imagem-do-WhatsApp-de-2024-12-17-as-18.28.44_f8aae4da.jpg?resize=308%2C300 308w, https:\/\/i0.wp.com\/blogdalucianaoliveira.com.br\/blog\/wp-content\/uploads\/2024\/12\/Imagem-do-WhatsApp-de-2024-12-17-as-18.28.44_f8aae4da.jpg?w=588 588w\" sizes=\"auto, (max-width: 300px) 100vw, 300px\" \/><\/p>\n<p><strong><em>O lan\u00e7amento acontecer\u00e1 nesta quinta-feira, 19 de dezembro de 2024, \u00e0s 16h, com<\/em> <em>transmiss\u00e3o online e, em seguida, uma tarde de aut\u00f3grafos no Porto do Sol &#8211; Gastronomia e Cultura<\/em><\/strong><!--more--><\/p>\n<p><strong>\u00a0<\/strong>Ant\u00f4nio C\u00e2ndido da Silva, amante confesso da cidade de Porto Velho, poeta renomado e de talento incontest\u00e1vel, apresenta ao p\u00fablico leitor o resultado de um dos mais arrojados empreendimentos da literatura de Rond\u00f4nia em homenagem \u00e0 Estrada de Ferro Madeira-Mamor\u00e9 (EFMM): a 3\u00aa edi\u00e7\u00e3o do livro <strong>\u201cMadeira-Mamor\u00e9: o vag\u00e3o dos esquecidos\u201d<\/strong>, agora revisada e ilustrada com fotografias. O lan\u00e7amento acontecer\u00e1 nesta quinta-feira, <strong>19 de dezembro de 2024<\/strong>, \u00e0s <strong>16h<\/strong>, com transmiss\u00e3o online e, em seguida, uma tarde de aut\u00f3grafos.<\/p>\n<p>Para Ant\u00f4nio C\u00e2ndido, falar sobre a saga da constru\u00e7\u00e3o da Estrada de Ferro Madeira-Mamor\u00e9, um dos maiores patrim\u00f4nios hist\u00f3rico-culturais de Rond\u00f4nia, \u00e9 essencial para disseminar informa\u00e7\u00f5es corretas sobre sua hist\u00f3ria, especialmente para os estudantes rondonienses. A nova edi\u00e7\u00e3o do livro busca ampliar seu alcance e homenagear pessoas, institui\u00e7\u00f5es e locais hist\u00f3ricos, al\u00e9m de fortalecer a valoriza\u00e7\u00e3o do patrim\u00f4nio cultural de Rond\u00f4nia como recurso educativo e tur\u00edstico.<\/p>\n<p>Ant\u00f4nio C\u00e2ndido da Silva nasceu em Humait\u00e1, no sul do Amazonas, e vive em Porto Velho, Rond\u00f4nia, desde 1945. Historiador, romancista, compositor e poeta, publicou obras como <em>Marcas do tempo<\/em>, <em>Madeira-Mamor\u00e9: o vag\u00e3o dos esquecidos<\/em>, <em>Enganos da nossa hist\u00f3ria<\/em>, <em>Diaru\u00ed<\/em>, <em>Vila Amaz\u00f4nia \u2013 os koutakusseis<\/em> e <em>Na curva que o rio faz<\/em>. Ele j\u00e1 recebeu todos os t\u00edtulos e comendas concedidos pelo munic\u00edpio de Porto Velho, incluindo a Comenda Marechal Rondon, a maior honraria do Estado de Rond\u00f4nia, no grau de Oficial. Ant\u00f4nio C\u00e2ndido \u00e9 licenciado em Letras e Mestre em Hist\u00f3ria e Estudos Sociais pela Universidade Federal de Rond\u00f4nia (UNIR). \u00c9 tamb\u00e9m membro fundador da Uni\u00e3o Brasileira de Escritores (UBE\/RO) e da Academia de Letras de Rond\u00f4nia, al\u00e9m de colunista no jornal digital <em>Gente de Opini\u00e3o<\/em>.<\/p>\n<p><img data-recalc-dims=\"1\" loading=\"lazy\" decoding=\"async\" data-attachment-id=\"36351\" data-permalink=\"http:\/\/blogdalucianaoliveira.com.br\/blog\/2024\/12\/17\/antonio-candido-lanca-nesta-quinta-a-3a-edicao-do-livro-madeira-mamore-o-vagao-dos-esquecidos\/imagem-do-whatsapp-de-2024-12-17-as-18-28-44_2e7a7e17\/\" data-orig-file=\"https:\/\/i0.wp.com\/blogdalucianaoliveira.com.br\/blog\/wp-content\/uploads\/2024\/12\/Imagem-do-WhatsApp-de-2024-12-17-as-18.28.44_2e7a7e17.jpg?fit=414%2C439\" data-orig-size=\"414,439\" data-comments-opened=\"0\" data-image-meta=\"{&quot;aperture&quot;:&quot;0&quot;,&quot;credit&quot;:&quot;&quot;,&quot;camera&quot;:&quot;&quot;,&quot;caption&quot;:&quot;&quot;,&quot;created_timestamp&quot;:&quot;0&quot;,&quot;copyright&quot;:&quot;&quot;,&quot;focal_length&quot;:&quot;0&quot;,&quot;iso&quot;:&quot;0&quot;,&quot;shutter_speed&quot;:&quot;0&quot;,&quot;title&quot;:&quot;&quot;,&quot;orientation&quot;:&quot;0&quot;}\" data-image-title=\"Imagem do WhatsApp de 2024-12-17 \u00e0(s) 18.28.44_2e7a7e17\" data-image-description=\"\" data-image-caption=\"\" data-medium-file=\"https:\/\/i0.wp.com\/blogdalucianaoliveira.com.br\/blog\/wp-content\/uploads\/2024\/12\/Imagem-do-WhatsApp-de-2024-12-17-as-18.28.44_2e7a7e17.jpg?fit=283%2C300\" data-large-file=\"https:\/\/i0.wp.com\/blogdalucianaoliveira.com.br\/blog\/wp-content\/uploads\/2024\/12\/Imagem-do-WhatsApp-de-2024-12-17-as-18.28.44_2e7a7e17.jpg?fit=414%2C439\" class=\"alignnone size-medium wp-image-36351\" src=\"https:\/\/i0.wp.com\/blogdalucianaoliveira.com.br\/blog\/wp-content\/uploads\/2024\/12\/Imagem-do-WhatsApp-de-2024-12-17-as-18.28.44_2e7a7e17.jpg?resize=283%2C300\" alt=\"\" width=\"283\" height=\"300\" srcset=\"https:\/\/i0.wp.com\/blogdalucianaoliveira.com.br\/blog\/wp-content\/uploads\/2024\/12\/Imagem-do-WhatsApp-de-2024-12-17-as-18.28.44_2e7a7e17.jpg?resize=283%2C300 283w, https:\/\/i0.wp.com\/blogdalucianaoliveira.com.br\/blog\/wp-content\/uploads\/2024\/12\/Imagem-do-WhatsApp-de-2024-12-17-as-18.28.44_2e7a7e17.jpg?w=414 414w\" sizes=\"auto, (max-width: 283px) 100vw, 283px\" \/><\/p>\n<p>&nbsp;<\/p>\n<p><strong>Servi\u00e7os<\/strong><\/p>\n<p>\u2013 O qu\u00ea: <strong>Lan\u00e7amento do livro \u201cMadeira-Mamor\u00e9: o vag\u00e3o dos esquecidos\u201d<\/strong><\/p>\n<p>\u2013 Data: <strong>19\/12\/2024<\/strong><\/p>\n<p>\u2013 Hor\u00e1rio (online): <strong>16h \u00e0s 17h<\/strong><\/p>\n<p>\u2013 Transmiss\u00e3o: <a href=\"http:\/\/www.youtube.com\/@tematicaeditoraecursos\">Canal do Youtube da Tem\u00e1tica Editora e Cursos<\/a><\/p>\n<p>\u2013 Acessibilidade: <strong>evento com tradu\u00e7\u00e3o em Libras<\/strong>.<\/p>\n<p>&nbsp;<\/p>\n<p>\u2013 <strong>Tarde de aut\u00f3grafos<\/strong>: Ap\u00f3s a live, no Porto do Sol &#8211; Gastronomia e Cultura, Rua Dom Pedro II, 269, Centro.<\/p>\n<p>&nbsp;<\/p>\n<p><strong>Fomento e apoio<\/strong><\/p>\n<p>\u2013 <strong>Fomento<\/strong>: Evento financiado com recursos da Lei Paulo Gustavo (Lei Complementar n\u00ba 195\/2022), por meio do Edital de Chamamento P\u00fablico N\u00ba 003\/2023\/FUNCULTURAL, Prefeitura de Porto Velho-RO, Minist\u00e9rio da Cultura, Governo Federal.<\/p>\n<p>\u2013 <strong>Apoio<\/strong>: Tem\u00e1tica Editora e Cursos e Porto do Sol &#8211; Gastronomia e Cultura.<\/p>\n","protected":false},"excerpt":{"rendered":"<p>O lan\u00e7amento acontecer\u00e1 nesta quinta-feira, 19 de dezembro de 2024, \u00e0s 16h, com transmiss\u00e3o online e, em seguida, uma tarde de aut\u00f3grafos no Porto do Sol &#8211; Gastronomia e Cultura<\/p>\n","protected":false},"author":1,"featured_media":0,"comment_status":"closed","ping_status":"open","sticky":false,"template":"","format":"standard","meta":{"_exactmetrics_skip_tracking":false,"_exactmetrics_sitenote_active":false,"_exactmetrics_sitenote_note":"","_exactmetrics_sitenote_category":0,"jetpack_post_was_ever_published":false,"_jetpack_newsletter_access":"","_jetpack_dont_email_post_to_subs":false,"_jetpack_newsletter_tier_id":0,"_jetpack_memberships_contains_paywalled_content":false,"_jetpack_memberships_contains_paid_content":false,"footnotes":"","jetpack_publicize_message":"","jetpack_publicize_feature_enabled":true,"jetpack_social_post_already_shared":true,"jetpack_social_options":{"image_generator_settings":{"template":"highway","enabled":false},"version":2}},"categories":[1],"tags":[661,786,1221,105],"class_list":["post-36349","post","type-post","status-publish","format-standard","hentry","category-notas","tag-antonio-candido","tag-efmm","tag-lancamento","tag-livro"],"jetpack_publicize_connections":[],"jetpack_sharing_enabled":true,"jetpack_featured_media_url":"","jetpack_shortlink":"https:\/\/wp.me\/p7wKYW-9sh","jetpack-related-posts":[],"_links":{"self":[{"href":"http:\/\/blogdalucianaoliveira.com.br\/blog\/wp-json\/wp\/v2\/posts\/36349","targetHints":{"allow":["GET"]}}],"collection":[{"href":"http:\/\/blogdalucianaoliveira.com.br\/blog\/wp-json\/wp\/v2\/posts"}],"about":[{"href":"http:\/\/blogdalucianaoliveira.com.br\/blog\/wp-json\/wp\/v2\/types\/post"}],"author":[{"embeddable":true,"href":"http:\/\/blogdalucianaoliveira.com.br\/blog\/wp-json\/wp\/v2\/users\/1"}],"replies":[{"embeddable":true,"href":"http:\/\/blogdalucianaoliveira.com.br\/blog\/wp-json\/wp\/v2\/comments?post=36349"}],"version-history":[{"count":2,"href":"http:\/\/blogdalucianaoliveira.com.br\/blog\/wp-json\/wp\/v2\/posts\/36349\/revisions"}],"predecessor-version":[{"id":36353,"href":"http:\/\/blogdalucianaoliveira.com.br\/blog\/wp-json\/wp\/v2\/posts\/36349\/revisions\/36353"}],"wp:attachment":[{"href":"http:\/\/blogdalucianaoliveira.com.br\/blog\/wp-json\/wp\/v2\/media?parent=36349"}],"wp:term":[{"taxonomy":"category","embeddable":true,"href":"http:\/\/blogdalucianaoliveira.com.br\/blog\/wp-json\/wp\/v2\/categories?post=36349"},{"taxonomy":"post_tag","embeddable":true,"href":"http:\/\/blogdalucianaoliveira.com.br\/blog\/wp-json\/wp\/v2\/tags?post=36349"}],"curies":[{"name":"wp","href":"https:\/\/api.w.org\/{rel}","templated":true}]}}