{"id":36355,"date":"2024-12-19T08:44:06","date_gmt":"2024-12-19T12:44:06","guid":{"rendered":"http:\/\/blogdalucianaoliveira.com.br\/blog\/?p=36355"},"modified":"2024-12-19T08:46:52","modified_gmt":"2024-12-19T12:46:52","slug":"36355","status":"publish","type":"post","link":"http:\/\/blogdalucianaoliveira.com.br\/blog\/2024\/12\/19\/36355\/","title":{"rendered":"O fator Pirarucu do Madeira"},"content":{"rendered":"<p><img data-recalc-dims=\"1\" loading=\"lazy\" decoding=\"async\" data-attachment-id=\"36359\" data-permalink=\"http:\/\/blogdalucianaoliveira.com.br\/blog\/2024\/12\/19\/36355\/img_4533\/\" data-orig-file=\"https:\/\/i0.wp.com\/blogdalucianaoliveira.com.br\/blog\/wp-content\/uploads\/2024\/12\/IMG_4533-scaled.jpeg?fit=1440%2C2560\" data-orig-size=\"1440,2560\" data-comments-opened=\"0\" data-image-meta=\"{&quot;aperture&quot;:&quot;2.4&quot;,&quot;credit&quot;:&quot;&quot;,&quot;camera&quot;:&quot;iPhone 13&quot;,&quot;caption&quot;:&quot;&quot;,&quot;created_timestamp&quot;:&quot;1734196938&quot;,&quot;copyright&quot;:&quot;&quot;,&quot;focal_length&quot;:&quot;1.54&quot;,&quot;iso&quot;:&quot;64&quot;,&quot;shutter_speed&quot;:&quot;0.01010101010101&quot;,&quot;title&quot;:&quot;&quot;,&quot;orientation&quot;:&quot;1&quot;}\" data-image-title=\"IMG_4533\" data-image-description=\"\" data-image-caption=\"\" data-medium-file=\"https:\/\/i0.wp.com\/blogdalucianaoliveira.com.br\/blog\/wp-content\/uploads\/2024\/12\/IMG_4533-scaled.jpeg?fit=169%2C300\" data-large-file=\"https:\/\/i0.wp.com\/blogdalucianaoliveira.com.br\/blog\/wp-content\/uploads\/2024\/12\/IMG_4533-scaled.jpeg?fit=576%2C1024\" class=\"size-medium wp-image-36359 alignright\" src=\"https:\/\/i0.wp.com\/blogdalucianaoliveira.com.br\/blog\/wp-content\/uploads\/2024\/12\/IMG_4533.jpeg?resize=169%2C300\" alt=\"\" width=\"169\" height=\"300\" srcset=\"https:\/\/i0.wp.com\/blogdalucianaoliveira.com.br\/blog\/wp-content\/uploads\/2024\/12\/IMG_4533-scaled.jpeg?resize=169%2C300 169w, https:\/\/i0.wp.com\/blogdalucianaoliveira.com.br\/blog\/wp-content\/uploads\/2024\/12\/IMG_4533-scaled.jpeg?resize=576%2C1024 576w, https:\/\/i0.wp.com\/blogdalucianaoliveira.com.br\/blog\/wp-content\/uploads\/2024\/12\/IMG_4533-scaled.jpeg?resize=768%2C1365 768w, https:\/\/i0.wp.com\/blogdalucianaoliveira.com.br\/blog\/wp-content\/uploads\/2024\/12\/IMG_4533-scaled.jpeg?resize=864%2C1536 864w, https:\/\/i0.wp.com\/blogdalucianaoliveira.com.br\/blog\/wp-content\/uploads\/2024\/12\/IMG_4533-scaled.jpeg?resize=1152%2C2048 1152w, https:\/\/i0.wp.com\/blogdalucianaoliveira.com.br\/blog\/wp-content\/uploads\/2024\/12\/IMG_4533-scaled.jpeg?w=1440 1440w\" sizes=\"auto, (max-width: 169px) 100vw, 169px\" \/><\/p>\n<p class=\"s15\"><strong><span class=\"s2\">NA RUA, NA PRA\u00c7A E NA ESQUINA: O FREVO DA BAILARINA<\/span><\/strong><\/p>\n<p>Por: Altair Santos (Tat\u00e1)<\/p>\n<p>&nbsp;<\/p>\n<p class=\"s15\"><!--more--><\/p>\n<p class=\"s9\">Antes mesmo dos clarins do reinado de momo por aqui ecoarem aos t\u00edmpanos, bulindo com a quietude das esquinas, revirando avenidas, sacudindo becos e vielas, bem como, antes tamb\u00e9m dos confetes revoarem os espa\u00e7os momescos, o Bloco Pirarucu do Madeira sopra fazendo ecoar longe os metais frevistas da cidade e d\u00e1 o tom da coisa, sinalizando e chamando os inarred\u00e1veis foli\u00f5es da p\u00e1tria Z\u00e9 Pereira.<\/p>\n<p class=\"s15\"><!--more--><\/p>\n<p class=\"s15\"><span class=\"s2\">O mote do carnaval desse ano de 2025, a ser ressaltado pelo bloco, atende pelo nome cidad\u00e3o de Elielza \u201cBailarina\u201d Ramos Freire (a popular Bailarina da Pra\u00e7a), a qual \u00e9 uma forte, incans\u00e1vel, impar\u00e1vel e resistente da sua arte de ser e viver, uma verdadeira e autentica representante e consangu\u00ednea da alegria, do improviso solto e da folia liberta de nossa cidade. <\/span><\/p>\n<p class=\"s15\"><span class=\"s2\">A dire\u00e7\u00e3o do Bloco Pirarucu do Madeira v\u00eam encampando esses ressaltes, tendo a cultura popular como express\u00e3o de justo reconhecimento a quem sobrevive e resiste \u00e0s intemp\u00e9ries do descaso, enraizados nas nocivas atitudes, conceitos e preconceitos ainda mui presentes e igualmente vivos ao vesgo mirar social. Nesse ano o Pirarucu vem propondo vestir-se, cantar e dan\u00e7ar, desfilando a alegria e a irrever\u00eancia cidad\u00e3 livre e solta que existe, vive e mora na Bailarina.<\/span><\/p>\n<p class=\"s16\"><span class=\"s2\">Na pluralidade de ser e estar, a Bailarina da Pra\u00e7a carrega consigo uma cole\u00e7\u00e3o de identidades cotidianas todas representativas da sua autenticidade plural, o que \u00e9 atestado e reconhecido quando c\u00e1 numa pra\u00e7a, l\u00e1 numa esquina, ou acol\u00e1 resistente no alto dum palco. Nesse mosaico a mo\u00e7a se nos d\u00e1 nas facetas de atriz, dan\u00e7arina, artes\u00e3, acolhedora de animais de rua e filantropa solid\u00e1ria, quando colhe donativos para causas humanit\u00e1rias.<\/span><\/p>\n<p class=\"s16\"><span class=\"s2\">\u201cE assim l\u00e1 se vai ela<\/span><\/p>\n<p class=\"s16\"><span class=\"s2\">Vestindo tipos e modelitos<\/span><\/p>\n<p class=\"s17\"><span class=\"s2\">Do seu incont\u00e1vel varal Roupa do dia-a-dia<\/span><\/p>\n<p class=\"s18\"><span class=\"s2\">Figurino de carnaval\u2026 L\u00e1 vai ela<\/span><\/p>\n<p class=\"s16\"><span class=\"s2\">Enredada de si mesma<\/span><\/p>\n<p class=\"s16\"><span class=\"s2\">Piruetando e dizendo no p\u00e9<\/span><\/p>\n<p class=\"s16\"><span class=\"s2\">Ao som do frevo<\/span><\/p>\n<p class=\"s19\"><span class=\"s2\">Da Banda Puraqu\u00e9<\/span><\/p>\n<p class=\"s16\"><span class=\"s2\">Ent\u00e3o vai Bailarina<\/span><\/p>\n<p class=\"s16\"><span class=\"s2\">Vai de papai noel ou de bruxa<\/span><\/p>\n<p class=\"s16\"><span class=\"s2\">Princesa ou fada<\/span><\/p>\n<p class=\"s16\"><span class=\"s2\">Borboleta ou rainha<\/span><\/p>\n<p class=\"s16\"><span class=\"s2\">Vai sua danada<\/span><\/p>\n<p class=\"s16\"><span class=\"s2\">Sua traquina<\/span><\/p>\n<p class=\"s20\"><span class=\"s2\">Vai foliar e dan\u00e7ar Essa \u00e9 a tua sina!\u201d <\/span><\/p>\n<p>&nbsp;<\/p>\n<p class=\"s20\"><span class=\"s8\"><span class=\"bumpedFont17\">tatadeportovelho@gmail.com<\/span><\/span><\/p>\n","protected":false},"excerpt":{"rendered":"<p>NA RUA, NA PRA\u00c7A E NA ESQUINA: O FREVO DA BAILARINA Por: Altair Santos (Tat\u00e1) &nbsp;<\/p>\n","protected":false},"author":1,"featured_media":0,"comment_status":"closed","ping_status":"open","sticky":false,"template":"","format":"standard","meta":{"_exactmetrics_skip_tracking":false,"_exactmetrics_sitenote_active":false,"_exactmetrics_sitenote_note":"","_exactmetrics_sitenote_category":0,"jetpack_post_was_ever_published":false,"_jetpack_newsletter_access":"","_jetpack_dont_email_post_to_subs":false,"_jetpack_newsletter_tier_id":0,"_jetpack_memberships_contains_paywalled_content":false,"_jetpack_memberships_contains_paid_content":false,"footnotes":"","jetpack_publicize_message":"","jetpack_publicize_feature_enabled":true,"jetpack_social_post_already_shared":true,"jetpack_social_options":{"image_generator_settings":{"template":"highway","enabled":false},"version":2}},"categories":[1],"tags":[1218,248,1220],"class_list":["post-36355","post","type-post","status-publish","format-standard","hentry","category-notas","tag-bailarina-da-praca","tag-carnaval","tag-homenagem"],"jetpack_publicize_connections":[],"jetpack_sharing_enabled":true,"jetpack_featured_media_url":"","jetpack_shortlink":"https:\/\/wp.me\/s7wKYW-36355","jetpack-related-posts":[],"_links":{"self":[{"href":"http:\/\/blogdalucianaoliveira.com.br\/blog\/wp-json\/wp\/v2\/posts\/36355","targetHints":{"allow":["GET"]}}],"collection":[{"href":"http:\/\/blogdalucianaoliveira.com.br\/blog\/wp-json\/wp\/v2\/posts"}],"about":[{"href":"http:\/\/blogdalucianaoliveira.com.br\/blog\/wp-json\/wp\/v2\/types\/post"}],"author":[{"embeddable":true,"href":"http:\/\/blogdalucianaoliveira.com.br\/blog\/wp-json\/wp\/v2\/users\/1"}],"replies":[{"embeddable":true,"href":"http:\/\/blogdalucianaoliveira.com.br\/blog\/wp-json\/wp\/v2\/comments?post=36355"}],"version-history":[{"count":5,"href":"http:\/\/blogdalucianaoliveira.com.br\/blog\/wp-json\/wp\/v2\/posts\/36355\/revisions"}],"predecessor-version":[{"id":36362,"href":"http:\/\/blogdalucianaoliveira.com.br\/blog\/wp-json\/wp\/v2\/posts\/36355\/revisions\/36362"}],"wp:attachment":[{"href":"http:\/\/blogdalucianaoliveira.com.br\/blog\/wp-json\/wp\/v2\/media?parent=36355"}],"wp:term":[{"taxonomy":"category","embeddable":true,"href":"http:\/\/blogdalucianaoliveira.com.br\/blog\/wp-json\/wp\/v2\/categories?post=36355"},{"taxonomy":"post_tag","embeddable":true,"href":"http:\/\/blogdalucianaoliveira.com.br\/blog\/wp-json\/wp\/v2\/tags?post=36355"}],"curies":[{"name":"wp","href":"https:\/\/api.w.org\/{rel}","templated":true}]}}