{"id":36364,"date":"2024-12-21T09:06:56","date_gmt":"2024-12-21T13:06:56","guid":{"rendered":"http:\/\/blogdalucianaoliveira.com.br\/blog\/?p=36364"},"modified":"2024-12-21T09:06:56","modified_gmt":"2024-12-21T13:06:56","slug":"mpf-recomenda-que-promotores-de-evento-de-reveillon-protejam-estrada-de-ferro-madeira-mamore-em-porto-velho-ro","status":"publish","type":"post","link":"http:\/\/blogdalucianaoliveira.com.br\/blog\/2024\/12\/21\/mpf-recomenda-que-promotores-de-evento-de-reveillon-protejam-estrada-de-ferro-madeira-mamore-em-porto-velho-ro\/","title":{"rendered":"MPF recomenda que promotores de evento de r\u00e9veillon protejam Estrada de Ferro Madeira Mamor\u00e9, em Porto Velho (RO)"},"content":{"rendered":"<p><img data-recalc-dims=\"1\" loading=\"lazy\" decoding=\"async\" data-attachment-id=\"36365\" data-permalink=\"http:\/\/blogdalucianaoliveira.com.br\/blog\/2024\/12\/21\/mpf-recomenda-que-promotores-de-evento-de-reveillon-protejam-estrada-de-ferro-madeira-mamore-em-porto-velho-ro\/img_4692\/\" data-orig-file=\"https:\/\/i0.wp.com\/blogdalucianaoliveira.com.br\/blog\/wp-content\/uploads\/2024\/12\/IMG_4692-scaled.jpeg?fit=2560%2C1440\" data-orig-size=\"2560,1440\" data-comments-opened=\"0\" data-image-meta=\"{&quot;aperture&quot;:&quot;1.6&quot;,&quot;credit&quot;:&quot;&quot;,&quot;camera&quot;:&quot;iPhone 13&quot;,&quot;caption&quot;:&quot;&quot;,&quot;created_timestamp&quot;:&quot;1734431986&quot;,&quot;copyright&quot;:&quot;&quot;,&quot;focal_length&quot;:&quot;5.1&quot;,&quot;iso&quot;:&quot;50&quot;,&quot;shutter_speed&quot;:&quot;0.0001009998990001&quot;,&quot;title&quot;:&quot;&quot;,&quot;orientation&quot;:&quot;1&quot;}\" data-image-title=\"IMG_4692\" data-image-description=\"\" data-image-caption=\"\" data-medium-file=\"https:\/\/i0.wp.com\/blogdalucianaoliveira.com.br\/blog\/wp-content\/uploads\/2024\/12\/IMG_4692-scaled.jpeg?fit=300%2C169\" data-large-file=\"https:\/\/i0.wp.com\/blogdalucianaoliveira.com.br\/blog\/wp-content\/uploads\/2024\/12\/IMG_4692-scaled.jpeg?fit=600%2C338\" class=\"alignnone size-medium wp-image-36365\" src=\"https:\/\/i0.wp.com\/blogdalucianaoliveira.com.br\/blog\/wp-content\/uploads\/2024\/12\/IMG_4692.jpeg?resize=300%2C169\" alt=\"\" width=\"300\" height=\"169\" srcset=\"https:\/\/i0.wp.com\/blogdalucianaoliveira.com.br\/blog\/wp-content\/uploads\/2024\/12\/IMG_4692-scaled.jpeg?resize=300%2C169 300w, https:\/\/i0.wp.com\/blogdalucianaoliveira.com.br\/blog\/wp-content\/uploads\/2024\/12\/IMG_4692-scaled.jpeg?resize=1024%2C576 1024w, https:\/\/i0.wp.com\/blogdalucianaoliveira.com.br\/blog\/wp-content\/uploads\/2024\/12\/IMG_4692-scaled.jpeg?resize=768%2C432 768w, https:\/\/i0.wp.com\/blogdalucianaoliveira.com.br\/blog\/wp-content\/uploads\/2024\/12\/IMG_4692-scaled.jpeg?resize=1536%2C864 1536w, https:\/\/i0.wp.com\/blogdalucianaoliveira.com.br\/blog\/wp-content\/uploads\/2024\/12\/IMG_4692-scaled.jpeg?resize=2048%2C1152 2048w, https:\/\/i0.wp.com\/blogdalucianaoliveira.com.br\/blog\/wp-content\/uploads\/2024\/12\/IMG_4692-scaled.jpeg?resize=533%2C300 533w, https:\/\/i0.wp.com\/blogdalucianaoliveira.com.br\/blog\/wp-content\/uploads\/2024\/12\/IMG_4692-scaled.jpeg?w=1200 1200w, https:\/\/i0.wp.com\/blogdalucianaoliveira.com.br\/blog\/wp-content\/uploads\/2024\/12\/IMG_4692-scaled.jpeg?w=1800 1800w\" sizes=\"auto, (max-width: 300px) 100vw, 300px\" \/><\/p>\n<p>Grupos Amazon Fort e Pisa Festival e Prefeitura de Porto Velho foram alertados para adotar medidas para salvaguarda do patrim\u00f4nio hist\u00f3rico<!--more--><\/p>\n<p>O Minist\u00e9rio P\u00fablico Federal (MPF) expediu, nesta quinta-feira (19), uma recomenda\u00e7\u00e3o ao Grupo Amazon Fort, ao Grupo Pisa Festival e \u00e0 Prefeitura de Porto Velho para que adotem medidas necess\u00e1rias \u00e0 salvaguarda do patrim\u00f4nio hist\u00f3rico nacional em rela\u00e7\u00e3o ao evento intitulado Mega R\u00e9veillon Madeira Mamor\u00e9, no Complexo Tur\u00edstico da Estrada de Ferro Madeira Mamor\u00e9 (EFMM).<\/p>\n<p>Em tr\u00eas dias \u00fateis, os grupos Amazon Fort e Pisa Festival e a Prefeitura de Porto Velho devem informar o que foi feito para atendimento da recomenda\u00e7\u00e3o do MPF. O Iphan e a Defesa Civil Municipal receberam c\u00f3pia da recomenda\u00e7\u00e3o, para conhecimento.<\/p>\n<p>O Iphan enviou um documento ao MPF, no qual informa que a empresa Amazon Fort e o Pisa Festival v\u00eam promovendo eventos particulares com instala\u00e7\u00f5es provis\u00f3rias no complexo tur\u00edstico, sem a pr\u00e9via anu\u00eancia do instituto e em descumprimento \u00e0\u00a0<a href=\"http:\/\/portal.iphan.gov.br\/uploads\/legislacao\/Portaria_n_420_de_22_de_dezembro_de_2010.pdf\" target=\"_top\">Portaria n\u00ba 420\/2010<\/a>, que trata de interven\u00e7\u00f5es em bens tombados.<\/p>\n<p>O instituto relata, no documento, que essa pr\u00e1tica de n\u00e3o obter autoriza\u00e7\u00e3o pr\u00e9via \u00e9 frequente. S\u00f3 na sexta-feira passada (13) o Iphan recebeu o pedido de autoriza\u00e7\u00e3o para o evento do r\u00e9veillon, fora do prazo m\u00ednimo para an\u00e1lise t\u00e9cnica pelo instituto. O prazo m\u00ednimo \u00e9 de 45 dias para an\u00e1lise referente \u00e0 infraestrutura (palcos, caixas ac\u00fasticas, ilumina\u00e7\u00e3o, efeitos visuais etc.) e dimens\u00e3o da participa\u00e7\u00e3o do p\u00fablico.<\/p>\n<p>O objetivo da avalia\u00e7\u00e3o \u00e9 prevenir danos ao patrim\u00f4nio hist\u00f3rico e cultural e \u00e0 vida das pessoas, devido ao risco de tumulto, inc\u00eandio, demoli\u00e7\u00e3o, depreda\u00e7\u00e3o ou falta de seguran\u00e7a. Segundo informou o Iphan, al\u00e9m de ser protocolado fora do prazo, o pedido de autoriza\u00e7\u00e3o n\u00e3o tinha documentos necess\u00e1rios.<\/p>\n<p>A divulga\u00e7\u00e3o do evento demonstra a instala\u00e7\u00e3o provis\u00f3ria de palcos para atender mais de tr\u00eas mil pessoas, com estruturas dispostas no Galp\u00e3o 3 e nas proximidades da Oficina do Complexo. Segundo o Iphan, essa \u00e1rea n\u00e3o est\u00e1 aberta \u00e0 visita\u00e7\u00e3o e h\u00e1 riscos ao acervo hist\u00f3rico sem isolamento e prote\u00e7\u00e3o.<\/p>\n<p>A dimens\u00e3o do evento \u2013 tr\u00eas palcos e \u00e1rea de camarote no Galp\u00e3o 3 \u2013, conforme divulgado nas redes sociais, indica a necessidade de estruturas el\u00e9tricas potentes, com risco de sobrecarga e inc\u00eandio.<\/p>\n<p><b><a class=\"internal-link\" title=\"\" href=\"https:\/\/www.mpf.mp.br\/ro\/sala-de-imprensa\/docs\/2024\/RecomendaoEFMMReveillon20242025.pdf\" target=\"_self\">Recomenda\u00e7\u00e3o n\u00ba 5\/2024<\/a><\/b><\/p>\n<div>\n<p class=\"western\" align=\"justify\">Assessoria de Comunica\u00e7\u00e3o<br \/>\nMinist\u00e9rio P\u00fablico Federal em Rond\u00f4nia<br \/>\n<a href=\"tel:(69) 3216-0511\">(69) 3216-0511<\/a> \/ 98431-9761<br \/>\nprro-ascom@mpf.mp.br<br \/>\nwww.mpf.mp.br\/ro<br \/>\nTwitter: @MPF_RO<\/p>\n<\/div>\n<div id=\"page-views\"><\/div>\n","protected":false},"excerpt":{"rendered":"<p>Grupos Amazon Fort e Pisa Festival e Prefeitura de Porto Velho foram alertados para adotar medidas para salvaguarda do patrim\u00f4nio hist\u00f3rico<\/p>\n","protected":false},"author":1,"featured_media":0,"comment_status":"closed","ping_status":"open","sticky":false,"template":"","format":"standard","meta":{"_exactmetrics_skip_tracking":false,"_exactmetrics_sitenote_active":false,"_exactmetrics_sitenote_note":"","_exactmetrics_sitenote_category":0,"jetpack_post_was_ever_published":false,"_jetpack_newsletter_access":"","_jetpack_dont_email_post_to_subs":false,"_jetpack_newsletter_tier_id":0,"_jetpack_memberships_contains_paywalled_content":false,"_jetpack_memberships_contains_paid_content":false,"footnotes":"","jetpack_publicize_message":"","jetpack_publicize_feature_enabled":true,"jetpack_social_post_already_shared":true,"jetpack_social_options":{"image_generator_settings":{"template":"highway","enabled":false},"version":2}},"categories":[1],"tags":[],"class_list":["post-36364","post","type-post","status-publish","format-standard","hentry","category-notas"],"jetpack_publicize_connections":[],"jetpack_sharing_enabled":true,"jetpack_featured_media_url":"","jetpack_shortlink":"https:\/\/wp.me\/p7wKYW-9sw","jetpack-related-posts":[],"_links":{"self":[{"href":"http:\/\/blogdalucianaoliveira.com.br\/blog\/wp-json\/wp\/v2\/posts\/36364","targetHints":{"allow":["GET"]}}],"collection":[{"href":"http:\/\/blogdalucianaoliveira.com.br\/blog\/wp-json\/wp\/v2\/posts"}],"about":[{"href":"http:\/\/blogdalucianaoliveira.com.br\/blog\/wp-json\/wp\/v2\/types\/post"}],"author":[{"embeddable":true,"href":"http:\/\/blogdalucianaoliveira.com.br\/blog\/wp-json\/wp\/v2\/users\/1"}],"replies":[{"embeddable":true,"href":"http:\/\/blogdalucianaoliveira.com.br\/blog\/wp-json\/wp\/v2\/comments?post=36364"}],"version-history":[{"count":1,"href":"http:\/\/blogdalucianaoliveira.com.br\/blog\/wp-json\/wp\/v2\/posts\/36364\/revisions"}],"predecessor-version":[{"id":36366,"href":"http:\/\/blogdalucianaoliveira.com.br\/blog\/wp-json\/wp\/v2\/posts\/36364\/revisions\/36366"}],"wp:attachment":[{"href":"http:\/\/blogdalucianaoliveira.com.br\/blog\/wp-json\/wp\/v2\/media?parent=36364"}],"wp:term":[{"taxonomy":"category","embeddable":true,"href":"http:\/\/blogdalucianaoliveira.com.br\/blog\/wp-json\/wp\/v2\/categories?post=36364"},{"taxonomy":"post_tag","embeddable":true,"href":"http:\/\/blogdalucianaoliveira.com.br\/blog\/wp-json\/wp\/v2\/tags?post=36364"}],"curies":[{"name":"wp","href":"https:\/\/api.w.org\/{rel}","templated":true}]}}