{"id":36367,"date":"2024-12-23T18:57:25","date_gmt":"2024-12-23T22:57:25","guid":{"rendered":"http:\/\/blogdalucianaoliveira.com.br\/blog\/?p=36367"},"modified":"2024-12-23T18:57:25","modified_gmt":"2024-12-23T22:57:25","slug":"nao-e-saudavel-se-forcar-a-estar-em-festas-o-que-fazer-para-evitar-piora-da-saude-mental-no-natal-e-ano-novo","status":"publish","type":"post","link":"http:\/\/blogdalucianaoliveira.com.br\/blog\/2024\/12\/23\/nao-e-saudavel-se-forcar-a-estar-em-festas-o-que-fazer-para-evitar-piora-da-saude-mental-no-natal-e-ano-novo\/","title":{"rendered":"&#8216;N\u00e3o \u00e9 saud\u00e1vel se for\u00e7ar a estar em festas&#8217;: o que fazer para evitar piora da sa\u00fade mental no Natal e Ano Novo"},"content":{"rendered":"<p><img data-recalc-dims=\"1\" loading=\"lazy\" decoding=\"async\" data-attachment-id=\"36368\" data-permalink=\"http:\/\/blogdalucianaoliveira.com.br\/blog\/2024\/12\/23\/nao-e-saudavel-se-forcar-a-estar-em-festas-o-que-fazer-para-evitar-piora-da-saude-mental-no-natal-e-ano-novo\/img_4962\/\" data-orig-file=\"https:\/\/i0.wp.com\/blogdalucianaoliveira.com.br\/blog\/wp-content\/uploads\/2024\/12\/IMG_4962.webp?fit=800%2C449\" data-orig-size=\"800,449\" data-comments-opened=\"0\" data-image-meta=\"{&quot;aperture&quot;:&quot;0&quot;,&quot;credit&quot;:&quot;&quot;,&quot;camera&quot;:&quot;&quot;,&quot;caption&quot;:&quot;&quot;,&quot;created_timestamp&quot;:&quot;0&quot;,&quot;copyright&quot;:&quot;&quot;,&quot;focal_length&quot;:&quot;0&quot;,&quot;iso&quot;:&quot;0&quot;,&quot;shutter_speed&quot;:&quot;0&quot;,&quot;title&quot;:&quot;&quot;,&quot;orientation&quot;:&quot;0&quot;}\" data-image-title=\"IMG_4962\" data-image-description=\"\" data-image-caption=\"\" data-medium-file=\"https:\/\/i0.wp.com\/blogdalucianaoliveira.com.br\/blog\/wp-content\/uploads\/2024\/12\/IMG_4962.webp?fit=300%2C168\" data-large-file=\"https:\/\/i0.wp.com\/blogdalucianaoliveira.com.br\/blog\/wp-content\/uploads\/2024\/12\/IMG_4962.webp?fit=600%2C337\" class=\"alignnone size-medium wp-image-36368\" src=\"https:\/\/i0.wp.com\/blogdalucianaoliveira.com.br\/blog\/wp-content\/uploads\/2024\/12\/IMG_4962.webp?resize=300%2C168\" alt=\"\" width=\"300\" height=\"168\" srcset=\"https:\/\/i0.wp.com\/blogdalucianaoliveira.com.br\/blog\/wp-content\/uploads\/2024\/12\/IMG_4962.webp?resize=300%2C168 300w, https:\/\/i0.wp.com\/blogdalucianaoliveira.com.br\/blog\/wp-content\/uploads\/2024\/12\/IMG_4962.webp?resize=768%2C431 768w, https:\/\/i0.wp.com\/blogdalucianaoliveira.com.br\/blog\/wp-content\/uploads\/2024\/12\/IMG_4962.webp?resize=535%2C300 535w, https:\/\/i0.wp.com\/blogdalucianaoliveira.com.br\/blog\/wp-content\/uploads\/2024\/12\/IMG_4962.webp?w=800 800w\" sizes=\"auto, (max-width: 300px) 100vw, 300px\" \/><\/p>\n<p><strong><span role=\"text\"><span class=\"bbc-1ypcc2\">Giulia Granchi, \u00a0<\/span><\/span><\/strong><span role=\"text\"><span class=\"bbc-1y5sx98\"><strong>Da BBC News Brasil em S\u00e3o Paulo<\/strong> &#8211; <\/span><\/span>O fim do ano \u00e9 um per\u00edodo de emo\u00e7\u00f5es intensas, marcado tanto por celebra\u00e7\u00f5es quanto por reflex\u00f5es e cobran\u00e7as internas.<!--more--><\/p>\n<div class=\"bbc-19j92fr ebmt73l0\" dir=\"ltr\">\n<p class=\"bbc-hhl7in e17g058b0\" dir=\"ltr\">A psiquiatra Tania Ferraz Alves, do IPq (Instituto de Psiquiatria da USP), caracteriza as semanas de dezembro como um per\u00edodo de &#8220;aumento significativo de <a class=\"focusIndicatorReducedWidth bbc-n8oauk e1p3sufg0\" href=\"https:\/\/www.bbc.com\/portuguese\/articles\/czd8dg9lj25o\">estresse<\/a>&#8220;.<\/p>\n<\/div>\n<div class=\"bbc-19j92fr ebmt73l0\" dir=\"ltr\">\n<p class=\"bbc-hhl7in e17g058b0\" dir=\"ltr\">&#8220;H\u00e1 cobran\u00e7as para finalizar tudo antes do ano acabar, um ambiente de compara\u00e7\u00e3o constante entre as pessoas e muitas celebra\u00e7\u00f5es em que se exibe apenas o &#8216;lado A&#8217;, o que chamamos de &#8216;lado <a class=\"focusIndicatorReducedWidth bbc-n8oauk e1p3sufg0\" href=\"https:\/\/www.bbc.com\/portuguese\/topics\/cjgn7g824nzt\">Instagram<\/a>&#8216; \u2014 as conquistas, as realiza\u00e7\u00f5es, o sucesso aparente.&#8221;<\/p>\n<\/div>\n<div class=\"bbc-19j92fr ebmt73l0\" dir=\"ltr\">\n<p class=\"bbc-hhl7in e17g058b0\" dir=\"ltr\">&#8220;Por outro lado, ao se comparar com os outros, muitas pessoas focam nas pr\u00f3prias dificuldades, no que n\u00e3o alcan\u00e7aram, no que n\u00e3o deu certo, sentindo-se menos importantes ou at\u00e9 frustradas.&#8221;<\/p>\n<p dir=\"ltr\">A psiquiatra explica que os sentimentos de inadequa\u00e7\u00e3o e a sobrecarga emocional, t\u00e3o comuns nessa \u00e9poca, podem atingir qualquer pessoa. No entanto, para quem j\u00e1 enfrenta um quadro de <a class=\"focusIndicatorReducedWidth bbc-n8oauk e1p3sufg0\" href=\"https:\/\/www.bbc.com\/portuguese\/topics\/c5qvpqy94kvt\">depress\u00e3o<\/a>, esses fatores podem ser ainda mais intensos e perigosos.<\/p>\n<div class=\"bbc-19j92fr ebmt73l0\" dir=\"ltr\">\n<p class=\"bbc-hhl7in e17g058b0\" dir=\"ltr\">&#8220;\u00c9 uma \u00e9poca em que muitas vezes as pessoas lidam com uma esp\u00e9cie de balan\u00e7o do ano, revisitando conquistas, mas tamb\u00e9m falhas e desafios. Essa reflex\u00e3o pode ser angustiante, principalmente para quem j\u00e1 est\u00e1 vulner\u00e1vel emocionalmente. O que era para ser uma celebra\u00e7\u00e3o se transforma em um per\u00edodo de maior cobran\u00e7a interna e sofrimento&#8221;, comenta.<\/p>\n<\/div>\n<div class=\"bbc-19j92fr ebmt73l0\" dir=\"ltr\">\n<p class=\"bbc-hhl7in e17g058b0\" dir=\"ltr\">A demanda por felicidade imposta socialmente pelas festas, explica Lucas Spanemberg Psiquiatra e Pesquisador PUC-RS, pode gerar press\u00e3o adicional e culpa por n\u00e3o conseguir corresponder \u00e0s expectativas. Assim, esse per\u00edodo pode ser particularmente dif\u00edcil para quem vive com a doen\u00e7a.<\/p>\n<div class=\"bbc-19j92fr ebmt73l0\" dir=\"ltr\">\n<p class=\"bbc-hhl7in e17g058b0\" dir=\"ltr\">A situa\u00e7\u00e3o j\u00e1 ganhou at\u00e9 um nome: a &#8220;dezembrite&#8221;.<\/p>\n<\/div>\n<div class=\"bbc-19j92fr ebmt73l0\" dir=\"ltr\">\n<p class=\"bbc-hhl7in e17g058b0\" dir=\"ltr\">Spanemberg aponta que alguns grupos podem ser ainda mais suscet\u00edveis a crises ou agravamento dos sintomas nessa \u00e9poca do ano.<\/p>\n<\/div>\n<div class=\"bbc-19j92fr ebmt73l0\" dir=\"ltr\">\n<p class=\"bbc-hhl7in e17g058b0\" dir=\"ltr\">&#8220;Pessoas que possuem experi\u00eancias familiares negativas, como fam\u00edlias desagregadas, traumas ou viv\u00eancias disfuncionais, tendem a ser mais sens\u00edveis.<\/p>\n<div class=\"bbc-19j92fr ebmt73l0\" dir=\"ltr\">\n<p class=\"bbc-hhl7in e17g058b0\" dir=\"ltr\">O mesmo ocorre com quem perdeu algu\u00e9m pr\u00f3ximo no \u00faltimo ano. Passar por datas significativas pela primeira vez, como o <a class=\"focusIndicatorReducedWidth bbc-n8oauk e1p3sufg0\" href=\"https:\/\/www.bbc.com\/portuguese\/topics\/ck3drm545z1t\">Natal<\/a> ou o R\u00e9veillon, pode evocar mem\u00f3rias dolorosas e intensificar o sofrimento emocional.&#8221;<\/p>\n<\/div>\n<div class=\"bbc-19j92fr ebmt73l0\" dir=\"ltr\">\n<p class=\"bbc-hhl7in e17g058b0\" dir=\"ltr\">Al\u00e9m disso, fatores como noites mal dormidas, excesso de festas, uso de \u00e1lcool e at\u00e9 mesmo a<a class=\"focusIndicatorReducedWidth bbc-n8oauk e1p3sufg0\" href=\"https:\/\/www.bbc.com\/portuguese\/articles\/cqv7ly8nx2qo\">interrup\u00e7\u00e3o do tratamento medicamentoso<\/a> \u2014 algo que n\u00e3o \u00e9 incomum nesta \u00e9poca \u2014 podem agravar os sintomas.<\/p>\n<\/div>\n<div class=\"bbc-19j92fr ebmt73l0\" dir=\"ltr\">\n<p class=\"bbc-hhl7in e17g058b0\" dir=\"ltr\">&#8220;Quando o estresse t\u00edpico do per\u00edodo se soma \u00e0 vulnerabilidade de quem j\u00e1 enfrenta a depress\u00e3o, o risco de reca\u00edda \u00e9 real. \u00c9 fundamental estar atento a esses sinais e buscar apoio, caso necess\u00e1rio.&#8221;<\/p>\n<\/div>\n<div class=\"bbc-19j92fr ebmt73l0\" dir=\"ltr\">\n<p class=\"bbc-hhl7in e17g058b0\" dir=\"ltr\">Mas nem todo des\u00e2nimo, explica a especialista, significa que o quadro de depress\u00e3o piorou ou voltou \u2014 para aqueles que j\u00e1 est\u00e3o com a doen\u00e7a controlada.<\/p>\n<\/div>\n<div class=\"bbc-19j92fr ebmt73l0\" dir=\"ltr\">\n<p class=\"bbc-hhl7in e17g058b0\" dir=\"ltr\">&#8220;\u00c9 fundamental diferenciar o que pode ser uma ang\u00fastia em fazer um balan\u00e7o da vida, uma dificuldade, um cansa\u00e7o que as pessoas t\u00eam nesse momento, ou uma reca\u00edda.&#8221;<\/p>\n<\/div>\n<div class=\"bbc-19j92fr ebmt73l0\" dir=\"ltr\">\n<h2 id=\"D\u00e1-para-evitar-crises-e-reca\u00eddas-quando-se-tem-depress\u00e3o\" class=\"bbc-1lgzob2 eglt09e0\" tabindex=\"-1\">D\u00e1 para evitar crises e reca\u00eddas quando se tem depress\u00e3o?<\/h2>\n<\/div>\n<div class=\"bbc-19j92fr ebmt73l0\" dir=\"ltr\">\n<p class=\"bbc-hhl7in e17g058b0\" dir=\"ltr\">&#8220;O primeiro passo para quem tem depress\u00e3o \u00e9 manter o tratamento em dia. A interrup\u00e7\u00e3o de medicamentos ou da psicoterapia pode aumentar o risco de reca\u00eddas. Al\u00e9m disso, intensificar o suporte psicoter\u00e1pico (mais sess\u00f5es de terapia) pode ajudar a lidar com os sentimentos despertados nesse per\u00edodo&#8221;, avalia o psiquiatra Lucas Spanemberg.<\/p>\n<\/div>\n<div class=\"bbc-19j92fr ebmt73l0\" dir=\"ltr\">\n<p class=\"bbc-hhl7in e17g058b0\" dir=\"ltr\">Outro ponto \u00e9 evitar ceder \u00e0 press\u00e3o social de aparentar felicidade e respeitar os pr\u00f3prios sentimentos.<\/p>\n<\/div>\n<div class=\"bbc-19j92fr ebmt73l0\" dir=\"ltr\">\n<p class=\"bbc-hhl7in e17g058b0\" dir=\"ltr\">Os psiquiatras apontam que entre as queixas comuns relatadas por pacientes com depress\u00e3o est\u00e3o a antecipa\u00e7\u00e3o de dor emocional relacionada \u00e0s festas e a sensa\u00e7\u00e3o de obriga\u00e7\u00e3o em conviver com pessoas que n\u00e3o trazem boas mem\u00f3rias.<\/p>\n<\/div>\n<div class=\"bbc-19j92fr ebmt73l0\" dir=\"ltr\">\n<p class=\"bbc-hhl7in e17g058b0\" dir=\"ltr\">T\u00e2nia Ferraz Alves recomenda avaliar com cuidado o que realmente n\u00e3o se pode perder e o que poderia causar ainda mais desconforto emocional.<\/p>\n<\/div>\n<div class=\"bbc-19j92fr ebmt73l0\" dir=\"ltr\">\n<p class=\"bbc-hhl7in e17g058b0\" dir=\"ltr\">&#8220;Escolher eventos que realmente fa\u00e7am sentido, seja pela necessidade &#8211; como algo do trabalho que n\u00e3o se pode perceber, ou pelo desejo de participar, ajuda a evitar sobrecargas desnecess\u00e1rias. Nem sempre \u00e9 saud\u00e1vel se for\u00e7ar a estar em festas se isso gera desgaste emocional. Reconhecer os pr\u00f3prios limites, desacelerar e priorizar o bem-estar s\u00e3o atitudes fundamentais para atravessar o per\u00edodo de fim de ano.&#8221;<\/p>\n<\/div>\n<div class=\"bbc-19j92fr ebmt73l0\" dir=\"ltr\">\n<p class=\"bbc-hhl7in e17g058b0\" dir=\"ltr\">Outro ponto importante \u00e9 evitar tratar o fim de ano como uma corrida contra o tempo, tentando concluir tudo como se fosse uma competi\u00e7\u00e3o.<\/p>\n<\/div>\n<div class=\"bbc-19j92fr ebmt73l0\" dir=\"ltr\">\n<p class=\"bbc-hhl7in e17g058b0\" dir=\"ltr\">&#8220;N\u00e3o h\u00e1 problema algum em deixar tarefas para o ano seguinte. Isso pode aliviar a sensa\u00e7\u00e3o de sobrecarga e ajudar a lidar melhor com o per\u00edodo de festas.&#8221;<\/p>\n<\/div>\n<figure class=\"bbc-1qn0xuy\">\n<div class=\"bbc-18ywsw9\"><img data-recalc-dims=\"1\" loading=\"lazy\" decoding=\"async\" class=\"bbc-139onq\" src=\"https:\/\/i0.wp.com\/ichef.bbci.co.uk\/ace\/ws\/640\/cpsprodpb\/795b\/live\/622f3d70-be57-11ef-aff0-072ce821b6ab.jpg.webp?resize=600%2C338&#038;ssl=1\" sizes=\"auto, (min-width: 1008px) 760px, 100vw\" srcset=\"https:\/\/ichef.bbci.co.uk\/ace\/ws\/240\/cpsprodpb\/795b\/live\/622f3d70-be57-11ef-aff0-072ce821b6ab.jpg.webp 240w, https:\/\/ichef.bbci.co.uk\/ace\/ws\/320\/cpsprodpb\/795b\/live\/622f3d70-be57-11ef-aff0-072ce821b6ab.jpg.webp 320w, https:\/\/ichef.bbci.co.uk\/ace\/ws\/480\/cpsprodpb\/795b\/live\/622f3d70-be57-11ef-aff0-072ce821b6ab.jpg.webp 480w, https:\/\/ichef.bbci.co.uk\/ace\/ws\/624\/cpsprodpb\/795b\/live\/622f3d70-be57-11ef-aff0-072ce821b6ab.jpg.webp 624w, https:\/\/ichef.bbci.co.uk\/ace\/ws\/800\/cpsprodpb\/795b\/live\/622f3d70-be57-11ef-aff0-072ce821b6ab.jpg.webp 800w\" alt=\"touca natalina no ch\u00e3o ao ldo de p\u00e9s com botas e cal\u00e7a pretas\" width=\"600\" height=\"338\" \/><\/p>\n<p class=\"bbc-by8ykd\" role=\"text\"><span class=\"bbc-m04vo2\">CR\u00c9DITO, <\/span><span lang=\"en-GB\">GETTY IMAGES<\/span><\/p>\n<\/div>\n<\/figure>\n<div class=\"bbc-19j92fr ebmt73l0\" dir=\"ltr\">\n<h2 id=\"O-papel-dos-familiares-e-amigos\" class=\"bbc-1lgzob2 eglt09e0\" tabindex=\"-1\">O papel dos familiares e amigos<\/h2>\n<\/div>\n<div class=\"bbc-19j92fr ebmt73l0\" dir=\"ltr\">\n<p class=\"bbc-hhl7in e17g058b0\" dir=\"ltr\">Apoio social \u00e9 essencial. Quem percebe que um familiar ou amigo est\u00e1 mais sens\u00edvel, aconselha Spanemberg, pode fazer uma aproxima\u00e7\u00e3o acolhedora e genu\u00edna.<\/p>\n<\/div>\n<div class=\"bbc-19j92fr ebmt73l0\" dir=\"ltr\">\n<p class=\"bbc-hhl7in e17g058b0\" dir=\"ltr\">&#8220;Convites para participa\u00e7\u00e3o em atividades devem ser feitos com respeito e sem que a pessoa sinta que est\u00e3o agindo por pena. O objetivo \u00e9 promover um sentimento de pertencimento, sem impor obriga\u00e7\u00f5es que possam gerar desconforto.&#8221;<\/p>\n<\/div>\n<div class=\"bbc-19j92fr ebmt73l0\" dir=\"ltr\">\n<p class=\"bbc-hhl7in e17g058b0\" dir=\"ltr\">Por outro lado, diz, \u00e9 importante reconhecer que o luto e o sofrimento n\u00e3o s\u00e3o permanentes.<\/p>\n<\/div>\n<div class=\"bbc-19j92fr ebmt73l0\" dir=\"ltr\">\n<p class=\"bbc-hhl7in e17g058b0\" dir=\"ltr\">&#8220;Entender que os sentimentos variam e buscar formas de aliviar a dor podem ser passos importantes. Encorajar a pessoa a identificar atividades que a fa\u00e7am bem e respeitar seu processo de adapta\u00e7\u00e3o s\u00e3o atitudes que fazem diferen\u00e7a.&#8221;<\/p>\n<\/div>\n<div class=\"bbc-19j92fr ebmt73l0\" dir=\"ltr\">\n<p class=\"bbc-hhl7in e17g058b0\" dir=\"ltr\">Quando uma pessoa est\u00e1 em crise e se sente sobrecarregada, o mais importante \u00e9 buscar ajuda.<\/p>\n<\/div>\n<div class=\"bbc-19j92fr ebmt73l0\" dir=\"ltr\">\n<p class=\"bbc-hhl7in e17g058b0\" dir=\"ltr\">&#8220;Isso inclui passar por um m\u00e9dico, psic\u00f3logo ou psiquiatra. Existem servi\u00e7os de emerg\u00eancia dispon\u00edveis no SUS e em redes particulares, al\u00e9m dos Centros de Aten\u00e7\u00e3o Psicossocial (CAPS), que oferecem acolhimento. Servi\u00e7os de sa\u00fade permanecem abertos mesmo durante as festas de fim de ano, garantindo apoio em situa\u00e7\u00f5es de urg\u00eancia&#8221;, recomenda Alves.<\/p>\n<\/div>\n<div class=\"bbc-19j92fr ebmt73l0\" dir=\"ltr\">\n<h2 id=\"Brasil-um-pa\u00eds-cada-vez-mais-depressivo\" class=\"bbc-1lgzob2 eglt09e0\" tabindex=\"-1\">Brasil: um pa\u00eds cada vez mais depressivo<\/h2>\n<\/div>\n<div class=\"bbc-19j92fr ebmt73l0\" dir=\"ltr\">\n<p class=\"bbc-hhl7in e17g058b0\" dir=\"ltr\">O Brasil \u00e9 o pa\u00eds com a maior preval\u00eancia de depress\u00e3o na Am\u00e9rica Latina, de acordo com o relat\u00f3rio &#8220;Depress\u00e3o e outros transtornos mentais&#8221;, da Organiza\u00e7\u00e3o Mundial da Sa\u00fade (OMS).<\/p>\n<\/div>\n<div class=\"bbc-19j92fr ebmt73l0\" dir=\"ltr\">\n<p class=\"bbc-hhl7in e17g058b0\" dir=\"ltr\">Dados do \u00faltimo mapeamento sobre a doen\u00e7a realizado pela OMS apontam que 5,8% da popula\u00e7\u00e3o brasileira sofre de depress\u00e3o, o equivalente a 11,7 milh\u00f5es de brasileiros.<\/p>\n<\/div>\n<div class=\"bbc-19j92fr ebmt73l0\" dir=\"ltr\">\n<p class=\"bbc-hhl7in e17g058b0\" dir=\"ltr\">Em seguida, aparecem Cuba (5,5%), Barbados (5,4%), Paraguai (5,2%), Bahamas (5,2%), Uruguai (5%) e Chile (5%).<\/p>\n<\/div>\n<div class=\"bbc-19j92fr ebmt73l0\" dir=\"ltr\">\n<p class=\"bbc-hhl7in e17g058b0\" dir=\"ltr\">A n\u00edvel continental, o Brasil aparece atr\u00e1s apenas dos Estados Unidos, onde segundo a OMS, 5,9% da popula\u00e7\u00e3o sofre de transtornos de depress\u00e3o.<\/p>\n<\/div>\n<div class=\"bbc-19j92fr ebmt73l0\" dir=\"ltr\">\n<p class=\"bbc-hhl7in e17g058b0\" dir=\"ltr\">No pa\u00eds, o n\u00famero de diagn\u00f3sticos tem aumentado nos \u00faltimos anos, e um estudo epidemiol\u00f3gico do Minist\u00e9rio da Sa\u00fade indica que cerca de 15,5% da popula\u00e7\u00e3o brasileira pode sofrer depress\u00e3o em algum momento da vida.<\/p>\n<\/div>\n<div class=\"bbc-19j92fr ebmt73l0\" dir=\"ltr\">\n<p class=\"bbc-hhl7in e17g058b0\" dir=\"ltr\">A OMS aponta que o n\u00famero de pessoas que sofrem de doen\u00e7as mentais comuns est\u00e1 aumentando no mundo inteiro, principalmente em pa\u00edses de baixa renda.<\/p>\n<\/div>\n<div class=\"bbc-19j92fr ebmt73l0\" dir=\"ltr\">\n<p class=\"bbc-hhl7in e17g058b0\" dir=\"ltr\">E alerta que, apesar da depress\u00e3o atingir pessoas de todas as idades e n\u00edvel de renda, o risco de algu\u00e9m ficar deprimido aumenta com a pobreza, o desemprego e com fatos da vida, como a morte de uma pessoa pr\u00f3xima, o fim de um relacionamento, debilita\u00e7\u00e3o f\u00edsica ou problemas causados pelo consumo de \u00e1lcool ou drogas.<\/p>\n<\/div>\n<div class=\"bbc-19j92fr ebmt73l0\" dir=\"ltr\">\n<p class=\"bbc-hhl7in e17g058b0\" dir=\"ltr\">Atualmente, mais de 450 milh\u00f5es de pessoas s\u00e3o afetadas diretamente por transtornos mentais, a maioria delas nos pa\u00edses em desenvolvimento, segundo a OMS. As informa\u00e7\u00f5es foram divulgadas durante a primeira C\u00fapula Global de Sa\u00fade Mental, realizada em Atenas, na Gr\u00e9cia.<\/p>\n<\/div>\n<div class=\"bbc-19j92fr ebmt73l0\" dir=\"ltr\">\n<p class=\"bbc-hhl7in e17g058b0\" dir=\"ltr\">&#8220;Os n\u00fameros da OMS mostram claramente que o peso da depress\u00e3o (em termos de perdas para as pessoas afetadas) vai provavelmente aumentar, de modo que, em 2030, ela ser\u00e1 sozinha a maior causa de perdas (para a popula\u00e7\u00e3o) entre todos os problemas de sa\u00fade&#8221;, afirmou \u00e0 BBC o m\u00e9dico Shekhar Saxena, do Departamento de Sa\u00fade Mental da OMS.<\/p>\n<\/div>\n<div class=\"bbc-19j92fr ebmt73l0\" dir=\"ltr\">\n<p class=\"bbc-hhl7in e17g058b0\" dir=\"ltr\"><i class=\"bbc-h1y5j7 eih42320\">*Com informa\u00e7\u00f5es da reportagem de Rone Carvalho<\/i><\/p>\n<\/div>\n<\/div>\n<\/div>\n<\/div>\n","protected":false},"excerpt":{"rendered":"<p>Giulia Granchi, \u00a0Da BBC News Brasil em S\u00e3o Paulo &#8211; O fim do ano \u00e9 um per\u00edodo de emo\u00e7\u00f5es intensas, marcado tanto por celebra\u00e7\u00f5es quanto por reflex\u00f5es e cobran\u00e7as internas.<\/p>\n","protected":false},"author":1,"featured_media":0,"comment_status":"closed","ping_status":"open","sticky":false,"template":"","format":"standard","meta":{"_exactmetrics_skip_tracking":false,"_exactmetrics_sitenote_active":false,"_exactmetrics_sitenote_note":"","_exactmetrics_sitenote_category":0,"jetpack_post_was_ever_published":false,"_jetpack_newsletter_access":"","_jetpack_dont_email_post_to_subs":false,"_jetpack_newsletter_tier_id":0,"_jetpack_memberships_contains_paywalled_content":false,"_jetpack_memberships_contains_paid_content":false,"footnotes":"","jetpack_publicize_message":"","jetpack_publicize_feature_enabled":true,"jetpack_social_post_already_shared":true,"jetpack_social_options":{"image_generator_settings":{"template":"highway","enabled":false},"version":2}},"categories":[1],"tags":[754,1222,1223],"class_list":["post-36367","post","type-post","status-publish","format-standard","hentry","category-notas","tag-depressao","tag-festas","tag-fim-de-ano"],"jetpack_publicize_connections":[],"jetpack_sharing_enabled":true,"jetpack_featured_media_url":"","jetpack_shortlink":"https:\/\/wp.me\/p7wKYW-9sz","jetpack-related-posts":[],"_links":{"self":[{"href":"http:\/\/blogdalucianaoliveira.com.br\/blog\/wp-json\/wp\/v2\/posts\/36367","targetHints":{"allow":["GET"]}}],"collection":[{"href":"http:\/\/blogdalucianaoliveira.com.br\/blog\/wp-json\/wp\/v2\/posts"}],"about":[{"href":"http:\/\/blogdalucianaoliveira.com.br\/blog\/wp-json\/wp\/v2\/types\/post"}],"author":[{"embeddable":true,"href":"http:\/\/blogdalucianaoliveira.com.br\/blog\/wp-json\/wp\/v2\/users\/1"}],"replies":[{"embeddable":true,"href":"http:\/\/blogdalucianaoliveira.com.br\/blog\/wp-json\/wp\/v2\/comments?post=36367"}],"version-history":[{"count":1,"href":"http:\/\/blogdalucianaoliveira.com.br\/blog\/wp-json\/wp\/v2\/posts\/36367\/revisions"}],"predecessor-version":[{"id":36369,"href":"http:\/\/blogdalucianaoliveira.com.br\/blog\/wp-json\/wp\/v2\/posts\/36367\/revisions\/36369"}],"wp:attachment":[{"href":"http:\/\/blogdalucianaoliveira.com.br\/blog\/wp-json\/wp\/v2\/media?parent=36367"}],"wp:term":[{"taxonomy":"category","embeddable":true,"href":"http:\/\/blogdalucianaoliveira.com.br\/blog\/wp-json\/wp\/v2\/categories?post=36367"},{"taxonomy":"post_tag","embeddable":true,"href":"http:\/\/blogdalucianaoliveira.com.br\/blog\/wp-json\/wp\/v2\/tags?post=36367"}],"curies":[{"name":"wp","href":"https:\/\/api.w.org\/{rel}","templated":true}]}}