{"id":36373,"date":"2024-12-26T12:18:23","date_gmt":"2024-12-26T16:18:23","guid":{"rendered":"http:\/\/blogdalucianaoliveira.com.br\/blog\/?p=36373"},"modified":"2024-12-26T12:18:23","modified_gmt":"2024-12-26T16:18:23","slug":"vendas-do-varejo-brasileiro-crescem-122-neste-fim-de-ano","status":"publish","type":"post","link":"http:\/\/blogdalucianaoliveira.com.br\/blog\/2024\/12\/26\/vendas-do-varejo-brasileiro-crescem-122-neste-fim-de-ano\/","title":{"rendered":"Vendas do varejo brasileiro crescem 12,2% neste fim de ano"},"content":{"rendered":"<p><img data-recalc-dims=\"1\" loading=\"lazy\" decoding=\"async\" data-attachment-id=\"36374\" data-permalink=\"http:\/\/blogdalucianaoliveira.com.br\/blog\/2024\/12\/26\/vendas-do-varejo-brasileiro-crescem-122-neste-fim-de-ano\/img_5037\/\" data-orig-file=\"https:\/\/i0.wp.com\/blogdalucianaoliveira.com.br\/blog\/wp-content\/uploads\/2024\/12\/IMG_5037.webp?fit=500%2C240\" data-orig-size=\"500,240\" data-comments-opened=\"0\" data-image-meta=\"{&quot;aperture&quot;:&quot;0&quot;,&quot;credit&quot;:&quot;&quot;,&quot;camera&quot;:&quot;&quot;,&quot;caption&quot;:&quot;&quot;,&quot;created_timestamp&quot;:&quot;0&quot;,&quot;copyright&quot;:&quot;&quot;,&quot;focal_length&quot;:&quot;0&quot;,&quot;iso&quot;:&quot;0&quot;,&quot;shutter_speed&quot;:&quot;0&quot;,&quot;title&quot;:&quot;&quot;,&quot;orientation&quot;:&quot;0&quot;}\" data-image-title=\"IMG_5037\" data-image-description=\"\" data-image-caption=\"\" data-medium-file=\"https:\/\/i0.wp.com\/blogdalucianaoliveira.com.br\/blog\/wp-content\/uploads\/2024\/12\/IMG_5037.webp?fit=300%2C144\" data-large-file=\"https:\/\/i0.wp.com\/blogdalucianaoliveira.com.br\/blog\/wp-content\/uploads\/2024\/12\/IMG_5037.webp?fit=500%2C240\" class=\"alignnone size-medium wp-image-36374\" src=\"https:\/\/i0.wp.com\/blogdalucianaoliveira.com.br\/blog\/wp-content\/uploads\/2024\/12\/IMG_5037.webp?resize=300%2C144\" alt=\"\" width=\"300\" height=\"144\" srcset=\"https:\/\/i0.wp.com\/blogdalucianaoliveira.com.br\/blog\/wp-content\/uploads\/2024\/12\/IMG_5037.webp?resize=300%2C144 300w, https:\/\/i0.wp.com\/blogdalucianaoliveira.com.br\/blog\/wp-content\/uploads\/2024\/12\/IMG_5037.webp?w=500 500w\" sizes=\"auto, (max-width: 300px) 100vw, 300px\" \/><\/p>\n<p><b>247 &#8211; <\/b>As vendas no varejo brasileiro registraram um aumento expressivo de 12,2% neste fim de ano em compara\u00e7\u00e3o ao mesmo per\u00edodo de 2023, informa Lauro Jardim, do jornal <a href=\"https:\/\/oglobo.globo.com\/blogs\/lauro-jardim\/post\/2024\/12\/varejo-chega-ao-fim-do-ano-com-alta-de-122percent-nas-vendas-na-comparacao-com-2023.ghtml\" target=\"_blank\" rel=\"noopener noreferrer\">O Globo<\/a>. Os dados s\u00e3o da Visa Consulting &amp; Analytics, bra\u00e7o de consultoria da bandeira de cart\u00f5es, que analisou transa\u00e7\u00f5es realizadas desde 1\u00ba de novembro. O levantamento considerou todas as formas de pagamento, incluindo estimativas de outros servi\u00e7os financeiros al\u00e9m da plataforma da Visa.<!--more--><\/p>\n<p>De acordo com o estudo, a temporada das festas de fim de ano foi determinante para levar consumidores \u00e0s lojas f\u00edsicas, respons\u00e1veis por 74% das transa\u00e7\u00f5es registradas. O e-commerce, por sua vez, tamb\u00e9m apresentou desempenho not\u00e1vel, com alta de 17,6% nas vendas em rela\u00e7\u00e3o ao mesmo per\u00edodo do ano passado.<\/p>\n<p><b>Eletr\u00f4nicos, brinquedos e alimentos lideram o consumo &#8211; <\/b>Os itens mais procurados pelos brasileiros refletem tanto a demanda por presentes quanto pela celebra\u00e7\u00e3o das festas. As vendas de eletr\u00f4nicos dispararam 25,9% em rela\u00e7\u00e3o a 2023, enquanto os brinquedos cresceram 24% e roupas e acess\u00f3rios registraram aumento de 13%. J\u00e1 no setor aliment\u00edcio, impulsionado pelas ceias de Natal e R\u00e9veillon, as vendas subiram 18,4%.<\/p>\n","protected":false},"excerpt":{"rendered":"<p>247 &#8211; As vendas no varejo brasileiro registraram um aumento expressivo de 12,2% neste fim de ano em compara\u00e7\u00e3o ao mesmo per\u00edodo de 2023, informa Lauro Jardim, do jornal O Globo. Os dados s\u00e3o da Visa Consulting &amp; Analytics, bra\u00e7o de consultoria da bandeira de cart\u00f5es, que analisou transa\u00e7\u00f5es realizadas desde 1\u00ba de novembro. O&#8230;<a class=\"more-link\" href=\"http:\/\/blogdalucianaoliveira.com.br\/blog\/2024\/12\/26\/vendas-do-varejo-brasileiro-crescem-122-neste-fim-de-ano\/\">Continue a leitura <span class=\"meta-nav\">&raquo;<\/span><\/a><\/p>\n","protected":false},"author":1,"featured_media":0,"comment_status":"closed","ping_status":"open","sticky":false,"template":"","format":"standard","meta":{"_exactmetrics_skip_tracking":false,"_exactmetrics_sitenote_active":false,"_exactmetrics_sitenote_note":"","_exactmetrics_sitenote_category":0,"jetpack_post_was_ever_published":false,"_jetpack_newsletter_access":"","_jetpack_dont_email_post_to_subs":false,"_jetpack_newsletter_tier_id":0,"_jetpack_memberships_contains_paywalled_content":false,"_jetpack_memberships_contains_paid_content":false,"footnotes":"","jetpack_publicize_message":"","jetpack_publicize_feature_enabled":true,"jetpack_social_post_already_shared":true,"jetpack_social_options":{"image_generator_settings":{"template":"highway","enabled":false},"version":2}},"categories":[1],"tags":[1127,1215,1203],"class_list":["post-36373","post","type-post","status-publish","format-standard","hentry","category-notas","tag-alta","tag-varejo","tag-vendas"],"jetpack_publicize_connections":[],"jetpack_sharing_enabled":true,"jetpack_featured_media_url":"","jetpack_shortlink":"https:\/\/wp.me\/p7wKYW-9sF","jetpack-related-posts":[],"_links":{"self":[{"href":"http:\/\/blogdalucianaoliveira.com.br\/blog\/wp-json\/wp\/v2\/posts\/36373","targetHints":{"allow":["GET"]}}],"collection":[{"href":"http:\/\/blogdalucianaoliveira.com.br\/blog\/wp-json\/wp\/v2\/posts"}],"about":[{"href":"http:\/\/blogdalucianaoliveira.com.br\/blog\/wp-json\/wp\/v2\/types\/post"}],"author":[{"embeddable":true,"href":"http:\/\/blogdalucianaoliveira.com.br\/blog\/wp-json\/wp\/v2\/users\/1"}],"replies":[{"embeddable":true,"href":"http:\/\/blogdalucianaoliveira.com.br\/blog\/wp-json\/wp\/v2\/comments?post=36373"}],"version-history":[{"count":1,"href":"http:\/\/blogdalucianaoliveira.com.br\/blog\/wp-json\/wp\/v2\/posts\/36373\/revisions"}],"predecessor-version":[{"id":36375,"href":"http:\/\/blogdalucianaoliveira.com.br\/blog\/wp-json\/wp\/v2\/posts\/36373\/revisions\/36375"}],"wp:attachment":[{"href":"http:\/\/blogdalucianaoliveira.com.br\/blog\/wp-json\/wp\/v2\/media?parent=36373"}],"wp:term":[{"taxonomy":"category","embeddable":true,"href":"http:\/\/blogdalucianaoliveira.com.br\/blog\/wp-json\/wp\/v2\/categories?post=36373"},{"taxonomy":"post_tag","embeddable":true,"href":"http:\/\/blogdalucianaoliveira.com.br\/blog\/wp-json\/wp\/v2\/tags?post=36373"}],"curies":[{"name":"wp","href":"https:\/\/api.w.org\/{rel}","templated":true}]}}