{"id":36376,"date":"2024-12-26T16:15:43","date_gmt":"2024-12-26T20:15:43","guid":{"rendered":"http:\/\/blogdalucianaoliveira.com.br\/blog\/?p=36376"},"modified":"2024-12-26T16:15:43","modified_gmt":"2024-12-26T20:15:43","slug":"liminar-suspende-festa-de-reveillon-na-estrada-de-ferro-madeira-mamore","status":"publish","type":"post","link":"http:\/\/blogdalucianaoliveira.com.br\/blog\/2024\/12\/26\/liminar-suspende-festa-de-reveillon-na-estrada-de-ferro-madeira-mamore\/","title":{"rendered":"Liminar suspende festa de r\u00e9veillon na Estrada de Ferro Madeira-Mamor\u00e9"},"content":{"rendered":"<p><img data-recalc-dims=\"1\" loading=\"lazy\" decoding=\"async\" data-attachment-id=\"36377\" data-permalink=\"http:\/\/blogdalucianaoliveira.com.br\/blog\/2024\/12\/26\/liminar-suspende-festa-de-reveillon-na-estrada-de-ferro-madeira-mamore\/img_5039\/\" data-orig-file=\"https:\/\/i0.wp.com\/blogdalucianaoliveira.com.br\/blog\/wp-content\/uploads\/2024\/12\/IMG_5039.jpeg?fit=1000%2C564\" data-orig-size=\"1000,564\" data-comments-opened=\"0\" data-image-meta=\"{&quot;aperture&quot;:&quot;0&quot;,&quot;credit&quot;:&quot;&quot;,&quot;camera&quot;:&quot;&quot;,&quot;caption&quot;:&quot;&quot;,&quot;created_timestamp&quot;:&quot;0&quot;,&quot;copyright&quot;:&quot;&quot;,&quot;focal_length&quot;:&quot;0&quot;,&quot;iso&quot;:&quot;0&quot;,&quot;shutter_speed&quot;:&quot;0&quot;,&quot;title&quot;:&quot;&quot;,&quot;orientation&quot;:&quot;1&quot;}\" data-image-title=\"IMG_5039\" data-image-description=\"\" data-image-caption=\"\" data-medium-file=\"https:\/\/i0.wp.com\/blogdalucianaoliveira.com.br\/blog\/wp-content\/uploads\/2024\/12\/IMG_5039.jpeg?fit=300%2C169\" data-large-file=\"https:\/\/i0.wp.com\/blogdalucianaoliveira.com.br\/blog\/wp-content\/uploads\/2024\/12\/IMG_5039.jpeg?fit=600%2C338\" class=\"alignnone size-medium wp-image-36377\" src=\"https:\/\/i0.wp.com\/blogdalucianaoliveira.com.br\/blog\/wp-content\/uploads\/2024\/12\/IMG_5039.jpeg?resize=300%2C169\" alt=\"\" width=\"300\" height=\"169\" srcset=\"https:\/\/i0.wp.com\/blogdalucianaoliveira.com.br\/blog\/wp-content\/uploads\/2024\/12\/IMG_5039.jpeg?resize=300%2C169 300w, https:\/\/i0.wp.com\/blogdalucianaoliveira.com.br\/blog\/wp-content\/uploads\/2024\/12\/IMG_5039.jpeg?resize=768%2C433 768w, https:\/\/i0.wp.com\/blogdalucianaoliveira.com.br\/blog\/wp-content\/uploads\/2024\/12\/IMG_5039.jpeg?resize=532%2C300 532w, https:\/\/i0.wp.com\/blogdalucianaoliveira.com.br\/blog\/wp-content\/uploads\/2024\/12\/IMG_5039.jpeg?w=1000 1000w\" sizes=\"auto, (max-width: 300px) 100vw, 300px\" \/><\/p>\n<h2 class=\"content-head__subtitle\">Ainda de acordo com a decis\u00e3o, qualquer evento no im\u00f3vel somente pode ser realizado mediante autoriza\u00e7\u00e3o formal e pr\u00e9via do Iphan. O juiz aponta que o Munic\u00edpio de Porto Velho exer\u00e7a o dever de fiscaliza\u00e7\u00e3o sobre o uso adequado do bem tombado.<\/h2>\n<p><!--more--><\/p>\n<p>G1 &#8211; A Justi\u00e7a Federal concedeu uma liminar ao Instituto do Patrim\u00f4nio Hist\u00f3rico e Art\u00edstico Nacional (Iphan) ordenando o cancelamento de uma festa de reveillon marcada para ocorrer na Estrada de Ferro Madeira-Mamor\u00e9. A decis\u00e3o deve ser cumprida sob pena de multa di\u00e1ria de R$ 100 mil.<\/p>\n<div class=\"wall protected-content\">\n<div id=\"chunk-3j9fq\">\n<div class=\"mc-column content-text active-extra-styles \" data-block-type=\"unstyled\" data-block-weight=\"57\" data-block-id=\"4\">\n<p class=\" content-text__container \" data-track-category=\"Link no Texto\" data-track-links=\"\"><strong>\u27a1\ufe0fContexto: <\/strong>O Complexo da EFMM \u00e9 tombado como Patrim\u00f4nio Cultural Brasileiro desde 2006<a class=\"\" href=\"https:\/\/g1.globo.com\/ro\/rondonia\/noticia\/2024\/05\/04\/complexo-madeira-mamore-simbolo-de-ro-reabre-apos-5-anos-a-origem-do-que-somos-esta-ali-diz-historiador.ghtml\">. O local foi reaberto no dia 4 de maio, ap\u00f3s ficar cinco anos fechado para revitaliza\u00e7\u00e3o. <\/a>Em 2024, um contrato de concess\u00e3o do complexo foi assinado entre a prefeitura de <a class=\"\" href=\"https:\/\/g1.globo.com\/ro\/rondonia\/cidade\/porto-velho\/\">Porto Velho<\/a> e o grupo Amazon Fort Solu\u00e7\u00f5es Ambientais e Servi\u00e7os de Engenharia Ltda.<\/p>\n<\/div>\n<\/div>\n<div id=\"chunk-2gs88\">\n<div class=\"mc-column content-text active-extra-styles \" data-block-type=\"unstyled\" data-block-weight=\"32\" data-block-id=\"5\">\n<p class=\" content-text__container \" data-track-category=\"Link no Texto\" data-track-links=\"\">A <a class=\"\" href=\"https:\/\/g1.globo.com\/ro\/rondonia\/noticia\/2024\/12\/20\/entenda-polemica-envolvendo-a-realizacao-de-festas-na-estrada-de-ferro-madeira-mamore.ghtml\">pol\u00eamica sobre a realiza\u00e7\u00e3o de eventos no local come\u00e7ou depois de uma festa de pagode realizada sem autoriza\u00e7\u00e3o<\/a> e em desacordo com as normas de preserva\u00e7\u00e3o, segundo o processo judicial.<\/p>\n<div id=\"chunk-208da\">\n<div class=\"mc-column content-text active-extra-styles \" data-block-type=\"unstyled\" data-block-weight=\"42\" data-block-id=\"7\">\n<p class=\" content-text__container \" data-track-category=\"Link no Texto\" data-track-links=\"\">O Iphan entrou com uma a\u00e7\u00e3o civil p\u00fablica contra a Amazon Fort depois de expressar &#8220;grande preocupa\u00e7\u00e3o&#8221; com o cen\u00e1rio, pois os eventos apresentam um alto risco \u00e0 integridade do patrim\u00f4nio hist\u00f3rico, j\u00e1 que ser\u00e1 ocupado por uma grande quantidade de pessoas.<\/p>\n<\/div>\n<\/div>\n<div id=\"chunk-aut03\">\n<div class=\"mc-column content-text active-extra-styles \" data-block-type=\"unstyled\" data-block-weight=\"52\" data-block-id=\"8\">\n<p class=\" content-text__container \" data-track-category=\"Link no Texto\" data-track-links=\"\">Na decis\u00e3o o juiz aponta que o Munic\u00edpio de Porto Velho recebeu os of\u00edcios sobre a necessidade de fiscaliza\u00e7\u00e3o e colabora\u00e7\u00e3o para evitar a realiza\u00e7\u00e3o de eventos sem autoriza\u00e7\u00e3o e falhou no papel de garantir o uso correto do bem p\u00fablico e exigir o cumprimento das obriga\u00e7\u00f5es de preserva\u00e7\u00e3o do patrim\u00f4nio tombado.<\/p>\n<\/div>\n<\/div>\n<div id=\"chunk-5fdnd\">\n<div class=\"mc-column\" data-block-type=\"ads\" data-block-id=\"9\"><\/div>\n<\/div>\n<div id=\"chunk-55svc\">\n<div class=\"mc-column content-text active-extra-styles \" data-block-type=\"unstyled\" data-block-weight=\"10\" data-block-id=\"10\">\n<p class=\" content-text__container \" data-track-category=\"Link no Texto\" data-track-links=\"\">Al\u00e9m de determinar o cancelamento do evento, a liminar estabelece:<\/p>\n<\/div>\n<\/div>\n<div id=\"chunk-dpb8u\">\n<div class=\"mc-column content-text active-extra-styles\" data-block-type=\"raw\" data-block-weight=\"60\" data-block-id=\"11\">\n<p class=\"content-text__container\">\n<ul class=\"content-unordered-list\">\n<li>qualquer evento no im\u00f3vel somente pode ser realizado mediante autoriza\u00e7\u00e3o formal e pr\u00e9via do Iphan;<\/li>\n<li>e a empresa requerida se abstenha de impedir o Iphan de realizar fiscaliza\u00e7\u00f5es no local;<\/li>\n<li>o Munic\u00edpio de Porto Velho exer\u00e7a o dever de fiscaliza\u00e7\u00e3o sobre o uso adequado do bem tombado e garanta que eventos s\u00f3 sejam realizados no local com autoriza\u00e7\u00e3o do Iphan.<\/li>\n<\/ul>\n<p>&nbsp;<\/p>\n<\/div>\n<\/div>\n<div id=\"chunk-b8110\">\n<div class=\"mc-column content-text active-extra-styles \" data-block-type=\"unstyled\" data-block-weight=\"25\" data-block-id=\"12\">\n<p class=\" content-text__container \" data-track-category=\"Link no Texto\" data-track-links=\"\">O juiz plantonista aponta que n\u00e3o ser\u00e3o apreciados pedidos de reconsidera\u00e7\u00e3o da decis\u00e3o. O teor da decis\u00e3o apenas poder\u00e1 ser questionado em segunda inst\u00e2ncia.<\/p>\n<\/div>\n<\/div>\n<div id=\"chunk-fqunl\">\n<div class=\"mc-column content-text active-extra-styles \" data-block-type=\"unstyled\" data-block-weight=\"26\" data-block-id=\"13\">\n<p class=\" content-text__container \" data-track-category=\"Link no Texto\" data-track-links=\"\">O <strong>g1<\/strong> entrou em contato com a Amazon Fort e a Prefeitura de Porto Velho, mas n\u00e3o obteve retorno at\u00e9 a \u00faltima atualiza\u00e7\u00e3o desta reportagem.<\/p>\n<\/div>\n<\/div>\n<\/div>\n<\/div>\n<\/div>\n","protected":false},"excerpt":{"rendered":"<p>Ainda de acordo com a decis\u00e3o, qualquer evento no im\u00f3vel somente pode ser realizado mediante autoriza\u00e7\u00e3o formal e pr\u00e9via do Iphan. O juiz aponta que o Munic\u00edpio de Porto Velho exer\u00e7a o dever de fiscaliza\u00e7\u00e3o sobre o uso adequado do bem tombado.<\/p>\n","protected":false},"author":1,"featured_media":0,"comment_status":"closed","ping_status":"open","sticky":false,"template":"","format":"standard","meta":{"_exactmetrics_skip_tracking":false,"_exactmetrics_sitenote_active":false,"_exactmetrics_sitenote_note":"","_exactmetrics_sitenote_category":0,"jetpack_post_was_ever_published":false,"_jetpack_newsletter_access":"","_jetpack_dont_email_post_to_subs":false,"_jetpack_newsletter_tier_id":0,"_jetpack_memberships_contains_paywalled_content":false,"_jetpack_memberships_contains_paid_content":false,"footnotes":"","jetpack_publicize_message":"","jetpack_publicize_feature_enabled":true,"jetpack_social_post_already_shared":true,"jetpack_social_options":{"image_generator_settings":{"template":"highway","enabled":false},"version":2}},"categories":[1],"tags":[786,1217,1216],"class_list":["post-36376","post","type-post","status-publish","format-standard","hentry","category-notas","tag-efmm","tag-iphan","tag-reveillon"],"jetpack_publicize_connections":[],"jetpack_sharing_enabled":true,"jetpack_featured_media_url":"","jetpack_shortlink":"https:\/\/wp.me\/p7wKYW-9sI","jetpack-related-posts":[],"_links":{"self":[{"href":"http:\/\/blogdalucianaoliveira.com.br\/blog\/wp-json\/wp\/v2\/posts\/36376","targetHints":{"allow":["GET"]}}],"collection":[{"href":"http:\/\/blogdalucianaoliveira.com.br\/blog\/wp-json\/wp\/v2\/posts"}],"about":[{"href":"http:\/\/blogdalucianaoliveira.com.br\/blog\/wp-json\/wp\/v2\/types\/post"}],"author":[{"embeddable":true,"href":"http:\/\/blogdalucianaoliveira.com.br\/blog\/wp-json\/wp\/v2\/users\/1"}],"replies":[{"embeddable":true,"href":"http:\/\/blogdalucianaoliveira.com.br\/blog\/wp-json\/wp\/v2\/comments?post=36376"}],"version-history":[{"count":2,"href":"http:\/\/blogdalucianaoliveira.com.br\/blog\/wp-json\/wp\/v2\/posts\/36376\/revisions"}],"predecessor-version":[{"id":36379,"href":"http:\/\/blogdalucianaoliveira.com.br\/blog\/wp-json\/wp\/v2\/posts\/36376\/revisions\/36379"}],"wp:attachment":[{"href":"http:\/\/blogdalucianaoliveira.com.br\/blog\/wp-json\/wp\/v2\/media?parent=36376"}],"wp:term":[{"taxonomy":"category","embeddable":true,"href":"http:\/\/blogdalucianaoliveira.com.br\/blog\/wp-json\/wp\/v2\/categories?post=36376"},{"taxonomy":"post_tag","embeddable":true,"href":"http:\/\/blogdalucianaoliveira.com.br\/blog\/wp-json\/wp\/v2\/tags?post=36376"}],"curies":[{"name":"wp","href":"https:\/\/api.w.org\/{rel}","templated":true}]}}