{"id":36391,"date":"2025-01-02T09:35:40","date_gmt":"2025-01-02T13:35:40","guid":{"rendered":"http:\/\/blogdalucianaoliveira.com.br\/blog\/?p=36391"},"modified":"2025-01-02T09:35:40","modified_gmt":"2025-01-02T13:35:40","slug":"posse-do-prefeito-tem-momento-emocionante-com-primeira-bandeira-hasteada-em-porto-velho","status":"publish","type":"post","link":"http:\/\/blogdalucianaoliveira.com.br\/blog\/2025\/01\/02\/posse-do-prefeito-tem-momento-emocionante-com-primeira-bandeira-hasteada-em-porto-velho\/","title":{"rendered":"Posse do prefeito tem momento emocionante com primeira bandeira hasteada em Porto Velho"},"content":{"rendered":"<p><img data-recalc-dims=\"1\" loading=\"lazy\" decoding=\"async\" data-attachment-id=\"36392\" data-permalink=\"http:\/\/blogdalucianaoliveira.com.br\/blog\/2025\/01\/02\/posse-do-prefeito-tem-momento-emocionante-com-primeira-bandeira-hasteada-em-porto-velho\/img_5389\/\" data-orig-file=\"https:\/\/i0.wp.com\/blogdalucianaoliveira.com.br\/blog\/wp-content\/uploads\/2025\/01\/IMG_5389.jpeg?fit=960%2C640\" data-orig-size=\"960,640\" data-comments-opened=\"0\" data-image-meta=\"{&quot;aperture&quot;:&quot;0&quot;,&quot;credit&quot;:&quot;&quot;,&quot;camera&quot;:&quot;&quot;,&quot;caption&quot;:&quot;&quot;,&quot;created_timestamp&quot;:&quot;0&quot;,&quot;copyright&quot;:&quot;&quot;,&quot;focal_length&quot;:&quot;0&quot;,&quot;iso&quot;:&quot;0&quot;,&quot;shutter_speed&quot;:&quot;0&quot;,&quot;title&quot;:&quot;&quot;,&quot;orientation&quot;:&quot;1&quot;}\" data-image-title=\"IMG_5389\" data-image-description=\"\" data-image-caption=\"\" data-medium-file=\"https:\/\/i0.wp.com\/blogdalucianaoliveira.com.br\/blog\/wp-content\/uploads\/2025\/01\/IMG_5389.jpeg?fit=300%2C200\" data-large-file=\"https:\/\/i0.wp.com\/blogdalucianaoliveira.com.br\/blog\/wp-content\/uploads\/2025\/01\/IMG_5389.jpeg?fit=600%2C400\" class=\"alignnone size-medium wp-image-36392\" src=\"https:\/\/i0.wp.com\/blogdalucianaoliveira.com.br\/blog\/wp-content\/uploads\/2025\/01\/IMG_5389.jpeg?resize=300%2C200\" alt=\"\" width=\"300\" height=\"200\" srcset=\"https:\/\/i0.wp.com\/blogdalucianaoliveira.com.br\/blog\/wp-content\/uploads\/2025\/01\/IMG_5389.jpeg?resize=300%2C200 300w, https:\/\/i0.wp.com\/blogdalucianaoliveira.com.br\/blog\/wp-content\/uploads\/2025\/01\/IMG_5389.jpeg?resize=768%2C512 768w, https:\/\/i0.wp.com\/blogdalucianaoliveira.com.br\/blog\/wp-content\/uploads\/2025\/01\/IMG_5389.jpeg?resize=450%2C300 450w, https:\/\/i0.wp.com\/blogdalucianaoliveira.com.br\/blog\/wp-content\/uploads\/2025\/01\/IMG_5389.jpeg?w=960 960w\" sizes=\"auto, (max-width: 300px) 100vw, 300px\" \/><\/p>\n<h2 class=\"post-subtitle\" data-pf_style_display=\"block\" data-pf_style_visibility=\"visible\"><span class=\"text-node\">Luciana Oliveira representou Ant\u00f4nio C\u00e2ndido da Silva durante a cerim\u00f4nia de posse do prefeito L\u00e9o Moraes e vereadores da Capital, destacando o legado cultural e hist\u00f3rico de seu pai<\/span><\/h2>\n<p><!--more--><span data-pf_style_display=\"inline\" data-pf_style_visibility=\"visible\"><span class=\"text-node\"><b><br \/>\n<\/b><\/span><\/span><span data-pf_style_display=\"inline\" data-pf_style_visibility=\"visible\"><span class=\"text-node\"><b>Por Informa Rond\u00f4nia <\/b><\/span><\/span><span data-pf_style_display=\"inline\" data-pf_style_visibility=\"visible\"><span class=\"text-node\"><b>\u2013<\/b><\/span><\/span><span class=\"text-node\"> Luciana Oliveira, filha de Ant\u00f4nio C\u00e2ndido da Silva, criador da bandeira e do bras\u00e3o do munic\u00edpio de Porto Velho, participou da cerim\u00f4nia de posse do prefeito L\u00e9o Moraes, do Podemos, e dos vereadores da capital de Rond\u00f4nia.<\/span><\/p>\n<p data-pf_style_display=\"block\" data-pf_style_visibility=\"visible\"><span class=\"text-node\">Durante o evento, realizado no in\u00edcio do mandato, Luciana representou seu pai segurando a bandeira municipal diante do p\u00fablico, destacando o significado hist\u00f3rico e cultural do s\u00edmbolo criado por Ant\u00f4nio C\u00e2ndido.<\/span><\/p>\n<p data-pf_style_display=\"block\" data-pf_style_visibility=\"visible\"><span class=\"text-node\">O detalhe singular \u00e9 que a bandeira apresentada foi pintada \u00e0 m\u00e3o por Ant\u00f4nio C\u00e2ndido e foi a primeira a ser hasteada em Porto Velho, em 1983, n\u00e3o sendo um exemplar comprado em loja, mas uma pe\u00e7a original que carrega a ess\u00eancia da cria\u00e7\u00e3o.<\/span><\/p>\n<p data-pf_style_display=\"block\" data-pf_style_visibility=\"visible\"><span class=\"text-node\">Luciana Oliveira, jornalista, ativista social e figura atuante na cultura momesca de Porto Velho, usou a oportunidade para celebrar o legado de seu pai e a relev\u00e2ncia dos s\u00edmbolos municipais. A bandeira de Porto Velho, idealizada por Ant\u00f4nio C\u00e2ndido, carrega significados profundos que remetem \u00e0 hist\u00f3ria e \u00e0s riquezas da regi\u00e3o.<\/span><\/p>\n<div data-pf_style_display=\"block\" data-pf_style_visibility=\"visible\">\n<p data-pf_style_display=\"block\" data-pf_style_visibility=\"visible\"><span class=\"text-node\">A bandeira \u00e9 dividida em dois tons principais: um ter\u00e7o na cor amarela, representando as riquezas minerais do munic\u00edpio, e dois ter\u00e7os em azul, simbolizando o c\u00e9u da \u00e9poca de sua cria\u00e7\u00e3o. Na faixa amarela, est\u00e3o as ic\u00f4nicas tr\u00eas Caixas-d\u2019\u00c1gua, s\u00edmbolo do complexo ferrovi\u00e1rio da Estrada de Ferro Madeira-Mamor\u00e9, em torno do qual Porto Velho se desenvolveu.<\/span><\/p>\n<p data-pf_style_display=\"block\" data-pf_style_visibility=\"visible\"><span class=\"text-node\">Essas estruturas, conhecidas como \u201cAs Tr\u00eas Marias\u201d, s\u00e3o um marco de resist\u00eancia em dois momentos hist\u00f3ricos: durante a constru\u00e7\u00e3o da ferrovia, que custou in\u00fameras vidas, e na tentativa de desmonte e venda do acervo ferrovi\u00e1rio. Mesmo diante dessas amea\u00e7as, as Caixas-d\u2019\u00c1gua permaneceram intactas, consolidando-se como um emblema de for\u00e7a e hist\u00f3ria para o munic\u00edpio.<\/span><\/p>\n<p data-pf_style_display=\"block\" data-pf_style_visibility=\"visible\"><span class=\"text-node\">O bras\u00e3o de Porto Velho, tamb\u00e9m criado por Ant\u00f4nio C\u00e2ndido, reflete elementos semelhantes, com destaque para as Caixas-d\u2019\u00c1gua, um ramo de seringueira e um tor\u00e7al de arroz, que simbolizam as origens extrativistas e agr\u00edcolas do munic\u00edpio. A estrela de cinco pontas no bras\u00e3o representa Porto Velho como capital de Rond\u00f4nia, enquanto o resplendor dourado de 30 pontas destaca as riquezas minerais da regi\u00e3o.<\/span><\/p>\n<p data-pf_style_display=\"block\" data-pf_style_visibility=\"visible\"><span class=\"text-node\">Durante a cerim\u00f4nia, a presen\u00e7a de Luciana Oliveira chamou a aten\u00e7\u00e3o pelo simbolismo. Ela segurou a bandeira com orgulho, refor\u00e7ando os valores hist\u00f3ricos e culturais que a cria\u00e7\u00e3o de seu pai representa para Porto Velho.<\/span><\/p>\n<p data-pf_style_display=\"block\" data-pf_style_visibility=\"visible\"><span class=\"text-node\">A cerim\u00f4nia marcou n\u00e3o apenas a posse dos representantes pol\u00edticos, mas tamb\u00e9m um momento de celebra\u00e7\u00e3o do patrim\u00f4nio hist\u00f3rico e cultural de Porto Velho, evidenciado pela participa\u00e7\u00e3o de Luciana e pela exalta\u00e7\u00e3o dos s\u00edmbolos municipais criados por seu pai.<\/span><\/p>\n<\/div>\n","protected":false},"excerpt":{"rendered":"<p>Luciana Oliveira representou Ant\u00f4nio C\u00e2ndido da Silva durante a cerim\u00f4nia de posse do prefeito L\u00e9o Moraes e vereadores da Capital, destacando o legado cultural e hist\u00f3rico de seu pai<\/p>\n","protected":false},"author":1,"featured_media":0,"comment_status":"closed","ping_status":"open","sticky":false,"template":"","format":"standard","meta":{"_exactmetrics_skip_tracking":false,"_exactmetrics_sitenote_active":false,"_exactmetrics_sitenote_note":"","_exactmetrics_sitenote_category":0,"jetpack_post_was_ever_published":false,"_jetpack_newsletter_access":"","_jetpack_dont_email_post_to_subs":false,"_jetpack_newsletter_tier_id":0,"_jetpack_memberships_contains_paywalled_content":false,"_jetpack_memberships_contains_paid_content":false,"footnotes":"","jetpack_publicize_message":"","jetpack_publicize_feature_enabled":true,"jetpack_social_post_already_shared":true,"jetpack_social_options":{"image_generator_settings":{"template":"highway","enabled":false},"version":2}},"categories":[1],"tags":[786,1228,104,942],"class_list":["post-36391","post","type-post","status-publish","format-standard","hentry","category-notas","tag-efmm","tag-leo-moraes","tag-posse","tag-prefeito"],"jetpack_publicize_connections":[],"jetpack_sharing_enabled":true,"jetpack_featured_media_url":"","jetpack_shortlink":"https:\/\/wp.me\/p7wKYW-9sX","jetpack-related-posts":[],"_links":{"self":[{"href":"http:\/\/blogdalucianaoliveira.com.br\/blog\/wp-json\/wp\/v2\/posts\/36391","targetHints":{"allow":["GET"]}}],"collection":[{"href":"http:\/\/blogdalucianaoliveira.com.br\/blog\/wp-json\/wp\/v2\/posts"}],"about":[{"href":"http:\/\/blogdalucianaoliveira.com.br\/blog\/wp-json\/wp\/v2\/types\/post"}],"author":[{"embeddable":true,"href":"http:\/\/blogdalucianaoliveira.com.br\/blog\/wp-json\/wp\/v2\/users\/1"}],"replies":[{"embeddable":true,"href":"http:\/\/blogdalucianaoliveira.com.br\/blog\/wp-json\/wp\/v2\/comments?post=36391"}],"version-history":[{"count":1,"href":"http:\/\/blogdalucianaoliveira.com.br\/blog\/wp-json\/wp\/v2\/posts\/36391\/revisions"}],"predecessor-version":[{"id":36393,"href":"http:\/\/blogdalucianaoliveira.com.br\/blog\/wp-json\/wp\/v2\/posts\/36391\/revisions\/36393"}],"wp:attachment":[{"href":"http:\/\/blogdalucianaoliveira.com.br\/blog\/wp-json\/wp\/v2\/media?parent=36391"}],"wp:term":[{"taxonomy":"category","embeddable":true,"href":"http:\/\/blogdalucianaoliveira.com.br\/blog\/wp-json\/wp\/v2\/categories?post=36391"},{"taxonomy":"post_tag","embeddable":true,"href":"http:\/\/blogdalucianaoliveira.com.br\/blog\/wp-json\/wp\/v2\/tags?post=36391"}],"curies":[{"name":"wp","href":"https:\/\/api.w.org\/{rel}","templated":true}]}}