{"id":36395,"date":"2025-01-06T11:59:35","date_gmt":"2025-01-06T15:59:35","guid":{"rendered":"http:\/\/blogdalucianaoliveira.com.br\/blog\/?p=36395"},"modified":"2025-01-06T11:59:35","modified_gmt":"2025-01-06T15:59:35","slug":"grande-surpresa-da-noite-como-imprensa-internacional-reagiu-ao-globo-de-ouro-de-fernanda-torres","status":"publish","type":"post","link":"http:\/\/blogdalucianaoliveira.com.br\/blog\/2025\/01\/06\/grande-surpresa-da-noite-como-imprensa-internacional-reagiu-ao-globo-de-ouro-de-fernanda-torres\/","title":{"rendered":"&#8216;Grande surpresa da noite&#8217;: como imprensa internacional reagiu ao Globo de Ouro de Fernanda Torres"},"content":{"rendered":"<p><img data-recalc-dims=\"1\" loading=\"lazy\" decoding=\"async\" data-attachment-id=\"36396\" data-permalink=\"http:\/\/blogdalucianaoliveira.com.br\/blog\/2025\/01\/06\/grande-surpresa-da-noite-como-imprensa-internacional-reagiu-ao-globo-de-ouro-de-fernanda-torres\/img_5459\/\" data-orig-file=\"https:\/\/i0.wp.com\/blogdalucianaoliveira.com.br\/blog\/wp-content\/uploads\/2025\/01\/IMG_5459.webp?fit=800%2C532\" data-orig-size=\"800,532\" data-comments-opened=\"0\" data-image-meta=\"{&quot;aperture&quot;:&quot;0&quot;,&quot;credit&quot;:&quot;&quot;,&quot;camera&quot;:&quot;&quot;,&quot;caption&quot;:&quot;&quot;,&quot;created_timestamp&quot;:&quot;0&quot;,&quot;copyright&quot;:&quot;&quot;,&quot;focal_length&quot;:&quot;0&quot;,&quot;iso&quot;:&quot;0&quot;,&quot;shutter_speed&quot;:&quot;0&quot;,&quot;title&quot;:&quot;&quot;,&quot;orientation&quot;:&quot;0&quot;}\" data-image-title=\"IMG_5459\" data-image-description=\"\" data-image-caption=\"\" data-medium-file=\"https:\/\/i0.wp.com\/blogdalucianaoliveira.com.br\/blog\/wp-content\/uploads\/2025\/01\/IMG_5459.webp?fit=300%2C200\" data-large-file=\"https:\/\/i0.wp.com\/blogdalucianaoliveira.com.br\/blog\/wp-content\/uploads\/2025\/01\/IMG_5459.webp?fit=600%2C399\" class=\"alignnone size-medium wp-image-36396\" src=\"https:\/\/i0.wp.com\/blogdalucianaoliveira.com.br\/blog\/wp-content\/uploads\/2025\/01\/IMG_5459.webp?resize=300%2C200\" alt=\"\" width=\"300\" height=\"200\" srcset=\"https:\/\/i0.wp.com\/blogdalucianaoliveira.com.br\/blog\/wp-content\/uploads\/2025\/01\/IMG_5459.webp?resize=300%2C200 300w, https:\/\/i0.wp.com\/blogdalucianaoliveira.com.br\/blog\/wp-content\/uploads\/2025\/01\/IMG_5459.webp?resize=768%2C511 768w, https:\/\/i0.wp.com\/blogdalucianaoliveira.com.br\/blog\/wp-content\/uploads\/2025\/01\/IMG_5459.webp?resize=451%2C300 451w, https:\/\/i0.wp.com\/blogdalucianaoliveira.com.br\/blog\/wp-content\/uploads\/2025\/01\/IMG_5459.webp?w=800 800w\" sizes=\"auto, (max-width: 300px) 100vw, 300px\" \/><\/p>\n<div class=\"bbc-19j92fr ebmt73l0\" dir=\"ltr\" data-pf_style_display=\"block\" data-pf_style_visibility=\"visible\">\n<p class=\"bbc-hhl7in e17g058b0 added-to-list1\" dir=\"ltr\" data-pf_style_display=\"block\" data-pf_style_visibility=\"visible\"><span class=\"text-node\">BBC &#8211; A vit\u00f3ria de <\/span><a class=\"focusIndicatorReducedWidth bbc-n8oauk e1p3sufg0\" href=\"https:\/\/www.bbc.com\/portuguese\/articles\/c5yx0xg39jpo\" data-pf_style_display=\"inline\" data-pf_style_visibility=\"visible\"><span class=\"text-node\">Fernanda Torres como melhor atriz de drama no Globo de Ouro 2025<\/span><\/a><span class=\"text-node\"> ganhou grande destaque nos principais ve\u00edculos de imprensa do mundo.<\/span><\/p>\n<\/div>\n<p><!--more--><\/p>\n<div class=\"bbc-19j92fr ebmt73l0\" dir=\"ltr\" data-pf_style_display=\"block\" data-pf_style_visibility=\"visible\">\n<p class=\"bbc-hhl7in e17g058b0 added-to-list1\" dir=\"ltr\" data-pf_style_display=\"block\" data-pf_style_visibility=\"visible\"><span class=\"text-node\">A brasileira interpretou Eunice Paiva em <\/span><a class=\"focusIndicatorReducedWidth bbc-n8oauk e1p3sufg0\" href=\"https:\/\/www.bbc.com\/portuguese\/articles\/cj6e5886n3do\" data-pf_style_display=\"inline\" data-pf_style_visibility=\"visible\"><span class=\"text-node\">Ainda Estou Aqui, dirigido por Walter Salles,<\/span><\/a><span class=\"text-node\"> que tamb\u00e9m foi indicado na categoria de melhor filme internacional, mas acabou superado por <\/span><i class=\"bbc-h1y5j7 eih42320\" data-pf_style_display=\"inline\" data-pf_style_visibility=\"visible\"><span class=\"text-node\">Em\u00edlia Perez<\/span><\/i><span class=\"text-node\">.<\/span><\/p>\n<\/div>\n<div class=\"bbc-19j92fr ebmt73l0\" dir=\"ltr\" data-pf_style_display=\"block\" data-pf_style_visibility=\"visible\">\n<p class=\"bbc-hhl7in e17g058b0 added-to-list1\" dir=\"ltr\" data-pf_style_display=\"block\" data-pf_style_visibility=\"visible\"><span class=\"text-node\">No <\/span><a class=\"focusIndicatorReducedWidth bbc-n8oauk e1p3sufg0\" href=\"https:\/\/www.bbc.com\/portuguese\/topics\/cxnyknxvp53t\" data-pf_style_display=\"inline\" data-pf_style_visibility=\"visible\"><span class=\"text-node\">Reino Unido<\/span><\/a><span class=\"text-node\">, a BBC News destacou que a vit\u00f3ria de Torres &#8220;surpreendeu a pr\u00f3pria atriz&#8221;. <\/span><\/p>\n<\/div>\n<div class=\"bbc-19j92fr ebmt73l0\" dir=\"ltr\" data-pf_style_display=\"block\" data-pf_style_visibility=\"visible\">\n<p class=\"bbc-hhl7in e17g058b0 added-to-list1\" dir=\"ltr\" data-pf_style_display=\"block\" data-pf_style_visibility=\"visible\"><span class=\"text-node\">&#8220;Torres classificou a vit\u00f3ria sobre pesos-pesados de <\/span><a class=\"focusIndicatorReducedWidth bbc-n8oauk e1p3sufg0\" href=\"https:\/\/www.bbc.com\/portuguese\/topics\/cr50y51yx77t\" data-pf_style_display=\"inline\" data-pf_style_visibility=\"visible\"><span class=\"text-node\">Hollywood<\/span><\/a><span class=\"text-node\"> \u2014 incluindo Angelina Jolie, Nicole Kidman e Kate Winslet \u2014 de &#8216;estranha&#8217; e &#8216;esquisita'&#8221;, diz a reportagem. <\/span><\/p>\n<\/div>\n<section class=\"bbc-geybui\" role=\"region\" aria-label=\"Publicidade 2\" aria-hidden=\"true\" data-e2e=\"advertisement\" data-pf_style_display=\"flex\" data-pf_style_visibility=\"visible\"><\/section>\n<div class=\"bbc-19j92fr ebmt73l0\" dir=\"ltr\" data-pf_style_display=\"block\" data-pf_style_visibility=\"visible\">\n<p class=\"bbc-hhl7in e17g058b0 added-to-list1\" dir=\"ltr\" data-pf_style_display=\"block\" data-pf_style_visibility=\"visible\"><span class=\"text-node\">A BBC News ainda destacou o coment\u00e1rio feito por um rep\u00f3rter durante o evento, que comparou a vit\u00f3ria da atriz a uma conquista de <\/span><a class=\"focusIndicatorReducedWidth bbc-n8oauk e1p3sufg0\" href=\"https:\/\/www.bbc.com\/portuguese\/topics\/c5qvpqjz43dt\" data-pf_style_display=\"inline\" data-pf_style_visibility=\"visible\"><span class=\"text-node\">Copa do Mundo<\/span><\/a><span class=\"text-node\">para os brasileiros.<\/span><\/p>\n<div class=\"bbc-19j92fr ebmt73l0\" dir=\"ltr\" data-pf_style_display=\"block\" data-pf_style_visibility=\"visible\">\n<p class=\"bbc-hhl7in e17g058b0 added-to-list1\" dir=\"ltr\" data-pf_style_display=\"block\" data-pf_style_visibility=\"visible\"><span class=\"text-node\">O jornal brit\u00e2nico The Guardian destacou que a brasileira dedicou o trof\u00e9u \u00e0 m\u00e3e, a atriz <\/span><a class=\"focusIndicatorReducedWidth bbc-n8oauk e1p3sufg0\" href=\"https:\/\/www.bbc.com\/portuguese\/geral-59152974\" data-pf_style_display=\"inline\" data-pf_style_visibility=\"visible\"><span class=\"text-node\">Fernanda Montenegro<\/span><\/a><span class=\"text-node\">, indicada ao mesmo pr\u00eamio, h\u00e1 25 anos, pela atua\u00e7\u00e3o em <\/span><i class=\"bbc-h1y5j7 eih42320\" data-pf_style_display=\"inline\" data-pf_style_visibility=\"visible\"><span class=\"text-node\">Central do Brasil<\/span><\/i><span class=\"text-node\">, tamb\u00e9m dirigido por Salles.<\/span><\/p>\n<\/div>\n<div class=\"bbc-19j92fr ebmt73l0\" dir=\"ltr\" data-pf_style_display=\"block\" data-pf_style_visibility=\"visible\">\n<p class=\"bbc-hhl7in e17g058b0 added-to-list1\" dir=\"ltr\" data-pf_style_display=\"block\" data-pf_style_visibility=\"visible\"><span class=\"text-node\">Ainda no Reino Unido, o jornal The Sun afirmou que o pr\u00eamio de Torres foi um &#8220;choque&#8221; e o The Independent destacou que essa \u00e9 a primeira vez que uma atriz brasileira leva um Globo de Ouro. <\/span><\/p>\n<\/div>\n<div class=\"bbc-19j92fr ebmt73l0\" dir=\"ltr\" data-pf_style_display=\"block\" data-pf_style_visibility=\"visible\">\n<p class=\"bbc-hhl7in e17g058b0 added-to-list1\" dir=\"ltr\" data-pf_style_display=\"block\" data-pf_style_visibility=\"visible\"><span class=\"text-node\">O The Independent tamb\u00e9m fez reportagens com informa\u00e7\u00f5es sobre a carreira de Fernanda Torres e de Fernanda Montenegro.<\/span><\/p>\n<\/div>\n<div class=\"bbc-19j92fr ebmt73l0\" dir=\"ltr\" data-pf_style_display=\"block\" data-pf_style_visibility=\"visible\">\n<p class=\"bbc-hhl7in e17g058b0 added-to-list1\" dir=\"ltr\" data-pf_style_display=\"block\" data-pf_style_visibility=\"visible\"><span class=\"text-node\">Nos Estados Unidos, o The Washington Post destacou que a brasileira superou grandes nomes, que inclu\u00edam Pamela Anderson, Angelina Jolie, Nicole Kidman, Tilda Swinton e Kate Winslet.<\/span><\/p>\n<\/div>\n<div class=\"bbc-19j92fr ebmt73l0\" dir=\"ltr\" data-pf_style_display=\"block\" data-pf_style_visibility=\"visible\">\n<p class=\"bbc-hhl7in e17g058b0 added-to-list1\" dir=\"ltr\" data-pf_style_display=\"block\" data-pf_style_visibility=\"visible\"><span class=\"text-node\">&#8220;Torres disse que n\u00e3o preparou um discurso \u2014 um lugar-comum, mas que pode ter sido verdade neste caso, a julgar pelo choque em seu rosto&#8221;, escreveu o jornal. <\/span><\/p>\n<\/div>\n<div class=\"bbc-19j92fr ebmt73l0\" dir=\"ltr\" data-pf_style_display=\"block\" data-pf_style_visibility=\"visible\">\n<p class=\"bbc-hhl7in e17g058b0 added-to-list1\" dir=\"ltr\" data-pf_style_display=\"block\" data-pf_style_visibility=\"visible\"><span class=\"text-node\">O Los Angeles Times classificou o trof\u00e9u dado a Torres como &#8220;a \u00fanica verdadeira surpresa da noite&#8221;. <\/span><\/p>\n<\/div>\n<div class=\"bbc-19j92fr ebmt73l0\" dir=\"ltr\" data-pf_style_display=\"block\" data-pf_style_visibility=\"visible\">\n<p class=\"bbc-hhl7in e17g058b0 added-to-list1\" dir=\"ltr\" data-pf_style_display=\"block\" data-pf_style_visibility=\"visible\"><span class=\"text-node\">J\u00e1 o espanhol El Pa\u00eds chamou aten\u00e7\u00e3o para o discurso emocionado de Torres e a homenagem que ela fez \u00e0 m\u00e3e \u2014 classificada pela publica\u00e7\u00e3o como a &#8220;grande dama da interpreta\u00e7\u00e3o brasileira&#8221;. <\/span><\/p>\n<\/div>\n<figure class=\"bbc-1qn0xuy pf-caption added-to-list1 flex-width mediumImage pf-size-full\" data-pf_style_display=\"block\" data-pf_style_visibility=\"visible\">\n<div class=\"bbc-j1srjl\" data-pf_style_display=\"block\" data-pf_style_visibility=\"visible\"><img data-recalc-dims=\"1\" decoding=\"async\" class=\"bbc-139onq caption-img flex-width pf-size-full mediumImage\" src=\"https:\/\/i0.wp.com\/ichef.bbci.co.uk\/ace\/ws\/640\/cpsprodpb\/dca4\/live\/404ce920-cc10-11ef-94cb-5f844ceb9e30.jpg.webp?w=600&#038;ssl=1\" sizes=\"(min-width: 1008px) 760px, 100vw\" srcset=\"https:\/\/ichef.bbci.co.uk\/ace\/ws\/240\/cpsprodpb\/dca4\/live\/404ce920-cc10-11ef-94cb-5f844ceb9e30.jpg.webp 240w, https:\/\/ichef.bbci.co.uk\/ace\/ws\/320\/cpsprodpb\/dca4\/live\/404ce920-cc10-11ef-94cb-5f844ceb9e30.jpg.webp 320w, https:\/\/ichef.bbci.co.uk\/ace\/ws\/480\/cpsprodpb\/dca4\/live\/404ce920-cc10-11ef-94cb-5f844ceb9e30.jpg.webp 480w, https:\/\/ichef.bbci.co.uk\/ace\/ws\/624\/cpsprodpb\/dca4\/live\/404ce920-cc10-11ef-94cb-5f844ceb9e30.jpg.webp 624w, https:\/\/ichef.bbci.co.uk\/ace\/ws\/800\/cpsprodpb\/dca4\/live\/404ce920-cc10-11ef-94cb-5f844ceb9e30.jpg.webp 800w\" alt=\"Viola Davis entrega premia\u00e7\u00e3o a Fernanda Torres\"  data-pf_style_display=\"inline\" data-pf_style_visibility=\"visible\" data-pf_rect_width=\"332.609375\" data-pf_rect_height=\"18.390625\" \/><\/p>\n<p class=\"bbc-by8ykd added-to-list1\" role=\"text\" data-pf_style_display=\"block\" data-pf_style_visibility=\"visible\"><span class=\"bbc-m04vo2\" data-pf_style_display=\"block\" data-pf_style_visibility=\"visible\"><span class=\"text-node\">Cr\u00e9dito, <\/span><\/span><span lang=\"en-GB\" data-pf_style_display=\"inline\" data-pf_style_visibility=\"visible\"><span class=\"text-node\">Getty Images<\/span><\/span><\/p>\n<\/div><figcaption class=\"bbc-15f1ujd\" dir=\"ltr\" data-pf_style_display=\"block\" data-pf_style_visibility=\"visible\"><span role=\"text\" data-pf_style_display=\"inline\" data-pf_style_visibility=\"visible\"><span class=\"bbc-m04vo2\" data-pf_style_display=\"block\" data-pf_style_visibility=\"visible\"><span class=\"text-node\">Legenda da foto, <\/span><\/span><span data-testid=\"caption-paragraph\" data-pf_style_display=\"inline\" data-pf_style_visibility=\"visible\"><span class=\"text-node\">Viola Davis entrega premia\u00e7\u00e3o a Fernanda Torres<\/span><\/span><\/span><\/figcaption><\/figure>\n<div class=\"bbc-19j92fr ebmt73l0\" dir=\"ltr\" data-pf_style_display=\"block\" data-pf_style_visibility=\"visible\">\n<p class=\"bbc-hhl7in e17g058b0 added-to-list1\" dir=\"ltr\" data-pf_style_display=\"block\" data-pf_style_visibility=\"visible\"><span class=\"text-node\">A Variety publicou que a vit\u00f3ria de Torres no Globo de Ouro &#8220;consolida o lugar dela na disputa por outros pr\u00eamios&#8221;. <\/span><\/p>\n<\/div>\n<div class=\"bbc-19j92fr ebmt73l0\" dir=\"ltr\" data-pf_style_display=\"block\" data-pf_style_visibility=\"visible\">\n<p class=\"bbc-hhl7in e17g058b0 added-to-list1\" dir=\"ltr\" data-pf_style_display=\"block\" data-pf_style_visibility=\"visible\"><span class=\"text-node\">A publica\u00e7\u00e3o ainda observa que a brasileira parecia estar &#8220;atordoada&#8221; ap\u00f3s ouvir seu nome anunciado por Viola Davis, que apresentou as finalistas da categoria. <\/span><\/p>\n<\/div>\n<div class=\"bbc-19j92fr ebmt73l0\" dir=\"ltr\" data-pf_style_display=\"block\" data-pf_style_visibility=\"visible\">\n<p class=\"bbc-hhl7in e17g058b0 added-to-list1\" dir=\"ltr\" data-pf_style_display=\"block\" data-pf_style_visibility=\"visible\"><span class=\"text-node\">A reportagem destaca o trecho do discurso da atriz em que ela aponta o filme <\/span><i class=\"bbc-h1y5j7 eih42320\" data-pf_style_display=\"inline\" data-pf_style_visibility=\"visible\"><span class=\"text-node\">Ainda Estou Aqui <\/span><\/i><span class=\"text-node\">como uma forma de &#8220;pensar em como sobreviver em tempos dif\u00edceis&#8221;. <\/span><\/p>\n<\/div>\n<div class=\"bbc-19j92fr ebmt73l0\" dir=\"ltr\" data-pf_style_display=\"block\" data-pf_style_visibility=\"visible\">\n<p class=\"bbc-hhl7in e17g058b0 added-to-list1\" dir=\"ltr\" data-pf_style_display=\"block\" data-pf_style_visibility=\"visible\"><span class=\"text-node\">&#8220;Torres n\u00e3o especificou no palco o que ela quis dizer com &#8216;tempos dif\u00edceis&#8217;. No entanto, os cineastas de <\/span><i class=\"bbc-h1y5j7 eih42320\" data-pf_style_display=\"inline\" data-pf_style_visibility=\"visible\"><span class=\"text-node\">Ainda Estou Aqui<\/span><\/i><span class=\"text-node\"> disseram que a hist\u00f3ria do filme ressoa de forma diferente ap\u00f3s a insurrei\u00e7\u00e3o de 6 de janeiro nos Estados Unidos e os tumultos de 2023 no Brasil, onde <\/span><a class=\"focusIndicatorReducedWidth bbc-n8oauk e1p3sufg0\" href=\"https:\/\/www.bbc.com\/portuguese\/articles\/c06y1vekdgeo\" data-pf_style_display=\"inline\" data-pf_style_visibility=\"visible\"><span class=\"text-node\">apoiadores do pol\u00edtico de direita Jair Bolsonaro invadiram pr\u00e9dios do governo brasileiro por causa de suas falsas alega\u00e7\u00f5es de fraude eleitoral<\/span><\/a><span class=\"text-node\">&#8220;, diz a Variety.<\/span><\/p>\n<\/div>\n<\/div>\n","protected":false},"excerpt":{"rendered":"<p>BBC &#8211; A vit\u00f3ria de Fernanda Torres como melhor atriz de drama no Globo de Ouro 2025 ganhou grande destaque nos principais ve\u00edculos de imprensa do mundo.<\/p>\n","protected":false},"author":1,"featured_media":0,"comment_status":"closed","ping_status":"open","sticky":false,"template":"","format":"standard","meta":{"_exactmetrics_skip_tracking":false,"_exactmetrics_sitenote_active":false,"_exactmetrics_sitenote_note":"","_exactmetrics_sitenote_category":0,"jetpack_post_was_ever_published":false,"_jetpack_newsletter_access":"","_jetpack_dont_email_post_to_subs":false,"_jetpack_newsletter_tier_id":0,"_jetpack_memberships_contains_paywalled_content":false,"_jetpack_memberships_contains_paid_content":false,"footnotes":"","jetpack_publicize_message":"","jetpack_publicize_feature_enabled":true,"jetpack_social_post_already_shared":true,"jetpack_social_options":{"image_generator_settings":{"template":"highway","enabled":false},"version":2}},"categories":[1],"tags":[1231,1230,1229],"class_list":["post-36395","post","type-post","status-publish","format-standard","hentry","category-notas","tag-atriz","tag-fernanda-torres","tag-globo-de-ouro"],"jetpack_publicize_connections":[],"jetpack_sharing_enabled":true,"jetpack_featured_media_url":"","jetpack_shortlink":"https:\/\/wp.me\/p7wKYW-9t1","jetpack-related-posts":[],"_links":{"self":[{"href":"http:\/\/blogdalucianaoliveira.com.br\/blog\/wp-json\/wp\/v2\/posts\/36395","targetHints":{"allow":["GET"]}}],"collection":[{"href":"http:\/\/blogdalucianaoliveira.com.br\/blog\/wp-json\/wp\/v2\/posts"}],"about":[{"href":"http:\/\/blogdalucianaoliveira.com.br\/blog\/wp-json\/wp\/v2\/types\/post"}],"author":[{"embeddable":true,"href":"http:\/\/blogdalucianaoliveira.com.br\/blog\/wp-json\/wp\/v2\/users\/1"}],"replies":[{"embeddable":true,"href":"http:\/\/blogdalucianaoliveira.com.br\/blog\/wp-json\/wp\/v2\/comments?post=36395"}],"version-history":[{"count":1,"href":"http:\/\/blogdalucianaoliveira.com.br\/blog\/wp-json\/wp\/v2\/posts\/36395\/revisions"}],"predecessor-version":[{"id":36397,"href":"http:\/\/blogdalucianaoliveira.com.br\/blog\/wp-json\/wp\/v2\/posts\/36395\/revisions\/36397"}],"wp:attachment":[{"href":"http:\/\/blogdalucianaoliveira.com.br\/blog\/wp-json\/wp\/v2\/media?parent=36395"}],"wp:term":[{"taxonomy":"category","embeddable":true,"href":"http:\/\/blogdalucianaoliveira.com.br\/blog\/wp-json\/wp\/v2\/categories?post=36395"},{"taxonomy":"post_tag","embeddable":true,"href":"http:\/\/blogdalucianaoliveira.com.br\/blog\/wp-json\/wp\/v2\/tags?post=36395"}],"curies":[{"name":"wp","href":"https:\/\/api.w.org\/{rel}","templated":true}]}}